{"id":120384,"date":"2020-08-10T10:00:26","date_gmt":"2020-08-10T08:00:26","guid":{"rendered":"https:\/\/www.budokampsport.se\/?p=120384"},"modified":"2020-08-06T11:13:09","modified_gmt":"2020-08-06T09:13:09","slug":"digital-narvaroregistrering-lok-stod-2-2","status":"publish","type":"post","link":"https:\/\/www.budokampsport.se\/2020\/08\/10\/digital-narvaroregistrering-lok-stod-2-2\/","title":{"rendered":"Digital n\u00e4rvaroregistrering, LOK-st\u00f6d"},"content":{"rendered":"<p>Riksidrottsf\u00f6rbundet meddelar p\u00e5 <a href=\"https:\/\/www.rf.se\/bidragochstod\/lok-stod\/\" target=\"_blank\" rel=\"noopener noreferrer\">rf.se<\/a> att:<\/p>\n<p>&#8220;LOK-st\u00f6det kommer inte att minska f\u00f6r att det blir f\u00e4rre aktiviteter p\u00e5 grund av coronaviruset. Totalsumman blir lika stor 2020 som 2019. <strong>Tills vidare ska idrottsf\u00f6reningar registrera genomf\u00f6rda aktiviteter som vanligt, allts\u00e5 registrera de deltagare som faktiskt var med.<\/strong> Ambitionen \u00e4r att det inte ska g\u00f6ra skillnad om f\u00f6reningen beslutat att g\u00f6ra uppeh\u00e5ll i verksamheten, eller har m\u00f6jlighet att forts\u00e4tta. RF kommer \u00e5terkomma under h\u00f6sten med detaljerna f\u00f6r kompensation.&#8221;<\/p>\n<p><strong>Digital registrering i IdrottOnline<\/strong><br \/>\nFr\u00e5n den 1 juli \u00e4r det obligatoriskt att n\u00e4rvaroregistrera LOK-st\u00f6dsaktiviteter digitalt. Detta inneb\u00e4r att f\u00f6reningen m\u00e5ste n\u00e4rvaroregistrera aktiviteterna s\u00e5 att b\u00e5de aktiviteter och deltagare finns i <a href=\"https:\/\/idrottonline.se\/\" target=\"_blank\" rel=\"noopener noreferrer\">IdrottOnline<\/a> senast d\u00e5 ans\u00f6kan ska skickas in.<\/p>\n<p><strong>Ans\u00f6kan f\u00f6r v\u00e5rens aktiviteter:<\/strong> senast 25 augusti<br \/>\n<strong>Ans\u00f6kan f\u00f6r h\u00f6stens aktiviteter:<\/strong> senast 25 februari<\/p>\n<p>LOK-st\u00f6d kan s\u00f6kas av idrottsf\u00f6reningar som bedriver verksamhet f\u00f6r deltagare i \u00e5ldern 7-25 \u00e5r. F\u00f6rening som ska eller har funderat p\u00e5 att s\u00f6ka LOK-st\u00f6d rekommenderas att l\u00e4sa p\u00e5 i god tid. Om m\u00f6jligt, skicka \u00e4ven in ans\u00f6kan s\u00e5 att det finns marginal f\u00f6r komplettering om ni st\u00f6ter p\u00e5 problem.<\/p>\n<p>\u00bb <a href=\"https:\/\/www.rf.se\/bidragochstod\/lok-stod\/\" target=\"_blank\" rel=\"noopener noreferrer\">Information om LOK-st\u00f6d<\/a><br \/>\n\u00bb <a href=\"https:\/\/www.rf.se\/bidragochstod\/lok-stod\/narvaroregistrering\" target=\"_blank\" rel=\"noopener noreferrer\">Guide f\u00f6r digital registrering<\/a><br \/>\n\u00bb <a href=\"https:\/\/support.idrottonline.se\/support\/home\" target=\"_blank\" rel=\"noopener noreferrer\">Support IdrottOnline<\/a><\/p>\n<p>Fr\u00e5gor om digital n\u00e4rvaroregistrering besvaras av <a href=\"https:\/\/www.rf.se\/bidragochstod\/lok-stod\/hjalp\/\" target=\"_blank\" rel=\"noopener noreferrer\">LOK-st\u00f6dsgruppen<\/a> via telefon 08-699 61 50 (knappval 3) eller mejl <a href=\"mailto:lok@rfsisu.se\">lok@rfsisu.se<\/a><\/p>\n<p>Ni kan som f\u00f6rening \u00e4ven v\u00e4nda er till er lokala <a href=\"https:\/\/www.sisuidrottsutbildarna.se\/Omoss\/varadistrikt\/\" target=\"_blank\" rel=\"noopener noreferrer\">RF-SISU konsulent<\/a> f\u00f6r st\u00f6d inf\u00f6r ans\u00f6kan om LOK, anv\u00e4ndandet av IdrottOnline och mycket annat. T\u00e4nk p\u00e5 att det \u00e4r semestertider s\u00e5 var ute i extra god tid.<\/p>\n<p>&nbsp;<\/p>\n<p>Text: Sofia Arnbom<br \/>\nFoto: RF-SISU<\/p>\n","protected":false},"excerpt":{"rendered":"<p>V\u00e5rens f\u00f6reningsliv har sett annorlunda ut \u00e4n tidigare till f\u00f6ljd av den r\u00e5dande pandemin. Oavsett vilka \u00e5tg\u00e4rder som beh\u00f6vt vidtas \u00e4r det viktigt att, i den m\u00e5n f\u00f6reningen kan, \u00e4ven fortsatt registrera ans\u00f6kan om LOK-st\u00f6d. <\/p><br>","protected":false},"author":47,"featured_media":119775,"comment_status":"open","ping_status":"open","sticky":false,"template":"","format":"standard","meta":{"_acf_changed":false,"footnotes":""},"categories":[481],"tags":[495,482],"class_list":["post-120384","post","type-post","status-publish","format-standard","has-post-thumbnail","hentry","category-forening","tag-bidrag","tag-forening"],"acf":[],"yoast_head":"<!-- This site is optimized with the Yoast SEO plugin v26.8 - https:\/\/yoast.com\/product\/yoast-seo-wordpress\/ -->\n<title>Digital n\u00e4rvaroregistrering, LOK-st\u00f6d - Svenska Budo &amp; Kampsportsf\u00f6rbundet<\/title>\n<meta name=\"description\" content=\"V\u00e5rens f\u00f6reningsliv har sett annorlunda ut \u00e4n tidigare till f\u00f6ljd av den r\u00e5dande pandemin. Oavsett vilka \u00e5tg\u00e4rder som beh\u00f6vt vidtas \u00e4r det viktigt att, i den m\u00e5n f\u00f6reningen kan, \u00e4ven fortsatt registrera ans\u00f6kan om LOK-st\u00f6d.\" \/>\n<meta name=\"robots\" content=\"index, follow, max-snippet:-1, max-image-preview:large, max-video-preview:-1\" \/>\n<link rel=\"canonical\" href=\"https:\/\/www.budokampsport.se\/2020\/08\/10\/digital-narvaroregistrering-lok-stod-2-2\/\" \/>\n<meta property=\"og:locale\" content=\"sv_SE\" \/>\n<meta property=\"og:type\" content=\"article\" \/>\n<meta property=\"og:title\" content=\"Digital n\u00e4rvaroregistrering, LOK-st\u00f6d - Svenska Budo &amp; Kampsportsf\u00f6rbundet\" \/>\n<meta property=\"og:description\" content=\"V\u00e5rens f\u00f6reningsliv har sett annorlunda ut \u00e4n tidigare till f\u00f6ljd av den r\u00e5dande pandemin. Oavsett vilka \u00e5tg\u00e4rder som beh\u00f6vt vidtas \u00e4r det viktigt att, i den m\u00e5n f\u00f6reningen kan, \u00e4ven fortsatt registrera ans\u00f6kan om LOK-st\u00f6d.\" \/>\n<meta property=\"og:url\" content=\"https:\/\/www.budokampsport.se\/2020\/08\/10\/digital-narvaroregistrering-lok-stod-2-2\/\" \/>\n<meta property=\"og:site_name\" content=\"Svenska Budo &amp; Kampsportsf\u00f6rbundet\" \/>\n<meta property=\"article:published_time\" content=\"2020-08-10T08:00:26+00:00\" \/>\n<meta property=\"og:image\" content=\"https:\/\/www.budokampsport.se\/wp-content\/uploads\/2020\/05\/LOK-Digital-narvaroregistrering.jpg\" \/>\n\t<meta property=\"og:image:width\" content=\"759\" \/>\n\t<meta property=\"og:image:height\" content=\"353\" \/>\n\t<meta property=\"og:image:type\" content=\"image\/jpeg\" \/>\n<meta name=\"author\" content=\"Sofia Arnbom\" \/>\n<meta name=\"twitter:card\" content=\"summary_large_image\" \/>\n<meta name=\"twitter:label1\" content=\"Skriven av\" \/>\n\t<meta name=\"twitter:data1\" content=\"Sofia Arnbom\" \/>\n\t<meta name=\"twitter:label2\" content=\"Ber\u00e4knad l\u00e4stid\" \/>\n\t<meta name=\"twitter:data2\" content=\"1 minut\" \/>\n<script type=\"application\/ld+json\" class=\"yoast-schema-graph\">{\"@context\":\"https:\/\/schema.org\",\"@graph\":[{\"@type\":\"Article\",\"@id\":\"https:\/\/www.budokampsport.se\/2020\/08\/10\/digital-narvaroregistrering-lok-stod-2-2\/#article\",\"isPartOf\":{\"@id\":\"https:\/\/www.budokampsport.se\/2020\/08\/10\/digital-narvaroregistrering-lok-stod-2-2\/\"},\"author\":{\"name\":\"Sofia Arnbom\",\"@id\":\"https:\/\/www.budokampsport.se\/#\/schema\/person\/666f754cfbc6f9a83a8c253cd24ad660\"},\"headline\":\"Digital n\u00e4rvaroregistrering, LOK-st\u00f6d\",\"datePublished\":\"2020-08-10T08:00:26+00:00\",\"mainEntityOfPage\":{\"@id\":\"https:\/\/www.budokampsport.se\/2020\/08\/10\/digital-narvaroregistrering-lok-stod-2-2\/\"},\"wordCount\":297,\"commentCount\":0,\"image\":{\"@id\":\"https:\/\/www.budokampsport.se\/2020\/08\/10\/digital-narvaroregistrering-lok-stod-2-2\/#primaryimage\"},\"thumbnailUrl\":\"https:\/\/www.budokampsport.se\/wp-content\/uploads\/2020\/05\/LOK-Digital-narvaroregistrering.jpg\",\"keywords\":[\"bidrag\",\"f\u00f6rening\"],\"articleSection\":[\"F\u00f6rening\"],\"inLanguage\":\"sv-SE\",\"potentialAction\":[{\"@type\":\"CommentAction\",\"name\":\"Comment\",\"target\":[\"https:\/\/www.budokampsport.se\/2020\/08\/10\/digital-narvaroregistrering-lok-stod-2-2\/#respond\"]}]},{\"@type\":\"WebPage\",\"@id\":\"https:\/\/www.budokampsport.se\/2020\/08\/10\/digital-narvaroregistrering-lok-stod-2-2\/\",\"url\":\"https:\/\/www.budokampsport.se\/2020\/08\/10\/digital-narvaroregistrering-lok-stod-2-2\/\",\"name\":\"Digital n\u00e4rvaroregistrering, LOK-st\u00f6d - Svenska Budo &amp; Kampsportsf\u00f6rbundet\",\"isPartOf\":{\"@id\":\"https:\/\/www.budokampsport.se\/#website\"},\"primaryImageOfPage\":{\"@id\":\"https:\/\/www.budokampsport.se\/2020\/08\/10\/digital-narvaroregistrering-lok-stod-2-2\/#primaryimage\"},\"image\":{\"@id\":\"https:\/\/www.budokampsport.se\/2020\/08\/10\/digital-narvaroregistrering-lok-stod-2-2\/#primaryimage\"},\"thumbnailUrl\":\"https:\/\/www.budokampsport.se\/wp-content\/uploads\/2020\/05\/LOK-Digital-narvaroregistrering.jpg\",\"datePublished\":\"2020-08-10T08:00:26+00:00\",\"author\":{\"@id\":\"https:\/\/www.budokampsport.se\/#\/schema\/person\/666f754cfbc6f9a83a8c253cd24ad660\"},\"description\":\"V\u00e5rens f\u00f6reningsliv har sett annorlunda ut \u00e4n tidigare till f\u00f6ljd av den r\u00e5dande pandemin. Oavsett vilka \u00e5tg\u00e4rder som beh\u00f6vt vidtas \u00e4r det viktigt att, i den m\u00e5n f\u00f6reningen kan, \u00e4ven fortsatt registrera ans\u00f6kan om LOK-st\u00f6d.\",\"breadcrumb\":{\"@id\":\"https:\/\/www.budokampsport.se\/2020\/08\/10\/digital-narvaroregistrering-lok-stod-2-2\/#breadcrumb\"},\"inLanguage\":\"sv-SE\",\"potentialAction\":[{\"@type\":\"ReadAction\",\"target\":[\"https:\/\/www.budokampsport.se\/2020\/08\/10\/digital-narvaroregistrering-lok-stod-2-2\/\"]}]},{\"@type\":\"ImageObject\",\"inLanguage\":\"sv-SE\",\"@id\":\"https:\/\/www.budokampsport.se\/2020\/08\/10\/digital-narvaroregistrering-lok-stod-2-2\/#primaryimage\",\"url\":\"https:\/\/www.budokampsport.se\/wp-content\/uploads\/2020\/05\/LOK-Digital-narvaroregistrering.jpg\",\"contentUrl\":\"https:\/\/www.budokampsport.se\/wp-content\/uploads\/2020\/05\/LOK-Digital-narvaroregistrering.jpg\",\"width\":759,\"height\":353},{\"@type\":\"BreadcrumbList\",\"@id\":\"https:\/\/www.budokampsport.se\/2020\/08\/10\/digital-narvaroregistrering-lok-stod-2-2\/#breadcrumb\",\"itemListElement\":[{\"@type\":\"ListItem\",\"position\":1,\"name\":\"Hem\",\"item\":\"https:\/\/www.budokampsport.se\/\"},{\"@type\":\"ListItem\",\"position\":2,\"name\":\"Digital n\u00e4rvaroregistrering, LOK-st\u00f6d\"}]},{\"@type\":\"WebSite\",\"@id\":\"https:\/\/www.budokampsport.se\/#website\",\"url\":\"https:\/\/www.budokampsport.se\/\",\"name\":\"Svenska Budo &amp; Kampsportsf\u00f6rbundet\",\"description\":\"T\u00e4vling, Tr\u00e4ning, Tradition\",\"potentialAction\":[{\"@type\":\"SearchAction\",\"target\":{\"@type\":\"EntryPoint\",\"urlTemplate\":\"https:\/\/www.budokampsport.se\/?s={search_term_string}\"},\"query-input\":{\"@type\":\"PropertyValueSpecification\",\"valueRequired\":true,\"valueName\":\"search_term_string\"}}],\"inLanguage\":\"sv-SE\"},{\"@type\":\"Person\",\"@id\":\"https:\/\/www.budokampsport.se\/#\/schema\/person\/666f754cfbc6f9a83a8c253cd24ad660\",\"name\":\"Sofia Arnbom\",\"image\":{\"@type\":\"ImageObject\",\"inLanguage\":\"sv-SE\",\"@id\":\"https:\/\/www.budokampsport.se\/#\/schema\/person\/image\/\",\"url\":\"https:\/\/secure.gravatar.com\/avatar\/a69f673c99635f06ea6cb1eb10ca7e92?s=96&d=blank&r=g\",\"contentUrl\":\"https:\/\/secure.gravatar.com\/avatar\/a69f673c99635f06ea6cb1eb10ca7e92?s=96&d=blank&r=g\",\"caption\":\"Sofia Arnbom\"},\"url\":\"https:\/\/www.budokampsport.se\/author\/sofia-arnbom\/\"}]}<\/script>\n<!-- \/ Yoast SEO plugin. -->","yoast_head_json":{"title":"Digital n\u00e4rvaroregistrering, LOK-st\u00f6d - Svenska Budo &amp; Kampsportsf\u00f6rbundet","description":"V\u00e5rens f\u00f6reningsliv har sett annorlunda ut \u00e4n tidigare till f\u00f6ljd av den r\u00e5dande pandemin. Oavsett vilka \u00e5tg\u00e4rder som beh\u00f6vt vidtas \u00e4r det viktigt att, i den m\u00e5n f\u00f6reningen kan, \u00e4ven fortsatt registrera ans\u00f6kan om LOK-st\u00f6d.","robots":{"index":"index","follow":"follow","max-snippet":"max-snippet:-1","max-image-preview":"max-image-preview:large","max-video-preview":"max-video-preview:-1"},"canonical":"https:\/\/www.budokampsport.se\/2020\/08\/10\/digital-narvaroregistrering-lok-stod-2-2\/","og_locale":"sv_SE","og_type":"article","og_title":"Digital n\u00e4rvaroregistrering, LOK-st\u00f6d - Svenska Budo &amp; Kampsportsf\u00f6rbundet","og_description":"V\u00e5rens f\u00f6reningsliv har sett annorlunda ut \u00e4n tidigare till f\u00f6ljd av den r\u00e5dande pandemin. Oavsett vilka \u00e5tg\u00e4rder som beh\u00f6vt vidtas \u00e4r det viktigt att, i den m\u00e5n f\u00f6reningen kan, \u00e4ven fortsatt registrera ans\u00f6kan om LOK-st\u00f6d.","og_url":"https:\/\/www.budokampsport.se\/2020\/08\/10\/digital-narvaroregistrering-lok-stod-2-2\/","og_site_name":"Svenska Budo &amp; Kampsportsf\u00f6rbundet","article_published_time":"2020-08-10T08:00:26+00:00","og_image":[{"width":759,"height":353,"url":"https:\/\/www.budokampsport.se\/wp-content\/uploads\/2020\/05\/LOK-Digital-narvaroregistrering.jpg","type":"image\/jpeg"}],"author":"Sofia Arnbom","twitter_card":"summary_large_image","twitter_misc":{"Skriven av":"Sofia Arnbom","Ber\u00e4knad l\u00e4stid":"1 minut"},"schema":{"@context":"https:\/\/schema.org","@graph":[{"@type":"Article","@id":"https:\/\/www.budokampsport.se\/2020\/08\/10\/digital-narvaroregistrering-lok-stod-2-2\/#article","isPartOf":{"@id":"https:\/\/www.budokampsport.se\/2020\/08\/10\/digital-narvaroregistrering-lok-stod-2-2\/"},"author":{"name":"Sofia Arnbom","@id":"https:\/\/www.budokampsport.se\/#\/schema\/person\/666f754cfbc6f9a83a8c253cd24ad660"},"headline":"Digital n\u00e4rvaroregistrering, LOK-st\u00f6d","datePublished":"2020-08-10T08:00:26+00:00","mainEntityOfPage":{"@id":"https:\/\/www.budokampsport.se\/2020\/08\/10\/digital-narvaroregistrering-lok-stod-2-2\/"},"wordCount":297,"commentCount":0,"image":{"@id":"https:\/\/www.budokampsport.se\/2020\/08\/10\/digital-narvaroregistrering-lok-stod-2-2\/#primaryimage"},"thumbnailUrl":"https:\/\/www.budokampsport.se\/wp-content\/uploads\/2020\/05\/LOK-Digital-narvaroregistrering.jpg","keywords":["bidrag","f\u00f6rening"],"articleSection":["F\u00f6rening"],"inLanguage":"sv-SE","potentialAction":[{"@type":"CommentAction","name":"Comment","target":["https:\/\/www.budokampsport.se\/2020\/08\/10\/digital-narvaroregistrering-lok-stod-2-2\/#respond"]}]},{"@type":"WebPage","@id":"https:\/\/www.budokampsport.se\/2020\/08\/10\/digital-narvaroregistrering-lok-stod-2-2\/","url":"https:\/\/www.budokampsport.se\/2020\/08\/10\/digital-narvaroregistrering-lok-stod-2-2\/","name":"Digital n\u00e4rvaroregistrering, LOK-st\u00f6d - Svenska Budo &amp; Kampsportsf\u00f6rbundet","isPartOf":{"@id":"https:\/\/www.budokampsport.se\/#website"},"primaryImageOfPage":{"@id":"https:\/\/www.budokampsport.se\/2020\/08\/10\/digital-narvaroregistrering-lok-stod-2-2\/#primaryimage"},"image":{"@id":"https:\/\/www.budokampsport.se\/2020\/08\/10\/digital-narvaroregistrering-lok-stod-2-2\/#primaryimage"},"thumbnailUrl":"https:\/\/www.budokampsport.se\/wp-content\/uploads\/2020\/05\/LOK-Digital-narvaroregistrering.jpg","datePublished":"2020-08-10T08:00:26+00:00","author":{"@id":"https:\/\/www.budokampsport.se\/#\/schema\/person\/666f754cfbc6f9a83a8c253cd24ad660"},"description":"V\u00e5rens f\u00f6reningsliv har sett annorlunda ut \u00e4n tidigare till f\u00f6ljd av den r\u00e5dande pandemin. Oavsett vilka \u00e5tg\u00e4rder som beh\u00f6vt vidtas \u00e4r det viktigt att, i den m\u00e5n f\u00f6reningen kan, \u00e4ven fortsatt registrera ans\u00f6kan om LOK-st\u00f6d.","breadcrumb":{"@id":"https:\/\/www.budokampsport.se\/2020\/08\/10\/digital-narvaroregistrering-lok-stod-2-2\/#breadcrumb"},"inLanguage":"sv-SE","potentialAction":[{"@type":"ReadAction","target":["https:\/\/www.budokampsport.se\/2020\/08\/10\/digital-narvaroregistrering-lok-stod-2-2\/"]}]},{"@type":"ImageObject","inLanguage":"sv-SE","@id":"https:\/\/www.budokampsport.se\/2020\/08\/10\/digital-narvaroregistrering-lok-stod-2-2\/#primaryimage","url":"https:\/\/www.budokampsport.se\/wp-content\/uploads\/2020\/05\/LOK-Digital-narvaroregistrering.jpg","contentUrl":"https:\/\/www.budokampsport.se\/wp-content\/uploads\/2020\/05\/LOK-Digital-narvaroregistrering.jpg","width":759,"height":353},{"@type":"BreadcrumbList","@id":"https:\/\/www.budokampsport.se\/2020\/08\/10\/digital-narvaroregistrering-lok-stod-2-2\/#breadcrumb","itemListElement":[{"@type":"ListItem","position":1,"name":"Hem","item":"https:\/\/www.budokampsport.se\/"},{"@type":"ListItem","position":2,"name":"Digital n\u00e4rvaroregistrering, LOK-st\u00f6d"}]},{"@type":"WebSite","@id":"https:\/\/www.budokampsport.se\/#website","url":"https:\/\/www.budokampsport.se\/","name":"Svenska Budo &amp; Kampsportsf\u00f6rbundet","description":"T\u00e4vling, Tr\u00e4ning, Tradition","potentialAction":[{"@type":"SearchAction","target":{"@type":"EntryPoint","urlTemplate":"https:\/\/www.budokampsport.se\/?s={search_term_string}"},"query-input":{"@type":"PropertyValueSpecification","valueRequired":true,"valueName":"search_term_string"}}],"inLanguage":"sv-SE"},{"@type":"Person","@id":"https:\/\/www.budokampsport.se\/#\/schema\/person\/666f754cfbc6f9a83a8c253cd24ad660","name":"Sofia Arnbom","image":{"@type":"ImageObject","inLanguage":"sv-SE","@id":"https:\/\/www.budokampsport.se\/#\/schema\/person\/image\/","url":"https:\/\/secure.gravatar.com\/avatar\/a69f673c99635f06ea6cb1eb10ca7e92?s=96&d=blank&r=g","contentUrl":"https:\/\/secure.gravatar.com\/avatar\/a69f673c99635f06ea6cb1eb10ca7e92?s=96&d=blank&r=g","caption":"Sofia Arnbom"},"url":"https:\/\/www.budokampsport.se\/author\/sofia-arnbom\/"}]}},"_links":{"self":[{"href":"https:\/\/www.budokampsport.se\/api\/wp\/v2\/posts\/120384","targetHints":{"allow":["GET"]}}],"collection":[{"href":"https:\/\/www.budokampsport.se\/api\/wp\/v2\/posts"}],"about":[{"href":"https:\/\/www.budokampsport.se\/api\/wp\/v2\/types\/post"}],"author":[{"embeddable":true,"href":"https:\/\/www.budokampsport.se\/api\/wp\/v2\/users\/47"}],"replies":[{"embeddable":true,"href":"https:\/\/www.budokampsport.se\/api\/wp\/v2\/comments?post=120384"}],"version-history":[{"count":0,"href":"https:\/\/www.budokampsport.se\/api\/wp\/v2\/posts\/120384\/revisions"}],"wp:featuredmedia":[{"embeddable":true,"href":"https:\/\/www.budokampsport.se\/api\/wp\/v2\/media\/119775"}],"wp:attachment":[{"href":"https:\/\/www.budokampsport.se\/api\/wp\/v2\/media?parent=120384"}],"wp:term":[{"taxonomy":"category","embeddable":true,"href":"https:\/\/www.budokampsport.se\/api\/wp\/v2\/categories?post=120384"},{"taxonomy":"post_tag","embeddable":true,"href":"https:\/\/www.budokampsport.se\/api\/wp\/v2\/tags?post=120384"}],"curies":[{"name":"wp","href":"https:\/\/api.w.org\/{rel}","templated":true}]}}