{"id":120564,"date":"2020-08-21T11:37:50","date_gmt":"2020-08-21T09:37:50","guid":{"rendered":"https:\/\/www.budokampsport.se\/?p=120564"},"modified":"2020-08-21T11:39:14","modified_gmt":"2020-08-21T09:39:14","slug":"publikfragan-och-forlangt-ekonomiskt-stod-till-idrotten-utreds","status":"publish","type":"post","link":"https:\/\/www.budokampsport.se\/2020\/08\/21\/publikfragan-och-forlangt-ekonomiskt-stod-till-idrotten-utreds\/","title":{"rendered":"Publikfr\u00e5gan och f\u00f6rl\u00e4ngt ekonomiskt st\u00f6d till idrotten utreds"},"content":{"rendered":"<p>Idag presenterade regeringen tv\u00e5 f\u00f6rslag som kommer att utredas genom snabbremiss:<\/p>\n<p>&#8211; 1 miljard i f\u00f6rl\u00e4ngt st\u00f6d till idrotten, detta om partierna kommer \u00f6verens i kommande budgetsamtal.<\/p>\n<p>&#8211; I samtal med Folkh\u00e4lsomyndigheten tittar regeringen p\u00e5 om fler \u00e4n 50 personer f\u00e5r samlas p\u00e5 t.ex. idrottsevenemang. F\u00f6rslaget g\u00e4ller endast sittande publik med tv\u00e5 meters avst\u00e5nd till varandra. Maxtak p\u00e5 dessa events kommer ocks\u00e5 tas upp i diskussionen. Om f\u00f6rslaget godk\u00e4nns g\u00e4ller det fr\u00e5n och med 1 oktober.<\/p>\n<p>Mer information finns p\u00e5<a href=\"https:\/\/www.rf.se\/Nyheter\/Allanyheter\/gladjanderegeringsforslagomkrisstodoch50-forbud\/\"> rf.se<\/a><\/p>\n","protected":false},"excerpt":{"rendered":"<p>En utredning \u00e4r p\u00e5b\u00f6rjad kring f\u00f6rl\u00e4ngt krisst\u00f6d till idrotten samt undantag fr\u00e5n gr\u00e4nsen p\u00e5 50 personer vid sittande publik.<\/p><br>","protected":false},"author":120,"featured_media":41755,"comment_status":"open","ping_status":"open","sticky":false,"template":"","format":"standard","meta":{"_acf_changed":false,"footnotes":""},"categories":[1],"tags":[],"class_list":["post-120564","post","type-post","status-publish","format-standard","has-post-thumbnail","hentry","category-okategoriserade"],"acf":[],"yoast_head":"<!-- This site is optimized with the Yoast SEO plugin v26.8 - https:\/\/yoast.com\/product\/yoast-seo-wordpress\/ -->\n<title>Publikfr\u00e5gan och f\u00f6rl\u00e4ngt ekonomiskt st\u00f6d till idrotten utreds - Svenska Budo &amp; Kampsportsf\u00f6rbundet<\/title>\n<meta name=\"description\" content=\"En utredning \u00e4r p\u00e5b\u00f6rjad kring f\u00f6rl\u00e4ngt krisst\u00f6d till idrotten samt undantag fr\u00e5n gr\u00e4nsen p\u00e5 50 personer vid sittande publik.\" \/>\n<meta name=\"robots\" content=\"index, follow, max-snippet:-1, max-image-preview:large, max-video-preview:-1\" \/>\n<link rel=\"canonical\" href=\"https:\/\/www.budokampsport.se\/2020\/08\/21\/publikfragan-och-forlangt-ekonomiskt-stod-till-idrotten-utreds\/\" \/>\n<meta property=\"og:locale\" content=\"sv_SE\" \/>\n<meta property=\"og:type\" content=\"article\" \/>\n<meta property=\"og:title\" content=\"Publikfr\u00e5gan och f\u00f6rl\u00e4ngt ekonomiskt st\u00f6d till idrotten utreds - Svenska Budo &amp; Kampsportsf\u00f6rbundet\" \/>\n<meta property=\"og:description\" content=\"En utredning \u00e4r p\u00e5b\u00f6rjad kring f\u00f6rl\u00e4ngt krisst\u00f6d till idrotten samt undantag fr\u00e5n gr\u00e4nsen p\u00e5 50 personer vid sittande publik.\" \/>\n<meta property=\"og:url\" content=\"https:\/\/www.budokampsport.se\/2020\/08\/21\/publikfragan-och-forlangt-ekonomiskt-stod-till-idrotten-utreds\/\" \/>\n<meta property=\"og:site_name\" content=\"Svenska Budo &amp; Kampsportsf\u00f6rbundet\" \/>\n<meta property=\"article:published_time\" content=\"2020-08-21T09:37:50+00:00\" \/>\n<meta property=\"article:modified_time\" content=\"2020-08-21T09:39:14+00:00\" \/>\n<meta property=\"og:image\" content=\"https:\/\/www.budokampsport.se\/wp-content\/uploads\/2017\/03\/tsuba_notext_cmyk_copy-e1489765726565.jpg\" \/>\n\t<meta property=\"og:image:width\" content=\"400\" \/>\n\t<meta property=\"og:image:height\" content=\"319\" \/>\n\t<meta property=\"og:image:type\" content=\"image\/jpeg\" \/>\n<meta name=\"author\" content=\"Annie Carriage\" \/>\n<meta name=\"twitter:card\" content=\"summary_large_image\" \/>\n<meta name=\"twitter:label1\" content=\"Skriven av\" \/>\n\t<meta name=\"twitter:data1\" content=\"Annie Carriage\" \/>\n<script type=\"application\/ld+json\" class=\"yoast-schema-graph\">{\"@context\":\"https:\/\/schema.org\",\"@graph\":[{\"@type\":\"Article\",\"@id\":\"https:\/\/www.budokampsport.se\/2020\/08\/21\/publikfragan-och-forlangt-ekonomiskt-stod-till-idrotten-utreds\/#article\",\"isPartOf\":{\"@id\":\"https:\/\/www.budokampsport.se\/2020\/08\/21\/publikfragan-och-forlangt-ekonomiskt-stod-till-idrotten-utreds\/\"},\"author\":{\"name\":\"Annie Carriage\",\"@id\":\"https:\/\/www.budokampsport.se\/#\/schema\/person\/c838cace8171f692e363fde3f38f208b\"},\"headline\":\"Publikfr\u00e5gan och f\u00f6rl\u00e4ngt ekonomiskt st\u00f6d till idrotten utreds\",\"datePublished\":\"2020-08-21T09:37:50+00:00\",\"dateModified\":\"2020-08-21T09:39:14+00:00\",\"mainEntityOfPage\":{\"@id\":\"https:\/\/www.budokampsport.se\/2020\/08\/21\/publikfragan-och-forlangt-ekonomiskt-stod-till-idrotten-utreds\/\"},\"wordCount\":105,\"commentCount\":0,\"image\":{\"@id\":\"https:\/\/www.budokampsport.se\/2020\/08\/21\/publikfragan-och-forlangt-ekonomiskt-stod-till-idrotten-utreds\/#primaryimage\"},\"thumbnailUrl\":\"https:\/\/www.budokampsport.se\/wp-content\/uploads\/2017\/03\/tsuba_notext_cmyk_copy-e1489765726565.jpg\",\"inLanguage\":\"sv-SE\",\"potentialAction\":[{\"@type\":\"CommentAction\",\"name\":\"Comment\",\"target\":[\"https:\/\/www.budokampsport.se\/2020\/08\/21\/publikfragan-och-forlangt-ekonomiskt-stod-till-idrotten-utreds\/#respond\"]}]},{\"@type\":\"WebPage\",\"@id\":\"https:\/\/www.budokampsport.se\/2020\/08\/21\/publikfragan-och-forlangt-ekonomiskt-stod-till-idrotten-utreds\/\",\"url\":\"https:\/\/www.budokampsport.se\/2020\/08\/21\/publikfragan-och-forlangt-ekonomiskt-stod-till-idrotten-utreds\/\",\"name\":\"Publikfr\u00e5gan och f\u00f6rl\u00e4ngt ekonomiskt st\u00f6d till idrotten utreds - Svenska Budo &amp; Kampsportsf\u00f6rbundet\",\"isPartOf\":{\"@id\":\"https:\/\/www.budokampsport.se\/#website\"},\"primaryImageOfPage\":{\"@id\":\"https:\/\/www.budokampsport.se\/2020\/08\/21\/publikfragan-och-forlangt-ekonomiskt-stod-till-idrotten-utreds\/#primaryimage\"},\"image\":{\"@id\":\"https:\/\/www.budokampsport.se\/2020\/08\/21\/publikfragan-och-forlangt-ekonomiskt-stod-till-idrotten-utreds\/#primaryimage\"},\"thumbnailUrl\":\"https:\/\/www.budokampsport.se\/wp-content\/uploads\/2017\/03\/tsuba_notext_cmyk_copy-e1489765726565.jpg\",\"datePublished\":\"2020-08-21T09:37:50+00:00\",\"dateModified\":\"2020-08-21T09:39:14+00:00\",\"author\":{\"@id\":\"https:\/\/www.budokampsport.se\/#\/schema\/person\/c838cace8171f692e363fde3f38f208b\"},\"description\":\"En utredning \u00e4r p\u00e5b\u00f6rjad kring f\u00f6rl\u00e4ngt krisst\u00f6d till idrotten samt undantag fr\u00e5n gr\u00e4nsen p\u00e5 50 personer vid sittande publik.\",\"breadcrumb\":{\"@id\":\"https:\/\/www.budokampsport.se\/2020\/08\/21\/publikfragan-och-forlangt-ekonomiskt-stod-till-idrotten-utreds\/#breadcrumb\"},\"inLanguage\":\"sv-SE\",\"potentialAction\":[{\"@type\":\"ReadAction\",\"target\":[\"https:\/\/www.budokampsport.se\/2020\/08\/21\/publikfragan-och-forlangt-ekonomiskt-stod-till-idrotten-utreds\/\"]}]},{\"@type\":\"ImageObject\",\"inLanguage\":\"sv-SE\",\"@id\":\"https:\/\/www.budokampsport.se\/2020\/08\/21\/publikfragan-och-forlangt-ekonomiskt-stod-till-idrotten-utreds\/#primaryimage\",\"url\":\"https:\/\/www.budokampsport.se\/wp-content\/uploads\/2017\/03\/tsuba_notext_cmyk_copy-e1489765726565.jpg\",\"contentUrl\":\"https:\/\/www.budokampsport.se\/wp-content\/uploads\/2017\/03\/tsuba_notext_cmyk_copy-e1489765726565.jpg\",\"width\":400,\"height\":319},{\"@type\":\"BreadcrumbList\",\"@id\":\"https:\/\/www.budokampsport.se\/2020\/08\/21\/publikfragan-och-forlangt-ekonomiskt-stod-till-idrotten-utreds\/#breadcrumb\",\"itemListElement\":[{\"@type\":\"ListItem\",\"position\":1,\"name\":\"Hem\",\"item\":\"https:\/\/www.budokampsport.se\/\"},{\"@type\":\"ListItem\",\"position\":2,\"name\":\"Publikfr\u00e5gan och f\u00f6rl\u00e4ngt ekonomiskt st\u00f6d till idrotten utreds\"}]},{\"@type\":\"WebSite\",\"@id\":\"https:\/\/www.budokampsport.se\/#website\",\"url\":\"https:\/\/www.budokampsport.se\/\",\"name\":\"Svenska Budo &amp; Kampsportsf\u00f6rbundet\",\"description\":\"T\u00e4vling, Tr\u00e4ning, Tradition\",\"potentialAction\":[{\"@type\":\"SearchAction\",\"target\":{\"@type\":\"EntryPoint\",\"urlTemplate\":\"https:\/\/www.budokampsport.se\/?s={search_term_string}\"},\"query-input\":{\"@type\":\"PropertyValueSpecification\",\"valueRequired\":true,\"valueName\":\"search_term_string\"}}],\"inLanguage\":\"sv-SE\"},{\"@type\":\"Person\",\"@id\":\"https:\/\/www.budokampsport.se\/#\/schema\/person\/c838cace8171f692e363fde3f38f208b\",\"name\":\"Annie Carriage\",\"image\":{\"@type\":\"ImageObject\",\"inLanguage\":\"sv-SE\",\"@id\":\"https:\/\/www.budokampsport.se\/#\/schema\/person\/image\/\",\"url\":\"https:\/\/secure.gravatar.com\/avatar\/9311295560bdfbdf78365a26f7df1876?s=96&d=blank&r=g\",\"contentUrl\":\"https:\/\/secure.gravatar.com\/avatar\/9311295560bdfbdf78365a26f7df1876?s=96&d=blank&r=g\",\"caption\":\"Annie Carriage\"},\"url\":\"https:\/\/www.budokampsport.se\/author\/annie-bondefelt\/\"}]}<\/script>\n<!-- \/ Yoast SEO plugin. -->","yoast_head_json":{"title":"Publikfr\u00e5gan och f\u00f6rl\u00e4ngt ekonomiskt st\u00f6d till idrotten utreds - Svenska Budo &amp; Kampsportsf\u00f6rbundet","description":"En utredning \u00e4r p\u00e5b\u00f6rjad kring f\u00f6rl\u00e4ngt krisst\u00f6d till idrotten samt undantag fr\u00e5n gr\u00e4nsen p\u00e5 50 personer vid sittande publik.","robots":{"index":"index","follow":"follow","max-snippet":"max-snippet:-1","max-image-preview":"max-image-preview:large","max-video-preview":"max-video-preview:-1"},"canonical":"https:\/\/www.budokampsport.se\/2020\/08\/21\/publikfragan-och-forlangt-ekonomiskt-stod-till-idrotten-utreds\/","og_locale":"sv_SE","og_type":"article","og_title":"Publikfr\u00e5gan och f\u00f6rl\u00e4ngt ekonomiskt st\u00f6d till idrotten utreds - Svenska Budo &amp; Kampsportsf\u00f6rbundet","og_description":"En utredning \u00e4r p\u00e5b\u00f6rjad kring f\u00f6rl\u00e4ngt krisst\u00f6d till idrotten samt undantag fr\u00e5n gr\u00e4nsen p\u00e5 50 personer vid sittande publik.","og_url":"https:\/\/www.budokampsport.se\/2020\/08\/21\/publikfragan-och-forlangt-ekonomiskt-stod-till-idrotten-utreds\/","og_site_name":"Svenska Budo &amp; Kampsportsf\u00f6rbundet","article_published_time":"2020-08-21T09:37:50+00:00","article_modified_time":"2020-08-21T09:39:14+00:00","og_image":[{"width":400,"height":319,"url":"https:\/\/www.budokampsport.se\/wp-content\/uploads\/2017\/03\/tsuba_notext_cmyk_copy-e1489765726565.jpg","type":"image\/jpeg"}],"author":"Annie Carriage","twitter_card":"summary_large_image","twitter_misc":{"Skriven av":"Annie Carriage"},"schema":{"@context":"https:\/\/schema.org","@graph":[{"@type":"Article","@id":"https:\/\/www.budokampsport.se\/2020\/08\/21\/publikfragan-och-forlangt-ekonomiskt-stod-till-idrotten-utreds\/#article","isPartOf":{"@id":"https:\/\/www.budokampsport.se\/2020\/08\/21\/publikfragan-och-forlangt-ekonomiskt-stod-till-idrotten-utreds\/"},"author":{"name":"Annie Carriage","@id":"https:\/\/www.budokampsport.se\/#\/schema\/person\/c838cace8171f692e363fde3f38f208b"},"headline":"Publikfr\u00e5gan och f\u00f6rl\u00e4ngt ekonomiskt st\u00f6d till idrotten utreds","datePublished":"2020-08-21T09:37:50+00:00","dateModified":"2020-08-21T09:39:14+00:00","mainEntityOfPage":{"@id":"https:\/\/www.budokampsport.se\/2020\/08\/21\/publikfragan-och-forlangt-ekonomiskt-stod-till-idrotten-utreds\/"},"wordCount":105,"commentCount":0,"image":{"@id":"https:\/\/www.budokampsport.se\/2020\/08\/21\/publikfragan-och-forlangt-ekonomiskt-stod-till-idrotten-utreds\/#primaryimage"},"thumbnailUrl":"https:\/\/www.budokampsport.se\/wp-content\/uploads\/2017\/03\/tsuba_notext_cmyk_copy-e1489765726565.jpg","inLanguage":"sv-SE","potentialAction":[{"@type":"CommentAction","name":"Comment","target":["https:\/\/www.budokampsport.se\/2020\/08\/21\/publikfragan-och-forlangt-ekonomiskt-stod-till-idrotten-utreds\/#respond"]}]},{"@type":"WebPage","@id":"https:\/\/www.budokampsport.se\/2020\/08\/21\/publikfragan-och-forlangt-ekonomiskt-stod-till-idrotten-utreds\/","url":"https:\/\/www.budokampsport.se\/2020\/08\/21\/publikfragan-och-forlangt-ekonomiskt-stod-till-idrotten-utreds\/","name":"Publikfr\u00e5gan och f\u00f6rl\u00e4ngt ekonomiskt st\u00f6d till idrotten utreds - Svenska Budo &amp; Kampsportsf\u00f6rbundet","isPartOf":{"@id":"https:\/\/www.budokampsport.se\/#website"},"primaryImageOfPage":{"@id":"https:\/\/www.budokampsport.se\/2020\/08\/21\/publikfragan-och-forlangt-ekonomiskt-stod-till-idrotten-utreds\/#primaryimage"},"image":{"@id":"https:\/\/www.budokampsport.se\/2020\/08\/21\/publikfragan-och-forlangt-ekonomiskt-stod-till-idrotten-utreds\/#primaryimage"},"thumbnailUrl":"https:\/\/www.budokampsport.se\/wp-content\/uploads\/2017\/03\/tsuba_notext_cmyk_copy-e1489765726565.jpg","datePublished":"2020-08-21T09:37:50+00:00","dateModified":"2020-08-21T09:39:14+00:00","author":{"@id":"https:\/\/www.budokampsport.se\/#\/schema\/person\/c838cace8171f692e363fde3f38f208b"},"description":"En utredning \u00e4r p\u00e5b\u00f6rjad kring f\u00f6rl\u00e4ngt krisst\u00f6d till idrotten samt undantag fr\u00e5n gr\u00e4nsen p\u00e5 50 personer vid sittande publik.","breadcrumb":{"@id":"https:\/\/www.budokampsport.se\/2020\/08\/21\/publikfragan-och-forlangt-ekonomiskt-stod-till-idrotten-utreds\/#breadcrumb"},"inLanguage":"sv-SE","potentialAction":[{"@type":"ReadAction","target":["https:\/\/www.budokampsport.se\/2020\/08\/21\/publikfragan-och-forlangt-ekonomiskt-stod-till-idrotten-utreds\/"]}]},{"@type":"ImageObject","inLanguage":"sv-SE","@id":"https:\/\/www.budokampsport.se\/2020\/08\/21\/publikfragan-och-forlangt-ekonomiskt-stod-till-idrotten-utreds\/#primaryimage","url":"https:\/\/www.budokampsport.se\/wp-content\/uploads\/2017\/03\/tsuba_notext_cmyk_copy-e1489765726565.jpg","contentUrl":"https:\/\/www.budokampsport.se\/wp-content\/uploads\/2017\/03\/tsuba_notext_cmyk_copy-e1489765726565.jpg","width":400,"height":319},{"@type":"BreadcrumbList","@id":"https:\/\/www.budokampsport.se\/2020\/08\/21\/publikfragan-och-forlangt-ekonomiskt-stod-till-idrotten-utreds\/#breadcrumb","itemListElement":[{"@type":"ListItem","position":1,"name":"Hem","item":"https:\/\/www.budokampsport.se\/"},{"@type":"ListItem","position":2,"name":"Publikfr\u00e5gan och f\u00f6rl\u00e4ngt ekonomiskt st\u00f6d till idrotten utreds"}]},{"@type":"WebSite","@id":"https:\/\/www.budokampsport.se\/#website","url":"https:\/\/www.budokampsport.se\/","name":"Svenska Budo &amp; Kampsportsf\u00f6rbundet","description":"T\u00e4vling, Tr\u00e4ning, Tradition","potentialAction":[{"@type":"SearchAction","target":{"@type":"EntryPoint","urlTemplate":"https:\/\/www.budokampsport.se\/?s={search_term_string}"},"query-input":{"@type":"PropertyValueSpecification","valueRequired":true,"valueName":"search_term_string"}}],"inLanguage":"sv-SE"},{"@type":"Person","@id":"https:\/\/www.budokampsport.se\/#\/schema\/person\/c838cace8171f692e363fde3f38f208b","name":"Annie Carriage","image":{"@type":"ImageObject","inLanguage":"sv-SE","@id":"https:\/\/www.budokampsport.se\/#\/schema\/person\/image\/","url":"https:\/\/secure.gravatar.com\/avatar\/9311295560bdfbdf78365a26f7df1876?s=96&d=blank&r=g","contentUrl":"https:\/\/secure.gravatar.com\/avatar\/9311295560bdfbdf78365a26f7df1876?s=96&d=blank&r=g","caption":"Annie Carriage"},"url":"https:\/\/www.budokampsport.se\/author\/annie-bondefelt\/"}]}},"_links":{"self":[{"href":"https:\/\/www.budokampsport.se\/api\/wp\/v2\/posts\/120564","targetHints":{"allow":["GET"]}}],"collection":[{"href":"https:\/\/www.budokampsport.se\/api\/wp\/v2\/posts"}],"about":[{"href":"https:\/\/www.budokampsport.se\/api\/wp\/v2\/types\/post"}],"author":[{"embeddable":true,"href":"https:\/\/www.budokampsport.se\/api\/wp\/v2\/users\/120"}],"replies":[{"embeddable":true,"href":"https:\/\/www.budokampsport.se\/api\/wp\/v2\/comments?post=120564"}],"version-history":[{"count":0,"href":"https:\/\/www.budokampsport.se\/api\/wp\/v2\/posts\/120564\/revisions"}],"wp:featuredmedia":[{"embeddable":true,"href":"https:\/\/www.budokampsport.se\/api\/wp\/v2\/media\/41755"}],"wp:attachment":[{"href":"https:\/\/www.budokampsport.se\/api\/wp\/v2\/media?parent=120564"}],"wp:term":[{"taxonomy":"category","embeddable":true,"href":"https:\/\/www.budokampsport.se\/api\/wp\/v2\/categories?post=120564"},{"taxonomy":"post_tag","embeddable":true,"href":"https:\/\/www.budokampsport.se\/api\/wp\/v2\/tags?post=120564"}],"curies":[{"name":"wp","href":"https:\/\/api.w.org\/{rel}","templated":true}]}}