{"id":120952,"date":"2020-09-07T14:01:30","date_gmt":"2020-09-07T12:01:30","guid":{"rendered":"https:\/\/www.budokampsport.se\/?p=120952"},"modified":"2020-09-07T14:01:30","modified_gmt":"2020-09-07T12:01:30","slug":"sbk-soker-vikarierande-informator","status":"publish","type":"post","link":"https:\/\/www.budokampsport.se\/2020\/09\/07\/sbk-soker-vikarierande-informator\/","title":{"rendered":"SB&#038;K s\u00f6ker vikarierande informat\u00f6r"},"content":{"rendered":"<p>\u00c4r du en ut\u00e5triktad, kreativ person med stort intresse f\u00f6r kommunikation, medier och idrott? D\u00e5 ska du s\u00f6ka tj\u00e4nsten som Informat\u00f6r p\u00e5 Svenska Budo &amp; Kampsportsf\u00f6rbundet!<\/p>\n<p><strong>Erbjudande och Arbetsuppgifter<\/strong><br \/>\nSvenska Budo &amp; Kampsportsf\u00f6rbundet s\u00f6ker en Informat\u00f6r till sitt familj\u00e4ra kansli i centrala Stockholm. Som Informat\u00f6r arbetar du n\u00e4ra din kollega, som \u00e4r informationsansvarig, och tillsammans sk\u00f6ter ni f\u00f6rbundets kommunikation. Du skriver och publicerar texter p\u00e5 hemsidan, skickar pressmeddelanden och bevakar m\u00e4sterskap och andra evenemang. Du intervjuar och fotograferar, samt har l\u00f6pande kontakt med aktiva idrottare och andra medlemmar i f\u00f6rbundet. Du \u00e4r \u00e4ven redakt\u00f6r f\u00f6r f\u00f6rbundets podcast, Kampsportspodden, som du ocks\u00e5 redigerar. Du har hand om f\u00f6rbundets Facebook och Instagram och l\u00e4gger ut b\u00e5de bilder och storys.<br \/>\nDu erbjuds en sp\u00e4nnande tj\u00e4nst d\u00e4r du i samr\u00e5d med informationsansvarig planerar ditt eget arbete i ett f\u00f6rbund som v\u00e4xer. Vidare kan du f\u00e5 m\u00f6jligheten att resa till olika internationella och nationella m\u00e4sterskap och f\u00f6lja idrottarna p\u00e5 n\u00e4ra h\u00e5ll.<\/p>\n<p><strong>Personprofil<\/strong><br \/>\nVi s\u00f6ker dig som \u00e4r utbildad inom exempelvis media, kommunikation eller journalistik. Du har en fallenhet f\u00f6r att skriva och van vid bildhantering samt beh\u00e4rskar program s\u00e5som Photoshop och WordPress. Du \u00e4r vass p\u00e5 sociala medier och tycker att det \u00e4r roligt. Det \u00e4r meriterande om du \u00e4ven har n\u00e5got \u00e5rs erfarenhet av kommunikativt arbete samt om du har erfarenhet av idrott och f\u00f6reningsliv.<\/p>\n<p>Som person \u00e4r du social, ut\u00e5triktad och kreativ med en f\u00f6rm\u00e5ga att ta initiativ och arbeta sj\u00e4lvst\u00e4ndigt. Vidare \u00e4r du lyh\u00f6rd, prestigel\u00f6s och flexibel. Vi v\u00e4rderar dina egenskaper h\u00f6gt och ser g\u00e4rna att du beskriver din bakgrund inom idrotts- eller f\u00f6reningslivet samt hur det har format dig som person.<\/p>\n<p><strong>\u00d6vrigt<\/strong><br \/>\nStart: 1 oktober<br \/>\nOmfattning: Heltid, vik p\u00e5 19 m\u00e5nader<br \/>\nArbetstid: Dagtid, kv\u00e4llar och helger.<br \/>\nPlats: Stockholm, Skanstull och p\u00e5 distans.<\/p>\n<p><em>PerformIQ \u2013 rekrytering av personal med egenskaper fr\u00e5n idrott\/f\u00f6reningsliv, \u00e4r v\u00e5r samarbetspartner och vi h\u00e4nvisar eventuella<strong> fr\u00e5gor om tj\u00e4nsten till rekryteringskonsult Anton Hovstadius p\u00e5 mailadress anton.hovstadius@performiq.se<\/strong>. Skicka in din ans\u00f6kan redan idag d\u00e5 intervjuer sker l\u00f6pande.<\/em><\/p>\n<p><a href=\"https:\/\/performiq.se\/lediga-jobb\/ed42ddf5-938b-419c-85a8-f3ed075a49ce\/\">V\u00e4lkommen med din ans\u00f6kan, h\u00e4r.\u00a0<\/a><\/p>\n<p>F\u00f6retagsinformation<br \/>\nSvenska Budo &amp; Kampsportsf\u00f6rbundet (SB&amp;K) \u00e4r ett idrottsf\u00f6rbund inom Riksidrottsf\u00f6rbundet (RF). Det bildades 1960 och best\u00e5r av dryga 790 klubbar med totalt<br \/>\n53 000 medlemmar (2020) f\u00f6rbundet administrerar 30 olika idrotter. Svenska Budo &amp; Kampsportsf\u00f6rbundet har sitt kansli i mysiga lokaler i centrala Stockholm d\u00e4r sex anst\u00e4llda arbetar.<br \/>\nL\u00e4s g\u00e4rna mer p\u00e5 www.budokampsport.se.<\/p>\n","protected":false},"excerpt":{"rendered":"<p>D\u00e5 Annie Bondefelt ska vara f\u00f6r\u00e4ldraledig s\u00f6ker Svenska Budo &#038; Kampsportsf\u00f6rbundet en vikarierande informat\u00f6r till kansliet.<\/p><br>","protected":false},"author":7,"featured_media":41755,"comment_status":"open","ping_status":"open","sticky":false,"template":"","format":"standard","meta":{"_acf_changed":false,"footnotes":""},"categories":[1],"tags":[],"class_list":["post-120952","post","type-post","status-publish","format-standard","has-post-thumbnail","hentry","category-okategoriserade"],"acf":[],"yoast_head":"<!-- This site is optimized with the Yoast SEO plugin v26.8 - https:\/\/yoast.com\/product\/yoast-seo-wordpress\/ -->\n<title>SB&amp;K s\u00f6ker vikarierande informat\u00f6r - Svenska Budo &amp; Kampsportsf\u00f6rbundet<\/title>\n<meta name=\"description\" content=\"D\u00e5 Annie Bondefelt ska vara f\u00f6r\u00e4ldraledig s\u00f6ker Svenska Budo &amp; Kampsportsf\u00f6rbundet en vikarierande informat\u00f6r till kansliet.\" \/>\n<meta name=\"robots\" content=\"index, follow, max-snippet:-1, max-image-preview:large, max-video-preview:-1\" \/>\n<link rel=\"canonical\" href=\"https:\/\/www.budokampsport.se\/2020\/09\/07\/sbk-soker-vikarierande-informator\/\" \/>\n<meta property=\"og:locale\" content=\"sv_SE\" \/>\n<meta property=\"og:type\" content=\"article\" \/>\n<meta property=\"og:title\" content=\"SB&amp;K s\u00f6ker vikarierande informat\u00f6r - Svenska Budo &amp; Kampsportsf\u00f6rbundet\" \/>\n<meta property=\"og:description\" content=\"D\u00e5 Annie Bondefelt ska vara f\u00f6r\u00e4ldraledig s\u00f6ker Svenska Budo &amp; Kampsportsf\u00f6rbundet en vikarierande informat\u00f6r till kansliet.\" \/>\n<meta property=\"og:url\" content=\"https:\/\/www.budokampsport.se\/2020\/09\/07\/sbk-soker-vikarierande-informator\/\" \/>\n<meta property=\"og:site_name\" content=\"Svenska Budo &amp; Kampsportsf\u00f6rbundet\" \/>\n<meta property=\"article:author\" content=\"https:\/\/www.facebook.com\/jonathan.broberg.7\" \/>\n<meta property=\"article:published_time\" content=\"2020-09-07T12:01:30+00:00\" \/>\n<meta property=\"og:image\" content=\"https:\/\/www.budokampsport.se\/wp-content\/uploads\/2017\/03\/tsuba_notext_cmyk_copy-e1489765726565.jpg\" \/>\n\t<meta property=\"og:image:width\" content=\"400\" \/>\n\t<meta property=\"og:image:height\" content=\"319\" \/>\n\t<meta property=\"og:image:type\" content=\"image\/jpeg\" \/>\n<meta name=\"author\" content=\"Jonathan Broberg\" \/>\n<meta name=\"twitter:card\" content=\"summary_large_image\" \/>\n<meta name=\"twitter:label1\" content=\"Skriven av\" \/>\n\t<meta name=\"twitter:data1\" content=\"Jonathan Broberg\" \/>\n\t<meta name=\"twitter:label2\" content=\"Ber\u00e4knad l\u00e4stid\" \/>\n\t<meta name=\"twitter:data2\" content=\"2 minuter\" \/>\n<script type=\"application\/ld+json\" class=\"yoast-schema-graph\">{\"@context\":\"https:\/\/schema.org\",\"@graph\":[{\"@type\":\"Article\",\"@id\":\"https:\/\/www.budokampsport.se\/2020\/09\/07\/sbk-soker-vikarierande-informator\/#article\",\"isPartOf\":{\"@id\":\"https:\/\/www.budokampsport.se\/2020\/09\/07\/sbk-soker-vikarierande-informator\/\"},\"author\":{\"name\":\"Jonathan Broberg\",\"@id\":\"https:\/\/www.budokampsport.se\/#\/schema\/person\/5c06d81d14850e2a8ce5493386560145\"},\"headline\":\"SB&#038;K s\u00f6ker vikarierande informat\u00f6r\",\"datePublished\":\"2020-09-07T12:01:30+00:00\",\"mainEntityOfPage\":{\"@id\":\"https:\/\/www.budokampsport.se\/2020\/09\/07\/sbk-soker-vikarierande-informator\/\"},\"wordCount\":467,\"commentCount\":0,\"image\":{\"@id\":\"https:\/\/www.budokampsport.se\/2020\/09\/07\/sbk-soker-vikarierande-informator\/#primaryimage\"},\"thumbnailUrl\":\"https:\/\/www.budokampsport.se\/wp-content\/uploads\/2017\/03\/tsuba_notext_cmyk_copy-e1489765726565.jpg\",\"inLanguage\":\"sv-SE\",\"potentialAction\":[{\"@type\":\"CommentAction\",\"name\":\"Comment\",\"target\":[\"https:\/\/www.budokampsport.se\/2020\/09\/07\/sbk-soker-vikarierande-informator\/#respond\"]}]},{\"@type\":\"WebPage\",\"@id\":\"https:\/\/www.budokampsport.se\/2020\/09\/07\/sbk-soker-vikarierande-informator\/\",\"url\":\"https:\/\/www.budokampsport.se\/2020\/09\/07\/sbk-soker-vikarierande-informator\/\",\"name\":\"SB&K s\u00f6ker vikarierande informat\u00f6r - Svenska Budo &amp; Kampsportsf\u00f6rbundet\",\"isPartOf\":{\"@id\":\"https:\/\/www.budokampsport.se\/#website\"},\"primaryImageOfPage\":{\"@id\":\"https:\/\/www.budokampsport.se\/2020\/09\/07\/sbk-soker-vikarierande-informator\/#primaryimage\"},\"image\":{\"@id\":\"https:\/\/www.budokampsport.se\/2020\/09\/07\/sbk-soker-vikarierande-informator\/#primaryimage\"},\"thumbnailUrl\":\"https:\/\/www.budokampsport.se\/wp-content\/uploads\/2017\/03\/tsuba_notext_cmyk_copy-e1489765726565.jpg\",\"datePublished\":\"2020-09-07T12:01:30+00:00\",\"author\":{\"@id\":\"https:\/\/www.budokampsport.se\/#\/schema\/person\/5c06d81d14850e2a8ce5493386560145\"},\"description\":\"D\u00e5 Annie Bondefelt ska vara f\u00f6r\u00e4ldraledig s\u00f6ker Svenska Budo & Kampsportsf\u00f6rbundet en vikarierande informat\u00f6r till kansliet.\",\"breadcrumb\":{\"@id\":\"https:\/\/www.budokampsport.se\/2020\/09\/07\/sbk-soker-vikarierande-informator\/#breadcrumb\"},\"inLanguage\":\"sv-SE\",\"potentialAction\":[{\"@type\":\"ReadAction\",\"target\":[\"https:\/\/www.budokampsport.se\/2020\/09\/07\/sbk-soker-vikarierande-informator\/\"]}]},{\"@type\":\"ImageObject\",\"inLanguage\":\"sv-SE\",\"@id\":\"https:\/\/www.budokampsport.se\/2020\/09\/07\/sbk-soker-vikarierande-informator\/#primaryimage\",\"url\":\"https:\/\/www.budokampsport.se\/wp-content\/uploads\/2017\/03\/tsuba_notext_cmyk_copy-e1489765726565.jpg\",\"contentUrl\":\"https:\/\/www.budokampsport.se\/wp-content\/uploads\/2017\/03\/tsuba_notext_cmyk_copy-e1489765726565.jpg\",\"width\":400,\"height\":319},{\"@type\":\"BreadcrumbList\",\"@id\":\"https:\/\/www.budokampsport.se\/2020\/09\/07\/sbk-soker-vikarierande-informator\/#breadcrumb\",\"itemListElement\":[{\"@type\":\"ListItem\",\"position\":1,\"name\":\"Hem\",\"item\":\"https:\/\/www.budokampsport.se\/\"},{\"@type\":\"ListItem\",\"position\":2,\"name\":\"SB&#038;K s\u00f6ker vikarierande informat\u00f6r\"}]},{\"@type\":\"WebSite\",\"@id\":\"https:\/\/www.budokampsport.se\/#website\",\"url\":\"https:\/\/www.budokampsport.se\/\",\"name\":\"Svenska Budo &amp; Kampsportsf\u00f6rbundet\",\"description\":\"T\u00e4vling, Tr\u00e4ning, Tradition\",\"potentialAction\":[{\"@type\":\"SearchAction\",\"target\":{\"@type\":\"EntryPoint\",\"urlTemplate\":\"https:\/\/www.budokampsport.se\/?s={search_term_string}\"},\"query-input\":{\"@type\":\"PropertyValueSpecification\",\"valueRequired\":true,\"valueName\":\"search_term_string\"}}],\"inLanguage\":\"sv-SE\"},{\"@type\":\"Person\",\"@id\":\"https:\/\/www.budokampsport.se\/#\/schema\/person\/5c06d81d14850e2a8ce5493386560145\",\"name\":\"Jonathan Broberg\",\"image\":{\"@type\":\"ImageObject\",\"inLanguage\":\"sv-SE\",\"@id\":\"https:\/\/www.budokampsport.se\/#\/schema\/person\/image\/\",\"url\":\"https:\/\/secure.gravatar.com\/avatar\/a58041c6cea9128bd9c40ee2f26d4136?s=96&d=blank&r=g\",\"contentUrl\":\"https:\/\/secure.gravatar.com\/avatar\/a58041c6cea9128bd9c40ee2f26d4136?s=96&d=blank&r=g\",\"caption\":\"Jonathan Broberg\"},\"sameAs\":[\"https:\/\/www.facebook.com\/jonathan.broberg.7\"],\"url\":\"https:\/\/www.budokampsport.se\/author\/jonathan\/\"}]}<\/script>\n<!-- \/ Yoast SEO plugin. -->","yoast_head_json":{"title":"SB&K s\u00f6ker vikarierande informat\u00f6r - Svenska Budo &amp; Kampsportsf\u00f6rbundet","description":"D\u00e5 Annie Bondefelt ska vara f\u00f6r\u00e4ldraledig s\u00f6ker Svenska Budo & Kampsportsf\u00f6rbundet en vikarierande informat\u00f6r till kansliet.","robots":{"index":"index","follow":"follow","max-snippet":"max-snippet:-1","max-image-preview":"max-image-preview:large","max-video-preview":"max-video-preview:-1"},"canonical":"https:\/\/www.budokampsport.se\/2020\/09\/07\/sbk-soker-vikarierande-informator\/","og_locale":"sv_SE","og_type":"article","og_title":"SB&K s\u00f6ker vikarierande informat\u00f6r - Svenska Budo &amp; Kampsportsf\u00f6rbundet","og_description":"D\u00e5 Annie Bondefelt ska vara f\u00f6r\u00e4ldraledig s\u00f6ker Svenska Budo & Kampsportsf\u00f6rbundet en vikarierande informat\u00f6r till kansliet.","og_url":"https:\/\/www.budokampsport.se\/2020\/09\/07\/sbk-soker-vikarierande-informator\/","og_site_name":"Svenska Budo &amp; Kampsportsf\u00f6rbundet","article_author":"https:\/\/www.facebook.com\/jonathan.broberg.7","article_published_time":"2020-09-07T12:01:30+00:00","og_image":[{"width":400,"height":319,"url":"https:\/\/www.budokampsport.se\/wp-content\/uploads\/2017\/03\/tsuba_notext_cmyk_copy-e1489765726565.jpg","type":"image\/jpeg"}],"author":"Jonathan Broberg","twitter_card":"summary_large_image","twitter_misc":{"Skriven av":"Jonathan Broberg","Ber\u00e4knad l\u00e4stid":"2 minuter"},"schema":{"@context":"https:\/\/schema.org","@graph":[{"@type":"Article","@id":"https:\/\/www.budokampsport.se\/2020\/09\/07\/sbk-soker-vikarierande-informator\/#article","isPartOf":{"@id":"https:\/\/www.budokampsport.se\/2020\/09\/07\/sbk-soker-vikarierande-informator\/"},"author":{"name":"Jonathan Broberg","@id":"https:\/\/www.budokampsport.se\/#\/schema\/person\/5c06d81d14850e2a8ce5493386560145"},"headline":"SB&#038;K s\u00f6ker vikarierande informat\u00f6r","datePublished":"2020-09-07T12:01:30+00:00","mainEntityOfPage":{"@id":"https:\/\/www.budokampsport.se\/2020\/09\/07\/sbk-soker-vikarierande-informator\/"},"wordCount":467,"commentCount":0,"image":{"@id":"https:\/\/www.budokampsport.se\/2020\/09\/07\/sbk-soker-vikarierande-informator\/#primaryimage"},"thumbnailUrl":"https:\/\/www.budokampsport.se\/wp-content\/uploads\/2017\/03\/tsuba_notext_cmyk_copy-e1489765726565.jpg","inLanguage":"sv-SE","potentialAction":[{"@type":"CommentAction","name":"Comment","target":["https:\/\/www.budokampsport.se\/2020\/09\/07\/sbk-soker-vikarierande-informator\/#respond"]}]},{"@type":"WebPage","@id":"https:\/\/www.budokampsport.se\/2020\/09\/07\/sbk-soker-vikarierande-informator\/","url":"https:\/\/www.budokampsport.se\/2020\/09\/07\/sbk-soker-vikarierande-informator\/","name":"SB&K s\u00f6ker vikarierande informat\u00f6r - Svenska Budo &amp; Kampsportsf\u00f6rbundet","isPartOf":{"@id":"https:\/\/www.budokampsport.se\/#website"},"primaryImageOfPage":{"@id":"https:\/\/www.budokampsport.se\/2020\/09\/07\/sbk-soker-vikarierande-informator\/#primaryimage"},"image":{"@id":"https:\/\/www.budokampsport.se\/2020\/09\/07\/sbk-soker-vikarierande-informator\/#primaryimage"},"thumbnailUrl":"https:\/\/www.budokampsport.se\/wp-content\/uploads\/2017\/03\/tsuba_notext_cmyk_copy-e1489765726565.jpg","datePublished":"2020-09-07T12:01:30+00:00","author":{"@id":"https:\/\/www.budokampsport.se\/#\/schema\/person\/5c06d81d14850e2a8ce5493386560145"},"description":"D\u00e5 Annie Bondefelt ska vara f\u00f6r\u00e4ldraledig s\u00f6ker Svenska Budo & Kampsportsf\u00f6rbundet en vikarierande informat\u00f6r till kansliet.","breadcrumb":{"@id":"https:\/\/www.budokampsport.se\/2020\/09\/07\/sbk-soker-vikarierande-informator\/#breadcrumb"},"inLanguage":"sv-SE","potentialAction":[{"@type":"ReadAction","target":["https:\/\/www.budokampsport.se\/2020\/09\/07\/sbk-soker-vikarierande-informator\/"]}]},{"@type":"ImageObject","inLanguage":"sv-SE","@id":"https:\/\/www.budokampsport.se\/2020\/09\/07\/sbk-soker-vikarierande-informator\/#primaryimage","url":"https:\/\/www.budokampsport.se\/wp-content\/uploads\/2017\/03\/tsuba_notext_cmyk_copy-e1489765726565.jpg","contentUrl":"https:\/\/www.budokampsport.se\/wp-content\/uploads\/2017\/03\/tsuba_notext_cmyk_copy-e1489765726565.jpg","width":400,"height":319},{"@type":"BreadcrumbList","@id":"https:\/\/www.budokampsport.se\/2020\/09\/07\/sbk-soker-vikarierande-informator\/#breadcrumb","itemListElement":[{"@type":"ListItem","position":1,"name":"Hem","item":"https:\/\/www.budokampsport.se\/"},{"@type":"ListItem","position":2,"name":"SB&#038;K s\u00f6ker vikarierande informat\u00f6r"}]},{"@type":"WebSite","@id":"https:\/\/www.budokampsport.se\/#website","url":"https:\/\/www.budokampsport.se\/","name":"Svenska Budo &amp; Kampsportsf\u00f6rbundet","description":"T\u00e4vling, Tr\u00e4ning, Tradition","potentialAction":[{"@type":"SearchAction","target":{"@type":"EntryPoint","urlTemplate":"https:\/\/www.budokampsport.se\/?s={search_term_string}"},"query-input":{"@type":"PropertyValueSpecification","valueRequired":true,"valueName":"search_term_string"}}],"inLanguage":"sv-SE"},{"@type":"Person","@id":"https:\/\/www.budokampsport.se\/#\/schema\/person\/5c06d81d14850e2a8ce5493386560145","name":"Jonathan Broberg","image":{"@type":"ImageObject","inLanguage":"sv-SE","@id":"https:\/\/www.budokampsport.se\/#\/schema\/person\/image\/","url":"https:\/\/secure.gravatar.com\/avatar\/a58041c6cea9128bd9c40ee2f26d4136?s=96&d=blank&r=g","contentUrl":"https:\/\/secure.gravatar.com\/avatar\/a58041c6cea9128bd9c40ee2f26d4136?s=96&d=blank&r=g","caption":"Jonathan Broberg"},"sameAs":["https:\/\/www.facebook.com\/jonathan.broberg.7"],"url":"https:\/\/www.budokampsport.se\/author\/jonathan\/"}]}},"_links":{"self":[{"href":"https:\/\/www.budokampsport.se\/api\/wp\/v2\/posts\/120952","targetHints":{"allow":["GET"]}}],"collection":[{"href":"https:\/\/www.budokampsport.se\/api\/wp\/v2\/posts"}],"about":[{"href":"https:\/\/www.budokampsport.se\/api\/wp\/v2\/types\/post"}],"author":[{"embeddable":true,"href":"https:\/\/www.budokampsport.se\/api\/wp\/v2\/users\/7"}],"replies":[{"embeddable":true,"href":"https:\/\/www.budokampsport.se\/api\/wp\/v2\/comments?post=120952"}],"version-history":[{"count":0,"href":"https:\/\/www.budokampsport.se\/api\/wp\/v2\/posts\/120952\/revisions"}],"wp:featuredmedia":[{"embeddable":true,"href":"https:\/\/www.budokampsport.se\/api\/wp\/v2\/media\/41755"}],"wp:attachment":[{"href":"https:\/\/www.budokampsport.se\/api\/wp\/v2\/media?parent=120952"}],"wp:term":[{"taxonomy":"category","embeddable":true,"href":"https:\/\/www.budokampsport.se\/api\/wp\/v2\/categories?post=120952"},{"taxonomy":"post_tag","embeddable":true,"href":"https:\/\/www.budokampsport.se\/api\/wp\/v2\/tags?post=120952"}],"curies":[{"name":"wp","href":"https:\/\/api.w.org\/{rel}","templated":true}]}}