{"id":121038,"date":"2020-09-10T14:45:20","date_gmt":"2020-09-10T12:45:20","guid":{"rendered":"https:\/\/www.budokampsport.se\/?p=121038"},"modified":"2020-09-10T14:45:20","modified_gmt":"2020-09-10T12:45:20","slug":"digitalt-foreningsarsmote","status":"publish","type":"post","link":"https:\/\/www.budokampsport.se\/2020\/09\/10\/digitalt-foreningsarsmote\/","title":{"rendered":"Digitalt f\u00f6renings\u00e5rsm\u00f6te"},"content":{"rendered":"<p>F\u00f6reningar som sk\u00f6t upp v\u00e5rens \u00e5rsm\u00f6te ska allts\u00e5 genomf\u00f6ra sitt \u00e5rsm\u00f6te innan \u00e5rets utg\u00e5ng. \u00c5rsm\u00f6tet kan genomf\u00f6ras fysiskt, digitalt eller som en kombination av dessa.<\/p>\n<p>Riksidrottsf\u00f6rbundet har samlat f\u00f6rdelar, utmaningar och tips vid genomf\u00f6rande av digitalt \u00e5rsm\u00f6te. Om f\u00f6rening \u00f6nskar konkret hj\u00e4lp och st\u00f6d f\u00f6r att komma ig\u00e5ng inf\u00f6r ett digitalt \u00e5rsm\u00f6te, kontakta en idrottskonsulent i ert RF-SISU distrikt.<\/p>\n<p>\u00bb <a href=\"https:\/\/www.rf.se\/bidragochstod\/it-tjanster\/digitalaarsmoten\/\" target=\"_blank\" rel=\"noopener noreferrer\">F\u00f6rdelar, utmaningar och tips<\/a><\/p>\n<p>\u00bb <a href=\"https:\/\/www.sisuidrottsutbildarna.se\/Omoss\/varadistrikt\/\" target=\"_blank\" rel=\"noopener noreferrer\">Kontaktuppgifter RF-SISU distrikt\u00a0<\/a><\/p>\n<p>&nbsp;<\/p>\n<p>Bild: Riksidrottsf\u00f6rbundet<br \/>\nText: Sofia Arnbom<\/p>\n","protected":false},"excerpt":{"rendered":"<p>M\u00e5ste f\u00f6reningar och f\u00f6rbund h\u00e5lla \u00e5rsm\u00f6te under 2020, under r\u00e5dande coronapandemi? Ja, Riksidrottsf\u00f6rbundet menar att f\u00f6reningar och f\u00f6rbund med kalender\u00e5r som verksamhets\u00e5r om m\u00f6jligt ska genomf\u00f6ra sitt \u00e5rsm\u00f6te senast under det tredje kvartalet, men absolut senast den 31 december 2020.<\/p><br>","protected":false},"author":47,"featured_media":121040,"comment_status":"open","ping_status":"open","sticky":false,"template":"","format":"standard","meta":{"_acf_changed":false,"footnotes":""},"categories":[410,481],"tags":[],"class_list":["post-121038","post","type-post","status-publish","format-standard","has-post-thumbnail","hentry","category-arsmote","category-forening"],"acf":[],"yoast_head":"<!-- This site is optimized with the Yoast SEO plugin v26.8 - https:\/\/yoast.com\/product\/yoast-seo-wordpress\/ -->\n<title>Digitalt f\u00f6renings\u00e5rsm\u00f6te - Svenska Budo &amp; Kampsportsf\u00f6rbundet<\/title>\n<meta name=\"description\" content=\"M\u00e5ste f\u00f6reningar och f\u00f6rbund h\u00e5lla \u00e5rsm\u00f6te under 2020, under r\u00e5dande coronapandemi? Ja, Riksidrottsf\u00f6rbundet menar att f\u00f6reningar och f\u00f6rbund med kalender\u00e5r som verksamhets\u00e5r om m\u00f6jligt ska genomf\u00f6ra sitt \u00e5rsm\u00f6te senast under det tredje kvartalet, men absolut senast den 31 december 2020.\" \/>\n<meta name=\"robots\" content=\"index, follow, max-snippet:-1, max-image-preview:large, max-video-preview:-1\" \/>\n<link rel=\"canonical\" href=\"https:\/\/www.budokampsport.se\/2020\/09\/10\/digitalt-foreningsarsmote\/\" \/>\n<meta property=\"og:locale\" content=\"sv_SE\" \/>\n<meta property=\"og:type\" content=\"article\" \/>\n<meta property=\"og:title\" content=\"Digitalt f\u00f6renings\u00e5rsm\u00f6te - Svenska Budo &amp; Kampsportsf\u00f6rbundet\" \/>\n<meta property=\"og:description\" content=\"M\u00e5ste f\u00f6reningar och f\u00f6rbund h\u00e5lla \u00e5rsm\u00f6te under 2020, under r\u00e5dande coronapandemi? Ja, Riksidrottsf\u00f6rbundet menar att f\u00f6reningar och f\u00f6rbund med kalender\u00e5r som verksamhets\u00e5r om m\u00f6jligt ska genomf\u00f6ra sitt \u00e5rsm\u00f6te senast under det tredje kvartalet, men absolut senast den 31 december 2020.\" \/>\n<meta property=\"og:url\" content=\"https:\/\/www.budokampsport.se\/2020\/09\/10\/digitalt-foreningsarsmote\/\" \/>\n<meta property=\"og:site_name\" content=\"Svenska Budo &amp; Kampsportsf\u00f6rbundet\" \/>\n<meta property=\"article:published_time\" content=\"2020-09-10T12:45:20+00:00\" \/>\n<meta property=\"og:image\" content=\"https:\/\/www.budokampsport.se\/wp-content\/uploads\/2020\/09\/Digital-rostning.jpg\" \/>\n\t<meta property=\"og:image:width\" content=\"800\" \/>\n\t<meta property=\"og:image:height\" content=\"450\" \/>\n\t<meta property=\"og:image:type\" content=\"image\/jpeg\" \/>\n<meta name=\"author\" content=\"Sofia Arnbom\" \/>\n<meta name=\"twitter:card\" content=\"summary_large_image\" \/>\n<meta name=\"twitter:label1\" content=\"Skriven av\" \/>\n\t<meta name=\"twitter:data1\" content=\"Sofia Arnbom\" \/>\n<script type=\"application\/ld+json\" class=\"yoast-schema-graph\">{\"@context\":\"https:\/\/schema.org\",\"@graph\":[{\"@type\":\"Article\",\"@id\":\"https:\/\/www.budokampsport.se\/2020\/09\/10\/digitalt-foreningsarsmote\/#article\",\"isPartOf\":{\"@id\":\"https:\/\/www.budokampsport.se\/2020\/09\/10\/digitalt-foreningsarsmote\/\"},\"author\":{\"name\":\"Sofia Arnbom\",\"@id\":\"https:\/\/www.budokampsport.se\/#\/schema\/person\/666f754cfbc6f9a83a8c253cd24ad660\"},\"headline\":\"Digitalt f\u00f6renings\u00e5rsm\u00f6te\",\"datePublished\":\"2020-09-10T12:45:20+00:00\",\"mainEntityOfPage\":{\"@id\":\"https:\/\/www.budokampsport.se\/2020\/09\/10\/digitalt-foreningsarsmote\/\"},\"wordCount\":99,\"commentCount\":1,\"image\":{\"@id\":\"https:\/\/www.budokampsport.se\/2020\/09\/10\/digitalt-foreningsarsmote\/#primaryimage\"},\"thumbnailUrl\":\"https:\/\/www.budokampsport.se\/wp-content\/uploads\/2020\/09\/Digital-rostning.jpg\",\"articleSection\":[\"\u00c5rsm\u00f6te\",\"F\u00f6rening\"],\"inLanguage\":\"sv-SE\",\"potentialAction\":[{\"@type\":\"CommentAction\",\"name\":\"Comment\",\"target\":[\"https:\/\/www.budokampsport.se\/2020\/09\/10\/digitalt-foreningsarsmote\/#respond\"]}]},{\"@type\":\"WebPage\",\"@id\":\"https:\/\/www.budokampsport.se\/2020\/09\/10\/digitalt-foreningsarsmote\/\",\"url\":\"https:\/\/www.budokampsport.se\/2020\/09\/10\/digitalt-foreningsarsmote\/\",\"name\":\"Digitalt f\u00f6renings\u00e5rsm\u00f6te - Svenska Budo &amp; Kampsportsf\u00f6rbundet\",\"isPartOf\":{\"@id\":\"https:\/\/www.budokampsport.se\/#website\"},\"primaryImageOfPage\":{\"@id\":\"https:\/\/www.budokampsport.se\/2020\/09\/10\/digitalt-foreningsarsmote\/#primaryimage\"},\"image\":{\"@id\":\"https:\/\/www.budokampsport.se\/2020\/09\/10\/digitalt-foreningsarsmote\/#primaryimage\"},\"thumbnailUrl\":\"https:\/\/www.budokampsport.se\/wp-content\/uploads\/2020\/09\/Digital-rostning.jpg\",\"datePublished\":\"2020-09-10T12:45:20+00:00\",\"author\":{\"@id\":\"https:\/\/www.budokampsport.se\/#\/schema\/person\/666f754cfbc6f9a83a8c253cd24ad660\"},\"description\":\"M\u00e5ste f\u00f6reningar och f\u00f6rbund h\u00e5lla \u00e5rsm\u00f6te under 2020, under r\u00e5dande coronapandemi? Ja, Riksidrottsf\u00f6rbundet menar att f\u00f6reningar och f\u00f6rbund med kalender\u00e5r som verksamhets\u00e5r om m\u00f6jligt ska genomf\u00f6ra sitt \u00e5rsm\u00f6te senast under det tredje kvartalet, men absolut senast den 31 december 2020.\",\"breadcrumb\":{\"@id\":\"https:\/\/www.budokampsport.se\/2020\/09\/10\/digitalt-foreningsarsmote\/#breadcrumb\"},\"inLanguage\":\"sv-SE\",\"potentialAction\":[{\"@type\":\"ReadAction\",\"target\":[\"https:\/\/www.budokampsport.se\/2020\/09\/10\/digitalt-foreningsarsmote\/\"]}]},{\"@type\":\"ImageObject\",\"inLanguage\":\"sv-SE\",\"@id\":\"https:\/\/www.budokampsport.se\/2020\/09\/10\/digitalt-foreningsarsmote\/#primaryimage\",\"url\":\"https:\/\/www.budokampsport.se\/wp-content\/uploads\/2020\/09\/Digital-rostning.jpg\",\"contentUrl\":\"https:\/\/www.budokampsport.se\/wp-content\/uploads\/2020\/09\/Digital-rostning.jpg\",\"width\":800,\"height\":450},{\"@type\":\"BreadcrumbList\",\"@id\":\"https:\/\/www.budokampsport.se\/2020\/09\/10\/digitalt-foreningsarsmote\/#breadcrumb\",\"itemListElement\":[{\"@type\":\"ListItem\",\"position\":1,\"name\":\"Hem\",\"item\":\"https:\/\/www.budokampsport.se\/\"},{\"@type\":\"ListItem\",\"position\":2,\"name\":\"Digitalt f\u00f6renings\u00e5rsm\u00f6te\"}]},{\"@type\":\"WebSite\",\"@id\":\"https:\/\/www.budokampsport.se\/#website\",\"url\":\"https:\/\/www.budokampsport.se\/\",\"name\":\"Svenska Budo &amp; Kampsportsf\u00f6rbundet\",\"description\":\"T\u00e4vling, Tr\u00e4ning, Tradition\",\"potentialAction\":[{\"@type\":\"SearchAction\",\"target\":{\"@type\":\"EntryPoint\",\"urlTemplate\":\"https:\/\/www.budokampsport.se\/?s={search_term_string}\"},\"query-input\":{\"@type\":\"PropertyValueSpecification\",\"valueRequired\":true,\"valueName\":\"search_term_string\"}}],\"inLanguage\":\"sv-SE\"},{\"@type\":\"Person\",\"@id\":\"https:\/\/www.budokampsport.se\/#\/schema\/person\/666f754cfbc6f9a83a8c253cd24ad660\",\"name\":\"Sofia Arnbom\",\"image\":{\"@type\":\"ImageObject\",\"inLanguage\":\"sv-SE\",\"@id\":\"https:\/\/www.budokampsport.se\/#\/schema\/person\/image\/\",\"url\":\"https:\/\/secure.gravatar.com\/avatar\/a69f673c99635f06ea6cb1eb10ca7e92?s=96&d=blank&r=g\",\"contentUrl\":\"https:\/\/secure.gravatar.com\/avatar\/a69f673c99635f06ea6cb1eb10ca7e92?s=96&d=blank&r=g\",\"caption\":\"Sofia Arnbom\"},\"url\":\"https:\/\/www.budokampsport.se\/author\/sofia-arnbom\/\"}]}<\/script>\n<!-- \/ Yoast SEO plugin. -->","yoast_head_json":{"title":"Digitalt f\u00f6renings\u00e5rsm\u00f6te - Svenska Budo &amp; Kampsportsf\u00f6rbundet","description":"M\u00e5ste f\u00f6reningar och f\u00f6rbund h\u00e5lla \u00e5rsm\u00f6te under 2020, under r\u00e5dande coronapandemi? Ja, Riksidrottsf\u00f6rbundet menar att f\u00f6reningar och f\u00f6rbund med kalender\u00e5r som verksamhets\u00e5r om m\u00f6jligt ska genomf\u00f6ra sitt \u00e5rsm\u00f6te senast under det tredje kvartalet, men absolut senast den 31 december 2020.","robots":{"index":"index","follow":"follow","max-snippet":"max-snippet:-1","max-image-preview":"max-image-preview:large","max-video-preview":"max-video-preview:-1"},"canonical":"https:\/\/www.budokampsport.se\/2020\/09\/10\/digitalt-foreningsarsmote\/","og_locale":"sv_SE","og_type":"article","og_title":"Digitalt f\u00f6renings\u00e5rsm\u00f6te - Svenska Budo &amp; Kampsportsf\u00f6rbundet","og_description":"M\u00e5ste f\u00f6reningar och f\u00f6rbund h\u00e5lla \u00e5rsm\u00f6te under 2020, under r\u00e5dande coronapandemi? Ja, Riksidrottsf\u00f6rbundet menar att f\u00f6reningar och f\u00f6rbund med kalender\u00e5r som verksamhets\u00e5r om m\u00f6jligt ska genomf\u00f6ra sitt \u00e5rsm\u00f6te senast under det tredje kvartalet, men absolut senast den 31 december 2020.","og_url":"https:\/\/www.budokampsport.se\/2020\/09\/10\/digitalt-foreningsarsmote\/","og_site_name":"Svenska Budo &amp; Kampsportsf\u00f6rbundet","article_published_time":"2020-09-10T12:45:20+00:00","og_image":[{"width":800,"height":450,"url":"https:\/\/www.budokampsport.se\/wp-content\/uploads\/2020\/09\/Digital-rostning.jpg","type":"image\/jpeg"}],"author":"Sofia Arnbom","twitter_card":"summary_large_image","twitter_misc":{"Skriven av":"Sofia Arnbom"},"schema":{"@context":"https:\/\/schema.org","@graph":[{"@type":"Article","@id":"https:\/\/www.budokampsport.se\/2020\/09\/10\/digitalt-foreningsarsmote\/#article","isPartOf":{"@id":"https:\/\/www.budokampsport.se\/2020\/09\/10\/digitalt-foreningsarsmote\/"},"author":{"name":"Sofia Arnbom","@id":"https:\/\/www.budokampsport.se\/#\/schema\/person\/666f754cfbc6f9a83a8c253cd24ad660"},"headline":"Digitalt f\u00f6renings\u00e5rsm\u00f6te","datePublished":"2020-09-10T12:45:20+00:00","mainEntityOfPage":{"@id":"https:\/\/www.budokampsport.se\/2020\/09\/10\/digitalt-foreningsarsmote\/"},"wordCount":99,"commentCount":1,"image":{"@id":"https:\/\/www.budokampsport.se\/2020\/09\/10\/digitalt-foreningsarsmote\/#primaryimage"},"thumbnailUrl":"https:\/\/www.budokampsport.se\/wp-content\/uploads\/2020\/09\/Digital-rostning.jpg","articleSection":["\u00c5rsm\u00f6te","F\u00f6rening"],"inLanguage":"sv-SE","potentialAction":[{"@type":"CommentAction","name":"Comment","target":["https:\/\/www.budokampsport.se\/2020\/09\/10\/digitalt-foreningsarsmote\/#respond"]}]},{"@type":"WebPage","@id":"https:\/\/www.budokampsport.se\/2020\/09\/10\/digitalt-foreningsarsmote\/","url":"https:\/\/www.budokampsport.se\/2020\/09\/10\/digitalt-foreningsarsmote\/","name":"Digitalt f\u00f6renings\u00e5rsm\u00f6te - Svenska Budo &amp; Kampsportsf\u00f6rbundet","isPartOf":{"@id":"https:\/\/www.budokampsport.se\/#website"},"primaryImageOfPage":{"@id":"https:\/\/www.budokampsport.se\/2020\/09\/10\/digitalt-foreningsarsmote\/#primaryimage"},"image":{"@id":"https:\/\/www.budokampsport.se\/2020\/09\/10\/digitalt-foreningsarsmote\/#primaryimage"},"thumbnailUrl":"https:\/\/www.budokampsport.se\/wp-content\/uploads\/2020\/09\/Digital-rostning.jpg","datePublished":"2020-09-10T12:45:20+00:00","author":{"@id":"https:\/\/www.budokampsport.se\/#\/schema\/person\/666f754cfbc6f9a83a8c253cd24ad660"},"description":"M\u00e5ste f\u00f6reningar och f\u00f6rbund h\u00e5lla \u00e5rsm\u00f6te under 2020, under r\u00e5dande coronapandemi? Ja, Riksidrottsf\u00f6rbundet menar att f\u00f6reningar och f\u00f6rbund med kalender\u00e5r som verksamhets\u00e5r om m\u00f6jligt ska genomf\u00f6ra sitt \u00e5rsm\u00f6te senast under det tredje kvartalet, men absolut senast den 31 december 2020.","breadcrumb":{"@id":"https:\/\/www.budokampsport.se\/2020\/09\/10\/digitalt-foreningsarsmote\/#breadcrumb"},"inLanguage":"sv-SE","potentialAction":[{"@type":"ReadAction","target":["https:\/\/www.budokampsport.se\/2020\/09\/10\/digitalt-foreningsarsmote\/"]}]},{"@type":"ImageObject","inLanguage":"sv-SE","@id":"https:\/\/www.budokampsport.se\/2020\/09\/10\/digitalt-foreningsarsmote\/#primaryimage","url":"https:\/\/www.budokampsport.se\/wp-content\/uploads\/2020\/09\/Digital-rostning.jpg","contentUrl":"https:\/\/www.budokampsport.se\/wp-content\/uploads\/2020\/09\/Digital-rostning.jpg","width":800,"height":450},{"@type":"BreadcrumbList","@id":"https:\/\/www.budokampsport.se\/2020\/09\/10\/digitalt-foreningsarsmote\/#breadcrumb","itemListElement":[{"@type":"ListItem","position":1,"name":"Hem","item":"https:\/\/www.budokampsport.se\/"},{"@type":"ListItem","position":2,"name":"Digitalt f\u00f6renings\u00e5rsm\u00f6te"}]},{"@type":"WebSite","@id":"https:\/\/www.budokampsport.se\/#website","url":"https:\/\/www.budokampsport.se\/","name":"Svenska Budo &amp; Kampsportsf\u00f6rbundet","description":"T\u00e4vling, Tr\u00e4ning, Tradition","potentialAction":[{"@type":"SearchAction","target":{"@type":"EntryPoint","urlTemplate":"https:\/\/www.budokampsport.se\/?s={search_term_string}"},"query-input":{"@type":"PropertyValueSpecification","valueRequired":true,"valueName":"search_term_string"}}],"inLanguage":"sv-SE"},{"@type":"Person","@id":"https:\/\/www.budokampsport.se\/#\/schema\/person\/666f754cfbc6f9a83a8c253cd24ad660","name":"Sofia Arnbom","image":{"@type":"ImageObject","inLanguage":"sv-SE","@id":"https:\/\/www.budokampsport.se\/#\/schema\/person\/image\/","url":"https:\/\/secure.gravatar.com\/avatar\/a69f673c99635f06ea6cb1eb10ca7e92?s=96&d=blank&r=g","contentUrl":"https:\/\/secure.gravatar.com\/avatar\/a69f673c99635f06ea6cb1eb10ca7e92?s=96&d=blank&r=g","caption":"Sofia Arnbom"},"url":"https:\/\/www.budokampsport.se\/author\/sofia-arnbom\/"}]}},"_links":{"self":[{"href":"https:\/\/www.budokampsport.se\/api\/wp\/v2\/posts\/121038","targetHints":{"allow":["GET"]}}],"collection":[{"href":"https:\/\/www.budokampsport.se\/api\/wp\/v2\/posts"}],"about":[{"href":"https:\/\/www.budokampsport.se\/api\/wp\/v2\/types\/post"}],"author":[{"embeddable":true,"href":"https:\/\/www.budokampsport.se\/api\/wp\/v2\/users\/47"}],"replies":[{"embeddable":true,"href":"https:\/\/www.budokampsport.se\/api\/wp\/v2\/comments?post=121038"}],"version-history":[{"count":0,"href":"https:\/\/www.budokampsport.se\/api\/wp\/v2\/posts\/121038\/revisions"}],"wp:featuredmedia":[{"embeddable":true,"href":"https:\/\/www.budokampsport.se\/api\/wp\/v2\/media\/121040"}],"wp:attachment":[{"href":"https:\/\/www.budokampsport.se\/api\/wp\/v2\/media?parent=121038"}],"wp:term":[{"taxonomy":"category","embeddable":true,"href":"https:\/\/www.budokampsport.se\/api\/wp\/v2\/categories?post=121038"},{"taxonomy":"post_tag","embeddable":true,"href":"https:\/\/www.budokampsport.se\/api\/wp\/v2\/tags?post=121038"}],"curies":[{"name":"wp","href":"https:\/\/api.w.org\/{rel}","templated":true}]}}