{"id":121503,"date":"2020-09-29T15:12:22","date_gmt":"2020-09-29T13:12:22","guid":{"rendered":"https:\/\/www.budokampsport.se\/?p=121503"},"modified":"2020-09-29T15:13:43","modified_gmt":"2020-09-29T13:13:43","slug":"kompensationsstod-till-hosten-gar-snart-att-soka","status":"publish","type":"post","link":"https:\/\/www.budokampsport.se\/2020\/09\/29\/kompensationsstod-till-hosten-gar-snart-att-soka\/","title":{"rendered":"Kompensationsst\u00f6d till idrottsf\u00f6reningar h\u00f6sten 2020 g\u00e5r snart att s\u00f6ka"},"content":{"rendered":"<p>Ans\u00f6kningsomg\u00e5ng 1 \u00e4r fr\u00e5n 15 oktober till 26 oktober, f\u00f6r ekonomiska f\u00f6rluster f\u00f6r kvartal 3.<\/p>\n<p>Ans\u00f6kningsomg\u00e5ng 2 \u00e4r fr\u00e5n mitten av januari (datum \u00e4r ej satt \u00e4nnu) f\u00f6r ekonomiska f\u00f6rluster f\u00f6r kvartal 4.<\/p>\n<p><a href=\"https:\/\/www.rf.se\/bidragochstod\/Bidrag\/kompensationsstodtillidrottsforeningar\/\">Mer information om st\u00f6det finns h\u00e4r.<\/a><\/p>\n","protected":false},"excerpt":{"rendered":"<p>Regeringen beslutade f\u00f6r en tid sedan om ett st\u00f6dpaket p\u00e5 en miljard kronor till idrottsr\u00f6relsen, till f\u00f6ljd av coronapandemin. Idrottsf\u00f6reningar och specialidrottsf\u00f6rbund kan ans\u00f6ka om kompensationsst\u00f6d f\u00f6r ekonomiska konsekvenser av coronakrisen f\u00f6r andra halv\u00e5ret (kvartal 3 och 4) 2020, skriver rf.se.<\/p><br>","protected":false},"author":7,"featured_media":41755,"comment_status":"open","ping_status":"open","sticky":false,"template":"","format":"standard","meta":{"_acf_changed":false,"footnotes":""},"categories":[1],"tags":[],"class_list":["post-121503","post","type-post","status-publish","format-standard","has-post-thumbnail","hentry","category-okategoriserade"],"acf":[],"yoast_head":"<!-- This site is optimized with the Yoast SEO plugin v26.8 - https:\/\/yoast.com\/product\/yoast-seo-wordpress\/ -->\n<title>Kompensationsst\u00f6d till idrottsf\u00f6reningar h\u00f6sten 2020 g\u00e5r snart att s\u00f6ka - Svenska Budo &amp; Kampsportsf\u00f6rbundet<\/title>\n<meta name=\"description\" content=\"Regeringen beslutade f\u00f6r en tid sedan om ett st\u00f6dpaket p\u00e5 en miljard kronor till idrottsr\u00f6relsen, till f\u00f6ljd av coronapandemin. Idrottsf\u00f6reningar och specialidrottsf\u00f6rbund kan ans\u00f6ka om kompensationsst\u00f6d f\u00f6r ekonomiska konsekvenser av coronakrisen f\u00f6r andra halv\u00e5ret (kvartal 3 och 4) 2020, skriver rf.se.\" \/>\n<meta name=\"robots\" content=\"index, follow, max-snippet:-1, max-image-preview:large, max-video-preview:-1\" \/>\n<link rel=\"canonical\" href=\"https:\/\/www.budokampsport.se\/2020\/09\/29\/kompensationsstod-till-hosten-gar-snart-att-soka\/\" \/>\n<meta property=\"og:locale\" content=\"sv_SE\" \/>\n<meta property=\"og:type\" content=\"article\" \/>\n<meta property=\"og:title\" content=\"Kompensationsst\u00f6d till idrottsf\u00f6reningar h\u00f6sten 2020 g\u00e5r snart att s\u00f6ka - Svenska Budo &amp; Kampsportsf\u00f6rbundet\" \/>\n<meta property=\"og:description\" content=\"Regeringen beslutade f\u00f6r en tid sedan om ett st\u00f6dpaket p\u00e5 en miljard kronor till idrottsr\u00f6relsen, till f\u00f6ljd av coronapandemin. Idrottsf\u00f6reningar och specialidrottsf\u00f6rbund kan ans\u00f6ka om kompensationsst\u00f6d f\u00f6r ekonomiska konsekvenser av coronakrisen f\u00f6r andra halv\u00e5ret (kvartal 3 och 4) 2020, skriver rf.se.\" \/>\n<meta property=\"og:url\" content=\"https:\/\/www.budokampsport.se\/2020\/09\/29\/kompensationsstod-till-hosten-gar-snart-att-soka\/\" \/>\n<meta property=\"og:site_name\" content=\"Svenska Budo &amp; Kampsportsf\u00f6rbundet\" \/>\n<meta property=\"article:author\" content=\"https:\/\/www.facebook.com\/jonathan.broberg.7\" \/>\n<meta property=\"article:published_time\" content=\"2020-09-29T13:12:22+00:00\" \/>\n<meta property=\"article:modified_time\" content=\"2020-09-29T13:13:43+00:00\" \/>\n<meta property=\"og:image\" content=\"https:\/\/www.budokampsport.se\/wp-content\/uploads\/2017\/03\/tsuba_notext_cmyk_copy-e1489765726565.jpg\" \/>\n\t<meta property=\"og:image:width\" content=\"400\" \/>\n\t<meta property=\"og:image:height\" content=\"319\" \/>\n\t<meta property=\"og:image:type\" content=\"image\/jpeg\" \/>\n<meta name=\"author\" content=\"Jonathan Broberg\" \/>\n<meta name=\"twitter:card\" content=\"summary_large_image\" \/>\n<meta name=\"twitter:label1\" content=\"Skriven av\" \/>\n\t<meta name=\"twitter:data1\" content=\"Jonathan Broberg\" \/>\n<script type=\"application\/ld+json\" class=\"yoast-schema-graph\">{\"@context\":\"https:\/\/schema.org\",\"@graph\":[{\"@type\":\"Article\",\"@id\":\"https:\/\/www.budokampsport.se\/2020\/09\/29\/kompensationsstod-till-hosten-gar-snart-att-soka\/#article\",\"isPartOf\":{\"@id\":\"https:\/\/www.budokampsport.se\/2020\/09\/29\/kompensationsstod-till-hosten-gar-snart-att-soka\/\"},\"author\":{\"name\":\"Jonathan Broberg\",\"@id\":\"https:\/\/www.budokampsport.se\/#\/schema\/person\/5c06d81d14850e2a8ce5493386560145\"},\"headline\":\"Kompensationsst\u00f6d till idrottsf\u00f6reningar h\u00f6sten 2020 g\u00e5r snart att s\u00f6ka\",\"datePublished\":\"2020-09-29T13:12:22+00:00\",\"dateModified\":\"2020-09-29T13:13:43+00:00\",\"mainEntityOfPage\":{\"@id\":\"https:\/\/www.budokampsport.se\/2020\/09\/29\/kompensationsstod-till-hosten-gar-snart-att-soka\/\"},\"wordCount\":60,\"commentCount\":1,\"image\":{\"@id\":\"https:\/\/www.budokampsport.se\/2020\/09\/29\/kompensationsstod-till-hosten-gar-snart-att-soka\/#primaryimage\"},\"thumbnailUrl\":\"https:\/\/www.budokampsport.se\/wp-content\/uploads\/2017\/03\/tsuba_notext_cmyk_copy-e1489765726565.jpg\",\"inLanguage\":\"sv-SE\",\"potentialAction\":[{\"@type\":\"CommentAction\",\"name\":\"Comment\",\"target\":[\"https:\/\/www.budokampsport.se\/2020\/09\/29\/kompensationsstod-till-hosten-gar-snart-att-soka\/#respond\"]}]},{\"@type\":\"WebPage\",\"@id\":\"https:\/\/www.budokampsport.se\/2020\/09\/29\/kompensationsstod-till-hosten-gar-snart-att-soka\/\",\"url\":\"https:\/\/www.budokampsport.se\/2020\/09\/29\/kompensationsstod-till-hosten-gar-snart-att-soka\/\",\"name\":\"Kompensationsst\u00f6d till idrottsf\u00f6reningar h\u00f6sten 2020 g\u00e5r snart att s\u00f6ka - Svenska Budo &amp; Kampsportsf\u00f6rbundet\",\"isPartOf\":{\"@id\":\"https:\/\/www.budokampsport.se\/#website\"},\"primaryImageOfPage\":{\"@id\":\"https:\/\/www.budokampsport.se\/2020\/09\/29\/kompensationsstod-till-hosten-gar-snart-att-soka\/#primaryimage\"},\"image\":{\"@id\":\"https:\/\/www.budokampsport.se\/2020\/09\/29\/kompensationsstod-till-hosten-gar-snart-att-soka\/#primaryimage\"},\"thumbnailUrl\":\"https:\/\/www.budokampsport.se\/wp-content\/uploads\/2017\/03\/tsuba_notext_cmyk_copy-e1489765726565.jpg\",\"datePublished\":\"2020-09-29T13:12:22+00:00\",\"dateModified\":\"2020-09-29T13:13:43+00:00\",\"author\":{\"@id\":\"https:\/\/www.budokampsport.se\/#\/schema\/person\/5c06d81d14850e2a8ce5493386560145\"},\"description\":\"Regeringen beslutade f\u00f6r en tid sedan om ett st\u00f6dpaket p\u00e5 en miljard kronor till idrottsr\u00f6relsen, till f\u00f6ljd av coronapandemin. Idrottsf\u00f6reningar och specialidrottsf\u00f6rbund kan ans\u00f6ka om kompensationsst\u00f6d f\u00f6r ekonomiska konsekvenser av coronakrisen f\u00f6r andra halv\u00e5ret (kvartal 3 och 4) 2020, skriver rf.se.\",\"breadcrumb\":{\"@id\":\"https:\/\/www.budokampsport.se\/2020\/09\/29\/kompensationsstod-till-hosten-gar-snart-att-soka\/#breadcrumb\"},\"inLanguage\":\"sv-SE\",\"potentialAction\":[{\"@type\":\"ReadAction\",\"target\":[\"https:\/\/www.budokampsport.se\/2020\/09\/29\/kompensationsstod-till-hosten-gar-snart-att-soka\/\"]}]},{\"@type\":\"ImageObject\",\"inLanguage\":\"sv-SE\",\"@id\":\"https:\/\/www.budokampsport.se\/2020\/09\/29\/kompensationsstod-till-hosten-gar-snart-att-soka\/#primaryimage\",\"url\":\"https:\/\/www.budokampsport.se\/wp-content\/uploads\/2017\/03\/tsuba_notext_cmyk_copy-e1489765726565.jpg\",\"contentUrl\":\"https:\/\/www.budokampsport.se\/wp-content\/uploads\/2017\/03\/tsuba_notext_cmyk_copy-e1489765726565.jpg\",\"width\":400,\"height\":319},{\"@type\":\"BreadcrumbList\",\"@id\":\"https:\/\/www.budokampsport.se\/2020\/09\/29\/kompensationsstod-till-hosten-gar-snart-att-soka\/#breadcrumb\",\"itemListElement\":[{\"@type\":\"ListItem\",\"position\":1,\"name\":\"Hem\",\"item\":\"https:\/\/www.budokampsport.se\/\"},{\"@type\":\"ListItem\",\"position\":2,\"name\":\"Kompensationsst\u00f6d till idrottsf\u00f6reningar h\u00f6sten 2020 g\u00e5r snart att s\u00f6ka\"}]},{\"@type\":\"WebSite\",\"@id\":\"https:\/\/www.budokampsport.se\/#website\",\"url\":\"https:\/\/www.budokampsport.se\/\",\"name\":\"Svenska Budo &amp; Kampsportsf\u00f6rbundet\",\"description\":\"T\u00e4vling, Tr\u00e4ning, Tradition\",\"potentialAction\":[{\"@type\":\"SearchAction\",\"target\":{\"@type\":\"EntryPoint\",\"urlTemplate\":\"https:\/\/www.budokampsport.se\/?s={search_term_string}\"},\"query-input\":{\"@type\":\"PropertyValueSpecification\",\"valueRequired\":true,\"valueName\":\"search_term_string\"}}],\"inLanguage\":\"sv-SE\"},{\"@type\":\"Person\",\"@id\":\"https:\/\/www.budokampsport.se\/#\/schema\/person\/5c06d81d14850e2a8ce5493386560145\",\"name\":\"Jonathan Broberg\",\"image\":{\"@type\":\"ImageObject\",\"inLanguage\":\"sv-SE\",\"@id\":\"https:\/\/www.budokampsport.se\/#\/schema\/person\/image\/\",\"url\":\"https:\/\/secure.gravatar.com\/avatar\/a58041c6cea9128bd9c40ee2f26d4136?s=96&d=blank&r=g\",\"contentUrl\":\"https:\/\/secure.gravatar.com\/avatar\/a58041c6cea9128bd9c40ee2f26d4136?s=96&d=blank&r=g\",\"caption\":\"Jonathan Broberg\"},\"sameAs\":[\"https:\/\/www.facebook.com\/jonathan.broberg.7\"],\"url\":\"https:\/\/www.budokampsport.se\/author\/jonathan\/\"}]}<\/script>\n<!-- \/ Yoast SEO plugin. -->","yoast_head_json":{"title":"Kompensationsst\u00f6d till idrottsf\u00f6reningar h\u00f6sten 2020 g\u00e5r snart att s\u00f6ka - Svenska Budo &amp; Kampsportsf\u00f6rbundet","description":"Regeringen beslutade f\u00f6r en tid sedan om ett st\u00f6dpaket p\u00e5 en miljard kronor till idrottsr\u00f6relsen, till f\u00f6ljd av coronapandemin. Idrottsf\u00f6reningar och specialidrottsf\u00f6rbund kan ans\u00f6ka om kompensationsst\u00f6d f\u00f6r ekonomiska konsekvenser av coronakrisen f\u00f6r andra halv\u00e5ret (kvartal 3 och 4) 2020, skriver rf.se.","robots":{"index":"index","follow":"follow","max-snippet":"max-snippet:-1","max-image-preview":"max-image-preview:large","max-video-preview":"max-video-preview:-1"},"canonical":"https:\/\/www.budokampsport.se\/2020\/09\/29\/kompensationsstod-till-hosten-gar-snart-att-soka\/","og_locale":"sv_SE","og_type":"article","og_title":"Kompensationsst\u00f6d till idrottsf\u00f6reningar h\u00f6sten 2020 g\u00e5r snart att s\u00f6ka - Svenska Budo &amp; Kampsportsf\u00f6rbundet","og_description":"Regeringen beslutade f\u00f6r en tid sedan om ett st\u00f6dpaket p\u00e5 en miljard kronor till idrottsr\u00f6relsen, till f\u00f6ljd av coronapandemin. Idrottsf\u00f6reningar och specialidrottsf\u00f6rbund kan ans\u00f6ka om kompensationsst\u00f6d f\u00f6r ekonomiska konsekvenser av coronakrisen f\u00f6r andra halv\u00e5ret (kvartal 3 och 4) 2020, skriver rf.se.","og_url":"https:\/\/www.budokampsport.se\/2020\/09\/29\/kompensationsstod-till-hosten-gar-snart-att-soka\/","og_site_name":"Svenska Budo &amp; Kampsportsf\u00f6rbundet","article_author":"https:\/\/www.facebook.com\/jonathan.broberg.7","article_published_time":"2020-09-29T13:12:22+00:00","article_modified_time":"2020-09-29T13:13:43+00:00","og_image":[{"width":400,"height":319,"url":"https:\/\/www.budokampsport.se\/wp-content\/uploads\/2017\/03\/tsuba_notext_cmyk_copy-e1489765726565.jpg","type":"image\/jpeg"}],"author":"Jonathan Broberg","twitter_card":"summary_large_image","twitter_misc":{"Skriven av":"Jonathan Broberg"},"schema":{"@context":"https:\/\/schema.org","@graph":[{"@type":"Article","@id":"https:\/\/www.budokampsport.se\/2020\/09\/29\/kompensationsstod-till-hosten-gar-snart-att-soka\/#article","isPartOf":{"@id":"https:\/\/www.budokampsport.se\/2020\/09\/29\/kompensationsstod-till-hosten-gar-snart-att-soka\/"},"author":{"name":"Jonathan Broberg","@id":"https:\/\/www.budokampsport.se\/#\/schema\/person\/5c06d81d14850e2a8ce5493386560145"},"headline":"Kompensationsst\u00f6d till idrottsf\u00f6reningar h\u00f6sten 2020 g\u00e5r snart att s\u00f6ka","datePublished":"2020-09-29T13:12:22+00:00","dateModified":"2020-09-29T13:13:43+00:00","mainEntityOfPage":{"@id":"https:\/\/www.budokampsport.se\/2020\/09\/29\/kompensationsstod-till-hosten-gar-snart-att-soka\/"},"wordCount":60,"commentCount":1,"image":{"@id":"https:\/\/www.budokampsport.se\/2020\/09\/29\/kompensationsstod-till-hosten-gar-snart-att-soka\/#primaryimage"},"thumbnailUrl":"https:\/\/www.budokampsport.se\/wp-content\/uploads\/2017\/03\/tsuba_notext_cmyk_copy-e1489765726565.jpg","inLanguage":"sv-SE","potentialAction":[{"@type":"CommentAction","name":"Comment","target":["https:\/\/www.budokampsport.se\/2020\/09\/29\/kompensationsstod-till-hosten-gar-snart-att-soka\/#respond"]}]},{"@type":"WebPage","@id":"https:\/\/www.budokampsport.se\/2020\/09\/29\/kompensationsstod-till-hosten-gar-snart-att-soka\/","url":"https:\/\/www.budokampsport.se\/2020\/09\/29\/kompensationsstod-till-hosten-gar-snart-att-soka\/","name":"Kompensationsst\u00f6d till idrottsf\u00f6reningar h\u00f6sten 2020 g\u00e5r snart att s\u00f6ka - Svenska Budo &amp; Kampsportsf\u00f6rbundet","isPartOf":{"@id":"https:\/\/www.budokampsport.se\/#website"},"primaryImageOfPage":{"@id":"https:\/\/www.budokampsport.se\/2020\/09\/29\/kompensationsstod-till-hosten-gar-snart-att-soka\/#primaryimage"},"image":{"@id":"https:\/\/www.budokampsport.se\/2020\/09\/29\/kompensationsstod-till-hosten-gar-snart-att-soka\/#primaryimage"},"thumbnailUrl":"https:\/\/www.budokampsport.se\/wp-content\/uploads\/2017\/03\/tsuba_notext_cmyk_copy-e1489765726565.jpg","datePublished":"2020-09-29T13:12:22+00:00","dateModified":"2020-09-29T13:13:43+00:00","author":{"@id":"https:\/\/www.budokampsport.se\/#\/schema\/person\/5c06d81d14850e2a8ce5493386560145"},"description":"Regeringen beslutade f\u00f6r en tid sedan om ett st\u00f6dpaket p\u00e5 en miljard kronor till idrottsr\u00f6relsen, till f\u00f6ljd av coronapandemin. Idrottsf\u00f6reningar och specialidrottsf\u00f6rbund kan ans\u00f6ka om kompensationsst\u00f6d f\u00f6r ekonomiska konsekvenser av coronakrisen f\u00f6r andra halv\u00e5ret (kvartal 3 och 4) 2020, skriver rf.se.","breadcrumb":{"@id":"https:\/\/www.budokampsport.se\/2020\/09\/29\/kompensationsstod-till-hosten-gar-snart-att-soka\/#breadcrumb"},"inLanguage":"sv-SE","potentialAction":[{"@type":"ReadAction","target":["https:\/\/www.budokampsport.se\/2020\/09\/29\/kompensationsstod-till-hosten-gar-snart-att-soka\/"]}]},{"@type":"ImageObject","inLanguage":"sv-SE","@id":"https:\/\/www.budokampsport.se\/2020\/09\/29\/kompensationsstod-till-hosten-gar-snart-att-soka\/#primaryimage","url":"https:\/\/www.budokampsport.se\/wp-content\/uploads\/2017\/03\/tsuba_notext_cmyk_copy-e1489765726565.jpg","contentUrl":"https:\/\/www.budokampsport.se\/wp-content\/uploads\/2017\/03\/tsuba_notext_cmyk_copy-e1489765726565.jpg","width":400,"height":319},{"@type":"BreadcrumbList","@id":"https:\/\/www.budokampsport.se\/2020\/09\/29\/kompensationsstod-till-hosten-gar-snart-att-soka\/#breadcrumb","itemListElement":[{"@type":"ListItem","position":1,"name":"Hem","item":"https:\/\/www.budokampsport.se\/"},{"@type":"ListItem","position":2,"name":"Kompensationsst\u00f6d till idrottsf\u00f6reningar h\u00f6sten 2020 g\u00e5r snart att s\u00f6ka"}]},{"@type":"WebSite","@id":"https:\/\/www.budokampsport.se\/#website","url":"https:\/\/www.budokampsport.se\/","name":"Svenska Budo &amp; Kampsportsf\u00f6rbundet","description":"T\u00e4vling, Tr\u00e4ning, Tradition","potentialAction":[{"@type":"SearchAction","target":{"@type":"EntryPoint","urlTemplate":"https:\/\/www.budokampsport.se\/?s={search_term_string}"},"query-input":{"@type":"PropertyValueSpecification","valueRequired":true,"valueName":"search_term_string"}}],"inLanguage":"sv-SE"},{"@type":"Person","@id":"https:\/\/www.budokampsport.se\/#\/schema\/person\/5c06d81d14850e2a8ce5493386560145","name":"Jonathan Broberg","image":{"@type":"ImageObject","inLanguage":"sv-SE","@id":"https:\/\/www.budokampsport.se\/#\/schema\/person\/image\/","url":"https:\/\/secure.gravatar.com\/avatar\/a58041c6cea9128bd9c40ee2f26d4136?s=96&d=blank&r=g","contentUrl":"https:\/\/secure.gravatar.com\/avatar\/a58041c6cea9128bd9c40ee2f26d4136?s=96&d=blank&r=g","caption":"Jonathan Broberg"},"sameAs":["https:\/\/www.facebook.com\/jonathan.broberg.7"],"url":"https:\/\/www.budokampsport.se\/author\/jonathan\/"}]}},"_links":{"self":[{"href":"https:\/\/www.budokampsport.se\/api\/wp\/v2\/posts\/121503","targetHints":{"allow":["GET"]}}],"collection":[{"href":"https:\/\/www.budokampsport.se\/api\/wp\/v2\/posts"}],"about":[{"href":"https:\/\/www.budokampsport.se\/api\/wp\/v2\/types\/post"}],"author":[{"embeddable":true,"href":"https:\/\/www.budokampsport.se\/api\/wp\/v2\/users\/7"}],"replies":[{"embeddable":true,"href":"https:\/\/www.budokampsport.se\/api\/wp\/v2\/comments?post=121503"}],"version-history":[{"count":0,"href":"https:\/\/www.budokampsport.se\/api\/wp\/v2\/posts\/121503\/revisions"}],"wp:featuredmedia":[{"embeddable":true,"href":"https:\/\/www.budokampsport.se\/api\/wp\/v2\/media\/41755"}],"wp:attachment":[{"href":"https:\/\/www.budokampsport.se\/api\/wp\/v2\/media?parent=121503"}],"wp:term":[{"taxonomy":"category","embeddable":true,"href":"https:\/\/www.budokampsport.se\/api\/wp\/v2\/categories?post=121503"},{"taxonomy":"post_tag","embeddable":true,"href":"https:\/\/www.budokampsport.se\/api\/wp\/v2\/tags?post=121503"}],"curies":[{"name":"wp","href":"https:\/\/api.w.org\/{rel}","templated":true}]}}