{"id":121957,"date":"2020-10-14T12:23:53","date_gmt":"2020-10-14T10:23:53","guid":{"rendered":"https:\/\/www.budokampsport.se\/?p=121957"},"modified":"2020-10-14T13:06:40","modified_gmt":"2020-10-14T11:06:40","slug":"guram-kutateladze-naste-svensk-i-ufc","status":"publish","type":"post","link":"https:\/\/www.budokampsport.se\/2020\/10\/14\/guram-kutateladze-naste-svensk-i-ufc\/","title":{"rendered":"Guram Kutateladze n\u00e4ste svensk i UFC"},"content":{"rendered":"<p>F\u00f6r Guram Kutateladze \u00e4r kampsport en livsstil, n\u00e5got han tr\u00e4nat sen barnsben. Nu \u00e4r det dags f\u00f6r svensken att ta plats i oktagonen n\u00e4r UFC:s Fight Island 6 som avg\u00f6rs den 17:e oktober. Guram har ett matchfacit p\u00e5 11-2 och vann sin senaste match via knockout under BRAVE CF 29 d\u00e5 han besegrade Felipe Silva fr\u00e5n Brasilien i f\u00f6rsta ronden.<\/p>\n<p><strong>Avtalet skrevs p\u00e5 i f\u00f6rra veckan och att n\u00e5 sitt delm\u00e5l, att skriva p\u00e5 f\u00f6r UFC, v\u00e4ckte en del k\u00e4nslor.<\/strong><\/p>\n<p>&#8211; Klart det k\u00e4ndes bra, jag har jobbat f\u00f6r det v\u00e4ldigt h\u00e5rt och v\u00e4ldigt l\u00e4nge f\u00f6r det h\u00e4r tillsammans med mina tr\u00e4nare och mitt team. Eller det var en del blandade k\u00e4nslor, j\u00e4ttek\u00e4nsligt var det ocks\u00e5, ber\u00e4ttar Guram f\u00f6r budokampsport.se<\/p>\n<p><strong>I sin f\u00f6rsta UFC-match kommer han att m\u00f6ta polacken Mateusz Gamrot som g\u00e5r in med imponerande 17-0.<\/strong><\/p>\n<p>&#8211; Jag t\u00e4nker p\u00e5 min kommande match som alla andra kommande matcher. Ingen skillnad. Alla matcher \u00e4r viktiga f\u00f6r mig, s\u00e5 det \u00e4r fullt fokus. Min motst\u00e5ndare \u00e4r en duktig fighter men det \u00e4r exakt s\u00e5dana jag vill m\u00f6ta, exakt s\u00e5dana jag beh\u00f6ver m\u00f6ta f\u00f6r att kl\u00e4ttra upp till toppen, s\u00e4ger Guram.<\/p>\n<p>Text: Annie Bondefelt<br \/>\nFoto: SWEEP Productions<\/p>\n","protected":false},"excerpt":{"rendered":"<p>Det g\u00e5r bra f\u00f6r svensk MMA p\u00e5 den internationella proffsscenen. Senaste svensk att skriva p\u00e5 f\u00f6r den amerikanska MMA-organisationen UFC \u00e4r Guram Kutateladze.<\/p><br>","protected":false},"author":120,"featured_media":121960,"comment_status":"open","ping_status":"open","sticky":false,"template":"","format":"standard","meta":{"_acf_changed":false,"footnotes":""},"categories":[1],"tags":[],"class_list":["post-121957","post","type-post","status-publish","format-standard","has-post-thumbnail","hentry","category-okategoriserade"],"acf":[],"yoast_head":"<!-- This site is optimized with the Yoast SEO plugin v26.8 - https:\/\/yoast.com\/product\/yoast-seo-wordpress\/ -->\n<title>Guram Kutateladze n\u00e4ste svensk i UFC - Svenska Budo &amp; Kampsportsf\u00f6rbundet<\/title>\n<meta name=\"description\" content=\"Det g\u00e5r bra f\u00f6r svensk MMA p\u00e5 den internationella proffsscenen. Senaste svensk att skriva p\u00e5 f\u00f6r den amerikanska MMA-organisationen UFC \u00e4r Guram Kutateladze.\" \/>\n<meta name=\"robots\" content=\"index, follow, max-snippet:-1, max-image-preview:large, max-video-preview:-1\" \/>\n<link rel=\"canonical\" href=\"https:\/\/www.budokampsport.se\/2020\/10\/14\/guram-kutateladze-naste-svensk-i-ufc\/\" \/>\n<meta property=\"og:locale\" content=\"sv_SE\" \/>\n<meta property=\"og:type\" content=\"article\" \/>\n<meta property=\"og:title\" content=\"Guram Kutateladze n\u00e4ste svensk i UFC - Svenska Budo &amp; Kampsportsf\u00f6rbundet\" \/>\n<meta property=\"og:description\" content=\"Det g\u00e5r bra f\u00f6r svensk MMA p\u00e5 den internationella proffsscenen. Senaste svensk att skriva p\u00e5 f\u00f6r den amerikanska MMA-organisationen UFC \u00e4r Guram Kutateladze.\" \/>\n<meta property=\"og:url\" content=\"https:\/\/www.budokampsport.se\/2020\/10\/14\/guram-kutateladze-naste-svensk-i-ufc\/\" \/>\n<meta property=\"og:site_name\" content=\"Svenska Budo &amp; Kampsportsf\u00f6rbundet\" \/>\n<meta property=\"article:published_time\" content=\"2020-10-14T10:23:53+00:00\" \/>\n<meta property=\"article:modified_time\" content=\"2020-10-14T11:06:40+00:00\" \/>\n<meta property=\"og:image\" content=\"https:\/\/www.budokampsport.se\/wp-content\/uploads\/2020\/10\/guram-3.jpg\" \/>\n\t<meta property=\"og:image:width\" content=\"850\" \/>\n\t<meta property=\"og:image:height\" content=\"697\" \/>\n\t<meta property=\"og:image:type\" content=\"image\/jpeg\" \/>\n<meta name=\"author\" content=\"Annie Carriage\" \/>\n<meta name=\"twitter:card\" content=\"summary_large_image\" \/>\n<meta name=\"twitter:label1\" content=\"Skriven av\" \/>\n\t<meta name=\"twitter:data1\" content=\"Annie Carriage\" \/>\n\t<meta name=\"twitter:label2\" content=\"Ber\u00e4knad l\u00e4stid\" \/>\n\t<meta name=\"twitter:data2\" content=\"1 minut\" \/>\n<script type=\"application\/ld+json\" class=\"yoast-schema-graph\">{\"@context\":\"https:\/\/schema.org\",\"@graph\":[{\"@type\":\"Article\",\"@id\":\"https:\/\/www.budokampsport.se\/2020\/10\/14\/guram-kutateladze-naste-svensk-i-ufc\/#article\",\"isPartOf\":{\"@id\":\"https:\/\/www.budokampsport.se\/2020\/10\/14\/guram-kutateladze-naste-svensk-i-ufc\/\"},\"author\":{\"name\":\"Annie Carriage\",\"@id\":\"https:\/\/www.budokampsport.se\/#\/schema\/person\/c838cace8171f692e363fde3f38f208b\"},\"headline\":\"Guram Kutateladze n\u00e4ste svensk i UFC\",\"datePublished\":\"2020-10-14T10:23:53+00:00\",\"dateModified\":\"2020-10-14T11:06:40+00:00\",\"mainEntityOfPage\":{\"@id\":\"https:\/\/www.budokampsport.se\/2020\/10\/14\/guram-kutateladze-naste-svensk-i-ufc\/\"},\"wordCount\":243,\"commentCount\":0,\"image\":{\"@id\":\"https:\/\/www.budokampsport.se\/2020\/10\/14\/guram-kutateladze-naste-svensk-i-ufc\/#primaryimage\"},\"thumbnailUrl\":\"https:\/\/www.budokampsport.se\/wp-content\/uploads\/2020\/10\/guram-3.jpg\",\"inLanguage\":\"sv-SE\",\"potentialAction\":[{\"@type\":\"CommentAction\",\"name\":\"Comment\",\"target\":[\"https:\/\/www.budokampsport.se\/2020\/10\/14\/guram-kutateladze-naste-svensk-i-ufc\/#respond\"]}]},{\"@type\":\"WebPage\",\"@id\":\"https:\/\/www.budokampsport.se\/2020\/10\/14\/guram-kutateladze-naste-svensk-i-ufc\/\",\"url\":\"https:\/\/www.budokampsport.se\/2020\/10\/14\/guram-kutateladze-naste-svensk-i-ufc\/\",\"name\":\"Guram Kutateladze n\u00e4ste svensk i UFC - Svenska Budo &amp; Kampsportsf\u00f6rbundet\",\"isPartOf\":{\"@id\":\"https:\/\/www.budokampsport.se\/#website\"},\"primaryImageOfPage\":{\"@id\":\"https:\/\/www.budokampsport.se\/2020\/10\/14\/guram-kutateladze-naste-svensk-i-ufc\/#primaryimage\"},\"image\":{\"@id\":\"https:\/\/www.budokampsport.se\/2020\/10\/14\/guram-kutateladze-naste-svensk-i-ufc\/#primaryimage\"},\"thumbnailUrl\":\"https:\/\/www.budokampsport.se\/wp-content\/uploads\/2020\/10\/guram-3.jpg\",\"datePublished\":\"2020-10-14T10:23:53+00:00\",\"dateModified\":\"2020-10-14T11:06:40+00:00\",\"author\":{\"@id\":\"https:\/\/www.budokampsport.se\/#\/schema\/person\/c838cace8171f692e363fde3f38f208b\"},\"description\":\"Det g\u00e5r bra f\u00f6r svensk MMA p\u00e5 den internationella proffsscenen. Senaste svensk att skriva p\u00e5 f\u00f6r den amerikanska MMA-organisationen UFC \u00e4r Guram Kutateladze.\",\"breadcrumb\":{\"@id\":\"https:\/\/www.budokampsport.se\/2020\/10\/14\/guram-kutateladze-naste-svensk-i-ufc\/#breadcrumb\"},\"inLanguage\":\"sv-SE\",\"potentialAction\":[{\"@type\":\"ReadAction\",\"target\":[\"https:\/\/www.budokampsport.se\/2020\/10\/14\/guram-kutateladze-naste-svensk-i-ufc\/\"]}]},{\"@type\":\"ImageObject\",\"inLanguage\":\"sv-SE\",\"@id\":\"https:\/\/www.budokampsport.se\/2020\/10\/14\/guram-kutateladze-naste-svensk-i-ufc\/#primaryimage\",\"url\":\"https:\/\/www.budokampsport.se\/wp-content\/uploads\/2020\/10\/guram-3.jpg\",\"contentUrl\":\"https:\/\/www.budokampsport.se\/wp-content\/uploads\/2020\/10\/guram-3.jpg\",\"width\":850,\"height\":697,\"caption\":\"Foto: Sweep production\"},{\"@type\":\"BreadcrumbList\",\"@id\":\"https:\/\/www.budokampsport.se\/2020\/10\/14\/guram-kutateladze-naste-svensk-i-ufc\/#breadcrumb\",\"itemListElement\":[{\"@type\":\"ListItem\",\"position\":1,\"name\":\"Hem\",\"item\":\"https:\/\/www.budokampsport.se\/\"},{\"@type\":\"ListItem\",\"position\":2,\"name\":\"Guram Kutateladze n\u00e4ste svensk i UFC\"}]},{\"@type\":\"WebSite\",\"@id\":\"https:\/\/www.budokampsport.se\/#website\",\"url\":\"https:\/\/www.budokampsport.se\/\",\"name\":\"Svenska Budo &amp; Kampsportsf\u00f6rbundet\",\"description\":\"T\u00e4vling, Tr\u00e4ning, Tradition\",\"potentialAction\":[{\"@type\":\"SearchAction\",\"target\":{\"@type\":\"EntryPoint\",\"urlTemplate\":\"https:\/\/www.budokampsport.se\/?s={search_term_string}\"},\"query-input\":{\"@type\":\"PropertyValueSpecification\",\"valueRequired\":true,\"valueName\":\"search_term_string\"}}],\"inLanguage\":\"sv-SE\"},{\"@type\":\"Person\",\"@id\":\"https:\/\/www.budokampsport.se\/#\/schema\/person\/c838cace8171f692e363fde3f38f208b\",\"name\":\"Annie Carriage\",\"image\":{\"@type\":\"ImageObject\",\"inLanguage\":\"sv-SE\",\"@id\":\"https:\/\/www.budokampsport.se\/#\/schema\/person\/image\/\",\"url\":\"https:\/\/secure.gravatar.com\/avatar\/9311295560bdfbdf78365a26f7df1876?s=96&d=blank&r=g\",\"contentUrl\":\"https:\/\/secure.gravatar.com\/avatar\/9311295560bdfbdf78365a26f7df1876?s=96&d=blank&r=g\",\"caption\":\"Annie Carriage\"},\"url\":\"https:\/\/www.budokampsport.se\/author\/annie-bondefelt\/\"}]}<\/script>\n<!-- \/ Yoast SEO plugin. -->","yoast_head_json":{"title":"Guram Kutateladze n\u00e4ste svensk i UFC - Svenska Budo &amp; Kampsportsf\u00f6rbundet","description":"Det g\u00e5r bra f\u00f6r svensk MMA p\u00e5 den internationella proffsscenen. Senaste svensk att skriva p\u00e5 f\u00f6r den amerikanska MMA-organisationen UFC \u00e4r Guram Kutateladze.","robots":{"index":"index","follow":"follow","max-snippet":"max-snippet:-1","max-image-preview":"max-image-preview:large","max-video-preview":"max-video-preview:-1"},"canonical":"https:\/\/www.budokampsport.se\/2020\/10\/14\/guram-kutateladze-naste-svensk-i-ufc\/","og_locale":"sv_SE","og_type":"article","og_title":"Guram Kutateladze n\u00e4ste svensk i UFC - Svenska Budo &amp; Kampsportsf\u00f6rbundet","og_description":"Det g\u00e5r bra f\u00f6r svensk MMA p\u00e5 den internationella proffsscenen. Senaste svensk att skriva p\u00e5 f\u00f6r den amerikanska MMA-organisationen UFC \u00e4r Guram Kutateladze.","og_url":"https:\/\/www.budokampsport.se\/2020\/10\/14\/guram-kutateladze-naste-svensk-i-ufc\/","og_site_name":"Svenska Budo &amp; Kampsportsf\u00f6rbundet","article_published_time":"2020-10-14T10:23:53+00:00","article_modified_time":"2020-10-14T11:06:40+00:00","og_image":[{"width":850,"height":697,"url":"https:\/\/www.budokampsport.se\/wp-content\/uploads\/2020\/10\/guram-3.jpg","type":"image\/jpeg"}],"author":"Annie Carriage","twitter_card":"summary_large_image","twitter_misc":{"Skriven av":"Annie Carriage","Ber\u00e4knad l\u00e4stid":"1 minut"},"schema":{"@context":"https:\/\/schema.org","@graph":[{"@type":"Article","@id":"https:\/\/www.budokampsport.se\/2020\/10\/14\/guram-kutateladze-naste-svensk-i-ufc\/#article","isPartOf":{"@id":"https:\/\/www.budokampsport.se\/2020\/10\/14\/guram-kutateladze-naste-svensk-i-ufc\/"},"author":{"name":"Annie Carriage","@id":"https:\/\/www.budokampsport.se\/#\/schema\/person\/c838cace8171f692e363fde3f38f208b"},"headline":"Guram Kutateladze n\u00e4ste svensk i UFC","datePublished":"2020-10-14T10:23:53+00:00","dateModified":"2020-10-14T11:06:40+00:00","mainEntityOfPage":{"@id":"https:\/\/www.budokampsport.se\/2020\/10\/14\/guram-kutateladze-naste-svensk-i-ufc\/"},"wordCount":243,"commentCount":0,"image":{"@id":"https:\/\/www.budokampsport.se\/2020\/10\/14\/guram-kutateladze-naste-svensk-i-ufc\/#primaryimage"},"thumbnailUrl":"https:\/\/www.budokampsport.se\/wp-content\/uploads\/2020\/10\/guram-3.jpg","inLanguage":"sv-SE","potentialAction":[{"@type":"CommentAction","name":"Comment","target":["https:\/\/www.budokampsport.se\/2020\/10\/14\/guram-kutateladze-naste-svensk-i-ufc\/#respond"]}]},{"@type":"WebPage","@id":"https:\/\/www.budokampsport.se\/2020\/10\/14\/guram-kutateladze-naste-svensk-i-ufc\/","url":"https:\/\/www.budokampsport.se\/2020\/10\/14\/guram-kutateladze-naste-svensk-i-ufc\/","name":"Guram Kutateladze n\u00e4ste svensk i UFC - Svenska Budo &amp; Kampsportsf\u00f6rbundet","isPartOf":{"@id":"https:\/\/www.budokampsport.se\/#website"},"primaryImageOfPage":{"@id":"https:\/\/www.budokampsport.se\/2020\/10\/14\/guram-kutateladze-naste-svensk-i-ufc\/#primaryimage"},"image":{"@id":"https:\/\/www.budokampsport.se\/2020\/10\/14\/guram-kutateladze-naste-svensk-i-ufc\/#primaryimage"},"thumbnailUrl":"https:\/\/www.budokampsport.se\/wp-content\/uploads\/2020\/10\/guram-3.jpg","datePublished":"2020-10-14T10:23:53+00:00","dateModified":"2020-10-14T11:06:40+00:00","author":{"@id":"https:\/\/www.budokampsport.se\/#\/schema\/person\/c838cace8171f692e363fde3f38f208b"},"description":"Det g\u00e5r bra f\u00f6r svensk MMA p\u00e5 den internationella proffsscenen. Senaste svensk att skriva p\u00e5 f\u00f6r den amerikanska MMA-organisationen UFC \u00e4r Guram Kutateladze.","breadcrumb":{"@id":"https:\/\/www.budokampsport.se\/2020\/10\/14\/guram-kutateladze-naste-svensk-i-ufc\/#breadcrumb"},"inLanguage":"sv-SE","potentialAction":[{"@type":"ReadAction","target":["https:\/\/www.budokampsport.se\/2020\/10\/14\/guram-kutateladze-naste-svensk-i-ufc\/"]}]},{"@type":"ImageObject","inLanguage":"sv-SE","@id":"https:\/\/www.budokampsport.se\/2020\/10\/14\/guram-kutateladze-naste-svensk-i-ufc\/#primaryimage","url":"https:\/\/www.budokampsport.se\/wp-content\/uploads\/2020\/10\/guram-3.jpg","contentUrl":"https:\/\/www.budokampsport.se\/wp-content\/uploads\/2020\/10\/guram-3.jpg","width":850,"height":697,"caption":"Foto: Sweep production"},{"@type":"BreadcrumbList","@id":"https:\/\/www.budokampsport.se\/2020\/10\/14\/guram-kutateladze-naste-svensk-i-ufc\/#breadcrumb","itemListElement":[{"@type":"ListItem","position":1,"name":"Hem","item":"https:\/\/www.budokampsport.se\/"},{"@type":"ListItem","position":2,"name":"Guram Kutateladze n\u00e4ste svensk i UFC"}]},{"@type":"WebSite","@id":"https:\/\/www.budokampsport.se\/#website","url":"https:\/\/www.budokampsport.se\/","name":"Svenska Budo &amp; Kampsportsf\u00f6rbundet","description":"T\u00e4vling, Tr\u00e4ning, Tradition","potentialAction":[{"@type":"SearchAction","target":{"@type":"EntryPoint","urlTemplate":"https:\/\/www.budokampsport.se\/?s={search_term_string}"},"query-input":{"@type":"PropertyValueSpecification","valueRequired":true,"valueName":"search_term_string"}}],"inLanguage":"sv-SE"},{"@type":"Person","@id":"https:\/\/www.budokampsport.se\/#\/schema\/person\/c838cace8171f692e363fde3f38f208b","name":"Annie Carriage","image":{"@type":"ImageObject","inLanguage":"sv-SE","@id":"https:\/\/www.budokampsport.se\/#\/schema\/person\/image\/","url":"https:\/\/secure.gravatar.com\/avatar\/9311295560bdfbdf78365a26f7df1876?s=96&d=blank&r=g","contentUrl":"https:\/\/secure.gravatar.com\/avatar\/9311295560bdfbdf78365a26f7df1876?s=96&d=blank&r=g","caption":"Annie Carriage"},"url":"https:\/\/www.budokampsport.se\/author\/annie-bondefelt\/"}]}},"_links":{"self":[{"href":"https:\/\/www.budokampsport.se\/api\/wp\/v2\/posts\/121957","targetHints":{"allow":["GET"]}}],"collection":[{"href":"https:\/\/www.budokampsport.se\/api\/wp\/v2\/posts"}],"about":[{"href":"https:\/\/www.budokampsport.se\/api\/wp\/v2\/types\/post"}],"author":[{"embeddable":true,"href":"https:\/\/www.budokampsport.se\/api\/wp\/v2\/users\/120"}],"replies":[{"embeddable":true,"href":"https:\/\/www.budokampsport.se\/api\/wp\/v2\/comments?post=121957"}],"version-history":[{"count":0,"href":"https:\/\/www.budokampsport.se\/api\/wp\/v2\/posts\/121957\/revisions"}],"wp:featuredmedia":[{"embeddable":true,"href":"https:\/\/www.budokampsport.se\/api\/wp\/v2\/media\/121960"}],"wp:attachment":[{"href":"https:\/\/www.budokampsport.se\/api\/wp\/v2\/media?parent=121957"}],"wp:term":[{"taxonomy":"category","embeddable":true,"href":"https:\/\/www.budokampsport.se\/api\/wp\/v2\/categories?post=121957"},{"taxonomy":"post_tag","embeddable":true,"href":"https:\/\/www.budokampsport.se\/api\/wp\/v2\/tags?post=121957"}],"curies":[{"name":"wp","href":"https:\/\/api.w.org\/{rel}","templated":true}]}}