{"id":122778,"date":"2020-11-12T14:16:45","date_gmt":"2020-11-12T13:16:45","guid":{"rendered":"https:\/\/www.budokampsport.se\/?p=122778"},"modified":"2020-11-16T14:39:33","modified_gmt":"2020-11-16T13:39:33","slug":"skarpta-allmanna-rad-i-dalarnas-gotlands-varmlands-och-vastmanlands-lan","status":"publish","type":"post","link":"https:\/\/www.budokampsport.se\/2020\/11\/12\/skarpta-allmanna-rad-i-dalarnas-gotlands-varmlands-och-vastmanlands-lan\/","title":{"rendered":"Sk\u00e4rpta allm\u00e4nna r\u00e5d i Dalarnas, Gotlands, V\u00e4rmlands och V\u00e4stmanlands l\u00e4n"},"content":{"rendered":"<p>Fr\u00e5n och med den 12 november uppmanas alla som vistas i dessa fyra l\u00e4n att bland annat att avst\u00e5 fr\u00e5n att delta i exempelvis m\u00f6ten, idrottstr\u00e4ningar, matcher och t\u00e4vlingar. Detta g\u00e4ller dock inte idrottstr\u00e4ningar f\u00f6r barn och unga f\u00f6dda 2005 eller senare.<\/p>\n<p>Beslutet g\u00e4ller till och med den 10 december 2020, men kan f\u00f6rl\u00e4ngas.<\/p>\n<p>Mer information finns p\u00e5 <a href=\"https:\/\/www.folkhalsomyndigheten.se\/nyheter-och-press\/nyhetsarkiv\/2020\/november\/beslut-om-skarpta-allmanna-rad-i-dalarnas--gotlands--varmlands-och-vastmanlands-lan\/\">Folkh\u00e4lsomyndighetens hemsida<\/a>.<\/p>\n<p>Totalt har nu 18 av Sveriges 21 regioner inf\u00f6rt sk\u00e4rpta r\u00e5d.<\/p>\n<p>Text: Mats Lilja<\/p>\n","protected":false},"excerpt":{"rendered":"<p>CORONA | Folkh\u00e4lsomyndigheten har, efter samr\u00e5d med bland annat smittskyddsl\u00e4kare och l\u00e4nsstyrelser i Dalarnas l\u00e4n, Gotlands l\u00e4n, V\u00e4rmlands l\u00e4n och V\u00e4stmanlands l\u00e4n, fattat beslut om sk\u00e4rpta allm\u00e4nna r\u00e5d.<\/p><br>","protected":false},"author":914,"featured_media":122817,"comment_status":"open","ping_status":"open","sticky":false,"template":"","format":"standard","meta":{"_acf_changed":false,"footnotes":""},"categories":[1],"tags":[],"class_list":["post-122778","post","type-post","status-publish","format-standard","has-post-thumbnail","hentry","category-okategoriserade"],"acf":[],"yoast_head":"<!-- This site is optimized with the Yoast SEO plugin v26.8 - https:\/\/yoast.com\/product\/yoast-seo-wordpress\/ -->\n<title>Sk\u00e4rpta allm\u00e4nna r\u00e5d i Dalarnas, Gotlands, V\u00e4rmlands och V\u00e4stmanlands l\u00e4n - Svenska Budo &amp; Kampsportsf\u00f6rbundet<\/title>\n<meta name=\"description\" content=\"CORONA | Folkh\u00e4lsomyndigheten har, efter samr\u00e5d med bland annat smittskyddsl\u00e4kare och l\u00e4nsstyrelser i Dalarnas l\u00e4n, Gotlands l\u00e4n, V\u00e4rmlands l\u00e4n och V\u00e4stmanlands l\u00e4n, fattat beslut om sk\u00e4rpta allm\u00e4nna r\u00e5d.\" \/>\n<meta name=\"robots\" content=\"index, follow, max-snippet:-1, max-image-preview:large, max-video-preview:-1\" \/>\n<link rel=\"canonical\" href=\"https:\/\/www.budokampsport.se\/2020\/11\/12\/skarpta-allmanna-rad-i-dalarnas-gotlands-varmlands-och-vastmanlands-lan\/\" \/>\n<meta property=\"og:locale\" content=\"sv_SE\" \/>\n<meta property=\"og:type\" content=\"article\" \/>\n<meta property=\"og:title\" content=\"Sk\u00e4rpta allm\u00e4nna r\u00e5d i Dalarnas, Gotlands, V\u00e4rmlands och V\u00e4stmanlands l\u00e4n - Svenska Budo &amp; Kampsportsf\u00f6rbundet\" \/>\n<meta property=\"og:description\" content=\"CORONA | Folkh\u00e4lsomyndigheten har, efter samr\u00e5d med bland annat smittskyddsl\u00e4kare och l\u00e4nsstyrelser i Dalarnas l\u00e4n, Gotlands l\u00e4n, V\u00e4rmlands l\u00e4n och V\u00e4stmanlands l\u00e4n, fattat beslut om sk\u00e4rpta allm\u00e4nna r\u00e5d.\" \/>\n<meta property=\"og:url\" content=\"https:\/\/www.budokampsport.se\/2020\/11\/12\/skarpta-allmanna-rad-i-dalarnas-gotlands-varmlands-och-vastmanlands-lan\/\" \/>\n<meta property=\"og:site_name\" content=\"Svenska Budo &amp; Kampsportsf\u00f6rbundet\" \/>\n<meta property=\"article:published_time\" content=\"2020-11-12T13:16:45+00:00\" \/>\n<meta property=\"article:modified_time\" content=\"2020-11-16T13:39:33+00:00\" \/>\n<meta property=\"og:image\" content=\"https:\/\/www.budokampsport.se\/wp-content\/uploads\/2020\/11\/fhmlogo-850px.jpg\" \/>\n\t<meta property=\"og:image:width\" content=\"850\" \/>\n\t<meta property=\"og:image:height\" content=\"280\" \/>\n\t<meta property=\"og:image:type\" content=\"image\/jpeg\" \/>\n<meta name=\"author\" content=\"Mats Lilja\" \/>\n<meta name=\"twitter:card\" content=\"summary_large_image\" \/>\n<meta name=\"twitter:label1\" content=\"Skriven av\" \/>\n\t<meta name=\"twitter:data1\" content=\"Mats Lilja\" \/>\n<script type=\"application\/ld+json\" class=\"yoast-schema-graph\">{\"@context\":\"https:\/\/schema.org\",\"@graph\":[{\"@type\":\"Article\",\"@id\":\"https:\/\/www.budokampsport.se\/2020\/11\/12\/skarpta-allmanna-rad-i-dalarnas-gotlands-varmlands-och-vastmanlands-lan\/#article\",\"isPartOf\":{\"@id\":\"https:\/\/www.budokampsport.se\/2020\/11\/12\/skarpta-allmanna-rad-i-dalarnas-gotlands-varmlands-och-vastmanlands-lan\/\"},\"author\":{\"name\":\"Mats Lilja\",\"@id\":\"https:\/\/www.budokampsport.se\/#\/schema\/person\/d80c0bc61f1787703168fc250ce69522\"},\"headline\":\"Sk\u00e4rpta allm\u00e4nna r\u00e5d i Dalarnas, Gotlands, V\u00e4rmlands och V\u00e4stmanlands l\u00e4n\",\"datePublished\":\"2020-11-12T13:16:45+00:00\",\"dateModified\":\"2020-11-16T13:39:33+00:00\",\"mainEntityOfPage\":{\"@id\":\"https:\/\/www.budokampsport.se\/2020\/11\/12\/skarpta-allmanna-rad-i-dalarnas-gotlands-varmlands-och-vastmanlands-lan\/\"},\"wordCount\":101,\"commentCount\":0,\"image\":{\"@id\":\"https:\/\/www.budokampsport.se\/2020\/11\/12\/skarpta-allmanna-rad-i-dalarnas-gotlands-varmlands-och-vastmanlands-lan\/#primaryimage\"},\"thumbnailUrl\":\"https:\/\/www.budokampsport.se\/wp-content\/uploads\/2020\/11\/fhmlogo-850px.jpg\",\"inLanguage\":\"sv-SE\",\"potentialAction\":[{\"@type\":\"CommentAction\",\"name\":\"Comment\",\"target\":[\"https:\/\/www.budokampsport.se\/2020\/11\/12\/skarpta-allmanna-rad-i-dalarnas-gotlands-varmlands-och-vastmanlands-lan\/#respond\"]}]},{\"@type\":\"WebPage\",\"@id\":\"https:\/\/www.budokampsport.se\/2020\/11\/12\/skarpta-allmanna-rad-i-dalarnas-gotlands-varmlands-och-vastmanlands-lan\/\",\"url\":\"https:\/\/www.budokampsport.se\/2020\/11\/12\/skarpta-allmanna-rad-i-dalarnas-gotlands-varmlands-och-vastmanlands-lan\/\",\"name\":\"Sk\u00e4rpta allm\u00e4nna r\u00e5d i Dalarnas, Gotlands, V\u00e4rmlands och V\u00e4stmanlands l\u00e4n - Svenska Budo &amp; Kampsportsf\u00f6rbundet\",\"isPartOf\":{\"@id\":\"https:\/\/www.budokampsport.se\/#website\"},\"primaryImageOfPage\":{\"@id\":\"https:\/\/www.budokampsport.se\/2020\/11\/12\/skarpta-allmanna-rad-i-dalarnas-gotlands-varmlands-och-vastmanlands-lan\/#primaryimage\"},\"image\":{\"@id\":\"https:\/\/www.budokampsport.se\/2020\/11\/12\/skarpta-allmanna-rad-i-dalarnas-gotlands-varmlands-och-vastmanlands-lan\/#primaryimage\"},\"thumbnailUrl\":\"https:\/\/www.budokampsport.se\/wp-content\/uploads\/2020\/11\/fhmlogo-850px.jpg\",\"datePublished\":\"2020-11-12T13:16:45+00:00\",\"dateModified\":\"2020-11-16T13:39:33+00:00\",\"author\":{\"@id\":\"https:\/\/www.budokampsport.se\/#\/schema\/person\/d80c0bc61f1787703168fc250ce69522\"},\"description\":\"CORONA | Folkh\u00e4lsomyndigheten har, efter samr\u00e5d med bland annat smittskyddsl\u00e4kare och l\u00e4nsstyrelser i Dalarnas l\u00e4n, Gotlands l\u00e4n, V\u00e4rmlands l\u00e4n och V\u00e4stmanlands l\u00e4n, fattat beslut om sk\u00e4rpta allm\u00e4nna r\u00e5d.\",\"breadcrumb\":{\"@id\":\"https:\/\/www.budokampsport.se\/2020\/11\/12\/skarpta-allmanna-rad-i-dalarnas-gotlands-varmlands-och-vastmanlands-lan\/#breadcrumb\"},\"inLanguage\":\"sv-SE\",\"potentialAction\":[{\"@type\":\"ReadAction\",\"target\":[\"https:\/\/www.budokampsport.se\/2020\/11\/12\/skarpta-allmanna-rad-i-dalarnas-gotlands-varmlands-och-vastmanlands-lan\/\"]}]},{\"@type\":\"ImageObject\",\"inLanguage\":\"sv-SE\",\"@id\":\"https:\/\/www.budokampsport.se\/2020\/11\/12\/skarpta-allmanna-rad-i-dalarnas-gotlands-varmlands-och-vastmanlands-lan\/#primaryimage\",\"url\":\"https:\/\/www.budokampsport.se\/wp-content\/uploads\/2020\/11\/fhmlogo-850px.jpg\",\"contentUrl\":\"https:\/\/www.budokampsport.se\/wp-content\/uploads\/2020\/11\/fhmlogo-850px.jpg\",\"width\":850,\"height\":280},{\"@type\":\"BreadcrumbList\",\"@id\":\"https:\/\/www.budokampsport.se\/2020\/11\/12\/skarpta-allmanna-rad-i-dalarnas-gotlands-varmlands-och-vastmanlands-lan\/#breadcrumb\",\"itemListElement\":[{\"@type\":\"ListItem\",\"position\":1,\"name\":\"Hem\",\"item\":\"https:\/\/www.budokampsport.se\/\"},{\"@type\":\"ListItem\",\"position\":2,\"name\":\"Sk\u00e4rpta allm\u00e4nna r\u00e5d i Dalarnas, Gotlands, V\u00e4rmlands och V\u00e4stmanlands l\u00e4n\"}]},{\"@type\":\"WebSite\",\"@id\":\"https:\/\/www.budokampsport.se\/#website\",\"url\":\"https:\/\/www.budokampsport.se\/\",\"name\":\"Svenska Budo &amp; Kampsportsf\u00f6rbundet\",\"description\":\"T\u00e4vling, Tr\u00e4ning, Tradition\",\"potentialAction\":[{\"@type\":\"SearchAction\",\"target\":{\"@type\":\"EntryPoint\",\"urlTemplate\":\"https:\/\/www.budokampsport.se\/?s={search_term_string}\"},\"query-input\":{\"@type\":\"PropertyValueSpecification\",\"valueRequired\":true,\"valueName\":\"search_term_string\"}}],\"inLanguage\":\"sv-SE\"},{\"@type\":\"Person\",\"@id\":\"https:\/\/www.budokampsport.se\/#\/schema\/person\/d80c0bc61f1787703168fc250ce69522\",\"name\":\"Mats Lilja\",\"image\":{\"@type\":\"ImageObject\",\"inLanguage\":\"sv-SE\",\"@id\":\"https:\/\/www.budokampsport.se\/#\/schema\/person\/image\/\",\"url\":\"https:\/\/secure.gravatar.com\/avatar\/607f84918e96abe1ebbd8611782fa57d?s=96&d=blank&r=g\",\"contentUrl\":\"https:\/\/secure.gravatar.com\/avatar\/607f84918e96abe1ebbd8611782fa57d?s=96&d=blank&r=g\",\"caption\":\"Mats Lilja\"},\"url\":\"https:\/\/www.budokampsport.se\/author\/mats-lilja\/\"}]}<\/script>\n<!-- \/ Yoast SEO plugin. -->","yoast_head_json":{"title":"Sk\u00e4rpta allm\u00e4nna r\u00e5d i Dalarnas, Gotlands, V\u00e4rmlands och V\u00e4stmanlands l\u00e4n - Svenska Budo &amp; Kampsportsf\u00f6rbundet","description":"CORONA | Folkh\u00e4lsomyndigheten har, efter samr\u00e5d med bland annat smittskyddsl\u00e4kare och l\u00e4nsstyrelser i Dalarnas l\u00e4n, Gotlands l\u00e4n, V\u00e4rmlands l\u00e4n och V\u00e4stmanlands l\u00e4n, fattat beslut om sk\u00e4rpta allm\u00e4nna r\u00e5d.","robots":{"index":"index","follow":"follow","max-snippet":"max-snippet:-1","max-image-preview":"max-image-preview:large","max-video-preview":"max-video-preview:-1"},"canonical":"https:\/\/www.budokampsport.se\/2020\/11\/12\/skarpta-allmanna-rad-i-dalarnas-gotlands-varmlands-och-vastmanlands-lan\/","og_locale":"sv_SE","og_type":"article","og_title":"Sk\u00e4rpta allm\u00e4nna r\u00e5d i Dalarnas, Gotlands, V\u00e4rmlands och V\u00e4stmanlands l\u00e4n - Svenska Budo &amp; Kampsportsf\u00f6rbundet","og_description":"CORONA | Folkh\u00e4lsomyndigheten har, efter samr\u00e5d med bland annat smittskyddsl\u00e4kare och l\u00e4nsstyrelser i Dalarnas l\u00e4n, Gotlands l\u00e4n, V\u00e4rmlands l\u00e4n och V\u00e4stmanlands l\u00e4n, fattat beslut om sk\u00e4rpta allm\u00e4nna r\u00e5d.","og_url":"https:\/\/www.budokampsport.se\/2020\/11\/12\/skarpta-allmanna-rad-i-dalarnas-gotlands-varmlands-och-vastmanlands-lan\/","og_site_name":"Svenska Budo &amp; Kampsportsf\u00f6rbundet","article_published_time":"2020-11-12T13:16:45+00:00","article_modified_time":"2020-11-16T13:39:33+00:00","og_image":[{"width":850,"height":280,"url":"https:\/\/www.budokampsport.se\/wp-content\/uploads\/2020\/11\/fhmlogo-850px.jpg","type":"image\/jpeg"}],"author":"Mats Lilja","twitter_card":"summary_large_image","twitter_misc":{"Skriven av":"Mats Lilja"},"schema":{"@context":"https:\/\/schema.org","@graph":[{"@type":"Article","@id":"https:\/\/www.budokampsport.se\/2020\/11\/12\/skarpta-allmanna-rad-i-dalarnas-gotlands-varmlands-och-vastmanlands-lan\/#article","isPartOf":{"@id":"https:\/\/www.budokampsport.se\/2020\/11\/12\/skarpta-allmanna-rad-i-dalarnas-gotlands-varmlands-och-vastmanlands-lan\/"},"author":{"name":"Mats Lilja","@id":"https:\/\/www.budokampsport.se\/#\/schema\/person\/d80c0bc61f1787703168fc250ce69522"},"headline":"Sk\u00e4rpta allm\u00e4nna r\u00e5d i Dalarnas, Gotlands, V\u00e4rmlands och V\u00e4stmanlands l\u00e4n","datePublished":"2020-11-12T13:16:45+00:00","dateModified":"2020-11-16T13:39:33+00:00","mainEntityOfPage":{"@id":"https:\/\/www.budokampsport.se\/2020\/11\/12\/skarpta-allmanna-rad-i-dalarnas-gotlands-varmlands-och-vastmanlands-lan\/"},"wordCount":101,"commentCount":0,"image":{"@id":"https:\/\/www.budokampsport.se\/2020\/11\/12\/skarpta-allmanna-rad-i-dalarnas-gotlands-varmlands-och-vastmanlands-lan\/#primaryimage"},"thumbnailUrl":"https:\/\/www.budokampsport.se\/wp-content\/uploads\/2020\/11\/fhmlogo-850px.jpg","inLanguage":"sv-SE","potentialAction":[{"@type":"CommentAction","name":"Comment","target":["https:\/\/www.budokampsport.se\/2020\/11\/12\/skarpta-allmanna-rad-i-dalarnas-gotlands-varmlands-och-vastmanlands-lan\/#respond"]}]},{"@type":"WebPage","@id":"https:\/\/www.budokampsport.se\/2020\/11\/12\/skarpta-allmanna-rad-i-dalarnas-gotlands-varmlands-och-vastmanlands-lan\/","url":"https:\/\/www.budokampsport.se\/2020\/11\/12\/skarpta-allmanna-rad-i-dalarnas-gotlands-varmlands-och-vastmanlands-lan\/","name":"Sk\u00e4rpta allm\u00e4nna r\u00e5d i Dalarnas, Gotlands, V\u00e4rmlands och V\u00e4stmanlands l\u00e4n - Svenska Budo &amp; Kampsportsf\u00f6rbundet","isPartOf":{"@id":"https:\/\/www.budokampsport.se\/#website"},"primaryImageOfPage":{"@id":"https:\/\/www.budokampsport.se\/2020\/11\/12\/skarpta-allmanna-rad-i-dalarnas-gotlands-varmlands-och-vastmanlands-lan\/#primaryimage"},"image":{"@id":"https:\/\/www.budokampsport.se\/2020\/11\/12\/skarpta-allmanna-rad-i-dalarnas-gotlands-varmlands-och-vastmanlands-lan\/#primaryimage"},"thumbnailUrl":"https:\/\/www.budokampsport.se\/wp-content\/uploads\/2020\/11\/fhmlogo-850px.jpg","datePublished":"2020-11-12T13:16:45+00:00","dateModified":"2020-11-16T13:39:33+00:00","author":{"@id":"https:\/\/www.budokampsport.se\/#\/schema\/person\/d80c0bc61f1787703168fc250ce69522"},"description":"CORONA | Folkh\u00e4lsomyndigheten har, efter samr\u00e5d med bland annat smittskyddsl\u00e4kare och l\u00e4nsstyrelser i Dalarnas l\u00e4n, Gotlands l\u00e4n, V\u00e4rmlands l\u00e4n och V\u00e4stmanlands l\u00e4n, fattat beslut om sk\u00e4rpta allm\u00e4nna r\u00e5d.","breadcrumb":{"@id":"https:\/\/www.budokampsport.se\/2020\/11\/12\/skarpta-allmanna-rad-i-dalarnas-gotlands-varmlands-och-vastmanlands-lan\/#breadcrumb"},"inLanguage":"sv-SE","potentialAction":[{"@type":"ReadAction","target":["https:\/\/www.budokampsport.se\/2020\/11\/12\/skarpta-allmanna-rad-i-dalarnas-gotlands-varmlands-och-vastmanlands-lan\/"]}]},{"@type":"ImageObject","inLanguage":"sv-SE","@id":"https:\/\/www.budokampsport.se\/2020\/11\/12\/skarpta-allmanna-rad-i-dalarnas-gotlands-varmlands-och-vastmanlands-lan\/#primaryimage","url":"https:\/\/www.budokampsport.se\/wp-content\/uploads\/2020\/11\/fhmlogo-850px.jpg","contentUrl":"https:\/\/www.budokampsport.se\/wp-content\/uploads\/2020\/11\/fhmlogo-850px.jpg","width":850,"height":280},{"@type":"BreadcrumbList","@id":"https:\/\/www.budokampsport.se\/2020\/11\/12\/skarpta-allmanna-rad-i-dalarnas-gotlands-varmlands-och-vastmanlands-lan\/#breadcrumb","itemListElement":[{"@type":"ListItem","position":1,"name":"Hem","item":"https:\/\/www.budokampsport.se\/"},{"@type":"ListItem","position":2,"name":"Sk\u00e4rpta allm\u00e4nna r\u00e5d i Dalarnas, Gotlands, V\u00e4rmlands och V\u00e4stmanlands l\u00e4n"}]},{"@type":"WebSite","@id":"https:\/\/www.budokampsport.se\/#website","url":"https:\/\/www.budokampsport.se\/","name":"Svenska Budo &amp; Kampsportsf\u00f6rbundet","description":"T\u00e4vling, Tr\u00e4ning, Tradition","potentialAction":[{"@type":"SearchAction","target":{"@type":"EntryPoint","urlTemplate":"https:\/\/www.budokampsport.se\/?s={search_term_string}"},"query-input":{"@type":"PropertyValueSpecification","valueRequired":true,"valueName":"search_term_string"}}],"inLanguage":"sv-SE"},{"@type":"Person","@id":"https:\/\/www.budokampsport.se\/#\/schema\/person\/d80c0bc61f1787703168fc250ce69522","name":"Mats Lilja","image":{"@type":"ImageObject","inLanguage":"sv-SE","@id":"https:\/\/www.budokampsport.se\/#\/schema\/person\/image\/","url":"https:\/\/secure.gravatar.com\/avatar\/607f84918e96abe1ebbd8611782fa57d?s=96&d=blank&r=g","contentUrl":"https:\/\/secure.gravatar.com\/avatar\/607f84918e96abe1ebbd8611782fa57d?s=96&d=blank&r=g","caption":"Mats Lilja"},"url":"https:\/\/www.budokampsport.se\/author\/mats-lilja\/"}]}},"_links":{"self":[{"href":"https:\/\/www.budokampsport.se\/api\/wp\/v2\/posts\/122778","targetHints":{"allow":["GET"]}}],"collection":[{"href":"https:\/\/www.budokampsport.se\/api\/wp\/v2\/posts"}],"about":[{"href":"https:\/\/www.budokampsport.se\/api\/wp\/v2\/types\/post"}],"author":[{"embeddable":true,"href":"https:\/\/www.budokampsport.se\/api\/wp\/v2\/users\/914"}],"replies":[{"embeddable":true,"href":"https:\/\/www.budokampsport.se\/api\/wp\/v2\/comments?post=122778"}],"version-history":[{"count":0,"href":"https:\/\/www.budokampsport.se\/api\/wp\/v2\/posts\/122778\/revisions"}],"wp:featuredmedia":[{"embeddable":true,"href":"https:\/\/www.budokampsport.se\/api\/wp\/v2\/media\/122817"}],"wp:attachment":[{"href":"https:\/\/www.budokampsport.se\/api\/wp\/v2\/media?parent=122778"}],"wp:term":[{"taxonomy":"category","embeddable":true,"href":"https:\/\/www.budokampsport.se\/api\/wp\/v2\/categories?post=122778"},{"taxonomy":"post_tag","embeddable":true,"href":"https:\/\/www.budokampsport.se\/api\/wp\/v2\/tags?post=122778"}],"curies":[{"name":"wp","href":"https:\/\/api.w.org\/{rel}","templated":true}]}}