{"id":122892,"date":"2020-11-26T11:00:08","date_gmt":"2020-11-26T10:00:08","guid":{"rendered":"https:\/\/www.budokampsport.se\/?p=122892"},"modified":"2020-11-26T11:02:23","modified_gmt":"2020-11-26T10:02:23","slug":"rf-traning-for-barn-och-ungdomar-far-fortsatta","status":"publish","type":"post","link":"https:\/\/www.budokampsport.se\/2020\/11\/26\/rf-traning-for-barn-och-ungdomar-far-fortsatta\/","title":{"rendered":"RF: Tr\u00e4ning f\u00f6r barn och ungdomar f\u00e5r forts\u00e4tta"},"content":{"rendered":"<p>Tr\u00e4ningar r\u00e4knas generellt inte som allm\u00e4nna sammankomster eller offentliga tillst\u00e4llningar. De regleras ist\u00e4llet av de\u202fnationella allm\u00e4nna r\u00e5den och\u202fde sk\u00e4rpta lokala allm\u00e4nna r\u00e5d som inf\u00f6rts i landets regioner.<\/p>\n<p>RF bekr\u00e4ftar nu efter kontakt med ber\u00f6rda myndigheter att idrottstr\u00e4ningar f\u00f6r barn och ungdomar f\u00f6dda 2005 och senare inte ska p\u00e5verkas av det nu g\u00e4llande <a href=\"https:\/\/www.budokampsport.se\/2020\/11\/16\/regeringen-skarper-restriktionerna\/\" target=\"_blank\" rel=\"noopener noreferrer\">f\u00f6rbudet<\/a>.<\/p>\n<p>\u2013 Det \u00e4r oerh\u00f6rt viktigt och gl\u00e4djande att b\u00e5de regeringen och Folkh\u00e4lsomyndigheten ger st\u00f6d f\u00f6r det Riksidrottsf\u00f6rbundet framh\u00e5llit och anser att tr\u00e4ning f\u00f6r barn och ungdomar f\u00f6dda 2005 och senare ska forts\u00e4tta utifr\u00e5n de allm\u00e4nna och lokala r\u00e5d som g\u00e4ller f\u00f6r idrottstr\u00e4ning, s\u00e4ger RF:s ordf\u00f6rande Bj\u00f6rn Eriksson p\u00e5 <a href=\"https:\/\/www.rf.se\/Nyheter\/Allanyheter\/maxgranspaattapersonergallerintetraning\/\" target=\"_blank\" rel=\"noopener noreferrer\">Riksidrottsf\u00f6rbundets hemsida<\/a>.<\/p>\n<p>Samtidigt p\u00e5g\u00e5r fortsatta diskussioner om att m\u00f6jligg\u00f6ra tr\u00e4ning \u00e4ven f\u00f6r de som \u00e4r f\u00f6dda tidigare \u00e4n 2005.<\/p>\n<p>Text: Mats Lilja<br \/>\nFoto: Bildbyr\u00e5n<\/p>\n","protected":false},"excerpt":{"rendered":"<p>CORONA | Sedan i tisdags (24\/11) g\u00e4ller sk\u00e4rpta regler f\u00f6r allm\u00e4nna sammankomster och offentliga tillst\u00e4llningar. Men detta g\u00e4ller inte ungdomstr\u00e4ningar, f\u00f6rtydligar Riksidrottsf\u00f6rbundet.<\/p><br>","protected":false},"author":914,"featured_media":122891,"comment_status":"open","ping_status":"open","sticky":false,"template":"","format":"standard","meta":{"_acf_changed":false,"footnotes":""},"categories":[1],"tags":[],"class_list":["post-122892","post","type-post","status-publish","format-standard","has-post-thumbnail","hentry","category-okategoriserade"],"acf":[],"yoast_head":"<!-- This site is optimized with the Yoast SEO plugin v26.8 - https:\/\/yoast.com\/product\/yoast-seo-wordpress\/ -->\n<title>RF: Tr\u00e4ning f\u00f6r barn och ungdomar f\u00e5r forts\u00e4tta - Svenska Budo &amp; Kampsportsf\u00f6rbundet<\/title>\n<meta name=\"description\" content=\"CORONA | Sedan i tisdags (24\/11) g\u00e4ller sk\u00e4rpta regler f\u00f6r allm\u00e4nna sammankomster och offentliga tillst\u00e4llningar. Men detta g\u00e4ller inte ungdomstr\u00e4ningar, f\u00f6rtydligar Riksidrottsf\u00f6rbundet.\" \/>\n<meta name=\"robots\" content=\"index, follow, max-snippet:-1, max-image-preview:large, max-video-preview:-1\" \/>\n<link rel=\"canonical\" href=\"https:\/\/www.budokampsport.se\/2020\/11\/26\/rf-traning-for-barn-och-ungdomar-far-fortsatta\/\" \/>\n<meta property=\"og:locale\" content=\"sv_SE\" \/>\n<meta property=\"og:type\" content=\"article\" \/>\n<meta property=\"og:title\" content=\"RF: Tr\u00e4ning f\u00f6r barn och ungdomar f\u00e5r forts\u00e4tta - Svenska Budo &amp; Kampsportsf\u00f6rbundet\" \/>\n<meta property=\"og:description\" content=\"CORONA | Sedan i tisdags (24\/11) g\u00e4ller sk\u00e4rpta regler f\u00f6r allm\u00e4nna sammankomster och offentliga tillst\u00e4llningar. Men detta g\u00e4ller inte ungdomstr\u00e4ningar, f\u00f6rtydligar Riksidrottsf\u00f6rbundet.\" \/>\n<meta property=\"og:url\" content=\"https:\/\/www.budokampsport.se\/2020\/11\/26\/rf-traning-for-barn-och-ungdomar-far-fortsatta\/\" \/>\n<meta property=\"og:site_name\" content=\"Svenska Budo &amp; Kampsportsf\u00f6rbundet\" \/>\n<meta property=\"article:published_time\" content=\"2020-11-26T10:00:08+00:00\" \/>\n<meta property=\"article:modified_time\" content=\"2020-11-26T10:02:23+00:00\" \/>\n<meta property=\"og:image\" content=\"https:\/\/www.budokampsport.se\/wp-content\/uploads\/2020\/11\/BB190518MT002-850px.jpg\" \/>\n\t<meta property=\"og:image:width\" content=\"850\" \/>\n\t<meta property=\"og:image:height\" content=\"494\" \/>\n\t<meta property=\"og:image:type\" content=\"image\/jpeg\" \/>\n<meta name=\"author\" content=\"Mats Lilja\" \/>\n<meta name=\"twitter:card\" content=\"summary_large_image\" \/>\n<meta name=\"twitter:label1\" content=\"Skriven av\" \/>\n\t<meta name=\"twitter:data1\" content=\"Mats Lilja\" \/>\n\t<meta name=\"twitter:label2\" content=\"Ber\u00e4knad l\u00e4stid\" \/>\n\t<meta name=\"twitter:data2\" content=\"1 minut\" \/>\n<script type=\"application\/ld+json\" class=\"yoast-schema-graph\">{\"@context\":\"https:\/\/schema.org\",\"@graph\":[{\"@type\":\"Article\",\"@id\":\"https:\/\/www.budokampsport.se\/2020\/11\/26\/rf-traning-for-barn-och-ungdomar-far-fortsatta\/#article\",\"isPartOf\":{\"@id\":\"https:\/\/www.budokampsport.se\/2020\/11\/26\/rf-traning-for-barn-och-ungdomar-far-fortsatta\/\"},\"author\":{\"name\":\"Mats Lilja\",\"@id\":\"https:\/\/www.budokampsport.se\/#\/schema\/person\/d80c0bc61f1787703168fc250ce69522\"},\"headline\":\"RF: Tr\u00e4ning f\u00f6r barn och ungdomar f\u00e5r forts\u00e4tta\",\"datePublished\":\"2020-11-26T10:00:08+00:00\",\"dateModified\":\"2020-11-26T10:02:23+00:00\",\"mainEntityOfPage\":{\"@id\":\"https:\/\/www.budokampsport.se\/2020\/11\/26\/rf-traning-for-barn-och-ungdomar-far-fortsatta\/\"},\"wordCount\":185,\"commentCount\":1,\"image\":{\"@id\":\"https:\/\/www.budokampsport.se\/2020\/11\/26\/rf-traning-for-barn-och-ungdomar-far-fortsatta\/#primaryimage\"},\"thumbnailUrl\":\"https:\/\/www.budokampsport.se\/wp-content\/uploads\/2020\/11\/BB190518MT002-850px.jpg\",\"inLanguage\":\"sv-SE\",\"potentialAction\":[{\"@type\":\"CommentAction\",\"name\":\"Comment\",\"target\":[\"https:\/\/www.budokampsport.se\/2020\/11\/26\/rf-traning-for-barn-och-ungdomar-far-fortsatta\/#respond\"]}]},{\"@type\":\"WebPage\",\"@id\":\"https:\/\/www.budokampsport.se\/2020\/11\/26\/rf-traning-for-barn-och-ungdomar-far-fortsatta\/\",\"url\":\"https:\/\/www.budokampsport.se\/2020\/11\/26\/rf-traning-for-barn-och-ungdomar-far-fortsatta\/\",\"name\":\"RF: Tr\u00e4ning f\u00f6r barn och ungdomar f\u00e5r forts\u00e4tta - Svenska Budo &amp; Kampsportsf\u00f6rbundet\",\"isPartOf\":{\"@id\":\"https:\/\/www.budokampsport.se\/#website\"},\"primaryImageOfPage\":{\"@id\":\"https:\/\/www.budokampsport.se\/2020\/11\/26\/rf-traning-for-barn-och-ungdomar-far-fortsatta\/#primaryimage\"},\"image\":{\"@id\":\"https:\/\/www.budokampsport.se\/2020\/11\/26\/rf-traning-for-barn-och-ungdomar-far-fortsatta\/#primaryimage\"},\"thumbnailUrl\":\"https:\/\/www.budokampsport.se\/wp-content\/uploads\/2020\/11\/BB190518MT002-850px.jpg\",\"datePublished\":\"2020-11-26T10:00:08+00:00\",\"dateModified\":\"2020-11-26T10:02:23+00:00\",\"author\":{\"@id\":\"https:\/\/www.budokampsport.se\/#\/schema\/person\/d80c0bc61f1787703168fc250ce69522\"},\"description\":\"CORONA | Sedan i tisdags (24\/11) g\u00e4ller sk\u00e4rpta regler f\u00f6r allm\u00e4nna sammankomster och offentliga tillst\u00e4llningar. Men detta g\u00e4ller inte ungdomstr\u00e4ningar, f\u00f6rtydligar Riksidrottsf\u00f6rbundet.\",\"breadcrumb\":{\"@id\":\"https:\/\/www.budokampsport.se\/2020\/11\/26\/rf-traning-for-barn-och-ungdomar-far-fortsatta\/#breadcrumb\"},\"inLanguage\":\"sv-SE\",\"potentialAction\":[{\"@type\":\"ReadAction\",\"target\":[\"https:\/\/www.budokampsport.se\/2020\/11\/26\/rf-traning-for-barn-och-ungdomar-far-fortsatta\/\"]}]},{\"@type\":\"ImageObject\",\"inLanguage\":\"sv-SE\",\"@id\":\"https:\/\/www.budokampsport.se\/2020\/11\/26\/rf-traning-for-barn-och-ungdomar-far-fortsatta\/#primaryimage\",\"url\":\"https:\/\/www.budokampsport.se\/wp-content\/uploads\/2020\/11\/BB190518MT002-850px.jpg\",\"contentUrl\":\"https:\/\/www.budokampsport.se\/wp-content\/uploads\/2020\/11\/BB190518MT002-850px.jpg\",\"width\":850,\"height\":494,\"caption\":\"190518 Ett barn som ut\u00f6var ett slag under en karatetr\u00e4ning f\u00f6r vuxna och barn den 18 maj 2019 i Stockholm. Foto: Maxim Thor\u00e9 \/ BILDBYR\u00c5N\"},{\"@type\":\"BreadcrumbList\",\"@id\":\"https:\/\/www.budokampsport.se\/2020\/11\/26\/rf-traning-for-barn-och-ungdomar-far-fortsatta\/#breadcrumb\",\"itemListElement\":[{\"@type\":\"ListItem\",\"position\":1,\"name\":\"Hem\",\"item\":\"https:\/\/www.budokampsport.se\/\"},{\"@type\":\"ListItem\",\"position\":2,\"name\":\"RF: Tr\u00e4ning f\u00f6r barn och ungdomar f\u00e5r forts\u00e4tta\"}]},{\"@type\":\"WebSite\",\"@id\":\"https:\/\/www.budokampsport.se\/#website\",\"url\":\"https:\/\/www.budokampsport.se\/\",\"name\":\"Svenska Budo &amp; Kampsportsf\u00f6rbundet\",\"description\":\"T\u00e4vling, Tr\u00e4ning, Tradition\",\"potentialAction\":[{\"@type\":\"SearchAction\",\"target\":{\"@type\":\"EntryPoint\",\"urlTemplate\":\"https:\/\/www.budokampsport.se\/?s={search_term_string}\"},\"query-input\":{\"@type\":\"PropertyValueSpecification\",\"valueRequired\":true,\"valueName\":\"search_term_string\"}}],\"inLanguage\":\"sv-SE\"},{\"@type\":\"Person\",\"@id\":\"https:\/\/www.budokampsport.se\/#\/schema\/person\/d80c0bc61f1787703168fc250ce69522\",\"name\":\"Mats Lilja\",\"image\":{\"@type\":\"ImageObject\",\"inLanguage\":\"sv-SE\",\"@id\":\"https:\/\/www.budokampsport.se\/#\/schema\/person\/image\/\",\"url\":\"https:\/\/secure.gravatar.com\/avatar\/607f84918e96abe1ebbd8611782fa57d?s=96&d=blank&r=g\",\"contentUrl\":\"https:\/\/secure.gravatar.com\/avatar\/607f84918e96abe1ebbd8611782fa57d?s=96&d=blank&r=g\",\"caption\":\"Mats Lilja\"},\"url\":\"https:\/\/www.budokampsport.se\/author\/mats-lilja\/\"}]}<\/script>\n<!-- \/ Yoast SEO plugin. -->","yoast_head_json":{"title":"RF: Tr\u00e4ning f\u00f6r barn och ungdomar f\u00e5r forts\u00e4tta - Svenska Budo &amp; Kampsportsf\u00f6rbundet","description":"CORONA | Sedan i tisdags (24\/11) g\u00e4ller sk\u00e4rpta regler f\u00f6r allm\u00e4nna sammankomster och offentliga tillst\u00e4llningar. Men detta g\u00e4ller inte ungdomstr\u00e4ningar, f\u00f6rtydligar Riksidrottsf\u00f6rbundet.","robots":{"index":"index","follow":"follow","max-snippet":"max-snippet:-1","max-image-preview":"max-image-preview:large","max-video-preview":"max-video-preview:-1"},"canonical":"https:\/\/www.budokampsport.se\/2020\/11\/26\/rf-traning-for-barn-och-ungdomar-far-fortsatta\/","og_locale":"sv_SE","og_type":"article","og_title":"RF: Tr\u00e4ning f\u00f6r barn och ungdomar f\u00e5r forts\u00e4tta - Svenska Budo &amp; Kampsportsf\u00f6rbundet","og_description":"CORONA | Sedan i tisdags (24\/11) g\u00e4ller sk\u00e4rpta regler f\u00f6r allm\u00e4nna sammankomster och offentliga tillst\u00e4llningar. Men detta g\u00e4ller inte ungdomstr\u00e4ningar, f\u00f6rtydligar Riksidrottsf\u00f6rbundet.","og_url":"https:\/\/www.budokampsport.se\/2020\/11\/26\/rf-traning-for-barn-och-ungdomar-far-fortsatta\/","og_site_name":"Svenska Budo &amp; Kampsportsf\u00f6rbundet","article_published_time":"2020-11-26T10:00:08+00:00","article_modified_time":"2020-11-26T10:02:23+00:00","og_image":[{"width":850,"height":494,"url":"https:\/\/www.budokampsport.se\/wp-content\/uploads\/2020\/11\/BB190518MT002-850px.jpg","type":"image\/jpeg"}],"author":"Mats Lilja","twitter_card":"summary_large_image","twitter_misc":{"Skriven av":"Mats Lilja","Ber\u00e4knad l\u00e4stid":"1 minut"},"schema":{"@context":"https:\/\/schema.org","@graph":[{"@type":"Article","@id":"https:\/\/www.budokampsport.se\/2020\/11\/26\/rf-traning-for-barn-och-ungdomar-far-fortsatta\/#article","isPartOf":{"@id":"https:\/\/www.budokampsport.se\/2020\/11\/26\/rf-traning-for-barn-och-ungdomar-far-fortsatta\/"},"author":{"name":"Mats Lilja","@id":"https:\/\/www.budokampsport.se\/#\/schema\/person\/d80c0bc61f1787703168fc250ce69522"},"headline":"RF: Tr\u00e4ning f\u00f6r barn och ungdomar f\u00e5r forts\u00e4tta","datePublished":"2020-11-26T10:00:08+00:00","dateModified":"2020-11-26T10:02:23+00:00","mainEntityOfPage":{"@id":"https:\/\/www.budokampsport.se\/2020\/11\/26\/rf-traning-for-barn-och-ungdomar-far-fortsatta\/"},"wordCount":185,"commentCount":1,"image":{"@id":"https:\/\/www.budokampsport.se\/2020\/11\/26\/rf-traning-for-barn-och-ungdomar-far-fortsatta\/#primaryimage"},"thumbnailUrl":"https:\/\/www.budokampsport.se\/wp-content\/uploads\/2020\/11\/BB190518MT002-850px.jpg","inLanguage":"sv-SE","potentialAction":[{"@type":"CommentAction","name":"Comment","target":["https:\/\/www.budokampsport.se\/2020\/11\/26\/rf-traning-for-barn-och-ungdomar-far-fortsatta\/#respond"]}]},{"@type":"WebPage","@id":"https:\/\/www.budokampsport.se\/2020\/11\/26\/rf-traning-for-barn-och-ungdomar-far-fortsatta\/","url":"https:\/\/www.budokampsport.se\/2020\/11\/26\/rf-traning-for-barn-och-ungdomar-far-fortsatta\/","name":"RF: Tr\u00e4ning f\u00f6r barn och ungdomar f\u00e5r forts\u00e4tta - Svenska Budo &amp; Kampsportsf\u00f6rbundet","isPartOf":{"@id":"https:\/\/www.budokampsport.se\/#website"},"primaryImageOfPage":{"@id":"https:\/\/www.budokampsport.se\/2020\/11\/26\/rf-traning-for-barn-och-ungdomar-far-fortsatta\/#primaryimage"},"image":{"@id":"https:\/\/www.budokampsport.se\/2020\/11\/26\/rf-traning-for-barn-och-ungdomar-far-fortsatta\/#primaryimage"},"thumbnailUrl":"https:\/\/www.budokampsport.se\/wp-content\/uploads\/2020\/11\/BB190518MT002-850px.jpg","datePublished":"2020-11-26T10:00:08+00:00","dateModified":"2020-11-26T10:02:23+00:00","author":{"@id":"https:\/\/www.budokampsport.se\/#\/schema\/person\/d80c0bc61f1787703168fc250ce69522"},"description":"CORONA | Sedan i tisdags (24\/11) g\u00e4ller sk\u00e4rpta regler f\u00f6r allm\u00e4nna sammankomster och offentliga tillst\u00e4llningar. Men detta g\u00e4ller inte ungdomstr\u00e4ningar, f\u00f6rtydligar Riksidrottsf\u00f6rbundet.","breadcrumb":{"@id":"https:\/\/www.budokampsport.se\/2020\/11\/26\/rf-traning-for-barn-och-ungdomar-far-fortsatta\/#breadcrumb"},"inLanguage":"sv-SE","potentialAction":[{"@type":"ReadAction","target":["https:\/\/www.budokampsport.se\/2020\/11\/26\/rf-traning-for-barn-och-ungdomar-far-fortsatta\/"]}]},{"@type":"ImageObject","inLanguage":"sv-SE","@id":"https:\/\/www.budokampsport.se\/2020\/11\/26\/rf-traning-for-barn-och-ungdomar-far-fortsatta\/#primaryimage","url":"https:\/\/www.budokampsport.se\/wp-content\/uploads\/2020\/11\/BB190518MT002-850px.jpg","contentUrl":"https:\/\/www.budokampsport.se\/wp-content\/uploads\/2020\/11\/BB190518MT002-850px.jpg","width":850,"height":494,"caption":"190518 Ett barn som ut\u00f6var ett slag under en karatetr\u00e4ning f\u00f6r vuxna och barn den 18 maj 2019 i Stockholm. Foto: Maxim Thor\u00e9 \/ BILDBYR\u00c5N"},{"@type":"BreadcrumbList","@id":"https:\/\/www.budokampsport.se\/2020\/11\/26\/rf-traning-for-barn-och-ungdomar-far-fortsatta\/#breadcrumb","itemListElement":[{"@type":"ListItem","position":1,"name":"Hem","item":"https:\/\/www.budokampsport.se\/"},{"@type":"ListItem","position":2,"name":"RF: Tr\u00e4ning f\u00f6r barn och ungdomar f\u00e5r forts\u00e4tta"}]},{"@type":"WebSite","@id":"https:\/\/www.budokampsport.se\/#website","url":"https:\/\/www.budokampsport.se\/","name":"Svenska Budo &amp; Kampsportsf\u00f6rbundet","description":"T\u00e4vling, Tr\u00e4ning, Tradition","potentialAction":[{"@type":"SearchAction","target":{"@type":"EntryPoint","urlTemplate":"https:\/\/www.budokampsport.se\/?s={search_term_string}"},"query-input":{"@type":"PropertyValueSpecification","valueRequired":true,"valueName":"search_term_string"}}],"inLanguage":"sv-SE"},{"@type":"Person","@id":"https:\/\/www.budokampsport.se\/#\/schema\/person\/d80c0bc61f1787703168fc250ce69522","name":"Mats Lilja","image":{"@type":"ImageObject","inLanguage":"sv-SE","@id":"https:\/\/www.budokampsport.se\/#\/schema\/person\/image\/","url":"https:\/\/secure.gravatar.com\/avatar\/607f84918e96abe1ebbd8611782fa57d?s=96&d=blank&r=g","contentUrl":"https:\/\/secure.gravatar.com\/avatar\/607f84918e96abe1ebbd8611782fa57d?s=96&d=blank&r=g","caption":"Mats Lilja"},"url":"https:\/\/www.budokampsport.se\/author\/mats-lilja\/"}]}},"_links":{"self":[{"href":"https:\/\/www.budokampsport.se\/api\/wp\/v2\/posts\/122892","targetHints":{"allow":["GET"]}}],"collection":[{"href":"https:\/\/www.budokampsport.se\/api\/wp\/v2\/posts"}],"about":[{"href":"https:\/\/www.budokampsport.se\/api\/wp\/v2\/types\/post"}],"author":[{"embeddable":true,"href":"https:\/\/www.budokampsport.se\/api\/wp\/v2\/users\/914"}],"replies":[{"embeddable":true,"href":"https:\/\/www.budokampsport.se\/api\/wp\/v2\/comments?post=122892"}],"version-history":[{"count":0,"href":"https:\/\/www.budokampsport.se\/api\/wp\/v2\/posts\/122892\/revisions"}],"wp:featuredmedia":[{"embeddable":true,"href":"https:\/\/www.budokampsport.se\/api\/wp\/v2\/media\/122891"}],"wp:attachment":[{"href":"https:\/\/www.budokampsport.se\/api\/wp\/v2\/media?parent=122892"}],"wp:term":[{"taxonomy":"category","embeddable":true,"href":"https:\/\/www.budokampsport.se\/api\/wp\/v2\/categories?post=122892"},{"taxonomy":"post_tag","embeddable":true,"href":"https:\/\/www.budokampsport.se\/api\/wp\/v2\/tags?post=122892"}],"curies":[{"name":"wp","href":"https:\/\/api.w.org\/{rel}","templated":true}]}}