{"id":122905,"date":"2020-11-27T10:56:58","date_gmt":"2020-11-27T09:56:58","guid":{"rendered":"https:\/\/www.budokampsport.se\/?p=122905"},"modified":"2020-11-28T10:49:13","modified_gmt":"2020-11-28T09:49:13","slug":"infor-superior-challenge-21","status":"publish","type":"post","link":"https:\/\/www.budokampsport.se\/2020\/11\/27\/infor-superior-challenge-21\/","title":{"rendered":"Inf\u00f6r Superior Challenge 21"},"content":{"rendered":"<p>P\u00e5 l\u00f6rdag kv\u00e4ll anordnas den 21:a upplagan av Superior Challenge p\u00e5 Stockholmsm\u00e4ssan i \u00c4lvsj\u00f6.\u00a0Trots restriktionerna som r\u00e5der har galan f\u00e5tt gr\u00f6nt ljus eftersom det r\u00f6r sig om yrkesm\u00e4ssig idrott.<\/p>\n<p>Helt utan dramatik har det \u00e4nd\u00e5 inte varit eftersom flera bokade fighters f\u00e5tt l\u00e4mna \u00e5terbud pga b\u00e5de sjukdomar och skador \u2013 exempelvis saknas nu Simon Sk\u00f6ld, David Bielkheden och Serdar Altas.<\/p>\n<p>Dessutom s\u00e5 drog irl\u00e4ndaren Chris Fields sig ur den tillt\u00e4nkta matchen mot Karl Albrektsson av personliga sk\u00e4l. Bellatorstj\u00e4rnan <em>King Karl<\/em> f\u00e5r nu ist\u00e4llet m\u00f6ta den rutinerade brasilianaren Amilcar Alves, som med kort varsel kliver in som ers\u00e4ttare till Fields.<\/p>\n<p><img loading=\"lazy\" decoding=\"async\" class=\"aligncenter size-full wp-image-122893\" src=\"https:\/\/www.budokampsport.se\/wp-content\/uploads\/2020\/11\/krFyJmqQ-850px.jpg\" alt=\"\" width=\"850\" height=\"490\" srcset=\"https:\/\/www.budokampsport.se\/wp-content\/uploads\/2020\/11\/krFyJmqQ-850px.jpg 850w, https:\/\/www.budokampsport.se\/wp-content\/uploads\/2020\/11\/krFyJmqQ-850px-600x346.jpg 600w, https:\/\/www.budokampsport.se\/wp-content\/uploads\/2020\/11\/krFyJmqQ-850px-376x217.jpg 376w, https:\/\/www.budokampsport.se\/wp-content\/uploads\/2020\/11\/krFyJmqQ-850px-847x488.jpg 847w, https:\/\/www.budokampsport.se\/wp-content\/uploads\/2020\/11\/krFyJmqQ-850px-278x160.jpg 278w, https:\/\/www.budokampsport.se\/wp-content\/uploads\/2020\/11\/krFyJmqQ-850px-572x330.jpg 572w\" sizes=\"auto, (max-width: 850px) 100vw, 850px\" \/><\/p>\n<p>Galan kommer att ha hela Stockholmsm\u00e4ssans A-hall till sitt f\u00f6rfogande \u2013 en enorm lokal p\u00e5 n\u00e4stan 30 000 kvm d\u00e4r oktagonen och de tillh\u00f6rande sittplatserna placerats i mitten och bara tar en br\u00e5kdel av ytan i anspr\u00e5k. N\u00e5gon publik blir det f\u00f6rst\u00e5s inte p\u00e5 plats med tanke p\u00e5 restriktionerna i samh\u00e4llet.<\/p>\n<p>Totalt avg\u00f6rs sju matcher under galan, d\u00e4r hela 12 av 14 fighters \u00e4r svenska. Huvudkort \u00e4r m\u00f6tet mellan Adam Westlund och Tobias Harila.<\/p>\n<p>Galans arrang\u00f6r Babak Ashti hoppas kunna ge galan en filmisk inramning, d\u00e4r tankarna ska g\u00e5 till klassiska kampsportsfilmer fr\u00e5n 1970- och 80-talet.<\/p>\n<p>\u2212\u00a0Jag kollade mycket p\u00e5 Bruce Lee och (Jean-Claude) van Damme n\u00e4r jag var yngre och vi vill f\u00f6rs\u00f6ka att anv\u00e4nda filmkonceptet i kombination med kampsporten.<\/p>\n<p>Att galan avg\u00f6rs utan publik inneb\u00e4r en ekonomisk sm\u00e4ll f\u00f6r arrang\u00f6rerna men f\u00f6rhoppningen \u00e4r att tv-produktionen ska bli minst lika bra som i vanliga fall.<\/p>\n<p>\u2212\u00a0Det \u00e4r klart att atmosf\u00e4ren i hallen f\u00f6rsvinner lite utan publik, s\u00e4ger Babak Ashti. Men jag tror ocks\u00e5 att k\u00e4nslan blir lite mer \u00e4kta, nu blir det bara fokus p\u00e5 atleterna. Man kommer att h\u00f6ra varje steg de tar i ringen och \u00e4ven tr\u00e4narna kommer att h\u00f6ras mer.<\/p>\n<p>Och f\u00f6rhoppningen finns att nya stj\u00e4rnor t\u00e4nds p\u00e5 l\u00f6rdag.<\/p>\n<p>\u2212\u00a0Vi har tidigare producerat 30 fighters som g\u00e5tt vidare fr\u00e5n Superior till UFC och Bellator, s\u00e4ger Babak Ashti som g\u00e4rna kallar Superior f\u00f6r \u201dden st\u00f6rsta kampsportsgalan i Norden\u201d.<\/p>\n<p>&nbsp;<\/p>\n<p><span style=\"font-size: 18pt;\"><strong>Fullst\u00e4ndigt matchkort:<\/strong><\/span><\/p>\n<table style=\"border-collapse: collapse; width: 100%;\">\n<tbody>\n<tr style=\"height: 23px;\">\n<td style=\"height: 23px; width: 45%;\"><img loading=\"lazy\" decoding=\"async\" class=\"alignnone wp-image-122883 size-full\" src=\"https:\/\/www.budokampsport.se\/wp-content\/uploads\/2020\/11\/sweden-flag-icon-16.png\" alt=\"\" width=\"16\" height=\"10\" \/> Adam Westlund<\/td>\n<td style=\"text-align: center; height: 23px; width: 10%;\">vs<\/td>\n<td style=\"height: 23px; width: 45%;\"><img loading=\"lazy\" decoding=\"async\" class=\"alignnone wp-image-122883 size-full\" src=\"https:\/\/www.budokampsport.se\/wp-content\/uploads\/2020\/11\/sweden-flag-icon-16.png\" alt=\"\" width=\"16\" height=\"10\" \/> Tobias Harila<\/td>\n<\/tr>\n<tr style=\"height: 23px;\">\n<td style=\"height: 23px; width: 45%;\"><img loading=\"lazy\" decoding=\"async\" class=\"alignnone wp-image-122883 size-full\" src=\"https:\/\/www.budokampsport.se\/wp-content\/uploads\/2020\/11\/sweden-flag-icon-16.png\" alt=\"\" width=\"16\" height=\"10\" \/> Karl Albrektsson<\/td>\n<td style=\"text-align: center; height: 23px; width: 10%;\">vs<\/td>\n<td style=\"height: 23px; width: 45%;\"><img loading=\"lazy\" decoding=\"async\" class=\"size-full wp-image-122884 alignnone\" src=\"https:\/\/www.budokampsport.se\/wp-content\/uploads\/2020\/11\/brazil-flag-icon-16.png\" alt=\"Brasiliens flagga\" width=\"16\" height=\"11\" \/> <span style=\"font-family: inherit; font-size: inherit;\">Amilcar Alves<\/span><\/td>\n<\/tr>\n<tr style=\"height: 23px;\">\n<td style=\"height: 23px; width: 45%;\"><img loading=\"lazy\" decoding=\"async\" class=\"alignnone wp-image-122883 size-full\" src=\"https:\/\/www.budokampsport.se\/wp-content\/uploads\/2020\/11\/sweden-flag-icon-16.png\" alt=\"\" width=\"16\" height=\"10\" \/> Bartosz W\u00f3j\u0107ikiewicz<\/td>\n<td style=\"text-align: center; height: 23px; width: 10%;\">vs<\/td>\n<td style=\"height: 23px; width: 45%;\"><img loading=\"lazy\" decoding=\"async\" class=\"alignnone wp-image-122883 size-full\" src=\"https:\/\/www.budokampsport.se\/wp-content\/uploads\/2020\/11\/sweden-flag-icon-16.png\" alt=\"\" width=\"16\" height=\"10\" \/> Anton Larsson *<\/td>\n<\/tr>\n<tr style=\"height: 23px;\">\n<td style=\"height: 23px; width: 45%;\"><img loading=\"lazy\" decoding=\"async\" class=\"alignnone wp-image-122883 size-full\" src=\"https:\/\/www.budokampsport.se\/wp-content\/uploads\/2020\/11\/sweden-flag-icon-16.png\" alt=\"\" width=\"16\" height=\"10\" \/> Robin Roos<\/td>\n<td style=\"text-align: center; height: 23px; width: 10%;\">vs<\/td>\n<td style=\"height: 23px; width: 45%;\"><img loading=\"lazy\" decoding=\"async\" class=\"size-full wp-image-122885 alignnone\" src=\"https:\/\/www.budokampsport.se\/wp-content\/uploads\/2020\/11\/spain-flag-icon-16.png\" alt=\"Spaniens flagga\" width=\"16\" height=\"11\" \/>\u00a0Cristian Corujo<\/td>\n<\/tr>\n<tr style=\"height: 23px;\">\n<td style=\"height: 23px; width: 45%;\"><img loading=\"lazy\" decoding=\"async\" class=\"alignnone wp-image-122883 size-full\" src=\"https:\/\/www.budokampsport.se\/wp-content\/uploads\/2020\/11\/sweden-flag-icon-16.png\" alt=\"\" width=\"16\" height=\"10\" \/> Fernando Flores<\/td>\n<td style=\"text-align: center; height: 23px; width: 10%;\">vs<\/td>\n<td style=\"height: 23px; width: 45%;\"><img loading=\"lazy\" decoding=\"async\" class=\"alignnone wp-image-122883 size-full\" src=\"https:\/\/www.budokampsport.se\/wp-content\/uploads\/2020\/11\/sweden-flag-icon-16.png\" alt=\"\" width=\"16\" height=\"10\" \/> Robert Nystr\u00f6m<\/td>\n<\/tr>\n<tr style=\"height: 23px;\">\n<td style=\"height: 23px; width: 45%;\"><img loading=\"lazy\" decoding=\"async\" class=\"alignnone wp-image-122883 size-full\" src=\"https:\/\/www.budokampsport.se\/wp-content\/uploads\/2020\/11\/sweden-flag-icon-16.png\" alt=\"\" width=\"16\" height=\"10\" \/> Moraad Moreno<\/td>\n<td style=\"text-align: center; height: 23px; width: 10%;\">vs<\/td>\n<td style=\"height: 23px; width: 45%;\"><img loading=\"lazy\" decoding=\"async\" class=\"alignnone wp-image-122883 size-full\" src=\"https:\/\/www.budokampsport.se\/wp-content\/uploads\/2020\/11\/sweden-flag-icon-16.png\" alt=\"\" width=\"16\" height=\"10\" \/> Oskar Biller<\/td>\n<\/tr>\n<tr style=\"height: 23px;\">\n<td style=\"height: 23px; width: 45%;\"><img loading=\"lazy\" decoding=\"async\" class=\"alignnone wp-image-122883 size-full\" src=\"https:\/\/www.budokampsport.se\/wp-content\/uploads\/2020\/11\/sweden-flag-icon-16.png\" alt=\"\" width=\"16\" height=\"10\" \/> Fadi Asfar<\/td>\n<td style=\"text-align: center; height: 23px; width: 10%;\">vs<\/td>\n<td style=\"height: 23px; width: 45%;\"><img loading=\"lazy\" decoding=\"async\" class=\"alignnone wp-image-122883 size-full\" src=\"https:\/\/www.budokampsport.se\/wp-content\/uploads\/2020\/11\/sweden-flag-icon-16.png\" alt=\"\" width=\"16\" height=\"10\" \/> Shoeb Akrami<\/td>\n<\/tr>\n<\/tbody>\n<\/table>\n<p>&nbsp;<\/p>\n<p><em>* = Anton Larsson ersatte Raymison Bruno under fredagen.<\/em><\/p>\n<p>Galan b\u00f6rjar 19:00 den 28 november och s\u00e4nds p\u00e5 TV10\/Viaplay samt FiteTV.<\/p>\n<p>Text: Mats Lilja<br \/>\nFoto: Bildbyr\u00e5n (arkiv)<\/p>\n","protected":false},"excerpt":{"rendered":"<p>MMA | Mycket av t\u00e4vlingsidrotten st\u00e5r stilla just nu i kampsportssverige. Men till helgen \u00e4r det \u00e4ntligen dags f\u00f6r gala igen.<\/p><br>","protected":false},"author":914,"featured_media":122886,"comment_status":"open","ping_status":"open","sticky":false,"template":"","format":"standard","meta":{"_acf_changed":false,"footnotes":""},"categories":[1],"tags":[],"class_list":["post-122905","post","type-post","status-publish","format-standard","has-post-thumbnail","hentry","category-okategoriserade"],"acf":[],"yoast_head":"<!-- This site is optimized with the Yoast SEO plugin v26.8 - https:\/\/yoast.com\/product\/yoast-seo-wordpress\/ -->\n<title>Inf\u00f6r Superior Challenge 21 - Svenska Budo &amp; Kampsportsf\u00f6rbundet<\/title>\n<meta name=\"description\" content=\"MMA | Mycket av t\u00e4vlingsidrotten st\u00e5r stilla just nu i kampsportssverige. Men till helgen \u00e4r det \u00e4ntligen dags f\u00f6r gala igen.\" \/>\n<meta name=\"robots\" content=\"index, follow, max-snippet:-1, max-image-preview:large, max-video-preview:-1\" \/>\n<link rel=\"canonical\" href=\"https:\/\/www.budokampsport.se\/2020\/11\/27\/infor-superior-challenge-21\/\" \/>\n<meta property=\"og:locale\" content=\"sv_SE\" \/>\n<meta property=\"og:type\" content=\"article\" \/>\n<meta property=\"og:title\" content=\"Inf\u00f6r Superior Challenge 21 - Svenska Budo &amp; Kampsportsf\u00f6rbundet\" \/>\n<meta property=\"og:description\" content=\"MMA | Mycket av t\u00e4vlingsidrotten st\u00e5r stilla just nu i kampsportssverige. Men till helgen \u00e4r det \u00e4ntligen dags f\u00f6r gala igen.\" \/>\n<meta property=\"og:url\" content=\"https:\/\/www.budokampsport.se\/2020\/11\/27\/infor-superior-challenge-21\/\" \/>\n<meta property=\"og:site_name\" content=\"Svenska Budo &amp; Kampsportsf\u00f6rbundet\" \/>\n<meta property=\"article:published_time\" content=\"2020-11-27T09:56:58+00:00\" \/>\n<meta property=\"article:modified_time\" content=\"2020-11-28T09:49:13+00:00\" \/>\n<meta property=\"og:image\" content=\"https:\/\/www.budokampsport.se\/wp-content\/uploads\/2020\/11\/BB150516DN001-850px.jpg\" \/>\n\t<meta property=\"og:image:width\" content=\"850\" \/>\n\t<meta property=\"og:image:height\" content=\"437\" \/>\n\t<meta property=\"og:image:type\" content=\"image\/jpeg\" \/>\n<meta name=\"author\" content=\"Mats Lilja\" \/>\n<meta name=\"twitter:card\" content=\"summary_large_image\" \/>\n<meta name=\"twitter:label1\" content=\"Skriven av\" \/>\n\t<meta name=\"twitter:data1\" content=\"Mats Lilja\" \/>\n\t<meta name=\"twitter:label2\" content=\"Ber\u00e4knad l\u00e4stid\" \/>\n\t<meta name=\"twitter:data2\" content=\"2 minuter\" \/>\n<script type=\"application\/ld+json\" class=\"yoast-schema-graph\">{\"@context\":\"https:\/\/schema.org\",\"@graph\":[{\"@type\":\"Article\",\"@id\":\"https:\/\/www.budokampsport.se\/2020\/11\/27\/infor-superior-challenge-21\/#article\",\"isPartOf\":{\"@id\":\"https:\/\/www.budokampsport.se\/2020\/11\/27\/infor-superior-challenge-21\/\"},\"author\":{\"name\":\"Mats Lilja\",\"@id\":\"https:\/\/www.budokampsport.se\/#\/schema\/person\/d80c0bc61f1787703168fc250ce69522\"},\"headline\":\"Inf\u00f6r Superior Challenge 21\",\"datePublished\":\"2020-11-27T09:56:58+00:00\",\"dateModified\":\"2020-11-28T09:49:13+00:00\",\"mainEntityOfPage\":{\"@id\":\"https:\/\/www.budokampsport.se\/2020\/11\/27\/infor-superior-challenge-21\/\"},\"wordCount\":462,\"commentCount\":0,\"image\":{\"@id\":\"https:\/\/www.budokampsport.se\/2020\/11\/27\/infor-superior-challenge-21\/#primaryimage\"},\"thumbnailUrl\":\"https:\/\/www.budokampsport.se\/wp-content\/uploads\/2020\/11\/BB150516DN001-850px.jpg\",\"inLanguage\":\"sv-SE\",\"potentialAction\":[{\"@type\":\"CommentAction\",\"name\":\"Comment\",\"target\":[\"https:\/\/www.budokampsport.se\/2020\/11\/27\/infor-superior-challenge-21\/#respond\"]}]},{\"@type\":\"WebPage\",\"@id\":\"https:\/\/www.budokampsport.se\/2020\/11\/27\/infor-superior-challenge-21\/\",\"url\":\"https:\/\/www.budokampsport.se\/2020\/11\/27\/infor-superior-challenge-21\/\",\"name\":\"Inf\u00f6r Superior Challenge 21 - Svenska Budo &amp; Kampsportsf\u00f6rbundet\",\"isPartOf\":{\"@id\":\"https:\/\/www.budokampsport.se\/#website\"},\"primaryImageOfPage\":{\"@id\":\"https:\/\/www.budokampsport.se\/2020\/11\/27\/infor-superior-challenge-21\/#primaryimage\"},\"image\":{\"@id\":\"https:\/\/www.budokampsport.se\/2020\/11\/27\/infor-superior-challenge-21\/#primaryimage\"},\"thumbnailUrl\":\"https:\/\/www.budokampsport.se\/wp-content\/uploads\/2020\/11\/BB150516DN001-850px.jpg\",\"datePublished\":\"2020-11-27T09:56:58+00:00\",\"dateModified\":\"2020-11-28T09:49:13+00:00\",\"author\":{\"@id\":\"https:\/\/www.budokampsport.se\/#\/schema\/person\/d80c0bc61f1787703168fc250ce69522\"},\"description\":\"MMA | Mycket av t\u00e4vlingsidrotten st\u00e5r stilla just nu i kampsportssverige. Men till helgen \u00e4r det \u00e4ntligen dags f\u00f6r gala igen.\",\"breadcrumb\":{\"@id\":\"https:\/\/www.budokampsport.se\/2020\/11\/27\/infor-superior-challenge-21\/#breadcrumb\"},\"inLanguage\":\"sv-SE\",\"potentialAction\":[{\"@type\":\"ReadAction\",\"target\":[\"https:\/\/www.budokampsport.se\/2020\/11\/27\/infor-superior-challenge-21\/\"]}]},{\"@type\":\"ImageObject\",\"inLanguage\":\"sv-SE\",\"@id\":\"https:\/\/www.budokampsport.se\/2020\/11\/27\/infor-superior-challenge-21\/#primaryimage\",\"url\":\"https:\/\/www.budokampsport.se\/wp-content\/uploads\/2020\/11\/BB150516DN001-850px.jpg\",\"contentUrl\":\"https:\/\/www.budokampsport.se\/wp-content\/uploads\/2020\/11\/BB150516DN001-850px.jpg\",\"width\":850,\"height\":437,\"caption\":\"150516 MMA Superior Challenge i Baltiska hallen den16 Maj 2015 i Malm\u00f6. Foto: Daniel Nilsson \/ BILDBYR\u00c5N \/ Cop 42\"},{\"@type\":\"BreadcrumbList\",\"@id\":\"https:\/\/www.budokampsport.se\/2020\/11\/27\/infor-superior-challenge-21\/#breadcrumb\",\"itemListElement\":[{\"@type\":\"ListItem\",\"position\":1,\"name\":\"Hem\",\"item\":\"https:\/\/www.budokampsport.se\/\"},{\"@type\":\"ListItem\",\"position\":2,\"name\":\"Inf\u00f6r Superior Challenge 21\"}]},{\"@type\":\"WebSite\",\"@id\":\"https:\/\/www.budokampsport.se\/#website\",\"url\":\"https:\/\/www.budokampsport.se\/\",\"name\":\"Svenska Budo &amp; Kampsportsf\u00f6rbundet\",\"description\":\"T\u00e4vling, Tr\u00e4ning, Tradition\",\"potentialAction\":[{\"@type\":\"SearchAction\",\"target\":{\"@type\":\"EntryPoint\",\"urlTemplate\":\"https:\/\/www.budokampsport.se\/?s={search_term_string}\"},\"query-input\":{\"@type\":\"PropertyValueSpecification\",\"valueRequired\":true,\"valueName\":\"search_term_string\"}}],\"inLanguage\":\"sv-SE\"},{\"@type\":\"Person\",\"@id\":\"https:\/\/www.budokampsport.se\/#\/schema\/person\/d80c0bc61f1787703168fc250ce69522\",\"name\":\"Mats Lilja\",\"image\":{\"@type\":\"ImageObject\",\"inLanguage\":\"sv-SE\",\"@id\":\"https:\/\/www.budokampsport.se\/#\/schema\/person\/image\/\",\"url\":\"https:\/\/secure.gravatar.com\/avatar\/607f84918e96abe1ebbd8611782fa57d?s=96&d=blank&r=g\",\"contentUrl\":\"https:\/\/secure.gravatar.com\/avatar\/607f84918e96abe1ebbd8611782fa57d?s=96&d=blank&r=g\",\"caption\":\"Mats Lilja\"},\"url\":\"https:\/\/www.budokampsport.se\/author\/mats-lilja\/\"}]}<\/script>\n<!-- \/ Yoast SEO plugin. -->","yoast_head_json":{"title":"Inf\u00f6r Superior Challenge 21 - Svenska Budo &amp; Kampsportsf\u00f6rbundet","description":"MMA | Mycket av t\u00e4vlingsidrotten st\u00e5r stilla just nu i kampsportssverige. Men till helgen \u00e4r det \u00e4ntligen dags f\u00f6r gala igen.","robots":{"index":"index","follow":"follow","max-snippet":"max-snippet:-1","max-image-preview":"max-image-preview:large","max-video-preview":"max-video-preview:-1"},"canonical":"https:\/\/www.budokampsport.se\/2020\/11\/27\/infor-superior-challenge-21\/","og_locale":"sv_SE","og_type":"article","og_title":"Inf\u00f6r Superior Challenge 21 - Svenska Budo &amp; Kampsportsf\u00f6rbundet","og_description":"MMA | Mycket av t\u00e4vlingsidrotten st\u00e5r stilla just nu i kampsportssverige. Men till helgen \u00e4r det \u00e4ntligen dags f\u00f6r gala igen.","og_url":"https:\/\/www.budokampsport.se\/2020\/11\/27\/infor-superior-challenge-21\/","og_site_name":"Svenska Budo &amp; Kampsportsf\u00f6rbundet","article_published_time":"2020-11-27T09:56:58+00:00","article_modified_time":"2020-11-28T09:49:13+00:00","og_image":[{"width":850,"height":437,"url":"https:\/\/www.budokampsport.se\/wp-content\/uploads\/2020\/11\/BB150516DN001-850px.jpg","type":"image\/jpeg"}],"author":"Mats Lilja","twitter_card":"summary_large_image","twitter_misc":{"Skriven av":"Mats Lilja","Ber\u00e4knad l\u00e4stid":"2 minuter"},"schema":{"@context":"https:\/\/schema.org","@graph":[{"@type":"Article","@id":"https:\/\/www.budokampsport.se\/2020\/11\/27\/infor-superior-challenge-21\/#article","isPartOf":{"@id":"https:\/\/www.budokampsport.se\/2020\/11\/27\/infor-superior-challenge-21\/"},"author":{"name":"Mats Lilja","@id":"https:\/\/www.budokampsport.se\/#\/schema\/person\/d80c0bc61f1787703168fc250ce69522"},"headline":"Inf\u00f6r Superior Challenge 21","datePublished":"2020-11-27T09:56:58+00:00","dateModified":"2020-11-28T09:49:13+00:00","mainEntityOfPage":{"@id":"https:\/\/www.budokampsport.se\/2020\/11\/27\/infor-superior-challenge-21\/"},"wordCount":462,"commentCount":0,"image":{"@id":"https:\/\/www.budokampsport.se\/2020\/11\/27\/infor-superior-challenge-21\/#primaryimage"},"thumbnailUrl":"https:\/\/www.budokampsport.se\/wp-content\/uploads\/2020\/11\/BB150516DN001-850px.jpg","inLanguage":"sv-SE","potentialAction":[{"@type":"CommentAction","name":"Comment","target":["https:\/\/www.budokampsport.se\/2020\/11\/27\/infor-superior-challenge-21\/#respond"]}]},{"@type":"WebPage","@id":"https:\/\/www.budokampsport.se\/2020\/11\/27\/infor-superior-challenge-21\/","url":"https:\/\/www.budokampsport.se\/2020\/11\/27\/infor-superior-challenge-21\/","name":"Inf\u00f6r Superior Challenge 21 - Svenska Budo &amp; Kampsportsf\u00f6rbundet","isPartOf":{"@id":"https:\/\/www.budokampsport.se\/#website"},"primaryImageOfPage":{"@id":"https:\/\/www.budokampsport.se\/2020\/11\/27\/infor-superior-challenge-21\/#primaryimage"},"image":{"@id":"https:\/\/www.budokampsport.se\/2020\/11\/27\/infor-superior-challenge-21\/#primaryimage"},"thumbnailUrl":"https:\/\/www.budokampsport.se\/wp-content\/uploads\/2020\/11\/BB150516DN001-850px.jpg","datePublished":"2020-11-27T09:56:58+00:00","dateModified":"2020-11-28T09:49:13+00:00","author":{"@id":"https:\/\/www.budokampsport.se\/#\/schema\/person\/d80c0bc61f1787703168fc250ce69522"},"description":"MMA | Mycket av t\u00e4vlingsidrotten st\u00e5r stilla just nu i kampsportssverige. Men till helgen \u00e4r det \u00e4ntligen dags f\u00f6r gala igen.","breadcrumb":{"@id":"https:\/\/www.budokampsport.se\/2020\/11\/27\/infor-superior-challenge-21\/#breadcrumb"},"inLanguage":"sv-SE","potentialAction":[{"@type":"ReadAction","target":["https:\/\/www.budokampsport.se\/2020\/11\/27\/infor-superior-challenge-21\/"]}]},{"@type":"ImageObject","inLanguage":"sv-SE","@id":"https:\/\/www.budokampsport.se\/2020\/11\/27\/infor-superior-challenge-21\/#primaryimage","url":"https:\/\/www.budokampsport.se\/wp-content\/uploads\/2020\/11\/BB150516DN001-850px.jpg","contentUrl":"https:\/\/www.budokampsport.se\/wp-content\/uploads\/2020\/11\/BB150516DN001-850px.jpg","width":850,"height":437,"caption":"150516 MMA Superior Challenge i Baltiska hallen den16 Maj 2015 i Malm\u00f6. Foto: Daniel Nilsson \/ BILDBYR\u00c5N \/ Cop 42"},{"@type":"BreadcrumbList","@id":"https:\/\/www.budokampsport.se\/2020\/11\/27\/infor-superior-challenge-21\/#breadcrumb","itemListElement":[{"@type":"ListItem","position":1,"name":"Hem","item":"https:\/\/www.budokampsport.se\/"},{"@type":"ListItem","position":2,"name":"Inf\u00f6r Superior Challenge 21"}]},{"@type":"WebSite","@id":"https:\/\/www.budokampsport.se\/#website","url":"https:\/\/www.budokampsport.se\/","name":"Svenska Budo &amp; Kampsportsf\u00f6rbundet","description":"T\u00e4vling, Tr\u00e4ning, Tradition","potentialAction":[{"@type":"SearchAction","target":{"@type":"EntryPoint","urlTemplate":"https:\/\/www.budokampsport.se\/?s={search_term_string}"},"query-input":{"@type":"PropertyValueSpecification","valueRequired":true,"valueName":"search_term_string"}}],"inLanguage":"sv-SE"},{"@type":"Person","@id":"https:\/\/www.budokampsport.se\/#\/schema\/person\/d80c0bc61f1787703168fc250ce69522","name":"Mats Lilja","image":{"@type":"ImageObject","inLanguage":"sv-SE","@id":"https:\/\/www.budokampsport.se\/#\/schema\/person\/image\/","url":"https:\/\/secure.gravatar.com\/avatar\/607f84918e96abe1ebbd8611782fa57d?s=96&d=blank&r=g","contentUrl":"https:\/\/secure.gravatar.com\/avatar\/607f84918e96abe1ebbd8611782fa57d?s=96&d=blank&r=g","caption":"Mats Lilja"},"url":"https:\/\/www.budokampsport.se\/author\/mats-lilja\/"}]}},"_links":{"self":[{"href":"https:\/\/www.budokampsport.se\/api\/wp\/v2\/posts\/122905","targetHints":{"allow":["GET"]}}],"collection":[{"href":"https:\/\/www.budokampsport.se\/api\/wp\/v2\/posts"}],"about":[{"href":"https:\/\/www.budokampsport.se\/api\/wp\/v2\/types\/post"}],"author":[{"embeddable":true,"href":"https:\/\/www.budokampsport.se\/api\/wp\/v2\/users\/914"}],"replies":[{"embeddable":true,"href":"https:\/\/www.budokampsport.se\/api\/wp\/v2\/comments?post=122905"}],"version-history":[{"count":0,"href":"https:\/\/www.budokampsport.se\/api\/wp\/v2\/posts\/122905\/revisions"}],"wp:featuredmedia":[{"embeddable":true,"href":"https:\/\/www.budokampsport.se\/api\/wp\/v2\/media\/122886"}],"wp:attachment":[{"href":"https:\/\/www.budokampsport.se\/api\/wp\/v2\/media?parent=122905"}],"wp:term":[{"taxonomy":"category","embeddable":true,"href":"https:\/\/www.budokampsport.se\/api\/wp\/v2\/categories?post=122905"},{"taxonomy":"post_tag","embeddable":true,"href":"https:\/\/www.budokampsport.se\/api\/wp\/v2\/tags?post=122905"}],"curies":[{"name":"wp","href":"https:\/\/api.w.org\/{rel}","templated":true}]}}