{"id":123129,"date":"2020-12-15T09:45:28","date_gmt":"2020-12-15T08:45:28","guid":{"rendered":"https:\/\/www.budokampsport.se\/?p=123129"},"modified":"2020-12-15T09:45:28","modified_gmt":"2020-12-15T08:45:28","slug":"sbk-deltar-i-musikhjalpen-2020","status":"publish","type":"post","link":"https:\/\/www.budokampsport.se\/2020\/12\/15\/sbk-deltar-i-musikhjalpen-2020\/","title":{"rendered":"SB&#038;K deltar i Musikhj\u00e4lpen 2020"},"content":{"rendered":"<p>Musikhj\u00e4lpen \u00e4r ett samarbete mellan P3 Sveriges Radio, SVT och Radiohj\u00e4lpen. I \u00e5r anordnas insamlingen under 144 timmar 14\u221220 december.<\/p>\n<p>\u00c5rets tema \u00e4r <strong>\u201dIngen m\u00e4nniska ska l\u00e4mnas utan v\u00e5rd\u201d<\/strong>. S\u00e5 h\u00e4r skriver Sveriges Radio p\u00e5 sin hemsida:<\/p>\n<p style=\"padding-left: 40px;\"><em>Bland de 7,4 miljoner barn och unga som dog under 2019 hade de allra flesta fall varit m\u00f6jliga att f\u00f6rebygga eller behandla. Det finns kunskap och resurser f\u00f6r att r\u00e4dda miljontals liv, som inte n\u00e5r fram. <\/em><\/p>\n<p>Om insamlingen skriver man:<\/p>\n<p style=\"padding-left: 40px;\"><em>Pengar som sk\u00e4nks till \u00e5rets insamling kommer att g\u00e5 till internationella projekt som st\u00e4rker h\u00e4lso- och sjukv\u00e5rd i samverkan med lokalsamh\u00e4llet, f\u00f6r att m\u00e4nniskor ska f\u00e5 likv\u00e4rdig tillg\u00e5ng till v\u00e5rd och h\u00e4lsa utan att drivas in i fattigdom. Konkret kan det handla om st\u00f6d till v\u00e5rdcentraler, mobila h\u00e4lsokliniker och utbildning av lokala h\u00e4lsoarbetare.<\/em><\/p>\n<p>Svenska Budo &amp; Kampsportsf\u00f6rbundet har som tradition att varje \u00e5r delta i insamlingarna. <strong>Kampsportsb\u00f6ssan<\/strong> \u00e4r i \u00e5r tillbaka och vi hoppas att ni vill l\u00e4mna ett litet bidrag till insamlingen via f\u00f6ljande l\u00e4nk:<\/p>\n<p><a href=\"https:\/\/bossan.musikhjalpen.se\/kampsportsboessan\" target=\"_blank\" rel=\"noopener noreferrer\"><img loading=\"lazy\" decoding=\"async\" class=\"aligncenter size-full wp-image-123130\" src=\"https:\/\/www.budokampsport.se\/wp-content\/uploads\/2020\/12\/mh20banner.jpg.png\" alt=\"\" width=\"847\" height=\"196\" srcset=\"https:\/\/www.budokampsport.se\/wp-content\/uploads\/2020\/12\/mh20banner.jpg.png 847w, https:\/\/www.budokampsport.se\/wp-content\/uploads\/2020\/12\/mh20banner.jpg-600x139.png 600w, https:\/\/www.budokampsport.se\/wp-content\/uploads\/2020\/12\/mh20banner.jpg-376x87.png 376w, https:\/\/www.budokampsport.se\/wp-content\/uploads\/2020\/12\/mh20banner.jpg-278x64.png 278w, https:\/\/www.budokampsport.se\/wp-content\/uploads\/2020\/12\/mh20banner.jpg-572x132.png 572w\" sizes=\"auto, (max-width: 847px) 100vw, 847px\" \/><\/a><\/p>\n<p style=\"text-align: center;\"><span style=\"font-size: 14pt;\"><strong><a href=\"https:\/\/bossan.musikhjalpen.se\/kampsportsboessan\" target=\"_blank\" rel=\"noopener noreferrer\">https:\/\/bossan.musikhjalpen.se\/kampsportsboessan<\/a><\/strong><\/span><\/p>\n<p>Mer information om Musikhj\u00e4lpen 2020 finns hos <a href=\"https:\/\/sverigesradio.se\/sida\/artikel.aspx?programid=3946&amp;artikel=7570007\" target=\"_blank\" rel=\"noopener noreferrer\">Sveriges Radio<\/a> och <a href=\"https:\/\/www.radiohjalpen.se\/insamlingar\/musikhjalpen\/mh20-tema\" target=\"_blank\" rel=\"noopener noreferrer\">Radiohj\u00e4lpen<\/a>.<\/p>\n<p>Text: Mats Lilja<\/p>\n","protected":false},"excerpt":{"rendered":"<p>H\u00e4lsa \u00e4r en m\u00e4nsklig r\u00e4ttighet. \u00c4nd\u00e5 saknar minst halva v\u00e4rldens befolkning tillg\u00e5ng till grundl\u00e4ggande h\u00e4lso- och sjukv\u00e5rd. Genom Musikhj\u00e4lpen 2020 \u00f6kar vi tillsammans kunskapen och engagemanget f\u00f6r att ingen m\u00e4nniska ska l\u00e4mnas utan v\u00e5rd.<\/p><br>","protected":false},"author":914,"featured_media":123122,"comment_status":"open","ping_status":"open","sticky":false,"template":"","format":"standard","meta":{"_acf_changed":false,"footnotes":""},"categories":[1],"tags":[],"class_list":["post-123129","post","type-post","status-publish","format-standard","has-post-thumbnail","hentry","category-okategoriserade"],"acf":[],"yoast_head":"<!-- This site is optimized with the Yoast SEO plugin v26.8 - https:\/\/yoast.com\/product\/yoast-seo-wordpress\/ -->\n<title>SB&amp;K deltar i Musikhj\u00e4lpen 2020 - Svenska Budo &amp; Kampsportsf\u00f6rbundet<\/title>\n<meta name=\"description\" content=\"H\u00e4lsa \u00e4r en m\u00e4nsklig r\u00e4ttighet. \u00c4nd\u00e5 saknar minst halva v\u00e4rldens befolkning tillg\u00e5ng till grundl\u00e4ggande h\u00e4lso- och sjukv\u00e5rd. Genom Musikhj\u00e4lpen 2020 \u00f6kar vi tillsammans kunskapen och engagemanget f\u00f6r att ingen m\u00e4nniska ska l\u00e4mnas utan v\u00e5rd.\" \/>\n<meta name=\"robots\" content=\"index, follow, max-snippet:-1, max-image-preview:large, max-video-preview:-1\" \/>\n<link rel=\"canonical\" href=\"https:\/\/www.budokampsport.se\/2020\/12\/15\/sbk-deltar-i-musikhjalpen-2020\/\" \/>\n<meta property=\"og:locale\" content=\"sv_SE\" \/>\n<meta property=\"og:type\" content=\"article\" \/>\n<meta property=\"og:title\" content=\"SB&amp;K deltar i Musikhj\u00e4lpen 2020 - Svenska Budo &amp; Kampsportsf\u00f6rbundet\" \/>\n<meta property=\"og:description\" content=\"H\u00e4lsa \u00e4r en m\u00e4nsklig r\u00e4ttighet. \u00c4nd\u00e5 saknar minst halva v\u00e4rldens befolkning tillg\u00e5ng till grundl\u00e4ggande h\u00e4lso- och sjukv\u00e5rd. Genom Musikhj\u00e4lpen 2020 \u00f6kar vi tillsammans kunskapen och engagemanget f\u00f6r att ingen m\u00e4nniska ska l\u00e4mnas utan v\u00e5rd.\" \/>\n<meta property=\"og:url\" content=\"https:\/\/www.budokampsport.se\/2020\/12\/15\/sbk-deltar-i-musikhjalpen-2020\/\" \/>\n<meta property=\"og:site_name\" content=\"Svenska Budo &amp; Kampsportsf\u00f6rbundet\" \/>\n<meta property=\"article:published_time\" content=\"2020-12-15T08:45:28+00:00\" \/>\n<meta property=\"og:image\" content=\"https:\/\/www.budokampsport.se\/wp-content\/uploads\/2020\/12\/mh20.jpg\" \/>\n\t<meta property=\"og:image:width\" content=\"847\" \/>\n\t<meta property=\"og:image:height\" content=\"480\" \/>\n\t<meta property=\"og:image:type\" content=\"image\/jpeg\" \/>\n<meta name=\"author\" content=\"Mats Lilja\" \/>\n<meta name=\"twitter:card\" content=\"summary_large_image\" \/>\n<meta name=\"twitter:label1\" content=\"Skriven av\" \/>\n\t<meta name=\"twitter:data1\" content=\"Mats Lilja\" \/>\n\t<meta name=\"twitter:label2\" content=\"Ber\u00e4knad l\u00e4stid\" \/>\n\t<meta name=\"twitter:data2\" content=\"1 minut\" \/>\n<script type=\"application\/ld+json\" class=\"yoast-schema-graph\">{\"@context\":\"https:\/\/schema.org\",\"@graph\":[{\"@type\":\"Article\",\"@id\":\"https:\/\/www.budokampsport.se\/2020\/12\/15\/sbk-deltar-i-musikhjalpen-2020\/#article\",\"isPartOf\":{\"@id\":\"https:\/\/www.budokampsport.se\/2020\/12\/15\/sbk-deltar-i-musikhjalpen-2020\/\"},\"author\":{\"name\":\"Mats Lilja\",\"@id\":\"https:\/\/www.budokampsport.se\/#\/schema\/person\/d80c0bc61f1787703168fc250ce69522\"},\"headline\":\"SB&#038;K deltar i Musikhj\u00e4lpen 2020\",\"datePublished\":\"2020-12-15T08:45:28+00:00\",\"mainEntityOfPage\":{\"@id\":\"https:\/\/www.budokampsport.se\/2020\/12\/15\/sbk-deltar-i-musikhjalpen-2020\/\"},\"wordCount\":216,\"commentCount\":1,\"image\":{\"@id\":\"https:\/\/www.budokampsport.se\/2020\/12\/15\/sbk-deltar-i-musikhjalpen-2020\/#primaryimage\"},\"thumbnailUrl\":\"https:\/\/www.budokampsport.se\/wp-content\/uploads\/2020\/12\/mh20.jpg\",\"inLanguage\":\"sv-SE\",\"potentialAction\":[{\"@type\":\"CommentAction\",\"name\":\"Comment\",\"target\":[\"https:\/\/www.budokampsport.se\/2020\/12\/15\/sbk-deltar-i-musikhjalpen-2020\/#respond\"]}]},{\"@type\":\"WebPage\",\"@id\":\"https:\/\/www.budokampsport.se\/2020\/12\/15\/sbk-deltar-i-musikhjalpen-2020\/\",\"url\":\"https:\/\/www.budokampsport.se\/2020\/12\/15\/sbk-deltar-i-musikhjalpen-2020\/\",\"name\":\"SB&K deltar i Musikhj\u00e4lpen 2020 - Svenska Budo &amp; Kampsportsf\u00f6rbundet\",\"isPartOf\":{\"@id\":\"https:\/\/www.budokampsport.se\/#website\"},\"primaryImageOfPage\":{\"@id\":\"https:\/\/www.budokampsport.se\/2020\/12\/15\/sbk-deltar-i-musikhjalpen-2020\/#primaryimage\"},\"image\":{\"@id\":\"https:\/\/www.budokampsport.se\/2020\/12\/15\/sbk-deltar-i-musikhjalpen-2020\/#primaryimage\"},\"thumbnailUrl\":\"https:\/\/www.budokampsport.se\/wp-content\/uploads\/2020\/12\/mh20.jpg\",\"datePublished\":\"2020-12-15T08:45:28+00:00\",\"author\":{\"@id\":\"https:\/\/www.budokampsport.se\/#\/schema\/person\/d80c0bc61f1787703168fc250ce69522\"},\"description\":\"H\u00e4lsa \u00e4r en m\u00e4nsklig r\u00e4ttighet. \u00c4nd\u00e5 saknar minst halva v\u00e4rldens befolkning tillg\u00e5ng till grundl\u00e4ggande h\u00e4lso- och sjukv\u00e5rd. Genom Musikhj\u00e4lpen 2020 \u00f6kar vi tillsammans kunskapen och engagemanget f\u00f6r att ingen m\u00e4nniska ska l\u00e4mnas utan v\u00e5rd.\",\"breadcrumb\":{\"@id\":\"https:\/\/www.budokampsport.se\/2020\/12\/15\/sbk-deltar-i-musikhjalpen-2020\/#breadcrumb\"},\"inLanguage\":\"sv-SE\",\"potentialAction\":[{\"@type\":\"ReadAction\",\"target\":[\"https:\/\/www.budokampsport.se\/2020\/12\/15\/sbk-deltar-i-musikhjalpen-2020\/\"]}]},{\"@type\":\"ImageObject\",\"inLanguage\":\"sv-SE\",\"@id\":\"https:\/\/www.budokampsport.se\/2020\/12\/15\/sbk-deltar-i-musikhjalpen-2020\/#primaryimage\",\"url\":\"https:\/\/www.budokampsport.se\/wp-content\/uploads\/2020\/12\/mh20.jpg\",\"contentUrl\":\"https:\/\/www.budokampsport.se\/wp-content\/uploads\/2020\/12\/mh20.jpg\",\"width\":847,\"height\":480},{\"@type\":\"BreadcrumbList\",\"@id\":\"https:\/\/www.budokampsport.se\/2020\/12\/15\/sbk-deltar-i-musikhjalpen-2020\/#breadcrumb\",\"itemListElement\":[{\"@type\":\"ListItem\",\"position\":1,\"name\":\"Hem\",\"item\":\"https:\/\/www.budokampsport.se\/\"},{\"@type\":\"ListItem\",\"position\":2,\"name\":\"SB&#038;K deltar i Musikhj\u00e4lpen 2020\"}]},{\"@type\":\"WebSite\",\"@id\":\"https:\/\/www.budokampsport.se\/#website\",\"url\":\"https:\/\/www.budokampsport.se\/\",\"name\":\"Svenska Budo &amp; Kampsportsf\u00f6rbundet\",\"description\":\"T\u00e4vling, Tr\u00e4ning, Tradition\",\"potentialAction\":[{\"@type\":\"SearchAction\",\"target\":{\"@type\":\"EntryPoint\",\"urlTemplate\":\"https:\/\/www.budokampsport.se\/?s={search_term_string}\"},\"query-input\":{\"@type\":\"PropertyValueSpecification\",\"valueRequired\":true,\"valueName\":\"search_term_string\"}}],\"inLanguage\":\"sv-SE\"},{\"@type\":\"Person\",\"@id\":\"https:\/\/www.budokampsport.se\/#\/schema\/person\/d80c0bc61f1787703168fc250ce69522\",\"name\":\"Mats Lilja\",\"image\":{\"@type\":\"ImageObject\",\"inLanguage\":\"sv-SE\",\"@id\":\"https:\/\/www.budokampsport.se\/#\/schema\/person\/image\/\",\"url\":\"https:\/\/secure.gravatar.com\/avatar\/607f84918e96abe1ebbd8611782fa57d?s=96&d=blank&r=g\",\"contentUrl\":\"https:\/\/secure.gravatar.com\/avatar\/607f84918e96abe1ebbd8611782fa57d?s=96&d=blank&r=g\",\"caption\":\"Mats Lilja\"},\"url\":\"https:\/\/www.budokampsport.se\/author\/mats-lilja\/\"}]}<\/script>\n<!-- \/ Yoast SEO plugin. -->","yoast_head_json":{"title":"SB&K deltar i Musikhj\u00e4lpen 2020 - Svenska Budo &amp; Kampsportsf\u00f6rbundet","description":"H\u00e4lsa \u00e4r en m\u00e4nsklig r\u00e4ttighet. \u00c4nd\u00e5 saknar minst halva v\u00e4rldens befolkning tillg\u00e5ng till grundl\u00e4ggande h\u00e4lso- och sjukv\u00e5rd. Genom Musikhj\u00e4lpen 2020 \u00f6kar vi tillsammans kunskapen och engagemanget f\u00f6r att ingen m\u00e4nniska ska l\u00e4mnas utan v\u00e5rd.","robots":{"index":"index","follow":"follow","max-snippet":"max-snippet:-1","max-image-preview":"max-image-preview:large","max-video-preview":"max-video-preview:-1"},"canonical":"https:\/\/www.budokampsport.se\/2020\/12\/15\/sbk-deltar-i-musikhjalpen-2020\/","og_locale":"sv_SE","og_type":"article","og_title":"SB&K deltar i Musikhj\u00e4lpen 2020 - Svenska Budo &amp; Kampsportsf\u00f6rbundet","og_description":"H\u00e4lsa \u00e4r en m\u00e4nsklig r\u00e4ttighet. \u00c4nd\u00e5 saknar minst halva v\u00e4rldens befolkning tillg\u00e5ng till grundl\u00e4ggande h\u00e4lso- och sjukv\u00e5rd. Genom Musikhj\u00e4lpen 2020 \u00f6kar vi tillsammans kunskapen och engagemanget f\u00f6r att ingen m\u00e4nniska ska l\u00e4mnas utan v\u00e5rd.","og_url":"https:\/\/www.budokampsport.se\/2020\/12\/15\/sbk-deltar-i-musikhjalpen-2020\/","og_site_name":"Svenska Budo &amp; Kampsportsf\u00f6rbundet","article_published_time":"2020-12-15T08:45:28+00:00","og_image":[{"width":847,"height":480,"url":"https:\/\/www.budokampsport.se\/wp-content\/uploads\/2020\/12\/mh20.jpg","type":"image\/jpeg"}],"author":"Mats Lilja","twitter_card":"summary_large_image","twitter_misc":{"Skriven av":"Mats Lilja","Ber\u00e4knad l\u00e4stid":"1 minut"},"schema":{"@context":"https:\/\/schema.org","@graph":[{"@type":"Article","@id":"https:\/\/www.budokampsport.se\/2020\/12\/15\/sbk-deltar-i-musikhjalpen-2020\/#article","isPartOf":{"@id":"https:\/\/www.budokampsport.se\/2020\/12\/15\/sbk-deltar-i-musikhjalpen-2020\/"},"author":{"name":"Mats Lilja","@id":"https:\/\/www.budokampsport.se\/#\/schema\/person\/d80c0bc61f1787703168fc250ce69522"},"headline":"SB&#038;K deltar i Musikhj\u00e4lpen 2020","datePublished":"2020-12-15T08:45:28+00:00","mainEntityOfPage":{"@id":"https:\/\/www.budokampsport.se\/2020\/12\/15\/sbk-deltar-i-musikhjalpen-2020\/"},"wordCount":216,"commentCount":1,"image":{"@id":"https:\/\/www.budokampsport.se\/2020\/12\/15\/sbk-deltar-i-musikhjalpen-2020\/#primaryimage"},"thumbnailUrl":"https:\/\/www.budokampsport.se\/wp-content\/uploads\/2020\/12\/mh20.jpg","inLanguage":"sv-SE","potentialAction":[{"@type":"CommentAction","name":"Comment","target":["https:\/\/www.budokampsport.se\/2020\/12\/15\/sbk-deltar-i-musikhjalpen-2020\/#respond"]}]},{"@type":"WebPage","@id":"https:\/\/www.budokampsport.se\/2020\/12\/15\/sbk-deltar-i-musikhjalpen-2020\/","url":"https:\/\/www.budokampsport.se\/2020\/12\/15\/sbk-deltar-i-musikhjalpen-2020\/","name":"SB&K deltar i Musikhj\u00e4lpen 2020 - Svenska Budo &amp; Kampsportsf\u00f6rbundet","isPartOf":{"@id":"https:\/\/www.budokampsport.se\/#website"},"primaryImageOfPage":{"@id":"https:\/\/www.budokampsport.se\/2020\/12\/15\/sbk-deltar-i-musikhjalpen-2020\/#primaryimage"},"image":{"@id":"https:\/\/www.budokampsport.se\/2020\/12\/15\/sbk-deltar-i-musikhjalpen-2020\/#primaryimage"},"thumbnailUrl":"https:\/\/www.budokampsport.se\/wp-content\/uploads\/2020\/12\/mh20.jpg","datePublished":"2020-12-15T08:45:28+00:00","author":{"@id":"https:\/\/www.budokampsport.se\/#\/schema\/person\/d80c0bc61f1787703168fc250ce69522"},"description":"H\u00e4lsa \u00e4r en m\u00e4nsklig r\u00e4ttighet. \u00c4nd\u00e5 saknar minst halva v\u00e4rldens befolkning tillg\u00e5ng till grundl\u00e4ggande h\u00e4lso- och sjukv\u00e5rd. Genom Musikhj\u00e4lpen 2020 \u00f6kar vi tillsammans kunskapen och engagemanget f\u00f6r att ingen m\u00e4nniska ska l\u00e4mnas utan v\u00e5rd.","breadcrumb":{"@id":"https:\/\/www.budokampsport.se\/2020\/12\/15\/sbk-deltar-i-musikhjalpen-2020\/#breadcrumb"},"inLanguage":"sv-SE","potentialAction":[{"@type":"ReadAction","target":["https:\/\/www.budokampsport.se\/2020\/12\/15\/sbk-deltar-i-musikhjalpen-2020\/"]}]},{"@type":"ImageObject","inLanguage":"sv-SE","@id":"https:\/\/www.budokampsport.se\/2020\/12\/15\/sbk-deltar-i-musikhjalpen-2020\/#primaryimage","url":"https:\/\/www.budokampsport.se\/wp-content\/uploads\/2020\/12\/mh20.jpg","contentUrl":"https:\/\/www.budokampsport.se\/wp-content\/uploads\/2020\/12\/mh20.jpg","width":847,"height":480},{"@type":"BreadcrumbList","@id":"https:\/\/www.budokampsport.se\/2020\/12\/15\/sbk-deltar-i-musikhjalpen-2020\/#breadcrumb","itemListElement":[{"@type":"ListItem","position":1,"name":"Hem","item":"https:\/\/www.budokampsport.se\/"},{"@type":"ListItem","position":2,"name":"SB&#038;K deltar i Musikhj\u00e4lpen 2020"}]},{"@type":"WebSite","@id":"https:\/\/www.budokampsport.se\/#website","url":"https:\/\/www.budokampsport.se\/","name":"Svenska Budo &amp; Kampsportsf\u00f6rbundet","description":"T\u00e4vling, Tr\u00e4ning, Tradition","potentialAction":[{"@type":"SearchAction","target":{"@type":"EntryPoint","urlTemplate":"https:\/\/www.budokampsport.se\/?s={search_term_string}"},"query-input":{"@type":"PropertyValueSpecification","valueRequired":true,"valueName":"search_term_string"}}],"inLanguage":"sv-SE"},{"@type":"Person","@id":"https:\/\/www.budokampsport.se\/#\/schema\/person\/d80c0bc61f1787703168fc250ce69522","name":"Mats Lilja","image":{"@type":"ImageObject","inLanguage":"sv-SE","@id":"https:\/\/www.budokampsport.se\/#\/schema\/person\/image\/","url":"https:\/\/secure.gravatar.com\/avatar\/607f84918e96abe1ebbd8611782fa57d?s=96&d=blank&r=g","contentUrl":"https:\/\/secure.gravatar.com\/avatar\/607f84918e96abe1ebbd8611782fa57d?s=96&d=blank&r=g","caption":"Mats Lilja"},"url":"https:\/\/www.budokampsport.se\/author\/mats-lilja\/"}]}},"_links":{"self":[{"href":"https:\/\/www.budokampsport.se\/api\/wp\/v2\/posts\/123129","targetHints":{"allow":["GET"]}}],"collection":[{"href":"https:\/\/www.budokampsport.se\/api\/wp\/v2\/posts"}],"about":[{"href":"https:\/\/www.budokampsport.se\/api\/wp\/v2\/types\/post"}],"author":[{"embeddable":true,"href":"https:\/\/www.budokampsport.se\/api\/wp\/v2\/users\/914"}],"replies":[{"embeddable":true,"href":"https:\/\/www.budokampsport.se\/api\/wp\/v2\/comments?post=123129"}],"version-history":[{"count":0,"href":"https:\/\/www.budokampsport.se\/api\/wp\/v2\/posts\/123129\/revisions"}],"wp:featuredmedia":[{"embeddable":true,"href":"https:\/\/www.budokampsport.se\/api\/wp\/v2\/media\/123122"}],"wp:attachment":[{"href":"https:\/\/www.budokampsport.se\/api\/wp\/v2\/media?parent=123129"}],"wp:term":[{"taxonomy":"category","embeddable":true,"href":"https:\/\/www.budokampsport.se\/api\/wp\/v2\/categories?post=123129"},{"taxonomy":"post_tag","embeddable":true,"href":"https:\/\/www.budokampsport.se\/api\/wp\/v2\/tags?post=123129"}],"curies":[{"name":"wp","href":"https:\/\/api.w.org\/{rel}","templated":true}]}}