{"id":124111,"date":"2020-12-23T12:28:08","date_gmt":"2020-12-23T11:28:08","guid":{"rendered":"https:\/\/www.budokampsport.se\/?p=124111"},"modified":"2020-12-23T12:35:11","modified_gmt":"2020-12-23T11:35:11","slug":"julhalsning-fran-ordforanden","status":"publish","type":"post","link":"https:\/\/www.budokampsport.se\/2020\/12\/23\/julhalsning-fran-ordforanden\/","title":{"rendered":"Julh\u00e4lsning fr\u00e5n ordf\u00f6randen"},"content":{"rendered":"<p>Jag sitter vid k\u00f6ksbordet med en kopp kaffe. Ute regnar det och \u00e4r gr\u00e5tt, en inte helt ovanlig syn vid jul numer. Jag t\u00e4nker att v\u00e4dret \u00e4r ungef\u00e4r som detta konstiga 2020 varit, gr\u00e5tt och tr\u00e5kigt. N\u00e4r vi gick in i \u00e5ret var det med hopp om ett bra \u00e5r men f\u00f6r m\u00e5nga kommer nog 2020 bli \u00e5ret som f\u00f6rsvann.<\/p>\n<p><strong>Trots att det bara g\u00e5tt 9 m\u00e5nader sedan pandemin satte klorna i oss k\u00e4nns det som en evighet. Men snart \u00e4r \u00e5ret f\u00f6rbi och hoppet om ett bra \u00e5r 2021 lever kvar.<\/strong><\/p>\n<p>Samtidigt har 2020 f\u00f6r mig inneburit mer tid hemma med familjen och n\u00e4r s\u00e5 gott som alla m\u00f6ten blivit digitala mycket mindre tid p\u00e5 t\u00e5g och hotell. Inget ont som inte har n\u00e5got gott med sig allts\u00e5. Jag, liksom m\u00e5nga andra, har f\u00e5tt tid till att reflektera \u00f6ver vad det riktigt viktiga i v\u00e5ra liv \u00e4r och v\u00e5ra v\u00e4rderingar kring ansvar och solidaritet har \u00e4ven de testats. Vi har ett samh\u00e4lle och en regering som s\u00e4tter stor tillit till v\u00e5rt personliga ansvarstagande vilket f\u00f6r m\u00e5nga inneburit en k\u00e4lla till frustration vilket vi ser dagliga exempel p\u00e5 i tidningar och sociala medier.<\/p>\n<p><strong>Jag tror dock fullt och fast p\u00e5 att det \u00e4r r\u00e4tt att lita p\u00e5 att m\u00e4nniskor i grunden vill ta ansvar och g\u00f6ra gott.<\/strong><\/p>\n<p>F\u00f6r mig som har bakgrund inom japansk kampsport \u00e4r bushidons sju principer alltid levande och nu mer \u00e4n n\u00e5gonsin. Att r\u00e4ttr\u00e5digt ta bra beslut med r\u00e4tt attityd baserat p\u00e5 sanningen, att ha mod att uth\u00e4rda de mest pr\u00f6vande av tider, att visa universell k\u00e4rlek gentemot mina medm\u00e4nniskor, att visa respekt genom att g\u00f6ra det r\u00e4tta, att vara uppriktig, att vara lojal b\u00e5de mot personer runt omkring mig men \u00e4ven med samh\u00e4llet i stort och att hedersamt str\u00e4va vidare \u00e4r viktigt f\u00f6r mig.<\/p>\n<p><strong>Jag hoppas att det \u00e4r det \u00e4ven f\u00f6r m\u00e5nga andra oavsett idrott eller dess ursprung. F\u00f6r mig \u00e4r det ingen skillnad mellan det budskap som kommer med julen och bushidons principer.<\/strong><\/p>\n<p>S\u00e5h\u00e4r inf\u00f6r julafton b\u00f6rjar julfriden s\u00e5 sakteliga infinna sig hos mig och jag hoppas att ett konstigt och stundtals hektiskt \u00e5r ska avslutas med en lugn och sk\u00f6n jul f\u00f6r alla. Min \u00f6nskan \u00e4r att vi fortsatt visar h\u00e4nsyn och respekt mot v\u00e5ra medm\u00e4nniskor, att vi visar lojalitet mot varandra och samh\u00e4llet och att vi tillsammans g\u00f6r allt vi kan f\u00f6r att 2021 ska bli \u00e5ret d\u00e5 vi vaknar upp ur v\u00e5ra iden och med full kraft visar att svensk kampsport fortsatt st\u00e5r sig stark.<\/p>\n<hr \/>\n<p><strong>Fredrik Gundmark<\/strong><br \/>\n<strong>Ordf\u00f6rande<\/strong><br \/>\n<strong>Svenska Budo och Kampsportsf\u00f6rbundet<\/strong><\/p>\n<p>Foto: Bildbyr\u00e5n<\/p>\n","protected":false},"excerpt":{"rendered":"<p>\u00c5rets sista artikel p\u00e5 hemsidan \u00e4r signerad Fredrik Gundmark.<\/p><br>","protected":false},"author":914,"featured_media":124113,"comment_status":"open","ping_status":"open","sticky":false,"template":"","format":"standard","meta":{"_acf_changed":false,"footnotes":""},"categories":[1],"tags":[],"class_list":["post-124111","post","type-post","status-publish","format-standard","has-post-thumbnail","hentry","category-okategoriserade"],"acf":[],"yoast_head":"<!-- This site is optimized with the Yoast SEO plugin v26.8 - https:\/\/yoast.com\/product\/yoast-seo-wordpress\/ -->\n<title>Julh\u00e4lsning fr\u00e5n ordf\u00f6randen - Svenska Budo &amp; Kampsportsf\u00f6rbundet<\/title>\n<meta name=\"description\" content=\"\u00c5rets sista artikel p\u00e5 hemsidan \u00e4r signerad Fredrik Gundmark.\" \/>\n<meta name=\"robots\" content=\"index, follow, max-snippet:-1, max-image-preview:large, max-video-preview:-1\" \/>\n<link rel=\"canonical\" href=\"https:\/\/www.budokampsport.se\/2020\/12\/23\/julhalsning-fran-ordforanden\/\" \/>\n<meta property=\"og:locale\" content=\"sv_SE\" \/>\n<meta property=\"og:type\" content=\"article\" \/>\n<meta property=\"og:title\" content=\"Julh\u00e4lsning fr\u00e5n ordf\u00f6randen - Svenska Budo &amp; Kampsportsf\u00f6rbundet\" \/>\n<meta property=\"og:description\" content=\"\u00c5rets sista artikel p\u00e5 hemsidan \u00e4r signerad Fredrik Gundmark.\" \/>\n<meta property=\"og:url\" content=\"https:\/\/www.budokampsport.se\/2020\/12\/23\/julhalsning-fran-ordforanden\/\" \/>\n<meta property=\"og:site_name\" content=\"Svenska Budo &amp; Kampsportsf\u00f6rbundet\" \/>\n<meta property=\"article:published_time\" content=\"2020-12-23T11:28:08+00:00\" \/>\n<meta property=\"article:modified_time\" content=\"2020-12-23T11:35:11+00:00\" \/>\n<meta property=\"og:image\" content=\"https:\/\/www.budokampsport.se\/wp-content\/uploads\/2020\/12\/BB201218ZK008-847px.jpg\" \/>\n\t<meta property=\"og:image:width\" content=\"847\" \/>\n\t<meta property=\"og:image:height\" content=\"495\" \/>\n\t<meta property=\"og:image:type\" content=\"image\/jpeg\" \/>\n<meta name=\"author\" content=\"Mats Lilja\" \/>\n<meta name=\"twitter:card\" content=\"summary_large_image\" \/>\n<meta name=\"twitter:label1\" content=\"Skriven av\" \/>\n\t<meta name=\"twitter:data1\" content=\"Mats Lilja\" \/>\n\t<meta name=\"twitter:label2\" content=\"Ber\u00e4knad l\u00e4stid\" \/>\n\t<meta name=\"twitter:data2\" content=\"2 minuter\" \/>\n<script type=\"application\/ld+json\" class=\"yoast-schema-graph\">{\"@context\":\"https:\/\/schema.org\",\"@graph\":[{\"@type\":\"Article\",\"@id\":\"https:\/\/www.budokampsport.se\/2020\/12\/23\/julhalsning-fran-ordforanden\/#article\",\"isPartOf\":{\"@id\":\"https:\/\/www.budokampsport.se\/2020\/12\/23\/julhalsning-fran-ordforanden\/\"},\"author\":{\"name\":\"Mats Lilja\",\"@id\":\"https:\/\/www.budokampsport.se\/#\/schema\/person\/d80c0bc61f1787703168fc250ce69522\"},\"headline\":\"Julh\u00e4lsning fr\u00e5n ordf\u00f6randen\",\"datePublished\":\"2020-12-23T11:28:08+00:00\",\"dateModified\":\"2020-12-23T11:35:11+00:00\",\"mainEntityOfPage\":{\"@id\":\"https:\/\/www.budokampsport.se\/2020\/12\/23\/julhalsning-fran-ordforanden\/\"},\"wordCount\":493,\"commentCount\":0,\"image\":{\"@id\":\"https:\/\/www.budokampsport.se\/2020\/12\/23\/julhalsning-fran-ordforanden\/#primaryimage\"},\"thumbnailUrl\":\"https:\/\/www.budokampsport.se\/wp-content\/uploads\/2020\/12\/BB201218ZK008-847px.jpg\",\"inLanguage\":\"sv-SE\",\"potentialAction\":[{\"@type\":\"CommentAction\",\"name\":\"Comment\",\"target\":[\"https:\/\/www.budokampsport.se\/2020\/12\/23\/julhalsning-fran-ordforanden\/#respond\"]}]},{\"@type\":\"WebPage\",\"@id\":\"https:\/\/www.budokampsport.se\/2020\/12\/23\/julhalsning-fran-ordforanden\/\",\"url\":\"https:\/\/www.budokampsport.se\/2020\/12\/23\/julhalsning-fran-ordforanden\/\",\"name\":\"Julh\u00e4lsning fr\u00e5n ordf\u00f6randen - Svenska Budo &amp; Kampsportsf\u00f6rbundet\",\"isPartOf\":{\"@id\":\"https:\/\/www.budokampsport.se\/#website\"},\"primaryImageOfPage\":{\"@id\":\"https:\/\/www.budokampsport.se\/2020\/12\/23\/julhalsning-fran-ordforanden\/#primaryimage\"},\"image\":{\"@id\":\"https:\/\/www.budokampsport.se\/2020\/12\/23\/julhalsning-fran-ordforanden\/#primaryimage\"},\"thumbnailUrl\":\"https:\/\/www.budokampsport.se\/wp-content\/uploads\/2020\/12\/BB201218ZK008-847px.jpg\",\"datePublished\":\"2020-12-23T11:28:08+00:00\",\"dateModified\":\"2020-12-23T11:35:11+00:00\",\"author\":{\"@id\":\"https:\/\/www.budokampsport.se\/#\/schema\/person\/d80c0bc61f1787703168fc250ce69522\"},\"description\":\"\u00c5rets sista artikel p\u00e5 hemsidan \u00e4r signerad Fredrik Gundmark.\",\"breadcrumb\":{\"@id\":\"https:\/\/www.budokampsport.se\/2020\/12\/23\/julhalsning-fran-ordforanden\/#breadcrumb\"},\"inLanguage\":\"sv-SE\",\"potentialAction\":[{\"@type\":\"ReadAction\",\"target\":[\"https:\/\/www.budokampsport.se\/2020\/12\/23\/julhalsning-fran-ordforanden\/\"]}]},{\"@type\":\"ImageObject\",\"inLanguage\":\"sv-SE\",\"@id\":\"https:\/\/www.budokampsport.se\/2020\/12\/23\/julhalsning-fran-ordforanden\/#primaryimage\",\"url\":\"https:\/\/www.budokampsport.se\/wp-content\/uploads\/2020\/12\/BB201218ZK008-847px.jpg\",\"contentUrl\":\"https:\/\/www.budokampsport.se\/wp-content\/uploads\/2020\/12\/BB201218ZK008-847px.jpg\",\"width\":847,\"height\":495,\"caption\":\"201218 En kvinna promenerar nerf\u00f6r Samuel Permans Gata den 18 december 2020 i \u00d6stersund. Foto: Erik M\u00e5rtensson \/ BILDBYR\u00c5N \/ COP 222\"},{\"@type\":\"BreadcrumbList\",\"@id\":\"https:\/\/www.budokampsport.se\/2020\/12\/23\/julhalsning-fran-ordforanden\/#breadcrumb\",\"itemListElement\":[{\"@type\":\"ListItem\",\"position\":1,\"name\":\"Hem\",\"item\":\"https:\/\/www.budokampsport.se\/\"},{\"@type\":\"ListItem\",\"position\":2,\"name\":\"Julh\u00e4lsning fr\u00e5n ordf\u00f6randen\"}]},{\"@type\":\"WebSite\",\"@id\":\"https:\/\/www.budokampsport.se\/#website\",\"url\":\"https:\/\/www.budokampsport.se\/\",\"name\":\"Svenska Budo &amp; Kampsportsf\u00f6rbundet\",\"description\":\"T\u00e4vling, Tr\u00e4ning, Tradition\",\"potentialAction\":[{\"@type\":\"SearchAction\",\"target\":{\"@type\":\"EntryPoint\",\"urlTemplate\":\"https:\/\/www.budokampsport.se\/?s={search_term_string}\"},\"query-input\":{\"@type\":\"PropertyValueSpecification\",\"valueRequired\":true,\"valueName\":\"search_term_string\"}}],\"inLanguage\":\"sv-SE\"},{\"@type\":\"Person\",\"@id\":\"https:\/\/www.budokampsport.se\/#\/schema\/person\/d80c0bc61f1787703168fc250ce69522\",\"name\":\"Mats Lilja\",\"image\":{\"@type\":\"ImageObject\",\"inLanguage\":\"sv-SE\",\"@id\":\"https:\/\/www.budokampsport.se\/#\/schema\/person\/image\/\",\"url\":\"https:\/\/secure.gravatar.com\/avatar\/607f84918e96abe1ebbd8611782fa57d?s=96&d=blank&r=g\",\"contentUrl\":\"https:\/\/secure.gravatar.com\/avatar\/607f84918e96abe1ebbd8611782fa57d?s=96&d=blank&r=g\",\"caption\":\"Mats Lilja\"},\"url\":\"https:\/\/www.budokampsport.se\/author\/mats-lilja\/\"}]}<\/script>\n<!-- \/ Yoast SEO plugin. -->","yoast_head_json":{"title":"Julh\u00e4lsning fr\u00e5n ordf\u00f6randen - Svenska Budo &amp; Kampsportsf\u00f6rbundet","description":"\u00c5rets sista artikel p\u00e5 hemsidan \u00e4r signerad Fredrik Gundmark.","robots":{"index":"index","follow":"follow","max-snippet":"max-snippet:-1","max-image-preview":"max-image-preview:large","max-video-preview":"max-video-preview:-1"},"canonical":"https:\/\/www.budokampsport.se\/2020\/12\/23\/julhalsning-fran-ordforanden\/","og_locale":"sv_SE","og_type":"article","og_title":"Julh\u00e4lsning fr\u00e5n ordf\u00f6randen - Svenska Budo &amp; Kampsportsf\u00f6rbundet","og_description":"\u00c5rets sista artikel p\u00e5 hemsidan \u00e4r signerad Fredrik Gundmark.","og_url":"https:\/\/www.budokampsport.se\/2020\/12\/23\/julhalsning-fran-ordforanden\/","og_site_name":"Svenska Budo &amp; Kampsportsf\u00f6rbundet","article_published_time":"2020-12-23T11:28:08+00:00","article_modified_time":"2020-12-23T11:35:11+00:00","og_image":[{"width":847,"height":495,"url":"https:\/\/www.budokampsport.se\/wp-content\/uploads\/2020\/12\/BB201218ZK008-847px.jpg","type":"image\/jpeg"}],"author":"Mats Lilja","twitter_card":"summary_large_image","twitter_misc":{"Skriven av":"Mats Lilja","Ber\u00e4knad l\u00e4stid":"2 minuter"},"schema":{"@context":"https:\/\/schema.org","@graph":[{"@type":"Article","@id":"https:\/\/www.budokampsport.se\/2020\/12\/23\/julhalsning-fran-ordforanden\/#article","isPartOf":{"@id":"https:\/\/www.budokampsport.se\/2020\/12\/23\/julhalsning-fran-ordforanden\/"},"author":{"name":"Mats Lilja","@id":"https:\/\/www.budokampsport.se\/#\/schema\/person\/d80c0bc61f1787703168fc250ce69522"},"headline":"Julh\u00e4lsning fr\u00e5n ordf\u00f6randen","datePublished":"2020-12-23T11:28:08+00:00","dateModified":"2020-12-23T11:35:11+00:00","mainEntityOfPage":{"@id":"https:\/\/www.budokampsport.se\/2020\/12\/23\/julhalsning-fran-ordforanden\/"},"wordCount":493,"commentCount":0,"image":{"@id":"https:\/\/www.budokampsport.se\/2020\/12\/23\/julhalsning-fran-ordforanden\/#primaryimage"},"thumbnailUrl":"https:\/\/www.budokampsport.se\/wp-content\/uploads\/2020\/12\/BB201218ZK008-847px.jpg","inLanguage":"sv-SE","potentialAction":[{"@type":"CommentAction","name":"Comment","target":["https:\/\/www.budokampsport.se\/2020\/12\/23\/julhalsning-fran-ordforanden\/#respond"]}]},{"@type":"WebPage","@id":"https:\/\/www.budokampsport.se\/2020\/12\/23\/julhalsning-fran-ordforanden\/","url":"https:\/\/www.budokampsport.se\/2020\/12\/23\/julhalsning-fran-ordforanden\/","name":"Julh\u00e4lsning fr\u00e5n ordf\u00f6randen - Svenska Budo &amp; Kampsportsf\u00f6rbundet","isPartOf":{"@id":"https:\/\/www.budokampsport.se\/#website"},"primaryImageOfPage":{"@id":"https:\/\/www.budokampsport.se\/2020\/12\/23\/julhalsning-fran-ordforanden\/#primaryimage"},"image":{"@id":"https:\/\/www.budokampsport.se\/2020\/12\/23\/julhalsning-fran-ordforanden\/#primaryimage"},"thumbnailUrl":"https:\/\/www.budokampsport.se\/wp-content\/uploads\/2020\/12\/BB201218ZK008-847px.jpg","datePublished":"2020-12-23T11:28:08+00:00","dateModified":"2020-12-23T11:35:11+00:00","author":{"@id":"https:\/\/www.budokampsport.se\/#\/schema\/person\/d80c0bc61f1787703168fc250ce69522"},"description":"\u00c5rets sista artikel p\u00e5 hemsidan \u00e4r signerad Fredrik Gundmark.","breadcrumb":{"@id":"https:\/\/www.budokampsport.se\/2020\/12\/23\/julhalsning-fran-ordforanden\/#breadcrumb"},"inLanguage":"sv-SE","potentialAction":[{"@type":"ReadAction","target":["https:\/\/www.budokampsport.se\/2020\/12\/23\/julhalsning-fran-ordforanden\/"]}]},{"@type":"ImageObject","inLanguage":"sv-SE","@id":"https:\/\/www.budokampsport.se\/2020\/12\/23\/julhalsning-fran-ordforanden\/#primaryimage","url":"https:\/\/www.budokampsport.se\/wp-content\/uploads\/2020\/12\/BB201218ZK008-847px.jpg","contentUrl":"https:\/\/www.budokampsport.se\/wp-content\/uploads\/2020\/12\/BB201218ZK008-847px.jpg","width":847,"height":495,"caption":"201218 En kvinna promenerar nerf\u00f6r Samuel Permans Gata den 18 december 2020 i \u00d6stersund. Foto: Erik M\u00e5rtensson \/ BILDBYR\u00c5N \/ COP 222"},{"@type":"BreadcrumbList","@id":"https:\/\/www.budokampsport.se\/2020\/12\/23\/julhalsning-fran-ordforanden\/#breadcrumb","itemListElement":[{"@type":"ListItem","position":1,"name":"Hem","item":"https:\/\/www.budokampsport.se\/"},{"@type":"ListItem","position":2,"name":"Julh\u00e4lsning fr\u00e5n ordf\u00f6randen"}]},{"@type":"WebSite","@id":"https:\/\/www.budokampsport.se\/#website","url":"https:\/\/www.budokampsport.se\/","name":"Svenska Budo &amp; Kampsportsf\u00f6rbundet","description":"T\u00e4vling, Tr\u00e4ning, Tradition","potentialAction":[{"@type":"SearchAction","target":{"@type":"EntryPoint","urlTemplate":"https:\/\/www.budokampsport.se\/?s={search_term_string}"},"query-input":{"@type":"PropertyValueSpecification","valueRequired":true,"valueName":"search_term_string"}}],"inLanguage":"sv-SE"},{"@type":"Person","@id":"https:\/\/www.budokampsport.se\/#\/schema\/person\/d80c0bc61f1787703168fc250ce69522","name":"Mats Lilja","image":{"@type":"ImageObject","inLanguage":"sv-SE","@id":"https:\/\/www.budokampsport.se\/#\/schema\/person\/image\/","url":"https:\/\/secure.gravatar.com\/avatar\/607f84918e96abe1ebbd8611782fa57d?s=96&d=blank&r=g","contentUrl":"https:\/\/secure.gravatar.com\/avatar\/607f84918e96abe1ebbd8611782fa57d?s=96&d=blank&r=g","caption":"Mats Lilja"},"url":"https:\/\/www.budokampsport.se\/author\/mats-lilja\/"}]}},"_links":{"self":[{"href":"https:\/\/www.budokampsport.se\/api\/wp\/v2\/posts\/124111","targetHints":{"allow":["GET"]}}],"collection":[{"href":"https:\/\/www.budokampsport.se\/api\/wp\/v2\/posts"}],"about":[{"href":"https:\/\/www.budokampsport.se\/api\/wp\/v2\/types\/post"}],"author":[{"embeddable":true,"href":"https:\/\/www.budokampsport.se\/api\/wp\/v2\/users\/914"}],"replies":[{"embeddable":true,"href":"https:\/\/www.budokampsport.se\/api\/wp\/v2\/comments?post=124111"}],"version-history":[{"count":0,"href":"https:\/\/www.budokampsport.se\/api\/wp\/v2\/posts\/124111\/revisions"}],"wp:featuredmedia":[{"embeddable":true,"href":"https:\/\/www.budokampsport.se\/api\/wp\/v2\/media\/124113"}],"wp:attachment":[{"href":"https:\/\/www.budokampsport.se\/api\/wp\/v2\/media?parent=124111"}],"wp:term":[{"taxonomy":"category","embeddable":true,"href":"https:\/\/www.budokampsport.se\/api\/wp\/v2\/categories?post=124111"},{"taxonomy":"post_tag","embeddable":true,"href":"https:\/\/www.budokampsport.se\/api\/wp\/v2\/tags?post=124111"}],"curies":[{"name":"wp","href":"https:\/\/api.w.org\/{rel}","templated":true}]}}