{"id":124284,"date":"2021-01-11T08:16:16","date_gmt":"2021-01-11T07:16:16","guid":{"rendered":"https:\/\/www.budokampsport.se\/?p=124284"},"modified":"2021-01-11T08:18:11","modified_gmt":"2021-01-11T07:18:11","slug":"sista-digitala-foreningstraffarna","status":"publish","type":"post","link":"https:\/\/www.budokampsport.se\/2021\/01\/11\/sista-digitala-foreningstraffarna\/","title":{"rendered":"Sista digitala f\u00f6reningstr\u00e4ffarna om kompensationsst\u00f6det"},"content":{"rendered":"<p>Den nedanst\u00e5ende informationen skickades den 16 december ut till v\u00e5ra medlemsf\u00f6reningar per e-post. Detta \u00e4r ett samarbete mellan Svenska Budo &amp; Kampsportsf\u00f6rbundet samt Svenska Boxningsf\u00f6rbundet, Svenska Brottningsf\u00f6rbundet, Svenska Karatef\u00f6rbundet, Svenska Judof\u00f6rbundet och Svenska Taekwondof\u00f6rbundet.<\/p>\n<p>Brevet r\u00f6r det kompensationsst\u00f6d som regeringen har anslagit, och som s\u00f6ks via Riksidrottsf\u00f6rbundet. Mer information om st\u00f6det finns p\u00e5 <a href=\"https:\/\/www.rf.se\/bidragochstod\/Bidrag\/kompensationsstodtillidrottsforeningar\/\" target=\"_blank\" rel=\"noopener noreferrer\">RF:s hemsida<\/a>.<\/p>\n<p>Foto: Bildbyr\u00e5n<\/p>\n<hr \/>\n<p>M\u00e5nga kampsportf\u00f6reningar p\u00e5verkas h\u00e5rt av coronapandemin och dess restriktioner. M\u00e5nga av er beh\u00f6ver ekonomiskt st\u00f6d, trots det har vi m\u00e4rkt att det \u00e4r relativt f\u00e5 kampsportsf\u00f6reningar som s\u00f6ker det kompensationsst\u00f6d som erbjuds. D\u00e4rf\u00f6r vill vi hj\u00e4lpa er att s\u00f6ka kompensationsst\u00f6det via Riksidrottsf\u00f6rbundet f\u00f6r perioden oktober\u2212december 2020.<\/p>\n<p>Nu bjuder vi sex kampsportf\u00f6rbund tillsammans in till tre digitala f\u00f6reningstr\u00e4ffar, f\u00f6r att tillsammans med Riksidrottsf\u00f6rbundet p\u00e5 plats g\u00e5 igenom vad och hur man kan ans\u00f6ka om kompensationsst\u00f6d. F\u00f6r att kunna hj\u00e4lpa s\u00e5 m\u00e5nga som m\u00f6jligt \u00e4r det bra om ni mejlar era fr\u00e5gor till <a href=\"mailto:mona@budo.se\">mona@budo.se<\/a> innan m\u00f6tet, s\u00e5 hinner vi svara p\u00e5 fler av era fr\u00e5gor.<\/p>\n<p>Vi kommer att anv\u00e4nda plattformen <a href=\"https:\/\/zoom.us\" target=\"_blank\" rel=\"noopener noreferrer\">Zoom<\/a>. Eftersom Zoom inte kan ta emot fler \u00e4n 500 anslutningar per m\u00f6te ber vi er att endast nyttja en anslutning per f\u00f6rening, dvs att det \u00e4r en person per f\u00f6rening som deltar. F\u00f6r att vi trots den begr\u00e4nsningen ska n\u00e5 s\u00e5 m\u00e5nga klubbar som m\u00f6jligt erbjuder vi tre olika tillf\u00e4llen.<\/p>\n<p><span style=\"font-size: 14pt;\"><strong>Informationsm\u00f6te nr 1<\/strong><\/span><br \/>\nDen 17 december 2020 klockan 18.00\u221219.00<br \/>\n<strong>Meeting ID:<\/strong> 997 1719 7427\u00a0 | <a href=\"https:\/\/zoom.us\/j\/99717197427?pwd=WXhnSHVSVWZJVUJLUzhTK0hLblQwdz09\" target=\"_blank\" rel=\"noopener noreferrer\">Zoom-l\u00e4nk<\/a><br \/>\n<strong>Passcode:<\/strong>\u00a0 240883<\/p>\n<p><span style=\"font-size: 14pt;\"><strong>Informationsm\u00f6te nr 2<\/strong><\/span><br \/>\nDen 11 januari 2021 klockan 18.00\u221219.00<br \/>\n<strong>Meeting ID:<\/strong> 930 0384 1303 | <a href=\"https:\/\/zoom.us\/j\/93003841303?pwd=SVByS2cxQ3M5Qi9hKzBWbkhGWGJ5QT09\" target=\"_blank\" rel=\"noopener noreferrer\">Zoom-l\u00e4nk<\/a><br \/>\n<strong>Passcode:<\/strong>\u00a0 593394<\/p>\n<p><span style=\"font-size: 14pt;\"><strong>Informationsm\u00f6te nr 3\u00a0<\/strong><\/span><br \/>\nDen 13 januari 2021 klockan 12.00\u221213.00<br \/>\n<strong>Meeting ID:<\/strong> 955 2029 2040\u00a0| <a href=\"https:\/\/zoom.us\/j\/95520292040?pwd=Zzg2YldtcFFXWFphcjkyMlM1WGc5Zz09\" target=\"_blank\" rel=\"noopener noreferrer\">Zoom-l\u00e4nk<\/a><br \/>\n<strong>Passcode:<\/strong> 066110<\/p>\n<hr \/>\n<p><strong>Mona Lundkvist<\/strong><br \/>\n<strong>Generalsekreterare<\/strong><br \/>\n<strong>Svenska Budo &amp; Kampsportsf\u00f6rbundet<\/strong><\/p>\n","protected":false},"excerpt":{"rendered":"<p>SB&#038;K | Nu ges m\u00f6jlighet att delta i Zoom-m\u00f6ten inf\u00f6r ans\u00f6kningar till Riksidrottsf\u00f6rbundet g\u00e4llande \u00e5rets sista kvartal. Ingen anm\u00e4lan beh\u00f6vs \u2212 det \u00e4r bara att ansluta sig!<\/p><br>","protected":false},"author":914,"featured_media":123128,"comment_status":"open","ping_status":"open","sticky":false,"template":"","format":"standard","meta":{"_acf_changed":false,"footnotes":""},"categories":[1],"tags":[],"class_list":["post-124284","post","type-post","status-publish","format-standard","has-post-thumbnail","hentry","category-okategoriserade"],"acf":[],"yoast_head":"<!-- This site is optimized with the Yoast SEO plugin v26.8 - https:\/\/yoast.com\/product\/yoast-seo-wordpress\/ -->\n<title>Sista digitala f\u00f6reningstr\u00e4ffarna om kompensationsst\u00f6det - Svenska Budo &amp; Kampsportsf\u00f6rbundet<\/title>\n<meta name=\"description\" content=\"SB&amp;K | Nu ges m\u00f6jlighet att delta i Zoom-m\u00f6ten inf\u00f6r ans\u00f6kningar till Riksidrottsf\u00f6rbundet g\u00e4llande \u00e5rets sista kvartal. Ingen anm\u00e4lan beh\u00f6vs \u2212 det \u00e4r bara att ansluta sig!\" \/>\n<meta name=\"robots\" content=\"index, follow, max-snippet:-1, max-image-preview:large, max-video-preview:-1\" \/>\n<link rel=\"canonical\" href=\"https:\/\/www.budokampsport.se\/2021\/01\/11\/sista-digitala-foreningstraffarna\/\" \/>\n<meta property=\"og:locale\" content=\"sv_SE\" \/>\n<meta property=\"og:type\" content=\"article\" \/>\n<meta property=\"og:title\" content=\"Sista digitala f\u00f6reningstr\u00e4ffarna om kompensationsst\u00f6det - Svenska Budo &amp; Kampsportsf\u00f6rbundet\" \/>\n<meta property=\"og:description\" content=\"SB&amp;K | Nu ges m\u00f6jlighet att delta i Zoom-m\u00f6ten inf\u00f6r ans\u00f6kningar till Riksidrottsf\u00f6rbundet g\u00e4llande \u00e5rets sista kvartal. Ingen anm\u00e4lan beh\u00f6vs \u2212 det \u00e4r bara att ansluta sig!\" \/>\n<meta property=\"og:url\" content=\"https:\/\/www.budokampsport.se\/2021\/01\/11\/sista-digitala-foreningstraffarna\/\" \/>\n<meta property=\"og:site_name\" content=\"Svenska Budo &amp; Kampsportsf\u00f6rbundet\" \/>\n<meta property=\"article:published_time\" content=\"2021-01-11T07:16:16+00:00\" \/>\n<meta property=\"article:modified_time\" content=\"2021-01-11T07:18:11+00:00\" \/>\n<meta property=\"og:image\" content=\"https:\/\/www.budokampsport.se\/wp-content\/uploads\/2020\/12\/BB131109NJ111-847px.jpg\" \/>\n\t<meta property=\"og:image:width\" content=\"847\" \/>\n\t<meta property=\"og:image:height\" content=\"525\" \/>\n\t<meta property=\"og:image:type\" content=\"image\/jpeg\" \/>\n<meta name=\"author\" content=\"Mats Lilja\" \/>\n<meta name=\"twitter:card\" content=\"summary_large_image\" \/>\n<meta name=\"twitter:label1\" content=\"Skriven av\" \/>\n\t<meta name=\"twitter:data1\" content=\"Mats Lilja\" \/>\n\t<meta name=\"twitter:label2\" content=\"Ber\u00e4knad l\u00e4stid\" \/>\n\t<meta name=\"twitter:data2\" content=\"2 minuter\" \/>\n<script type=\"application\/ld+json\" class=\"yoast-schema-graph\">{\"@context\":\"https:\/\/schema.org\",\"@graph\":[{\"@type\":\"Article\",\"@id\":\"https:\/\/www.budokampsport.se\/2021\/01\/11\/sista-digitala-foreningstraffarna\/#article\",\"isPartOf\":{\"@id\":\"https:\/\/www.budokampsport.se\/2021\/01\/11\/sista-digitala-foreningstraffarna\/\"},\"author\":{\"name\":\"Mats Lilja\",\"@id\":\"https:\/\/www.budokampsport.se\/#\/schema\/person\/d80c0bc61f1787703168fc250ce69522\"},\"headline\":\"Sista digitala f\u00f6reningstr\u00e4ffarna om kompensationsst\u00f6det\",\"datePublished\":\"2021-01-11T07:16:16+00:00\",\"dateModified\":\"2021-01-11T07:18:11+00:00\",\"mainEntityOfPage\":{\"@id\":\"https:\/\/www.budokampsport.se\/2021\/01\/11\/sista-digitala-foreningstraffarna\/\"},\"wordCount\":322,\"commentCount\":1,\"image\":{\"@id\":\"https:\/\/www.budokampsport.se\/2021\/01\/11\/sista-digitala-foreningstraffarna\/#primaryimage\"},\"thumbnailUrl\":\"https:\/\/www.budokampsport.se\/wp-content\/uploads\/2020\/12\/BB131109NJ111-847px.jpg\",\"inLanguage\":\"sv-SE\",\"potentialAction\":[{\"@type\":\"CommentAction\",\"name\":\"Comment\",\"target\":[\"https:\/\/www.budokampsport.se\/2021\/01\/11\/sista-digitala-foreningstraffarna\/#respond\"]}]},{\"@type\":\"WebPage\",\"@id\":\"https:\/\/www.budokampsport.se\/2021\/01\/11\/sista-digitala-foreningstraffarna\/\",\"url\":\"https:\/\/www.budokampsport.se\/2021\/01\/11\/sista-digitala-foreningstraffarna\/\",\"name\":\"Sista digitala f\u00f6reningstr\u00e4ffarna om kompensationsst\u00f6det - Svenska Budo &amp; Kampsportsf\u00f6rbundet\",\"isPartOf\":{\"@id\":\"https:\/\/www.budokampsport.se\/#website\"},\"primaryImageOfPage\":{\"@id\":\"https:\/\/www.budokampsport.se\/2021\/01\/11\/sista-digitala-foreningstraffarna\/#primaryimage\"},\"image\":{\"@id\":\"https:\/\/www.budokampsport.se\/2021\/01\/11\/sista-digitala-foreningstraffarna\/#primaryimage\"},\"thumbnailUrl\":\"https:\/\/www.budokampsport.se\/wp-content\/uploads\/2020\/12\/BB131109NJ111-847px.jpg\",\"datePublished\":\"2021-01-11T07:16:16+00:00\",\"dateModified\":\"2021-01-11T07:18:11+00:00\",\"author\":{\"@id\":\"https:\/\/www.budokampsport.se\/#\/schema\/person\/d80c0bc61f1787703168fc250ce69522\"},\"description\":\"SB&K | Nu ges m\u00f6jlighet att delta i Zoom-m\u00f6ten inf\u00f6r ans\u00f6kningar till Riksidrottsf\u00f6rbundet g\u00e4llande \u00e5rets sista kvartal. Ingen anm\u00e4lan beh\u00f6vs \u2212 det \u00e4r bara att ansluta sig!\",\"breadcrumb\":{\"@id\":\"https:\/\/www.budokampsport.se\/2021\/01\/11\/sista-digitala-foreningstraffarna\/#breadcrumb\"},\"inLanguage\":\"sv-SE\",\"potentialAction\":[{\"@type\":\"ReadAction\",\"target\":[\"https:\/\/www.budokampsport.se\/2021\/01\/11\/sista-digitala-foreningstraffarna\/\"]}]},{\"@type\":\"ImageObject\",\"inLanguage\":\"sv-SE\",\"@id\":\"https:\/\/www.budokampsport.se\/2021\/01\/11\/sista-digitala-foreningstraffarna\/#primaryimage\",\"url\":\"https:\/\/www.budokampsport.se\/wp-content\/uploads\/2020\/12\/BB131109NJ111-847px.jpg\",\"contentUrl\":\"https:\/\/www.budokampsport.se\/wp-content\/uploads\/2020\/12\/BB131109NJ111-847px.jpg\",\"width\":847,\"height\":525,\"caption\":\"131109 Uppvisning av kickboxning den 9 november 2013 i Malm\u00f6. Foto: NILS JAKOBSSON \/ BILDBYR\u00c5N \/ kod NJ \/ 73872\"},{\"@type\":\"BreadcrumbList\",\"@id\":\"https:\/\/www.budokampsport.se\/2021\/01\/11\/sista-digitala-foreningstraffarna\/#breadcrumb\",\"itemListElement\":[{\"@type\":\"ListItem\",\"position\":1,\"name\":\"Hem\",\"item\":\"https:\/\/www.budokampsport.se\/\"},{\"@type\":\"ListItem\",\"position\":2,\"name\":\"Sista digitala f\u00f6reningstr\u00e4ffarna om kompensationsst\u00f6det\"}]},{\"@type\":\"WebSite\",\"@id\":\"https:\/\/www.budokampsport.se\/#website\",\"url\":\"https:\/\/www.budokampsport.se\/\",\"name\":\"Svenska Budo &amp; Kampsportsf\u00f6rbundet\",\"description\":\"T\u00e4vling, Tr\u00e4ning, Tradition\",\"potentialAction\":[{\"@type\":\"SearchAction\",\"target\":{\"@type\":\"EntryPoint\",\"urlTemplate\":\"https:\/\/www.budokampsport.se\/?s={search_term_string}\"},\"query-input\":{\"@type\":\"PropertyValueSpecification\",\"valueRequired\":true,\"valueName\":\"search_term_string\"}}],\"inLanguage\":\"sv-SE\"},{\"@type\":\"Person\",\"@id\":\"https:\/\/www.budokampsport.se\/#\/schema\/person\/d80c0bc61f1787703168fc250ce69522\",\"name\":\"Mats Lilja\",\"image\":{\"@type\":\"ImageObject\",\"inLanguage\":\"sv-SE\",\"@id\":\"https:\/\/www.budokampsport.se\/#\/schema\/person\/image\/\",\"url\":\"https:\/\/secure.gravatar.com\/avatar\/607f84918e96abe1ebbd8611782fa57d?s=96&d=blank&r=g\",\"contentUrl\":\"https:\/\/secure.gravatar.com\/avatar\/607f84918e96abe1ebbd8611782fa57d?s=96&d=blank&r=g\",\"caption\":\"Mats Lilja\"},\"url\":\"https:\/\/www.budokampsport.se\/author\/mats-lilja\/\"}]}<\/script>\n<!-- \/ Yoast SEO plugin. -->","yoast_head_json":{"title":"Sista digitala f\u00f6reningstr\u00e4ffarna om kompensationsst\u00f6det - Svenska Budo &amp; Kampsportsf\u00f6rbundet","description":"SB&K | Nu ges m\u00f6jlighet att delta i Zoom-m\u00f6ten inf\u00f6r ans\u00f6kningar till Riksidrottsf\u00f6rbundet g\u00e4llande \u00e5rets sista kvartal. Ingen anm\u00e4lan beh\u00f6vs \u2212 det \u00e4r bara att ansluta sig!","robots":{"index":"index","follow":"follow","max-snippet":"max-snippet:-1","max-image-preview":"max-image-preview:large","max-video-preview":"max-video-preview:-1"},"canonical":"https:\/\/www.budokampsport.se\/2021\/01\/11\/sista-digitala-foreningstraffarna\/","og_locale":"sv_SE","og_type":"article","og_title":"Sista digitala f\u00f6reningstr\u00e4ffarna om kompensationsst\u00f6det - Svenska Budo &amp; Kampsportsf\u00f6rbundet","og_description":"SB&K | Nu ges m\u00f6jlighet att delta i Zoom-m\u00f6ten inf\u00f6r ans\u00f6kningar till Riksidrottsf\u00f6rbundet g\u00e4llande \u00e5rets sista kvartal. Ingen anm\u00e4lan beh\u00f6vs \u2212 det \u00e4r bara att ansluta sig!","og_url":"https:\/\/www.budokampsport.se\/2021\/01\/11\/sista-digitala-foreningstraffarna\/","og_site_name":"Svenska Budo &amp; Kampsportsf\u00f6rbundet","article_published_time":"2021-01-11T07:16:16+00:00","article_modified_time":"2021-01-11T07:18:11+00:00","og_image":[{"width":847,"height":525,"url":"https:\/\/www.budokampsport.se\/wp-content\/uploads\/2020\/12\/BB131109NJ111-847px.jpg","type":"image\/jpeg"}],"author":"Mats Lilja","twitter_card":"summary_large_image","twitter_misc":{"Skriven av":"Mats Lilja","Ber\u00e4knad l\u00e4stid":"2 minuter"},"schema":{"@context":"https:\/\/schema.org","@graph":[{"@type":"Article","@id":"https:\/\/www.budokampsport.se\/2021\/01\/11\/sista-digitala-foreningstraffarna\/#article","isPartOf":{"@id":"https:\/\/www.budokampsport.se\/2021\/01\/11\/sista-digitala-foreningstraffarna\/"},"author":{"name":"Mats Lilja","@id":"https:\/\/www.budokampsport.se\/#\/schema\/person\/d80c0bc61f1787703168fc250ce69522"},"headline":"Sista digitala f\u00f6reningstr\u00e4ffarna om kompensationsst\u00f6det","datePublished":"2021-01-11T07:16:16+00:00","dateModified":"2021-01-11T07:18:11+00:00","mainEntityOfPage":{"@id":"https:\/\/www.budokampsport.se\/2021\/01\/11\/sista-digitala-foreningstraffarna\/"},"wordCount":322,"commentCount":1,"image":{"@id":"https:\/\/www.budokampsport.se\/2021\/01\/11\/sista-digitala-foreningstraffarna\/#primaryimage"},"thumbnailUrl":"https:\/\/www.budokampsport.se\/wp-content\/uploads\/2020\/12\/BB131109NJ111-847px.jpg","inLanguage":"sv-SE","potentialAction":[{"@type":"CommentAction","name":"Comment","target":["https:\/\/www.budokampsport.se\/2021\/01\/11\/sista-digitala-foreningstraffarna\/#respond"]}]},{"@type":"WebPage","@id":"https:\/\/www.budokampsport.se\/2021\/01\/11\/sista-digitala-foreningstraffarna\/","url":"https:\/\/www.budokampsport.se\/2021\/01\/11\/sista-digitala-foreningstraffarna\/","name":"Sista digitala f\u00f6reningstr\u00e4ffarna om kompensationsst\u00f6det - Svenska Budo &amp; Kampsportsf\u00f6rbundet","isPartOf":{"@id":"https:\/\/www.budokampsport.se\/#website"},"primaryImageOfPage":{"@id":"https:\/\/www.budokampsport.se\/2021\/01\/11\/sista-digitala-foreningstraffarna\/#primaryimage"},"image":{"@id":"https:\/\/www.budokampsport.se\/2021\/01\/11\/sista-digitala-foreningstraffarna\/#primaryimage"},"thumbnailUrl":"https:\/\/www.budokampsport.se\/wp-content\/uploads\/2020\/12\/BB131109NJ111-847px.jpg","datePublished":"2021-01-11T07:16:16+00:00","dateModified":"2021-01-11T07:18:11+00:00","author":{"@id":"https:\/\/www.budokampsport.se\/#\/schema\/person\/d80c0bc61f1787703168fc250ce69522"},"description":"SB&K | Nu ges m\u00f6jlighet att delta i Zoom-m\u00f6ten inf\u00f6r ans\u00f6kningar till Riksidrottsf\u00f6rbundet g\u00e4llande \u00e5rets sista kvartal. Ingen anm\u00e4lan beh\u00f6vs \u2212 det \u00e4r bara att ansluta sig!","breadcrumb":{"@id":"https:\/\/www.budokampsport.se\/2021\/01\/11\/sista-digitala-foreningstraffarna\/#breadcrumb"},"inLanguage":"sv-SE","potentialAction":[{"@type":"ReadAction","target":["https:\/\/www.budokampsport.se\/2021\/01\/11\/sista-digitala-foreningstraffarna\/"]}]},{"@type":"ImageObject","inLanguage":"sv-SE","@id":"https:\/\/www.budokampsport.se\/2021\/01\/11\/sista-digitala-foreningstraffarna\/#primaryimage","url":"https:\/\/www.budokampsport.se\/wp-content\/uploads\/2020\/12\/BB131109NJ111-847px.jpg","contentUrl":"https:\/\/www.budokampsport.se\/wp-content\/uploads\/2020\/12\/BB131109NJ111-847px.jpg","width":847,"height":525,"caption":"131109 Uppvisning av kickboxning den 9 november 2013 i Malm\u00f6. Foto: NILS JAKOBSSON \/ BILDBYR\u00c5N \/ kod NJ \/ 73872"},{"@type":"BreadcrumbList","@id":"https:\/\/www.budokampsport.se\/2021\/01\/11\/sista-digitala-foreningstraffarna\/#breadcrumb","itemListElement":[{"@type":"ListItem","position":1,"name":"Hem","item":"https:\/\/www.budokampsport.se\/"},{"@type":"ListItem","position":2,"name":"Sista digitala f\u00f6reningstr\u00e4ffarna om kompensationsst\u00f6det"}]},{"@type":"WebSite","@id":"https:\/\/www.budokampsport.se\/#website","url":"https:\/\/www.budokampsport.se\/","name":"Svenska Budo &amp; Kampsportsf\u00f6rbundet","description":"T\u00e4vling, Tr\u00e4ning, Tradition","potentialAction":[{"@type":"SearchAction","target":{"@type":"EntryPoint","urlTemplate":"https:\/\/www.budokampsport.se\/?s={search_term_string}"},"query-input":{"@type":"PropertyValueSpecification","valueRequired":true,"valueName":"search_term_string"}}],"inLanguage":"sv-SE"},{"@type":"Person","@id":"https:\/\/www.budokampsport.se\/#\/schema\/person\/d80c0bc61f1787703168fc250ce69522","name":"Mats Lilja","image":{"@type":"ImageObject","inLanguage":"sv-SE","@id":"https:\/\/www.budokampsport.se\/#\/schema\/person\/image\/","url":"https:\/\/secure.gravatar.com\/avatar\/607f84918e96abe1ebbd8611782fa57d?s=96&d=blank&r=g","contentUrl":"https:\/\/secure.gravatar.com\/avatar\/607f84918e96abe1ebbd8611782fa57d?s=96&d=blank&r=g","caption":"Mats Lilja"},"url":"https:\/\/www.budokampsport.se\/author\/mats-lilja\/"}]}},"_links":{"self":[{"href":"https:\/\/www.budokampsport.se\/api\/wp\/v2\/posts\/124284","targetHints":{"allow":["GET"]}}],"collection":[{"href":"https:\/\/www.budokampsport.se\/api\/wp\/v2\/posts"}],"about":[{"href":"https:\/\/www.budokampsport.se\/api\/wp\/v2\/types\/post"}],"author":[{"embeddable":true,"href":"https:\/\/www.budokampsport.se\/api\/wp\/v2\/users\/914"}],"replies":[{"embeddable":true,"href":"https:\/\/www.budokampsport.se\/api\/wp\/v2\/comments?post=124284"}],"version-history":[{"count":0,"href":"https:\/\/www.budokampsport.se\/api\/wp\/v2\/posts\/124284\/revisions"}],"wp:featuredmedia":[{"embeddable":true,"href":"https:\/\/www.budokampsport.se\/api\/wp\/v2\/media\/123128"}],"wp:attachment":[{"href":"https:\/\/www.budokampsport.se\/api\/wp\/v2\/media?parent=124284"}],"wp:term":[{"taxonomy":"category","embeddable":true,"href":"https:\/\/www.budokampsport.se\/api\/wp\/v2\/categories?post=124284"},{"taxonomy":"post_tag","embeddable":true,"href":"https:\/\/www.budokampsport.se\/api\/wp\/v2\/tags?post=124284"}],"curies":[{"name":"wp","href":"https:\/\/api.w.org\/{rel}","templated":true}]}}