{"id":124343,"date":"2021-01-14T10:36:57","date_gmt":"2021-01-14T09:36:57","guid":{"rendered":"https:\/\/www.budokampsport.se\/?p=124343"},"modified":"2024-07-23T15:26:43","modified_gmt":"2024-07-23T13:26:43","slug":"samtal-i-tv4-om-kampsportsklubbarnas-tuffa-tid","status":"publish","type":"post","link":"https:\/\/www.budokampsport.se\/2021\/01\/14\/samtal-i-tv4-om-kampsportsklubbarnas-tuffa-tid\/","title":{"rendered":"Samtal i TV4 om kampsportsklubbarnas tuffa tid"},"content":{"rendered":"<p><strong>Inslaget g\u00e5r att se i efterhand h\u00e4r:<\/strong><\/p>\n<p><a href=\"https:\/\/www.tv4.se\/klipp\/va\/13314699\/corona-knockar-kampsporterna-betalar-verksamheten-ur-egen-ficka\" target=\"_blank\" rel=\"noopener noreferrer\"><img loading=\"lazy\" decoding=\"async\" class=\"aligncenter wp-image-124348 size-full\" src=\"https:\/\/www.budokampsport.se\/wp-content\/uploads\/2021\/01\/nyhetsmorgon2.jpg\" alt=\"\" width=\"847\" height=\"474\" srcset=\"https:\/\/www.budokampsport.se\/wp-content\/uploads\/2021\/01\/nyhetsmorgon2.jpg 847w, https:\/\/www.budokampsport.se\/wp-content\/uploads\/2021\/01\/nyhetsmorgon2-600x336.jpg 600w, https:\/\/www.budokampsport.se\/wp-content\/uploads\/2021\/01\/nyhetsmorgon2-376x210.jpg 376w, https:\/\/www.budokampsport.se\/wp-content\/uploads\/2021\/01\/nyhetsmorgon2-278x156.jpg 278w, https:\/\/www.budokampsport.se\/wp-content\/uploads\/2021\/01\/nyhetsmorgon2-572x320.jpg 572w\" sizes=\"auto, (max-width: 847px) 100vw, 847px\" \/><\/a><\/p>\n<p><strong><a href=\"https:\/\/www.tv4.se\/klipp\/va\/13314699\/corona-knockar-kampsporterna-betalar-verksamheten-ur-egen-ficka\" target=\"_blank\" rel=\"noopener noreferrer\">Corona knockar kampsporterna: \u201dbetalar verksamheten ur egen ficka\u201d<\/a><\/strong><\/p>\n<p>Bland annat pratade man om hur kampsporten inte f\u00e5r de resurser som kampidrotterna f\u00f6rtj\u00e4nar.<\/p>\n<p>Det blev ocks\u00e5 diskussion om hur restriktionerna har slagit mot kampsportssverige, med medlemstapp och st\u00e4ngda lokaler.<\/p>\n<p>Text: Mats Lilja<br \/>\nFoto: TV4<\/p>\n","protected":false},"excerpt":{"rendered":"<p>CORONA | M\u00e5nga av v\u00e5ra kampsportsklubbar har det riktigt k\u00e4mpigt just nu. I morse g\u00e4stade kampsportsprofilerna Thabo Motsieloa och Peter L\u00f6\u00f6f TV4:s Nyhetsmorgon f\u00f6r att prata om detta.<\/p><br>","protected":false},"author":914,"featured_media":124347,"comment_status":"open","ping_status":"open","sticky":false,"template":"","format":"standard","meta":{"_acf_changed":false,"footnotes":""},"categories":[577,531],"tags":[],"class_list":["post-124343","post","type-post","status-publish","format-standard","has-post-thumbnail","hentry","category-anlaggning","category-sbk-2"],"acf":[],"yoast_head":"<!-- This site is optimized with the Yoast SEO plugin v26.8 - https:\/\/yoast.com\/product\/yoast-seo-wordpress\/ -->\n<title>Samtal i TV4 om kampsportsklubbarnas tuffa tid - Svenska Budo &amp; Kampsportsf\u00f6rbundet<\/title>\n<meta name=\"description\" content=\"CORONA | M\u00e5nga av v\u00e5ra kampsportsklubbar har det riktigt k\u00e4mpigt just nu. I morse g\u00e4stade kampsportsprofilerna Thabo Motsieloa och Peter L\u00f6\u00f6f TV4:s Nyhetsmorgon f\u00f6r att prata om detta.\" \/>\n<meta name=\"robots\" content=\"index, follow, max-snippet:-1, max-image-preview:large, max-video-preview:-1\" \/>\n<link rel=\"canonical\" href=\"https:\/\/www.budokampsport.se\/2021\/01\/14\/samtal-i-tv4-om-kampsportsklubbarnas-tuffa-tid\/\" \/>\n<meta property=\"og:locale\" content=\"sv_SE\" \/>\n<meta property=\"og:type\" content=\"article\" \/>\n<meta property=\"og:title\" content=\"Samtal i TV4 om kampsportsklubbarnas tuffa tid - Svenska Budo &amp; Kampsportsf\u00f6rbundet\" \/>\n<meta property=\"og:description\" content=\"CORONA | M\u00e5nga av v\u00e5ra kampsportsklubbar har det riktigt k\u00e4mpigt just nu. I morse g\u00e4stade kampsportsprofilerna Thabo Motsieloa och Peter L\u00f6\u00f6f TV4:s Nyhetsmorgon f\u00f6r att prata om detta.\" \/>\n<meta property=\"og:url\" content=\"https:\/\/www.budokampsport.se\/2021\/01\/14\/samtal-i-tv4-om-kampsportsklubbarnas-tuffa-tid\/\" \/>\n<meta property=\"og:site_name\" content=\"Svenska Budo &amp; Kampsportsf\u00f6rbundet\" \/>\n<meta property=\"article:published_time\" content=\"2021-01-14T09:36:57+00:00\" \/>\n<meta property=\"article:modified_time\" content=\"2024-07-23T13:26:43+00:00\" \/>\n<meta property=\"og:image\" content=\"https:\/\/www.budokampsport.se\/wp-content\/uploads\/2021\/01\/nyhetsmorgon.jpg\" \/>\n\t<meta property=\"og:image:width\" content=\"847\" \/>\n\t<meta property=\"og:image:height\" content=\"508\" \/>\n\t<meta property=\"og:image:type\" content=\"image\/jpeg\" \/>\n<meta name=\"author\" content=\"Mats Lilja\" \/>\n<meta name=\"twitter:card\" content=\"summary_large_image\" \/>\n<meta name=\"twitter:label1\" content=\"Skriven av\" \/>\n\t<meta name=\"twitter:data1\" content=\"Mats Lilja\" \/>\n\t<meta name=\"twitter:label2\" content=\"Ber\u00e4knad l\u00e4stid\" \/>\n\t<meta name=\"twitter:data2\" content=\"1 minut\" \/>\n<script type=\"application\/ld+json\" class=\"yoast-schema-graph\">{\"@context\":\"https:\/\/schema.org\",\"@graph\":[{\"@type\":\"Article\",\"@id\":\"https:\/\/www.budokampsport.se\/2021\/01\/14\/samtal-i-tv4-om-kampsportsklubbarnas-tuffa-tid\/#article\",\"isPartOf\":{\"@id\":\"https:\/\/www.budokampsport.se\/2021\/01\/14\/samtal-i-tv4-om-kampsportsklubbarnas-tuffa-tid\/\"},\"author\":{\"name\":\"Mats Lilja\",\"@id\":\"https:\/\/www.budokampsport.se\/#\/schema\/person\/d80c0bc61f1787703168fc250ce69522\"},\"headline\":\"Samtal i TV4 om kampsportsklubbarnas tuffa tid\",\"datePublished\":\"2021-01-14T09:36:57+00:00\",\"dateModified\":\"2024-07-23T13:26:43+00:00\",\"mainEntityOfPage\":{\"@id\":\"https:\/\/www.budokampsport.se\/2021\/01\/14\/samtal-i-tv4-om-kampsportsklubbarnas-tuffa-tid\/\"},\"wordCount\":63,\"commentCount\":1,\"image\":{\"@id\":\"https:\/\/www.budokampsport.se\/2021\/01\/14\/samtal-i-tv4-om-kampsportsklubbarnas-tuffa-tid\/#primaryimage\"},\"thumbnailUrl\":\"https:\/\/www.budokampsport.se\/wp-content\/uploads\/2021\/01\/nyhetsmorgon.jpg\",\"articleSection\":[\"Anl\u00e4ggning\",\"SB&amp;K\"],\"inLanguage\":\"sv-SE\",\"potentialAction\":[{\"@type\":\"CommentAction\",\"name\":\"Comment\",\"target\":[\"https:\/\/www.budokampsport.se\/2021\/01\/14\/samtal-i-tv4-om-kampsportsklubbarnas-tuffa-tid\/#respond\"]}]},{\"@type\":\"WebPage\",\"@id\":\"https:\/\/www.budokampsport.se\/2021\/01\/14\/samtal-i-tv4-om-kampsportsklubbarnas-tuffa-tid\/\",\"url\":\"https:\/\/www.budokampsport.se\/2021\/01\/14\/samtal-i-tv4-om-kampsportsklubbarnas-tuffa-tid\/\",\"name\":\"Samtal i TV4 om kampsportsklubbarnas tuffa tid - Svenska Budo &amp; Kampsportsf\u00f6rbundet\",\"isPartOf\":{\"@id\":\"https:\/\/www.budokampsport.se\/#website\"},\"primaryImageOfPage\":{\"@id\":\"https:\/\/www.budokampsport.se\/2021\/01\/14\/samtal-i-tv4-om-kampsportsklubbarnas-tuffa-tid\/#primaryimage\"},\"image\":{\"@id\":\"https:\/\/www.budokampsport.se\/2021\/01\/14\/samtal-i-tv4-om-kampsportsklubbarnas-tuffa-tid\/#primaryimage\"},\"thumbnailUrl\":\"https:\/\/www.budokampsport.se\/wp-content\/uploads\/2021\/01\/nyhetsmorgon.jpg\",\"datePublished\":\"2021-01-14T09:36:57+00:00\",\"dateModified\":\"2024-07-23T13:26:43+00:00\",\"author\":{\"@id\":\"https:\/\/www.budokampsport.se\/#\/schema\/person\/d80c0bc61f1787703168fc250ce69522\"},\"description\":\"CORONA | M\u00e5nga av v\u00e5ra kampsportsklubbar har det riktigt k\u00e4mpigt just nu. I morse g\u00e4stade kampsportsprofilerna Thabo Motsieloa och Peter L\u00f6\u00f6f TV4:s Nyhetsmorgon f\u00f6r att prata om detta.\",\"breadcrumb\":{\"@id\":\"https:\/\/www.budokampsport.se\/2021\/01\/14\/samtal-i-tv4-om-kampsportsklubbarnas-tuffa-tid\/#breadcrumb\"},\"inLanguage\":\"sv-SE\",\"potentialAction\":[{\"@type\":\"ReadAction\",\"target\":[\"https:\/\/www.budokampsport.se\/2021\/01\/14\/samtal-i-tv4-om-kampsportsklubbarnas-tuffa-tid\/\"]}]},{\"@type\":\"ImageObject\",\"inLanguage\":\"sv-SE\",\"@id\":\"https:\/\/www.budokampsport.se\/2021\/01\/14\/samtal-i-tv4-om-kampsportsklubbarnas-tuffa-tid\/#primaryimage\",\"url\":\"https:\/\/www.budokampsport.se\/wp-content\/uploads\/2021\/01\/nyhetsmorgon.jpg\",\"contentUrl\":\"https:\/\/www.budokampsport.se\/wp-content\/uploads\/2021\/01\/nyhetsmorgon.jpg\",\"width\":847,\"height\":508,\"caption\":\"Thabo Motsieloa och Peter L\u00f6\u00f6f g\u00e4star Nyhetsmorgon i TV4.\"},{\"@type\":\"BreadcrumbList\",\"@id\":\"https:\/\/www.budokampsport.se\/2021\/01\/14\/samtal-i-tv4-om-kampsportsklubbarnas-tuffa-tid\/#breadcrumb\",\"itemListElement\":[{\"@type\":\"ListItem\",\"position\":1,\"name\":\"Hem\",\"item\":\"https:\/\/www.budokampsport.se\/\"},{\"@type\":\"ListItem\",\"position\":2,\"name\":\"Samtal i TV4 om kampsportsklubbarnas tuffa tid\"}]},{\"@type\":\"WebSite\",\"@id\":\"https:\/\/www.budokampsport.se\/#website\",\"url\":\"https:\/\/www.budokampsport.se\/\",\"name\":\"Svenska Budo &amp; Kampsportsf\u00f6rbundet\",\"description\":\"T\u00e4vling, Tr\u00e4ning, Tradition\",\"potentialAction\":[{\"@type\":\"SearchAction\",\"target\":{\"@type\":\"EntryPoint\",\"urlTemplate\":\"https:\/\/www.budokampsport.se\/?s={search_term_string}\"},\"query-input\":{\"@type\":\"PropertyValueSpecification\",\"valueRequired\":true,\"valueName\":\"search_term_string\"}}],\"inLanguage\":\"sv-SE\"},{\"@type\":\"Person\",\"@id\":\"https:\/\/www.budokampsport.se\/#\/schema\/person\/d80c0bc61f1787703168fc250ce69522\",\"name\":\"Mats Lilja\",\"image\":{\"@type\":\"ImageObject\",\"inLanguage\":\"sv-SE\",\"@id\":\"https:\/\/www.budokampsport.se\/#\/schema\/person\/image\/\",\"url\":\"https:\/\/secure.gravatar.com\/avatar\/607f84918e96abe1ebbd8611782fa57d?s=96&d=blank&r=g\",\"contentUrl\":\"https:\/\/secure.gravatar.com\/avatar\/607f84918e96abe1ebbd8611782fa57d?s=96&d=blank&r=g\",\"caption\":\"Mats Lilja\"},\"url\":\"https:\/\/www.budokampsport.se\/author\/mats-lilja\/\"}]}<\/script>\n<!-- \/ Yoast SEO plugin. -->","yoast_head_json":{"title":"Samtal i TV4 om kampsportsklubbarnas tuffa tid - Svenska Budo &amp; Kampsportsf\u00f6rbundet","description":"CORONA | M\u00e5nga av v\u00e5ra kampsportsklubbar har det riktigt k\u00e4mpigt just nu. I morse g\u00e4stade kampsportsprofilerna Thabo Motsieloa och Peter L\u00f6\u00f6f TV4:s Nyhetsmorgon f\u00f6r att prata om detta.","robots":{"index":"index","follow":"follow","max-snippet":"max-snippet:-1","max-image-preview":"max-image-preview:large","max-video-preview":"max-video-preview:-1"},"canonical":"https:\/\/www.budokampsport.se\/2021\/01\/14\/samtal-i-tv4-om-kampsportsklubbarnas-tuffa-tid\/","og_locale":"sv_SE","og_type":"article","og_title":"Samtal i TV4 om kampsportsklubbarnas tuffa tid - Svenska Budo &amp; Kampsportsf\u00f6rbundet","og_description":"CORONA | M\u00e5nga av v\u00e5ra kampsportsklubbar har det riktigt k\u00e4mpigt just nu. I morse g\u00e4stade kampsportsprofilerna Thabo Motsieloa och Peter L\u00f6\u00f6f TV4:s Nyhetsmorgon f\u00f6r att prata om detta.","og_url":"https:\/\/www.budokampsport.se\/2021\/01\/14\/samtal-i-tv4-om-kampsportsklubbarnas-tuffa-tid\/","og_site_name":"Svenska Budo &amp; Kampsportsf\u00f6rbundet","article_published_time":"2021-01-14T09:36:57+00:00","article_modified_time":"2024-07-23T13:26:43+00:00","og_image":[{"width":847,"height":508,"url":"https:\/\/www.budokampsport.se\/wp-content\/uploads\/2021\/01\/nyhetsmorgon.jpg","type":"image\/jpeg"}],"author":"Mats Lilja","twitter_card":"summary_large_image","twitter_misc":{"Skriven av":"Mats Lilja","Ber\u00e4knad l\u00e4stid":"1 minut"},"schema":{"@context":"https:\/\/schema.org","@graph":[{"@type":"Article","@id":"https:\/\/www.budokampsport.se\/2021\/01\/14\/samtal-i-tv4-om-kampsportsklubbarnas-tuffa-tid\/#article","isPartOf":{"@id":"https:\/\/www.budokampsport.se\/2021\/01\/14\/samtal-i-tv4-om-kampsportsklubbarnas-tuffa-tid\/"},"author":{"name":"Mats Lilja","@id":"https:\/\/www.budokampsport.se\/#\/schema\/person\/d80c0bc61f1787703168fc250ce69522"},"headline":"Samtal i TV4 om kampsportsklubbarnas tuffa tid","datePublished":"2021-01-14T09:36:57+00:00","dateModified":"2024-07-23T13:26:43+00:00","mainEntityOfPage":{"@id":"https:\/\/www.budokampsport.se\/2021\/01\/14\/samtal-i-tv4-om-kampsportsklubbarnas-tuffa-tid\/"},"wordCount":63,"commentCount":1,"image":{"@id":"https:\/\/www.budokampsport.se\/2021\/01\/14\/samtal-i-tv4-om-kampsportsklubbarnas-tuffa-tid\/#primaryimage"},"thumbnailUrl":"https:\/\/www.budokampsport.se\/wp-content\/uploads\/2021\/01\/nyhetsmorgon.jpg","articleSection":["Anl\u00e4ggning","SB&amp;K"],"inLanguage":"sv-SE","potentialAction":[{"@type":"CommentAction","name":"Comment","target":["https:\/\/www.budokampsport.se\/2021\/01\/14\/samtal-i-tv4-om-kampsportsklubbarnas-tuffa-tid\/#respond"]}]},{"@type":"WebPage","@id":"https:\/\/www.budokampsport.se\/2021\/01\/14\/samtal-i-tv4-om-kampsportsklubbarnas-tuffa-tid\/","url":"https:\/\/www.budokampsport.se\/2021\/01\/14\/samtal-i-tv4-om-kampsportsklubbarnas-tuffa-tid\/","name":"Samtal i TV4 om kampsportsklubbarnas tuffa tid - Svenska Budo &amp; Kampsportsf\u00f6rbundet","isPartOf":{"@id":"https:\/\/www.budokampsport.se\/#website"},"primaryImageOfPage":{"@id":"https:\/\/www.budokampsport.se\/2021\/01\/14\/samtal-i-tv4-om-kampsportsklubbarnas-tuffa-tid\/#primaryimage"},"image":{"@id":"https:\/\/www.budokampsport.se\/2021\/01\/14\/samtal-i-tv4-om-kampsportsklubbarnas-tuffa-tid\/#primaryimage"},"thumbnailUrl":"https:\/\/www.budokampsport.se\/wp-content\/uploads\/2021\/01\/nyhetsmorgon.jpg","datePublished":"2021-01-14T09:36:57+00:00","dateModified":"2024-07-23T13:26:43+00:00","author":{"@id":"https:\/\/www.budokampsport.se\/#\/schema\/person\/d80c0bc61f1787703168fc250ce69522"},"description":"CORONA | M\u00e5nga av v\u00e5ra kampsportsklubbar har det riktigt k\u00e4mpigt just nu. I morse g\u00e4stade kampsportsprofilerna Thabo Motsieloa och Peter L\u00f6\u00f6f TV4:s Nyhetsmorgon f\u00f6r att prata om detta.","breadcrumb":{"@id":"https:\/\/www.budokampsport.se\/2021\/01\/14\/samtal-i-tv4-om-kampsportsklubbarnas-tuffa-tid\/#breadcrumb"},"inLanguage":"sv-SE","potentialAction":[{"@type":"ReadAction","target":["https:\/\/www.budokampsport.se\/2021\/01\/14\/samtal-i-tv4-om-kampsportsklubbarnas-tuffa-tid\/"]}]},{"@type":"ImageObject","inLanguage":"sv-SE","@id":"https:\/\/www.budokampsport.se\/2021\/01\/14\/samtal-i-tv4-om-kampsportsklubbarnas-tuffa-tid\/#primaryimage","url":"https:\/\/www.budokampsport.se\/wp-content\/uploads\/2021\/01\/nyhetsmorgon.jpg","contentUrl":"https:\/\/www.budokampsport.se\/wp-content\/uploads\/2021\/01\/nyhetsmorgon.jpg","width":847,"height":508,"caption":"Thabo Motsieloa och Peter L\u00f6\u00f6f g\u00e4star Nyhetsmorgon i TV4."},{"@type":"BreadcrumbList","@id":"https:\/\/www.budokampsport.se\/2021\/01\/14\/samtal-i-tv4-om-kampsportsklubbarnas-tuffa-tid\/#breadcrumb","itemListElement":[{"@type":"ListItem","position":1,"name":"Hem","item":"https:\/\/www.budokampsport.se\/"},{"@type":"ListItem","position":2,"name":"Samtal i TV4 om kampsportsklubbarnas tuffa tid"}]},{"@type":"WebSite","@id":"https:\/\/www.budokampsport.se\/#website","url":"https:\/\/www.budokampsport.se\/","name":"Svenska Budo &amp; Kampsportsf\u00f6rbundet","description":"T\u00e4vling, Tr\u00e4ning, Tradition","potentialAction":[{"@type":"SearchAction","target":{"@type":"EntryPoint","urlTemplate":"https:\/\/www.budokampsport.se\/?s={search_term_string}"},"query-input":{"@type":"PropertyValueSpecification","valueRequired":true,"valueName":"search_term_string"}}],"inLanguage":"sv-SE"},{"@type":"Person","@id":"https:\/\/www.budokampsport.se\/#\/schema\/person\/d80c0bc61f1787703168fc250ce69522","name":"Mats Lilja","image":{"@type":"ImageObject","inLanguage":"sv-SE","@id":"https:\/\/www.budokampsport.se\/#\/schema\/person\/image\/","url":"https:\/\/secure.gravatar.com\/avatar\/607f84918e96abe1ebbd8611782fa57d?s=96&d=blank&r=g","contentUrl":"https:\/\/secure.gravatar.com\/avatar\/607f84918e96abe1ebbd8611782fa57d?s=96&d=blank&r=g","caption":"Mats Lilja"},"url":"https:\/\/www.budokampsport.se\/author\/mats-lilja\/"}]}},"_links":{"self":[{"href":"https:\/\/www.budokampsport.se\/api\/wp\/v2\/posts\/124343","targetHints":{"allow":["GET"]}}],"collection":[{"href":"https:\/\/www.budokampsport.se\/api\/wp\/v2\/posts"}],"about":[{"href":"https:\/\/www.budokampsport.se\/api\/wp\/v2\/types\/post"}],"author":[{"embeddable":true,"href":"https:\/\/www.budokampsport.se\/api\/wp\/v2\/users\/914"}],"replies":[{"embeddable":true,"href":"https:\/\/www.budokampsport.se\/api\/wp\/v2\/comments?post=124343"}],"version-history":[{"count":0,"href":"https:\/\/www.budokampsport.se\/api\/wp\/v2\/posts\/124343\/revisions"}],"wp:featuredmedia":[{"embeddable":true,"href":"https:\/\/www.budokampsport.se\/api\/wp\/v2\/media\/124347"}],"wp:attachment":[{"href":"https:\/\/www.budokampsport.se\/api\/wp\/v2\/media?parent=124343"}],"wp:term":[{"taxonomy":"category","embeddable":true,"href":"https:\/\/www.budokampsport.se\/api\/wp\/v2\/categories?post=124343"},{"taxonomy":"post_tag","embeddable":true,"href":"https:\/\/www.budokampsport.se\/api\/wp\/v2\/tags?post=124343"}],"curies":[{"name":"wp","href":"https:\/\/api.w.org\/{rel}","templated":true}]}}