{"id":124409,"date":"2021-01-19T11:14:49","date_gmt":"2021-01-19T10:14:49","guid":{"rendered":"https:\/\/www.budokampsport.se\/?p=124409"},"modified":"2021-01-19T11:15:56","modified_gmt":"2021-01-19T10:15:56","slug":"inget-pris-for-chimaev","status":"publish","type":"post","link":"https:\/\/www.budokampsport.se\/2021\/01\/19\/inget-pris-for-chimaev\/","title":{"rendered":"Inget pris f\u00f6r Chimaev"},"content":{"rendered":"<p>F\u00f6r tredje g\u00e5ngen var en kampsportare fr\u00e5n SB&amp;K:s idrotter nominerad till pris p\u00e5 Idrottsgalan. Tidigare har b\u00e5de Patricia Axling (2017) och Josefine Lindgren Knutsson (2019) blivit nominerade till just priset \u00c5rets Nykomling.<\/p>\n<p>Tyv\u00e4rr s\u00e5 f\u00e5r vi forts\u00e4tta att v\u00e4nta p\u00e5 en vinnare.<\/p>\n<p><a href=\"https:\/\/www.budokampsport.se\/2021\/01\/18\/khamzat-chimaev-nominerad-pa-idrottsgalan-ikvall\/\" target=\"_blank\" rel=\"noopener noreferrer\">\u00c5rets Nykomling<\/a> p\u00e5 g\u00e5rdagens gala blev ist\u00e4llet fotbollsspelaren Dejan Kulusevski.<\/p>\n<p>En lista \u00f6ver samtliga \u00e5rets vinnare finns p\u00e5 <a href=\"https:\/\/idrottsgalan.se\/nyheter\/#\/pressreleases\/vinnare-idrottsgalan-2021-3065644\" target=\"_blank\" rel=\"noopener noreferrer\">Idrottsgalans hemsida<\/a>.<\/p>\n<p>Text: Mats Lilja<br \/>\nFoto: Bildbyr\u00e5n\/Privat<\/p>\n","protected":false},"excerpt":{"rendered":"<p>UTM\u00c4RKELSER | MMA-stj\u00e4rnan Khamzat Chimaev var nominerad till \u00c5rets Nykomling p\u00e5 Idrottsgalan men fick se sig snuvad p\u00e5 priset.<\/p><br>","protected":false},"author":914,"featured_media":124404,"comment_status":"open","ping_status":"open","sticky":false,"template":"","format":"standard","meta":{"_acf_changed":false,"footnotes":""},"categories":[1],"tags":[],"class_list":["post-124409","post","type-post","status-publish","format-standard","has-post-thumbnail","hentry","category-okategoriserade"],"acf":[],"yoast_head":"<!-- This site is optimized with the Yoast SEO plugin v26.8 - https:\/\/yoast.com\/product\/yoast-seo-wordpress\/ -->\n<title>Inget pris f\u00f6r Chimaev - Svenska Budo &amp; Kampsportsf\u00f6rbundet<\/title>\n<meta name=\"description\" content=\"UTM\u00c4RKELSER | MMA-stj\u00e4rnan Khamzat Chimaev var nominerad till \u00c5rets Nykomling p\u00e5 Idrottsgalan men fick se sig snuvad p\u00e5 priset.\" \/>\n<meta name=\"robots\" content=\"index, follow, max-snippet:-1, max-image-preview:large, max-video-preview:-1\" \/>\n<link rel=\"canonical\" href=\"https:\/\/www.budokampsport.se\/2021\/01\/19\/inget-pris-for-chimaev\/\" \/>\n<meta property=\"og:locale\" content=\"sv_SE\" \/>\n<meta property=\"og:type\" content=\"article\" \/>\n<meta property=\"og:title\" content=\"Inget pris f\u00f6r Chimaev - Svenska Budo &amp; Kampsportsf\u00f6rbundet\" \/>\n<meta property=\"og:description\" content=\"UTM\u00c4RKELSER | MMA-stj\u00e4rnan Khamzat Chimaev var nominerad till \u00c5rets Nykomling p\u00e5 Idrottsgalan men fick se sig snuvad p\u00e5 priset.\" \/>\n<meta property=\"og:url\" content=\"https:\/\/www.budokampsport.se\/2021\/01\/19\/inget-pris-for-chimaev\/\" \/>\n<meta property=\"og:site_name\" content=\"Svenska Budo &amp; Kampsportsf\u00f6rbundet\" \/>\n<meta property=\"article:published_time\" content=\"2021-01-19T10:14:49+00:00\" \/>\n<meta property=\"article:modified_time\" content=\"2021-01-19T10:15:56+00:00\" \/>\n<meta property=\"og:image\" content=\"https:\/\/www.budokampsport.se\/wp-content\/uploads\/2021\/01\/idrottsgalanchimaev.jpg\" \/>\n\t<meta property=\"og:image:width\" content=\"847\" \/>\n\t<meta property=\"og:image:height\" content=\"500\" \/>\n\t<meta property=\"og:image:type\" content=\"image\/jpeg\" \/>\n<meta name=\"author\" content=\"Mats Lilja\" \/>\n<meta name=\"twitter:card\" content=\"summary_large_image\" \/>\n<meta name=\"twitter:label1\" content=\"Skriven av\" \/>\n\t<meta name=\"twitter:data1\" content=\"Mats Lilja\" \/>\n<script type=\"application\/ld+json\" class=\"yoast-schema-graph\">{\"@context\":\"https:\/\/schema.org\",\"@graph\":[{\"@type\":\"Article\",\"@id\":\"https:\/\/www.budokampsport.se\/2021\/01\/19\/inget-pris-for-chimaev\/#article\",\"isPartOf\":{\"@id\":\"https:\/\/www.budokampsport.se\/2021\/01\/19\/inget-pris-for-chimaev\/\"},\"author\":{\"name\":\"Mats Lilja\",\"@id\":\"https:\/\/www.budokampsport.se\/#\/schema\/person\/d80c0bc61f1787703168fc250ce69522\"},\"headline\":\"Inget pris f\u00f6r Chimaev\",\"datePublished\":\"2021-01-19T10:14:49+00:00\",\"dateModified\":\"2021-01-19T10:15:56+00:00\",\"mainEntityOfPage\":{\"@id\":\"https:\/\/www.budokampsport.se\/2021\/01\/19\/inget-pris-for-chimaev\/\"},\"wordCount\":85,\"commentCount\":0,\"image\":{\"@id\":\"https:\/\/www.budokampsport.se\/2021\/01\/19\/inget-pris-for-chimaev\/#primaryimage\"},\"thumbnailUrl\":\"https:\/\/www.budokampsport.se\/wp-content\/uploads\/2021\/01\/idrottsgalanchimaev.jpg\",\"inLanguage\":\"sv-SE\",\"potentialAction\":[{\"@type\":\"CommentAction\",\"name\":\"Comment\",\"target\":[\"https:\/\/www.budokampsport.se\/2021\/01\/19\/inget-pris-for-chimaev\/#respond\"]}]},{\"@type\":\"WebPage\",\"@id\":\"https:\/\/www.budokampsport.se\/2021\/01\/19\/inget-pris-for-chimaev\/\",\"url\":\"https:\/\/www.budokampsport.se\/2021\/01\/19\/inget-pris-for-chimaev\/\",\"name\":\"Inget pris f\u00f6r Chimaev - Svenska Budo &amp; Kampsportsf\u00f6rbundet\",\"isPartOf\":{\"@id\":\"https:\/\/www.budokampsport.se\/#website\"},\"primaryImageOfPage\":{\"@id\":\"https:\/\/www.budokampsport.se\/2021\/01\/19\/inget-pris-for-chimaev\/#primaryimage\"},\"image\":{\"@id\":\"https:\/\/www.budokampsport.se\/2021\/01\/19\/inget-pris-for-chimaev\/#primaryimage\"},\"thumbnailUrl\":\"https:\/\/www.budokampsport.se\/wp-content\/uploads\/2021\/01\/idrottsgalanchimaev.jpg\",\"datePublished\":\"2021-01-19T10:14:49+00:00\",\"dateModified\":\"2021-01-19T10:15:56+00:00\",\"author\":{\"@id\":\"https:\/\/www.budokampsport.se\/#\/schema\/person\/d80c0bc61f1787703168fc250ce69522\"},\"description\":\"UTM\u00c4RKELSER | MMA-stj\u00e4rnan Khamzat Chimaev var nominerad till \u00c5rets Nykomling p\u00e5 Idrottsgalan men fick se sig snuvad p\u00e5 priset.\",\"breadcrumb\":{\"@id\":\"https:\/\/www.budokampsport.se\/2021\/01\/19\/inget-pris-for-chimaev\/#breadcrumb\"},\"inLanguage\":\"sv-SE\",\"potentialAction\":[{\"@type\":\"ReadAction\",\"target\":[\"https:\/\/www.budokampsport.se\/2021\/01\/19\/inget-pris-for-chimaev\/\"]}]},{\"@type\":\"ImageObject\",\"inLanguage\":\"sv-SE\",\"@id\":\"https:\/\/www.budokampsport.se\/2021\/01\/19\/inget-pris-for-chimaev\/#primaryimage\",\"url\":\"https:\/\/www.budokampsport.se\/wp-content\/uploads\/2021\/01\/idrottsgalanchimaev.jpg\",\"contentUrl\":\"https:\/\/www.budokampsport.se\/wp-content\/uploads\/2021\/01\/idrottsgalanchimaev.jpg\",\"width\":847,\"height\":500,\"caption\":\"Idrottsgalan 2021, Khamzat Chimaev. Foto: Bildbyr\u00e5n\/Privat\"},{\"@type\":\"BreadcrumbList\",\"@id\":\"https:\/\/www.budokampsport.se\/2021\/01\/19\/inget-pris-for-chimaev\/#breadcrumb\",\"itemListElement\":[{\"@type\":\"ListItem\",\"position\":1,\"name\":\"Hem\",\"item\":\"https:\/\/www.budokampsport.se\/\"},{\"@type\":\"ListItem\",\"position\":2,\"name\":\"Inget pris f\u00f6r Chimaev\"}]},{\"@type\":\"WebSite\",\"@id\":\"https:\/\/www.budokampsport.se\/#website\",\"url\":\"https:\/\/www.budokampsport.se\/\",\"name\":\"Svenska Budo &amp; Kampsportsf\u00f6rbundet\",\"description\":\"T\u00e4vling, Tr\u00e4ning, Tradition\",\"potentialAction\":[{\"@type\":\"SearchAction\",\"target\":{\"@type\":\"EntryPoint\",\"urlTemplate\":\"https:\/\/www.budokampsport.se\/?s={search_term_string}\"},\"query-input\":{\"@type\":\"PropertyValueSpecification\",\"valueRequired\":true,\"valueName\":\"search_term_string\"}}],\"inLanguage\":\"sv-SE\"},{\"@type\":\"Person\",\"@id\":\"https:\/\/www.budokampsport.se\/#\/schema\/person\/d80c0bc61f1787703168fc250ce69522\",\"name\":\"Mats Lilja\",\"image\":{\"@type\":\"ImageObject\",\"inLanguage\":\"sv-SE\",\"@id\":\"https:\/\/www.budokampsport.se\/#\/schema\/person\/image\/\",\"url\":\"https:\/\/secure.gravatar.com\/avatar\/607f84918e96abe1ebbd8611782fa57d?s=96&d=blank&r=g\",\"contentUrl\":\"https:\/\/secure.gravatar.com\/avatar\/607f84918e96abe1ebbd8611782fa57d?s=96&d=blank&r=g\",\"caption\":\"Mats Lilja\"},\"url\":\"https:\/\/www.budokampsport.se\/author\/mats-lilja\/\"}]}<\/script>\n<!-- \/ Yoast SEO plugin. -->","yoast_head_json":{"title":"Inget pris f\u00f6r Chimaev - Svenska Budo &amp; Kampsportsf\u00f6rbundet","description":"UTM\u00c4RKELSER | MMA-stj\u00e4rnan Khamzat Chimaev var nominerad till \u00c5rets Nykomling p\u00e5 Idrottsgalan men fick se sig snuvad p\u00e5 priset.","robots":{"index":"index","follow":"follow","max-snippet":"max-snippet:-1","max-image-preview":"max-image-preview:large","max-video-preview":"max-video-preview:-1"},"canonical":"https:\/\/www.budokampsport.se\/2021\/01\/19\/inget-pris-for-chimaev\/","og_locale":"sv_SE","og_type":"article","og_title":"Inget pris f\u00f6r Chimaev - Svenska Budo &amp; Kampsportsf\u00f6rbundet","og_description":"UTM\u00c4RKELSER | MMA-stj\u00e4rnan Khamzat Chimaev var nominerad till \u00c5rets Nykomling p\u00e5 Idrottsgalan men fick se sig snuvad p\u00e5 priset.","og_url":"https:\/\/www.budokampsport.se\/2021\/01\/19\/inget-pris-for-chimaev\/","og_site_name":"Svenska Budo &amp; Kampsportsf\u00f6rbundet","article_published_time":"2021-01-19T10:14:49+00:00","article_modified_time":"2021-01-19T10:15:56+00:00","og_image":[{"width":847,"height":500,"url":"https:\/\/www.budokampsport.se\/wp-content\/uploads\/2021\/01\/idrottsgalanchimaev.jpg","type":"image\/jpeg"}],"author":"Mats Lilja","twitter_card":"summary_large_image","twitter_misc":{"Skriven av":"Mats Lilja"},"schema":{"@context":"https:\/\/schema.org","@graph":[{"@type":"Article","@id":"https:\/\/www.budokampsport.se\/2021\/01\/19\/inget-pris-for-chimaev\/#article","isPartOf":{"@id":"https:\/\/www.budokampsport.se\/2021\/01\/19\/inget-pris-for-chimaev\/"},"author":{"name":"Mats Lilja","@id":"https:\/\/www.budokampsport.se\/#\/schema\/person\/d80c0bc61f1787703168fc250ce69522"},"headline":"Inget pris f\u00f6r Chimaev","datePublished":"2021-01-19T10:14:49+00:00","dateModified":"2021-01-19T10:15:56+00:00","mainEntityOfPage":{"@id":"https:\/\/www.budokampsport.se\/2021\/01\/19\/inget-pris-for-chimaev\/"},"wordCount":85,"commentCount":0,"image":{"@id":"https:\/\/www.budokampsport.se\/2021\/01\/19\/inget-pris-for-chimaev\/#primaryimage"},"thumbnailUrl":"https:\/\/www.budokampsport.se\/wp-content\/uploads\/2021\/01\/idrottsgalanchimaev.jpg","inLanguage":"sv-SE","potentialAction":[{"@type":"CommentAction","name":"Comment","target":["https:\/\/www.budokampsport.se\/2021\/01\/19\/inget-pris-for-chimaev\/#respond"]}]},{"@type":"WebPage","@id":"https:\/\/www.budokampsport.se\/2021\/01\/19\/inget-pris-for-chimaev\/","url":"https:\/\/www.budokampsport.se\/2021\/01\/19\/inget-pris-for-chimaev\/","name":"Inget pris f\u00f6r Chimaev - Svenska Budo &amp; Kampsportsf\u00f6rbundet","isPartOf":{"@id":"https:\/\/www.budokampsport.se\/#website"},"primaryImageOfPage":{"@id":"https:\/\/www.budokampsport.se\/2021\/01\/19\/inget-pris-for-chimaev\/#primaryimage"},"image":{"@id":"https:\/\/www.budokampsport.se\/2021\/01\/19\/inget-pris-for-chimaev\/#primaryimage"},"thumbnailUrl":"https:\/\/www.budokampsport.se\/wp-content\/uploads\/2021\/01\/idrottsgalanchimaev.jpg","datePublished":"2021-01-19T10:14:49+00:00","dateModified":"2021-01-19T10:15:56+00:00","author":{"@id":"https:\/\/www.budokampsport.se\/#\/schema\/person\/d80c0bc61f1787703168fc250ce69522"},"description":"UTM\u00c4RKELSER | MMA-stj\u00e4rnan Khamzat Chimaev var nominerad till \u00c5rets Nykomling p\u00e5 Idrottsgalan men fick se sig snuvad p\u00e5 priset.","breadcrumb":{"@id":"https:\/\/www.budokampsport.se\/2021\/01\/19\/inget-pris-for-chimaev\/#breadcrumb"},"inLanguage":"sv-SE","potentialAction":[{"@type":"ReadAction","target":["https:\/\/www.budokampsport.se\/2021\/01\/19\/inget-pris-for-chimaev\/"]}]},{"@type":"ImageObject","inLanguage":"sv-SE","@id":"https:\/\/www.budokampsport.se\/2021\/01\/19\/inget-pris-for-chimaev\/#primaryimage","url":"https:\/\/www.budokampsport.se\/wp-content\/uploads\/2021\/01\/idrottsgalanchimaev.jpg","contentUrl":"https:\/\/www.budokampsport.se\/wp-content\/uploads\/2021\/01\/idrottsgalanchimaev.jpg","width":847,"height":500,"caption":"Idrottsgalan 2021, Khamzat Chimaev. Foto: Bildbyr\u00e5n\/Privat"},{"@type":"BreadcrumbList","@id":"https:\/\/www.budokampsport.se\/2021\/01\/19\/inget-pris-for-chimaev\/#breadcrumb","itemListElement":[{"@type":"ListItem","position":1,"name":"Hem","item":"https:\/\/www.budokampsport.se\/"},{"@type":"ListItem","position":2,"name":"Inget pris f\u00f6r Chimaev"}]},{"@type":"WebSite","@id":"https:\/\/www.budokampsport.se\/#website","url":"https:\/\/www.budokampsport.se\/","name":"Svenska Budo &amp; Kampsportsf\u00f6rbundet","description":"T\u00e4vling, Tr\u00e4ning, Tradition","potentialAction":[{"@type":"SearchAction","target":{"@type":"EntryPoint","urlTemplate":"https:\/\/www.budokampsport.se\/?s={search_term_string}"},"query-input":{"@type":"PropertyValueSpecification","valueRequired":true,"valueName":"search_term_string"}}],"inLanguage":"sv-SE"},{"@type":"Person","@id":"https:\/\/www.budokampsport.se\/#\/schema\/person\/d80c0bc61f1787703168fc250ce69522","name":"Mats Lilja","image":{"@type":"ImageObject","inLanguage":"sv-SE","@id":"https:\/\/www.budokampsport.se\/#\/schema\/person\/image\/","url":"https:\/\/secure.gravatar.com\/avatar\/607f84918e96abe1ebbd8611782fa57d?s=96&d=blank&r=g","contentUrl":"https:\/\/secure.gravatar.com\/avatar\/607f84918e96abe1ebbd8611782fa57d?s=96&d=blank&r=g","caption":"Mats Lilja"},"url":"https:\/\/www.budokampsport.se\/author\/mats-lilja\/"}]}},"_links":{"self":[{"href":"https:\/\/www.budokampsport.se\/api\/wp\/v2\/posts\/124409","targetHints":{"allow":["GET"]}}],"collection":[{"href":"https:\/\/www.budokampsport.se\/api\/wp\/v2\/posts"}],"about":[{"href":"https:\/\/www.budokampsport.se\/api\/wp\/v2\/types\/post"}],"author":[{"embeddable":true,"href":"https:\/\/www.budokampsport.se\/api\/wp\/v2\/users\/914"}],"replies":[{"embeddable":true,"href":"https:\/\/www.budokampsport.se\/api\/wp\/v2\/comments?post=124409"}],"version-history":[{"count":0,"href":"https:\/\/www.budokampsport.se\/api\/wp\/v2\/posts\/124409\/revisions"}],"wp:featuredmedia":[{"embeddable":true,"href":"https:\/\/www.budokampsport.se\/api\/wp\/v2\/media\/124404"}],"wp:attachment":[{"href":"https:\/\/www.budokampsport.se\/api\/wp\/v2\/media?parent=124409"}],"wp:term":[{"taxonomy":"category","embeddable":true,"href":"https:\/\/www.budokampsport.se\/api\/wp\/v2\/categories?post=124409"},{"taxonomy":"post_tag","embeddable":true,"href":"https:\/\/www.budokampsport.se\/api\/wp\/v2\/tags?post=124409"}],"curies":[{"name":"wp","href":"https:\/\/api.w.org\/{rel}","templated":true}]}}