{"id":124596,"date":"2021-01-29T09:27:22","date_gmt":"2021-01-29T08:27:22","guid":{"rendered":"https:\/\/www.budokampsport.se\/?p=124596"},"modified":"2021-01-29T09:46:31","modified_gmt":"2021-01-29T08:46:31","slug":"rf-klargor-vad-som-galler-for-idrotter-med-narkontakt","status":"publish","type":"post","link":"https:\/\/www.budokampsport.se\/2021\/01\/29\/rf-klargor-vad-som-galler-for-idrotter-med-narkontakt\/","title":{"rendered":"RF klarg\u00f6r vad som g\u00e4ller f\u00f6r idrotter med n\u00e4rkontakt"},"content":{"rendered":"<p>Den 22 januari meddelade RF under en videokonferens med bland annat Svenska Budo &amp; Kampsportsf\u00f6rbundets representanter att myndigheterna \u00e5terigen godk\u00e4nner att idrottsut\u00f6vare f\u00e5r anv\u00e4nda den fysiska n\u00e4rkontakt som idrotten kr\u00e4ver. Om detta har vi <a href=\"https:\/\/www.budokampsport.se\/2021\/01\/22\/uppdaterade-riktlinjer-for-traning-fran-mandag\/\" target=\"_blank\" rel=\"noopener noreferrer\">tidigare ber\u00e4ttat<\/a> och det finns \u00e4ven med i SB&amp;K:s uppdaterade <em>Riktlinjer f\u00f6r tr\u00e4ning<\/em>.<\/p>\n<p>Nu har Riksidrottsf\u00f6rbundet \u00e4ven uppdaterat <a href=\"https:\/\/www.rf.se\/coronavirusetochidrottsrorelsen\/vanligafragoromcoronavirusochidrott\/\" target=\"_blank\" rel=\"noopener noreferrer\">sin hemsida<\/a> g\u00e4llande denna fr\u00e5gest\u00e4llning, och skriver bland annat s\u00e5 h\u00e4r:<\/p>\n<p style=\"padding-left: 40px;\"><em><strong>Vad g\u00e4ller f\u00f6r idrotter med n\u00e4rkontakt?<\/strong><\/em><br \/>\n<em>Folkh\u00e4lsomyndigheten g\u00f6r i sina\u00a0<a title=\"Sida Folkh\u00e4lsomyndigheten allm\u00e4nna r\u00e5d\" href=\"https:\/\/www.folkhalsomyndigheten.se\/publicerat-material\/publikationsarkiv\/h\/hslf-fs-202080\/\" target=\"_blank\" rel=\"noopener noreferrer\">f\u00f6reskrifter och allm\u00e4nna r\u00e5d<\/a>\u00a0ingen skillnad mellan olika idrotter. Det finns d\u00e4rmed inte n\u00e5gra specifika f\u00f6reskrifter eller r\u00e5d riktade till just idrotter d\u00e4r n\u00e4rkontakt \u00e4r en del av idrottsut\u00f6vningen.<\/em><\/p>\n<p>D\u00e4remot s\u00e5 \u00e4r det viktigt att \u00e5terigen understryka att <strong>all tr\u00e4ning ska ske p\u00e5 ett smitts\u00e4kert s\u00e4tt<\/strong>.<\/p>\n<ul>\n<li>L\u00e4s SB&amp;K:s <a href=\"https:\/\/www.budokampsport.se\/wp-content\/uploads\/2021\/01\/riktlinjer_traning_210125.pdf\" target=\"_blank\" rel=\"noopener noreferrer\">Riktlinjer f\u00f6r tr\u00e4ning<\/a>.<\/li>\n<li>F\u00f6lj best\u00e4mmelserna och r\u00e5den fr\u00e5n <a href=\"https:\/\/www.folkhalsomyndigheten.se\/smittskydd-beredskap\/utbrott\/aktuella-utbrott\/covid-19\/skydda-dig-och-andra\/rekommendationer-for-att-minska-spridningen-av-covid-19\/\" target=\"_blank\" rel=\"noopener noreferrer\">Folkh\u00e4lsomyndigheten<\/a> och <a href=\"https:\/\/www.rf.se\/coronavirusetochidrottsrorelsen\/\" target=\"_blank\" rel=\"noopener noreferrer\">Riksidrottsf\u00f6rbundet<\/a>.<\/li>\n<li>Kontrollera om det finns n\u00e5gra kommunala eller regionala best\u00e4mmelser som skiljer sig fr\u00e5n de allm\u00e4nna r\u00e5den.<\/li>\n<\/ul>\n<p>Har ni fr\u00e5gor s\u00e5 kan ni kontakta f\u00f6rbundet p\u00e5 <a href=\"mailto:info@budokampsport.se\">info@budokampsport.se<\/a>.<\/p>\n<p>Text: Mats Lilja<\/p>\n","protected":false},"excerpt":{"rendered":"<p>CORONA | Pandemilagen och uppdaterade allm\u00e4nna r\u00e5d har gjort att \u00e4ven Riksidrottsf\u00f6rbundet har uppdaterat sina riktlinjer.<\/p><br>","protected":false},"author":914,"featured_media":122853,"comment_status":"open","ping_status":"open","sticky":false,"template":"","format":"standard","meta":{"_acf_changed":false,"footnotes":""},"categories":[1],"tags":[],"class_list":["post-124596","post","type-post","status-publish","format-standard","has-post-thumbnail","hentry","category-okategoriserade"],"acf":[],"yoast_head":"<!-- This site is optimized with the Yoast SEO plugin v26.8 - https:\/\/yoast.com\/product\/yoast-seo-wordpress\/ -->\n<title>RF klarg\u00f6r vad som g\u00e4ller f\u00f6r idrotter med n\u00e4rkontakt - Svenska Budo &amp; Kampsportsf\u00f6rbundet<\/title>\n<meta name=\"description\" content=\"CORONA | Pandemilagen och uppdaterade allm\u00e4nna r\u00e5d har gjort att \u00e4ven Riksidrottsf\u00f6rbundet har uppdaterat sina riktlinjer.\" \/>\n<meta name=\"robots\" content=\"index, follow, max-snippet:-1, max-image-preview:large, max-video-preview:-1\" \/>\n<link rel=\"canonical\" href=\"https:\/\/www.budokampsport.se\/2021\/01\/29\/rf-klargor-vad-som-galler-for-idrotter-med-narkontakt\/\" \/>\n<meta property=\"og:locale\" content=\"sv_SE\" \/>\n<meta property=\"og:type\" content=\"article\" \/>\n<meta property=\"og:title\" content=\"RF klarg\u00f6r vad som g\u00e4ller f\u00f6r idrotter med n\u00e4rkontakt - Svenska Budo &amp; Kampsportsf\u00f6rbundet\" \/>\n<meta property=\"og:description\" content=\"CORONA | Pandemilagen och uppdaterade allm\u00e4nna r\u00e5d har gjort att \u00e4ven Riksidrottsf\u00f6rbundet har uppdaterat sina riktlinjer.\" \/>\n<meta property=\"og:url\" content=\"https:\/\/www.budokampsport.se\/2021\/01\/29\/rf-klargor-vad-som-galler-for-idrotter-med-narkontakt\/\" \/>\n<meta property=\"og:site_name\" content=\"Svenska Budo &amp; Kampsportsf\u00f6rbundet\" \/>\n<meta property=\"article:published_time\" content=\"2021-01-29T08:27:22+00:00\" \/>\n<meta property=\"article:modified_time\" content=\"2021-01-29T08:46:31+00:00\" \/>\n<meta property=\"og:image\" content=\"https:\/\/www.budokampsport.se\/wp-content\/uploads\/2020\/11\/rflogonotext2.jpg\" \/>\n\t<meta property=\"og:image:width\" content=\"850\" \/>\n\t<meta property=\"og:image:height\" content=\"320\" \/>\n\t<meta property=\"og:image:type\" content=\"image\/jpeg\" \/>\n<meta name=\"author\" content=\"Mats Lilja\" \/>\n<meta name=\"twitter:card\" content=\"summary_large_image\" \/>\n<meta name=\"twitter:label1\" content=\"Skriven av\" \/>\n\t<meta name=\"twitter:data1\" content=\"Mats Lilja\" \/>\n\t<meta name=\"twitter:label2\" content=\"Ber\u00e4knad l\u00e4stid\" \/>\n\t<meta name=\"twitter:data2\" content=\"1 minut\" \/>\n<script type=\"application\/ld+json\" class=\"yoast-schema-graph\">{\"@context\":\"https:\/\/schema.org\",\"@graph\":[{\"@type\":\"Article\",\"@id\":\"https:\/\/www.budokampsport.se\/2021\/01\/29\/rf-klargor-vad-som-galler-for-idrotter-med-narkontakt\/#article\",\"isPartOf\":{\"@id\":\"https:\/\/www.budokampsport.se\/2021\/01\/29\/rf-klargor-vad-som-galler-for-idrotter-med-narkontakt\/\"},\"author\":{\"name\":\"Mats Lilja\",\"@id\":\"https:\/\/www.budokampsport.se\/#\/schema\/person\/d80c0bc61f1787703168fc250ce69522\"},\"headline\":\"RF klarg\u00f6r vad som g\u00e4ller f\u00f6r idrotter med n\u00e4rkontakt\",\"datePublished\":\"2021-01-29T08:27:22+00:00\",\"dateModified\":\"2021-01-29T08:46:31+00:00\",\"mainEntityOfPage\":{\"@id\":\"https:\/\/www.budokampsport.se\/2021\/01\/29\/rf-klargor-vad-som-galler-for-idrotter-med-narkontakt\/\"},\"wordCount\":231,\"commentCount\":1,\"image\":{\"@id\":\"https:\/\/www.budokampsport.se\/2021\/01\/29\/rf-klargor-vad-som-galler-for-idrotter-med-narkontakt\/#primaryimage\"},\"thumbnailUrl\":\"https:\/\/www.budokampsport.se\/wp-content\/uploads\/2020\/11\/rflogonotext2.jpg\",\"inLanguage\":\"sv-SE\",\"potentialAction\":[{\"@type\":\"CommentAction\",\"name\":\"Comment\",\"target\":[\"https:\/\/www.budokampsport.se\/2021\/01\/29\/rf-klargor-vad-som-galler-for-idrotter-med-narkontakt\/#respond\"]}]},{\"@type\":\"WebPage\",\"@id\":\"https:\/\/www.budokampsport.se\/2021\/01\/29\/rf-klargor-vad-som-galler-for-idrotter-med-narkontakt\/\",\"url\":\"https:\/\/www.budokampsport.se\/2021\/01\/29\/rf-klargor-vad-som-galler-for-idrotter-med-narkontakt\/\",\"name\":\"RF klarg\u00f6r vad som g\u00e4ller f\u00f6r idrotter med n\u00e4rkontakt - Svenska Budo &amp; Kampsportsf\u00f6rbundet\",\"isPartOf\":{\"@id\":\"https:\/\/www.budokampsport.se\/#website\"},\"primaryImageOfPage\":{\"@id\":\"https:\/\/www.budokampsport.se\/2021\/01\/29\/rf-klargor-vad-som-galler-for-idrotter-med-narkontakt\/#primaryimage\"},\"image\":{\"@id\":\"https:\/\/www.budokampsport.se\/2021\/01\/29\/rf-klargor-vad-som-galler-for-idrotter-med-narkontakt\/#primaryimage\"},\"thumbnailUrl\":\"https:\/\/www.budokampsport.se\/wp-content\/uploads\/2020\/11\/rflogonotext2.jpg\",\"datePublished\":\"2021-01-29T08:27:22+00:00\",\"dateModified\":\"2021-01-29T08:46:31+00:00\",\"author\":{\"@id\":\"https:\/\/www.budokampsport.se\/#\/schema\/person\/d80c0bc61f1787703168fc250ce69522\"},\"description\":\"CORONA | Pandemilagen och uppdaterade allm\u00e4nna r\u00e5d har gjort att \u00e4ven Riksidrottsf\u00f6rbundet har uppdaterat sina riktlinjer.\",\"breadcrumb\":{\"@id\":\"https:\/\/www.budokampsport.se\/2021\/01\/29\/rf-klargor-vad-som-galler-for-idrotter-med-narkontakt\/#breadcrumb\"},\"inLanguage\":\"sv-SE\",\"potentialAction\":[{\"@type\":\"ReadAction\",\"target\":[\"https:\/\/www.budokampsport.se\/2021\/01\/29\/rf-klargor-vad-som-galler-for-idrotter-med-narkontakt\/\"]}]},{\"@type\":\"ImageObject\",\"inLanguage\":\"sv-SE\",\"@id\":\"https:\/\/www.budokampsport.se\/2021\/01\/29\/rf-klargor-vad-som-galler-for-idrotter-med-narkontakt\/#primaryimage\",\"url\":\"https:\/\/www.budokampsport.se\/wp-content\/uploads\/2020\/11\/rflogonotext2.jpg\",\"contentUrl\":\"https:\/\/www.budokampsport.se\/wp-content\/uploads\/2020\/11\/rflogonotext2.jpg\",\"width\":850,\"height\":320},{\"@type\":\"BreadcrumbList\",\"@id\":\"https:\/\/www.budokampsport.se\/2021\/01\/29\/rf-klargor-vad-som-galler-for-idrotter-med-narkontakt\/#breadcrumb\",\"itemListElement\":[{\"@type\":\"ListItem\",\"position\":1,\"name\":\"Hem\",\"item\":\"https:\/\/www.budokampsport.se\/\"},{\"@type\":\"ListItem\",\"position\":2,\"name\":\"RF klarg\u00f6r vad som g\u00e4ller f\u00f6r idrotter med n\u00e4rkontakt\"}]},{\"@type\":\"WebSite\",\"@id\":\"https:\/\/www.budokampsport.se\/#website\",\"url\":\"https:\/\/www.budokampsport.se\/\",\"name\":\"Svenska Budo &amp; Kampsportsf\u00f6rbundet\",\"description\":\"T\u00e4vling, Tr\u00e4ning, Tradition\",\"potentialAction\":[{\"@type\":\"SearchAction\",\"target\":{\"@type\":\"EntryPoint\",\"urlTemplate\":\"https:\/\/www.budokampsport.se\/?s={search_term_string}\"},\"query-input\":{\"@type\":\"PropertyValueSpecification\",\"valueRequired\":true,\"valueName\":\"search_term_string\"}}],\"inLanguage\":\"sv-SE\"},{\"@type\":\"Person\",\"@id\":\"https:\/\/www.budokampsport.se\/#\/schema\/person\/d80c0bc61f1787703168fc250ce69522\",\"name\":\"Mats Lilja\",\"image\":{\"@type\":\"ImageObject\",\"inLanguage\":\"sv-SE\",\"@id\":\"https:\/\/www.budokampsport.se\/#\/schema\/person\/image\/\",\"url\":\"https:\/\/secure.gravatar.com\/avatar\/607f84918e96abe1ebbd8611782fa57d?s=96&d=blank&r=g\",\"contentUrl\":\"https:\/\/secure.gravatar.com\/avatar\/607f84918e96abe1ebbd8611782fa57d?s=96&d=blank&r=g\",\"caption\":\"Mats Lilja\"},\"url\":\"https:\/\/www.budokampsport.se\/author\/mats-lilja\/\"}]}<\/script>\n<!-- \/ Yoast SEO plugin. -->","yoast_head_json":{"title":"RF klarg\u00f6r vad som g\u00e4ller f\u00f6r idrotter med n\u00e4rkontakt - Svenska Budo &amp; Kampsportsf\u00f6rbundet","description":"CORONA | Pandemilagen och uppdaterade allm\u00e4nna r\u00e5d har gjort att \u00e4ven Riksidrottsf\u00f6rbundet har uppdaterat sina riktlinjer.","robots":{"index":"index","follow":"follow","max-snippet":"max-snippet:-1","max-image-preview":"max-image-preview:large","max-video-preview":"max-video-preview:-1"},"canonical":"https:\/\/www.budokampsport.se\/2021\/01\/29\/rf-klargor-vad-som-galler-for-idrotter-med-narkontakt\/","og_locale":"sv_SE","og_type":"article","og_title":"RF klarg\u00f6r vad som g\u00e4ller f\u00f6r idrotter med n\u00e4rkontakt - Svenska Budo &amp; Kampsportsf\u00f6rbundet","og_description":"CORONA | Pandemilagen och uppdaterade allm\u00e4nna r\u00e5d har gjort att \u00e4ven Riksidrottsf\u00f6rbundet har uppdaterat sina riktlinjer.","og_url":"https:\/\/www.budokampsport.se\/2021\/01\/29\/rf-klargor-vad-som-galler-for-idrotter-med-narkontakt\/","og_site_name":"Svenska Budo &amp; Kampsportsf\u00f6rbundet","article_published_time":"2021-01-29T08:27:22+00:00","article_modified_time":"2021-01-29T08:46:31+00:00","og_image":[{"width":850,"height":320,"url":"https:\/\/www.budokampsport.se\/wp-content\/uploads\/2020\/11\/rflogonotext2.jpg","type":"image\/jpeg"}],"author":"Mats Lilja","twitter_card":"summary_large_image","twitter_misc":{"Skriven av":"Mats Lilja","Ber\u00e4knad l\u00e4stid":"1 minut"},"schema":{"@context":"https:\/\/schema.org","@graph":[{"@type":"Article","@id":"https:\/\/www.budokampsport.se\/2021\/01\/29\/rf-klargor-vad-som-galler-for-idrotter-med-narkontakt\/#article","isPartOf":{"@id":"https:\/\/www.budokampsport.se\/2021\/01\/29\/rf-klargor-vad-som-galler-for-idrotter-med-narkontakt\/"},"author":{"name":"Mats Lilja","@id":"https:\/\/www.budokampsport.se\/#\/schema\/person\/d80c0bc61f1787703168fc250ce69522"},"headline":"RF klarg\u00f6r vad som g\u00e4ller f\u00f6r idrotter med n\u00e4rkontakt","datePublished":"2021-01-29T08:27:22+00:00","dateModified":"2021-01-29T08:46:31+00:00","mainEntityOfPage":{"@id":"https:\/\/www.budokampsport.se\/2021\/01\/29\/rf-klargor-vad-som-galler-for-idrotter-med-narkontakt\/"},"wordCount":231,"commentCount":1,"image":{"@id":"https:\/\/www.budokampsport.se\/2021\/01\/29\/rf-klargor-vad-som-galler-for-idrotter-med-narkontakt\/#primaryimage"},"thumbnailUrl":"https:\/\/www.budokampsport.se\/wp-content\/uploads\/2020\/11\/rflogonotext2.jpg","inLanguage":"sv-SE","potentialAction":[{"@type":"CommentAction","name":"Comment","target":["https:\/\/www.budokampsport.se\/2021\/01\/29\/rf-klargor-vad-som-galler-for-idrotter-med-narkontakt\/#respond"]}]},{"@type":"WebPage","@id":"https:\/\/www.budokampsport.se\/2021\/01\/29\/rf-klargor-vad-som-galler-for-idrotter-med-narkontakt\/","url":"https:\/\/www.budokampsport.se\/2021\/01\/29\/rf-klargor-vad-som-galler-for-idrotter-med-narkontakt\/","name":"RF klarg\u00f6r vad som g\u00e4ller f\u00f6r idrotter med n\u00e4rkontakt - Svenska Budo &amp; Kampsportsf\u00f6rbundet","isPartOf":{"@id":"https:\/\/www.budokampsport.se\/#website"},"primaryImageOfPage":{"@id":"https:\/\/www.budokampsport.se\/2021\/01\/29\/rf-klargor-vad-som-galler-for-idrotter-med-narkontakt\/#primaryimage"},"image":{"@id":"https:\/\/www.budokampsport.se\/2021\/01\/29\/rf-klargor-vad-som-galler-for-idrotter-med-narkontakt\/#primaryimage"},"thumbnailUrl":"https:\/\/www.budokampsport.se\/wp-content\/uploads\/2020\/11\/rflogonotext2.jpg","datePublished":"2021-01-29T08:27:22+00:00","dateModified":"2021-01-29T08:46:31+00:00","author":{"@id":"https:\/\/www.budokampsport.se\/#\/schema\/person\/d80c0bc61f1787703168fc250ce69522"},"description":"CORONA | Pandemilagen och uppdaterade allm\u00e4nna r\u00e5d har gjort att \u00e4ven Riksidrottsf\u00f6rbundet har uppdaterat sina riktlinjer.","breadcrumb":{"@id":"https:\/\/www.budokampsport.se\/2021\/01\/29\/rf-klargor-vad-som-galler-for-idrotter-med-narkontakt\/#breadcrumb"},"inLanguage":"sv-SE","potentialAction":[{"@type":"ReadAction","target":["https:\/\/www.budokampsport.se\/2021\/01\/29\/rf-klargor-vad-som-galler-for-idrotter-med-narkontakt\/"]}]},{"@type":"ImageObject","inLanguage":"sv-SE","@id":"https:\/\/www.budokampsport.se\/2021\/01\/29\/rf-klargor-vad-som-galler-for-idrotter-med-narkontakt\/#primaryimage","url":"https:\/\/www.budokampsport.se\/wp-content\/uploads\/2020\/11\/rflogonotext2.jpg","contentUrl":"https:\/\/www.budokampsport.se\/wp-content\/uploads\/2020\/11\/rflogonotext2.jpg","width":850,"height":320},{"@type":"BreadcrumbList","@id":"https:\/\/www.budokampsport.se\/2021\/01\/29\/rf-klargor-vad-som-galler-for-idrotter-med-narkontakt\/#breadcrumb","itemListElement":[{"@type":"ListItem","position":1,"name":"Hem","item":"https:\/\/www.budokampsport.se\/"},{"@type":"ListItem","position":2,"name":"RF klarg\u00f6r vad som g\u00e4ller f\u00f6r idrotter med n\u00e4rkontakt"}]},{"@type":"WebSite","@id":"https:\/\/www.budokampsport.se\/#website","url":"https:\/\/www.budokampsport.se\/","name":"Svenska Budo &amp; Kampsportsf\u00f6rbundet","description":"T\u00e4vling, Tr\u00e4ning, Tradition","potentialAction":[{"@type":"SearchAction","target":{"@type":"EntryPoint","urlTemplate":"https:\/\/www.budokampsport.se\/?s={search_term_string}"},"query-input":{"@type":"PropertyValueSpecification","valueRequired":true,"valueName":"search_term_string"}}],"inLanguage":"sv-SE"},{"@type":"Person","@id":"https:\/\/www.budokampsport.se\/#\/schema\/person\/d80c0bc61f1787703168fc250ce69522","name":"Mats Lilja","image":{"@type":"ImageObject","inLanguage":"sv-SE","@id":"https:\/\/www.budokampsport.se\/#\/schema\/person\/image\/","url":"https:\/\/secure.gravatar.com\/avatar\/607f84918e96abe1ebbd8611782fa57d?s=96&d=blank&r=g","contentUrl":"https:\/\/secure.gravatar.com\/avatar\/607f84918e96abe1ebbd8611782fa57d?s=96&d=blank&r=g","caption":"Mats Lilja"},"url":"https:\/\/www.budokampsport.se\/author\/mats-lilja\/"}]}},"_links":{"self":[{"href":"https:\/\/www.budokampsport.se\/api\/wp\/v2\/posts\/124596","targetHints":{"allow":["GET"]}}],"collection":[{"href":"https:\/\/www.budokampsport.se\/api\/wp\/v2\/posts"}],"about":[{"href":"https:\/\/www.budokampsport.se\/api\/wp\/v2\/types\/post"}],"author":[{"embeddable":true,"href":"https:\/\/www.budokampsport.se\/api\/wp\/v2\/users\/914"}],"replies":[{"embeddable":true,"href":"https:\/\/www.budokampsport.se\/api\/wp\/v2\/comments?post=124596"}],"version-history":[{"count":0,"href":"https:\/\/www.budokampsport.se\/api\/wp\/v2\/posts\/124596\/revisions"}],"wp:featuredmedia":[{"embeddable":true,"href":"https:\/\/www.budokampsport.se\/api\/wp\/v2\/media\/122853"}],"wp:attachment":[{"href":"https:\/\/www.budokampsport.se\/api\/wp\/v2\/media?parent=124596"}],"wp:term":[{"taxonomy":"category","embeddable":true,"href":"https:\/\/www.budokampsport.se\/api\/wp\/v2\/categories?post=124596"},{"taxonomy":"post_tag","embeddable":true,"href":"https:\/\/www.budokampsport.se\/api\/wp\/v2\/tags?post=124596"}],"curies":[{"name":"wp","href":"https:\/\/api.w.org\/{rel}","templated":true}]}}