{"id":124805,"date":"2021-02-09T16:04:25","date_gmt":"2021-02-09T15:04:25","guid":{"rendered":"https:\/\/www.budokampsport.se\/?p=124805"},"modified":"2021-02-09T16:05:06","modified_gmt":"2021-02-09T15:05:06","slug":"ansokan-om-lok-stod-for-hosten-2020","status":"publish","type":"post","link":"https:\/\/www.budokampsport.se\/2021\/02\/09\/ansokan-om-lok-stod-for-hosten-2020\/","title":{"rendered":"Ans\u00f6kan om LOK-st\u00f6d f\u00f6r h\u00f6sten 2020"},"content":{"rendered":"<p>F\u00f6rkortningen LOK st\u00e5r f\u00f6r <strong>statligt lokalt aktivitetsst\u00f6d<\/strong> och avser att st\u00f6dja idrottslig f\u00f6reningsverksamhet f\u00f6r barn och ungdomar mellan 7 och 25 \u00e5r (f\u00f6r funktionsnedsatta deltagare finns ingen \u00f6vre \u00e5ldersgr\u00e4ns).<\/p>\n<p>Det \u00e4r nu dags att s\u00f6ka st\u00f6det f\u00f6r perioden <strong>H\u00f6sten 2020<\/strong>, dvs juli\u2013december f\u00f6rra \u00e5ret.<\/p>\n<p>Med anledning av coronapandemin skriver Riksidrottsf\u00f6rbundet s\u00e5 h\u00e4r i en artikel p\u00e5 sin <a href=\"https:\/\/www.rf.se\/bidragochstod\/lok-stod\" target=\"_blank\" rel=\"noopener noreferrer\">hemsida<\/a>:<\/p>\n<p style=\"padding-left: 40px;\"><em>Tills vidare ska idrottsf\u00f6reningar registrera genomf\u00f6rda aktiviteter som vanligt, allts\u00e5 registrera de deltagare som faktiskt var med.\u00a0LOK-st\u00f6dsans\u00f6kan f\u00f6r h\u00f6sten 2020 ska endast innefatta de faktiskt genomf\u00f6rda aktiviteterna.<\/em><\/p>\n<p style=\"padding-left: 40px;\"><em>Riksidrottsf\u00f6rbundets ambition \u00e4r att det inte ska g\u00f6ra skillnad om f\u00f6reningen, p\u00e5 grund av corona, beslutat att g\u00f6ra uppeh\u00e5ll i verksamheten eller haft m\u00f6jlighet att forts\u00e4tta. En extra fyllnadsutbetalning f\u00f6r v\u00e5ren 2020 har gjorts i december 2020 och RF avser att g\u00f6ra motsvarande fyllnadsutbetalning i efterhand \u00e4ven f\u00f6r h\u00f6stens aktiviteter.<\/em><\/p>\n<p>Med andra ord s\u00e5 b\u00f6r \u00e4ven de f\u00f6reningar som tvingats minska tillf\u00e4llena eller st\u00e4lla in verksamheten helt <strong>s\u00f6ka LOK-st\u00f6det \u00e4ven denna g\u00e5ng<\/strong>.<\/p>\n<p>I en <a href=\"https:\/\/www.rf.se\/Nyheter\/Allanyheter\/5500foreningardelarpaextralok-stodpa32miljonerkronor\" target=\"_blank\" rel=\"noopener noreferrer\">tidigare artikel<\/a> har RF skrivit:<\/p>\n<p style=\"padding-left: 40px;\"><em>Riksidrottsstyrelsen har fattat beslut att f\u00f6reningar som redovisar f\u00e4rre aktiviteter under h\u00f6sten 2020 i j\u00e4mf\u00f6relse med h\u00f6sten 2019 kommer att f\u00e5 fyllnadsinbetalningar p\u00e5 liknande s\u00e4tt som f\u00f6r v\u00e5ren 2020. Exakta belopp f\u00f6r h\u00f6sten klarg\u00f6rs i samband med att ans\u00f6kan av ordinarie LOK-st\u00f6d g\u00f6rs 25 februari 2021.<\/em><\/p>\n<p>Sista ans\u00f6kningsdag \u00e4r <strong>den 25 februari 2021<\/strong>. RF tar emot ans\u00f6kningar \u00e4ven efter detta datum, men avdrag kommer att g\u00f6ras fr\u00e5n beviljat bidrag. Mer info om detta finns p\u00e5 <a href=\"https:\/\/www.rf.se\/bidragochstod\/lok-stod\" target=\"_blank\" rel=\"noopener noreferrer\">RF:s hemsida<\/a>. D\u00e4r hittar ni ocks\u00e5 kontaktuppgifter till LOK-st\u00f6dsgruppen via e-post och telefon om ni har n\u00e5gra fr\u00e5gor.<\/p>\n<p>Text: Mats Lilja<br \/>\nFoto: Riksidrottsf\u00f6rbundet<\/p>\n","protected":false},"excerpt":{"rendered":"<p>RF | LOK-st\u00f6d kan s\u00f6kas av varje idrottsf\u00f6rening ansluten till Svenska Budo &#038; Kampsportsf\u00f6rbundet och som bedriver verksamhet f\u00f6r deltagare i \u00e5ldern 7\u201325 \u00e5r. LOK-st\u00f6det finns f\u00f6r att st\u00f6dja f\u00f6reningsdriven barn- och ungdomsidrott.<\/p><br>","protected":false},"author":914,"featured_media":124806,"comment_status":"open","ping_status":"open","sticky":false,"template":"","format":"standard","meta":{"_acf_changed":false,"footnotes":""},"categories":[1],"tags":[],"class_list":["post-124805","post","type-post","status-publish","format-standard","has-post-thumbnail","hentry","category-okategoriserade"],"acf":[],"yoast_head":"<!-- This site is optimized with the Yoast SEO plugin v26.8 - https:\/\/yoast.com\/product\/yoast-seo-wordpress\/ -->\n<title>Ans\u00f6kan om LOK-st\u00f6d f\u00f6r h\u00f6sten 2020 - Svenska Budo &amp; Kampsportsf\u00f6rbundet<\/title>\n<meta name=\"description\" content=\"RF | LOK-st\u00f6d kan s\u00f6kas av varje idrottsf\u00f6rening ansluten till Svenska Budo &amp; Kampsportsf\u00f6rbundet och som bedriver verksamhet f\u00f6r deltagare i \u00e5ldern 7\u201325 \u00e5r. LOK-st\u00f6det finns f\u00f6r att st\u00f6dja f\u00f6reningsdriven barn- och ungdomsidrott.\" \/>\n<meta name=\"robots\" content=\"index, follow, max-snippet:-1, max-image-preview:large, max-video-preview:-1\" \/>\n<link rel=\"canonical\" href=\"https:\/\/www.budokampsport.se\/2021\/02\/09\/ansokan-om-lok-stod-for-hosten-2020\/\" \/>\n<meta property=\"og:locale\" content=\"sv_SE\" \/>\n<meta property=\"og:type\" content=\"article\" \/>\n<meta property=\"og:title\" content=\"Ans\u00f6kan om LOK-st\u00f6d f\u00f6r h\u00f6sten 2020 - Svenska Budo &amp; Kampsportsf\u00f6rbundet\" \/>\n<meta property=\"og:description\" content=\"RF | LOK-st\u00f6d kan s\u00f6kas av varje idrottsf\u00f6rening ansluten till Svenska Budo &amp; Kampsportsf\u00f6rbundet och som bedriver verksamhet f\u00f6r deltagare i \u00e5ldern 7\u201325 \u00e5r. LOK-st\u00f6det finns f\u00f6r att st\u00f6dja f\u00f6reningsdriven barn- och ungdomsidrott.\" \/>\n<meta property=\"og:url\" content=\"https:\/\/www.budokampsport.se\/2021\/02\/09\/ansokan-om-lok-stod-for-hosten-2020\/\" \/>\n<meta property=\"og:site_name\" content=\"Svenska Budo &amp; Kampsportsf\u00f6rbundet\" \/>\n<meta property=\"article:published_time\" content=\"2021-02-09T15:04:25+00:00\" \/>\n<meta property=\"article:modified_time\" content=\"2021-02-09T15:05:06+00:00\" \/>\n<meta property=\"og:image\" content=\"https:\/\/www.budokampsport.se\/wp-content\/uploads\/2021\/02\/lokstod-847px.jpg\" \/>\n\t<meta property=\"og:image:width\" content=\"847\" \/>\n\t<meta property=\"og:image:height\" content=\"476\" \/>\n\t<meta property=\"og:image:type\" content=\"image\/jpeg\" \/>\n<meta name=\"author\" content=\"Mats Lilja\" \/>\n<meta name=\"twitter:card\" content=\"summary_large_image\" \/>\n<meta name=\"twitter:label1\" content=\"Skriven av\" \/>\n\t<meta name=\"twitter:data1\" content=\"Mats Lilja\" \/>\n\t<meta name=\"twitter:label2\" content=\"Ber\u00e4knad l\u00e4stid\" \/>\n\t<meta name=\"twitter:data2\" content=\"2 minuter\" \/>\n<script type=\"application\/ld+json\" class=\"yoast-schema-graph\">{\"@context\":\"https:\/\/schema.org\",\"@graph\":[{\"@type\":\"Article\",\"@id\":\"https:\/\/www.budokampsport.se\/2021\/02\/09\/ansokan-om-lok-stod-for-hosten-2020\/#article\",\"isPartOf\":{\"@id\":\"https:\/\/www.budokampsport.se\/2021\/02\/09\/ansokan-om-lok-stod-for-hosten-2020\/\"},\"author\":{\"name\":\"Mats Lilja\",\"@id\":\"https:\/\/www.budokampsport.se\/#\/schema\/person\/d80c0bc61f1787703168fc250ce69522\"},\"headline\":\"Ans\u00f6kan om LOK-st\u00f6d f\u00f6r h\u00f6sten 2020\",\"datePublished\":\"2021-02-09T15:04:25+00:00\",\"dateModified\":\"2021-02-09T15:05:06+00:00\",\"mainEntityOfPage\":{\"@id\":\"https:\/\/www.budokampsport.se\/2021\/02\/09\/ansokan-om-lok-stod-for-hosten-2020\/\"},\"wordCount\":327,\"commentCount\":1,\"image\":{\"@id\":\"https:\/\/www.budokampsport.se\/2021\/02\/09\/ansokan-om-lok-stod-for-hosten-2020\/#primaryimage\"},\"thumbnailUrl\":\"https:\/\/www.budokampsport.se\/wp-content\/uploads\/2021\/02\/lokstod-847px.jpg\",\"inLanguage\":\"sv-SE\",\"potentialAction\":[{\"@type\":\"CommentAction\",\"name\":\"Comment\",\"target\":[\"https:\/\/www.budokampsport.se\/2021\/02\/09\/ansokan-om-lok-stod-for-hosten-2020\/#respond\"]}]},{\"@type\":\"WebPage\",\"@id\":\"https:\/\/www.budokampsport.se\/2021\/02\/09\/ansokan-om-lok-stod-for-hosten-2020\/\",\"url\":\"https:\/\/www.budokampsport.se\/2021\/02\/09\/ansokan-om-lok-stod-for-hosten-2020\/\",\"name\":\"Ans\u00f6kan om LOK-st\u00f6d f\u00f6r h\u00f6sten 2020 - Svenska Budo &amp; Kampsportsf\u00f6rbundet\",\"isPartOf\":{\"@id\":\"https:\/\/www.budokampsport.se\/#website\"},\"primaryImageOfPage\":{\"@id\":\"https:\/\/www.budokampsport.se\/2021\/02\/09\/ansokan-om-lok-stod-for-hosten-2020\/#primaryimage\"},\"image\":{\"@id\":\"https:\/\/www.budokampsport.se\/2021\/02\/09\/ansokan-om-lok-stod-for-hosten-2020\/#primaryimage\"},\"thumbnailUrl\":\"https:\/\/www.budokampsport.se\/wp-content\/uploads\/2021\/02\/lokstod-847px.jpg\",\"datePublished\":\"2021-02-09T15:04:25+00:00\",\"dateModified\":\"2021-02-09T15:05:06+00:00\",\"author\":{\"@id\":\"https:\/\/www.budokampsport.se\/#\/schema\/person\/d80c0bc61f1787703168fc250ce69522\"},\"description\":\"RF | LOK-st\u00f6d kan s\u00f6kas av varje idrottsf\u00f6rening ansluten till Svenska Budo & Kampsportsf\u00f6rbundet och som bedriver verksamhet f\u00f6r deltagare i \u00e5ldern 7\u201325 \u00e5r. LOK-st\u00f6det finns f\u00f6r att st\u00f6dja f\u00f6reningsdriven barn- och ungdomsidrott.\",\"breadcrumb\":{\"@id\":\"https:\/\/www.budokampsport.se\/2021\/02\/09\/ansokan-om-lok-stod-for-hosten-2020\/#breadcrumb\"},\"inLanguage\":\"sv-SE\",\"potentialAction\":[{\"@type\":\"ReadAction\",\"target\":[\"https:\/\/www.budokampsport.se\/2021\/02\/09\/ansokan-om-lok-stod-for-hosten-2020\/\"]}]},{\"@type\":\"ImageObject\",\"inLanguage\":\"sv-SE\",\"@id\":\"https:\/\/www.budokampsport.se\/2021\/02\/09\/ansokan-om-lok-stod-for-hosten-2020\/#primaryimage\",\"url\":\"https:\/\/www.budokampsport.se\/wp-content\/uploads\/2021\/02\/lokstod-847px.jpg\",\"contentUrl\":\"https:\/\/www.budokampsport.se\/wp-content\/uploads\/2021\/02\/lokstod-847px.jpg\",\"width\":847,\"height\":476},{\"@type\":\"BreadcrumbList\",\"@id\":\"https:\/\/www.budokampsport.se\/2021\/02\/09\/ansokan-om-lok-stod-for-hosten-2020\/#breadcrumb\",\"itemListElement\":[{\"@type\":\"ListItem\",\"position\":1,\"name\":\"Hem\",\"item\":\"https:\/\/www.budokampsport.se\/\"},{\"@type\":\"ListItem\",\"position\":2,\"name\":\"Ans\u00f6kan om LOK-st\u00f6d f\u00f6r h\u00f6sten 2020\"}]},{\"@type\":\"WebSite\",\"@id\":\"https:\/\/www.budokampsport.se\/#website\",\"url\":\"https:\/\/www.budokampsport.se\/\",\"name\":\"Svenska Budo &amp; Kampsportsf\u00f6rbundet\",\"description\":\"T\u00e4vling, Tr\u00e4ning, Tradition\",\"potentialAction\":[{\"@type\":\"SearchAction\",\"target\":{\"@type\":\"EntryPoint\",\"urlTemplate\":\"https:\/\/www.budokampsport.se\/?s={search_term_string}\"},\"query-input\":{\"@type\":\"PropertyValueSpecification\",\"valueRequired\":true,\"valueName\":\"search_term_string\"}}],\"inLanguage\":\"sv-SE\"},{\"@type\":\"Person\",\"@id\":\"https:\/\/www.budokampsport.se\/#\/schema\/person\/d80c0bc61f1787703168fc250ce69522\",\"name\":\"Mats Lilja\",\"image\":{\"@type\":\"ImageObject\",\"inLanguage\":\"sv-SE\",\"@id\":\"https:\/\/www.budokampsport.se\/#\/schema\/person\/image\/\",\"url\":\"https:\/\/secure.gravatar.com\/avatar\/607f84918e96abe1ebbd8611782fa57d?s=96&d=blank&r=g\",\"contentUrl\":\"https:\/\/secure.gravatar.com\/avatar\/607f84918e96abe1ebbd8611782fa57d?s=96&d=blank&r=g\",\"caption\":\"Mats Lilja\"},\"url\":\"https:\/\/www.budokampsport.se\/author\/mats-lilja\/\"}]}<\/script>\n<!-- \/ Yoast SEO plugin. -->","yoast_head_json":{"title":"Ans\u00f6kan om LOK-st\u00f6d f\u00f6r h\u00f6sten 2020 - Svenska Budo &amp; Kampsportsf\u00f6rbundet","description":"RF | LOK-st\u00f6d kan s\u00f6kas av varje idrottsf\u00f6rening ansluten till Svenska Budo & Kampsportsf\u00f6rbundet och som bedriver verksamhet f\u00f6r deltagare i \u00e5ldern 7\u201325 \u00e5r. LOK-st\u00f6det finns f\u00f6r att st\u00f6dja f\u00f6reningsdriven barn- och ungdomsidrott.","robots":{"index":"index","follow":"follow","max-snippet":"max-snippet:-1","max-image-preview":"max-image-preview:large","max-video-preview":"max-video-preview:-1"},"canonical":"https:\/\/www.budokampsport.se\/2021\/02\/09\/ansokan-om-lok-stod-for-hosten-2020\/","og_locale":"sv_SE","og_type":"article","og_title":"Ans\u00f6kan om LOK-st\u00f6d f\u00f6r h\u00f6sten 2020 - Svenska Budo &amp; Kampsportsf\u00f6rbundet","og_description":"RF | LOK-st\u00f6d kan s\u00f6kas av varje idrottsf\u00f6rening ansluten till Svenska Budo & Kampsportsf\u00f6rbundet och som bedriver verksamhet f\u00f6r deltagare i \u00e5ldern 7\u201325 \u00e5r. LOK-st\u00f6det finns f\u00f6r att st\u00f6dja f\u00f6reningsdriven barn- och ungdomsidrott.","og_url":"https:\/\/www.budokampsport.se\/2021\/02\/09\/ansokan-om-lok-stod-for-hosten-2020\/","og_site_name":"Svenska Budo &amp; Kampsportsf\u00f6rbundet","article_published_time":"2021-02-09T15:04:25+00:00","article_modified_time":"2021-02-09T15:05:06+00:00","og_image":[{"width":847,"height":476,"url":"https:\/\/www.budokampsport.se\/wp-content\/uploads\/2021\/02\/lokstod-847px.jpg","type":"image\/jpeg"}],"author":"Mats Lilja","twitter_card":"summary_large_image","twitter_misc":{"Skriven av":"Mats Lilja","Ber\u00e4knad l\u00e4stid":"2 minuter"},"schema":{"@context":"https:\/\/schema.org","@graph":[{"@type":"Article","@id":"https:\/\/www.budokampsport.se\/2021\/02\/09\/ansokan-om-lok-stod-for-hosten-2020\/#article","isPartOf":{"@id":"https:\/\/www.budokampsport.se\/2021\/02\/09\/ansokan-om-lok-stod-for-hosten-2020\/"},"author":{"name":"Mats Lilja","@id":"https:\/\/www.budokampsport.se\/#\/schema\/person\/d80c0bc61f1787703168fc250ce69522"},"headline":"Ans\u00f6kan om LOK-st\u00f6d f\u00f6r h\u00f6sten 2020","datePublished":"2021-02-09T15:04:25+00:00","dateModified":"2021-02-09T15:05:06+00:00","mainEntityOfPage":{"@id":"https:\/\/www.budokampsport.se\/2021\/02\/09\/ansokan-om-lok-stod-for-hosten-2020\/"},"wordCount":327,"commentCount":1,"image":{"@id":"https:\/\/www.budokampsport.se\/2021\/02\/09\/ansokan-om-lok-stod-for-hosten-2020\/#primaryimage"},"thumbnailUrl":"https:\/\/www.budokampsport.se\/wp-content\/uploads\/2021\/02\/lokstod-847px.jpg","inLanguage":"sv-SE","potentialAction":[{"@type":"CommentAction","name":"Comment","target":["https:\/\/www.budokampsport.se\/2021\/02\/09\/ansokan-om-lok-stod-for-hosten-2020\/#respond"]}]},{"@type":"WebPage","@id":"https:\/\/www.budokampsport.se\/2021\/02\/09\/ansokan-om-lok-stod-for-hosten-2020\/","url":"https:\/\/www.budokampsport.se\/2021\/02\/09\/ansokan-om-lok-stod-for-hosten-2020\/","name":"Ans\u00f6kan om LOK-st\u00f6d f\u00f6r h\u00f6sten 2020 - Svenska Budo &amp; Kampsportsf\u00f6rbundet","isPartOf":{"@id":"https:\/\/www.budokampsport.se\/#website"},"primaryImageOfPage":{"@id":"https:\/\/www.budokampsport.se\/2021\/02\/09\/ansokan-om-lok-stod-for-hosten-2020\/#primaryimage"},"image":{"@id":"https:\/\/www.budokampsport.se\/2021\/02\/09\/ansokan-om-lok-stod-for-hosten-2020\/#primaryimage"},"thumbnailUrl":"https:\/\/www.budokampsport.se\/wp-content\/uploads\/2021\/02\/lokstod-847px.jpg","datePublished":"2021-02-09T15:04:25+00:00","dateModified":"2021-02-09T15:05:06+00:00","author":{"@id":"https:\/\/www.budokampsport.se\/#\/schema\/person\/d80c0bc61f1787703168fc250ce69522"},"description":"RF | LOK-st\u00f6d kan s\u00f6kas av varje idrottsf\u00f6rening ansluten till Svenska Budo & Kampsportsf\u00f6rbundet och som bedriver verksamhet f\u00f6r deltagare i \u00e5ldern 7\u201325 \u00e5r. LOK-st\u00f6det finns f\u00f6r att st\u00f6dja f\u00f6reningsdriven barn- och ungdomsidrott.","breadcrumb":{"@id":"https:\/\/www.budokampsport.se\/2021\/02\/09\/ansokan-om-lok-stod-for-hosten-2020\/#breadcrumb"},"inLanguage":"sv-SE","potentialAction":[{"@type":"ReadAction","target":["https:\/\/www.budokampsport.se\/2021\/02\/09\/ansokan-om-lok-stod-for-hosten-2020\/"]}]},{"@type":"ImageObject","inLanguage":"sv-SE","@id":"https:\/\/www.budokampsport.se\/2021\/02\/09\/ansokan-om-lok-stod-for-hosten-2020\/#primaryimage","url":"https:\/\/www.budokampsport.se\/wp-content\/uploads\/2021\/02\/lokstod-847px.jpg","contentUrl":"https:\/\/www.budokampsport.se\/wp-content\/uploads\/2021\/02\/lokstod-847px.jpg","width":847,"height":476},{"@type":"BreadcrumbList","@id":"https:\/\/www.budokampsport.se\/2021\/02\/09\/ansokan-om-lok-stod-for-hosten-2020\/#breadcrumb","itemListElement":[{"@type":"ListItem","position":1,"name":"Hem","item":"https:\/\/www.budokampsport.se\/"},{"@type":"ListItem","position":2,"name":"Ans\u00f6kan om LOK-st\u00f6d f\u00f6r h\u00f6sten 2020"}]},{"@type":"WebSite","@id":"https:\/\/www.budokampsport.se\/#website","url":"https:\/\/www.budokampsport.se\/","name":"Svenska Budo &amp; Kampsportsf\u00f6rbundet","description":"T\u00e4vling, Tr\u00e4ning, Tradition","potentialAction":[{"@type":"SearchAction","target":{"@type":"EntryPoint","urlTemplate":"https:\/\/www.budokampsport.se\/?s={search_term_string}"},"query-input":{"@type":"PropertyValueSpecification","valueRequired":true,"valueName":"search_term_string"}}],"inLanguage":"sv-SE"},{"@type":"Person","@id":"https:\/\/www.budokampsport.se\/#\/schema\/person\/d80c0bc61f1787703168fc250ce69522","name":"Mats Lilja","image":{"@type":"ImageObject","inLanguage":"sv-SE","@id":"https:\/\/www.budokampsport.se\/#\/schema\/person\/image\/","url":"https:\/\/secure.gravatar.com\/avatar\/607f84918e96abe1ebbd8611782fa57d?s=96&d=blank&r=g","contentUrl":"https:\/\/secure.gravatar.com\/avatar\/607f84918e96abe1ebbd8611782fa57d?s=96&d=blank&r=g","caption":"Mats Lilja"},"url":"https:\/\/www.budokampsport.se\/author\/mats-lilja\/"}]}},"_links":{"self":[{"href":"https:\/\/www.budokampsport.se\/api\/wp\/v2\/posts\/124805","targetHints":{"allow":["GET"]}}],"collection":[{"href":"https:\/\/www.budokampsport.se\/api\/wp\/v2\/posts"}],"about":[{"href":"https:\/\/www.budokampsport.se\/api\/wp\/v2\/types\/post"}],"author":[{"embeddable":true,"href":"https:\/\/www.budokampsport.se\/api\/wp\/v2\/users\/914"}],"replies":[{"embeddable":true,"href":"https:\/\/www.budokampsport.se\/api\/wp\/v2\/comments?post=124805"}],"version-history":[{"count":0,"href":"https:\/\/www.budokampsport.se\/api\/wp\/v2\/posts\/124805\/revisions"}],"wp:featuredmedia":[{"embeddable":true,"href":"https:\/\/www.budokampsport.se\/api\/wp\/v2\/media\/124806"}],"wp:attachment":[{"href":"https:\/\/www.budokampsport.se\/api\/wp\/v2\/media?parent=124805"}],"wp:term":[{"taxonomy":"category","embeddable":true,"href":"https:\/\/www.budokampsport.se\/api\/wp\/v2\/categories?post=124805"},{"taxonomy":"post_tag","embeddable":true,"href":"https:\/\/www.budokampsport.se\/api\/wp\/v2\/tags?post=124805"}],"curies":[{"name":"wp","href":"https:\/\/api.w.org\/{rel}","templated":true}]}}