{"id":124999,"date":"2021-03-05T15:00:33","date_gmt":"2021-03-05T14:00:33","guid":{"rendered":"https:\/\/www.budokampsport.se\/?p=124999"},"modified":"2021-03-05T15:00:33","modified_gmt":"2021-03-05T14:00:33","slug":"aikidon-forst-ut-med-arsmote-bland-underforbunden","status":"publish","type":"post","link":"https:\/\/www.budokampsport.se\/2021\/03\/05\/aikidon-forst-ut-med-arsmote-bland-underforbunden\/","title":{"rendered":"Aikidon f\u00f6rst ut med \u00e5rsm\u00f6te bland underf\u00f6rbunden"},"content":{"rendered":"<p>Magnus Burman \u00e4r Svenska Aikidof\u00f6rbundet ordf\u00f6rande och han \u00e4r lugnet sj\u00e4lv n\u00e4r deras \u00e5rsst\u00e4mma kommer p\u00e5 tal.<\/p>\n<p>\u2212 Det k\u00e4nns mycket bra, allt \u00e4r p\u00e5 plats! Vi har en bra rutin i styrelsen d\u00e4r vi tidigt ser \u00f6ver f\u00f6rra \u00e5rets verksamhetsplan s\u00e5 vi inte missar n\u00e5got. V\u00e5r verksamhetsber\u00e4ttelse har varit klar sedan i januari och sedan dess har vi jobbat med verksamhetsplanen f\u00f6r 2021. Allt var publicerat och klart i god tid. Med revisionsber\u00e4ttelsen blev det lite tight i \u00e5r men det l\u00f6ste sig ocks\u00e5.<\/p>\n<p>\u00c5rsm\u00f6tet 2021 kommer att genomf\u00f6ras digitalt, precis som under 2020.<\/p>\n<p>\u2212 Den stora omst\u00e4llningen var ju till f\u00f6rra \u00e5rets m\u00f6te. Styrelsen gjorde ett rej\u00e4lt omtag efter st\u00e4mman under sommaren med ny anpassad verksamhetsplan och budget d\u00e5 vi ins\u00e5g att allt som skjutits upp till h\u00f6sten trots allt inte skulle kunna genomf\u00f6ras.<\/p>\n<p>Magnus Burman ser b\u00e5de f\u00f6rdelar och nackdelar med digitala m\u00f6ten ist\u00e4llet f\u00f6r fysiska.<\/p>\n<p>\u2212 Det blir l\u00e4ttare f\u00f6r alla klubbar att vara med och f\u00e5 g\u00f6ra sin r\u00f6st h\u00f6rd. Sj\u00e4lv saknar jag dock det personliga m\u00f6tet och v\u00e5ra diskussioner vid st\u00e4mman, dessa blir klart h\u00e4mmade i ett digitalt format.<\/p>\n<p>Uppslutningen f\u00f6rra \u00e5ret var bra trots de nya f\u00f6ruts\u00e4ttningarna. Och efter ett lyckat \u00e5rsm\u00f6te d\u00e5 hoppas man p\u00e5 \u00e4nnu fler deltagare i \u00e5r.<\/p>\n<p>\u2212 F\u00f6rra \u00e5ret var 33 av v\u00e5ra medlemsklubbar representerade vilket \u00e4r en grymt bra uppslutning. F\u00f6rutom styrelsen var det 42 personer p\u00e5 plats i det digitala m\u00f6tet. J\u00e4ttekul! Att locka minst lika m\u00e5nga m\u00e5ste ju vara v\u00e5r m\u00e5ls\u00e4ttning till p\u00e5 s\u00f6ndag.<\/p>\n<p>Varken motioner eller propositioner har inkommit till \u00e5rsm\u00f6tet den h\u00e4r g\u00e5ngen. Den stora punkten v\u00e4ntas ist\u00e4llet bli storleken p\u00e5 den nya styrelsen, d\u00e4r man vill ut\u00f6ka antalet ledam\u00f6ter i enlighet med Svenska Aikidof\u00f6rbundets befintliga stadgar.<\/p>\n<p>\u2212 Vi hoppas st\u00e4mman beslutar att ut\u00f6ka styrelsen med tv\u00e5 ytterligare ledam\u00f6ter. Detta s\u00e5 att vi kan satsa fullt ut b\u00e5de p\u00e5 v\u00e5ra inkluderingsprojekt och p\u00e5 v\u00e5ra planerade marknadsf\u00f6ringskampanjer n\u00e4r, vilket vi s\u00e5 klart hoppas blir snart, vi f\u00e5r \u00f6ppna upp v\u00e5ra klubbars verksamhet fullt ut och att alla f\u00e5r tr\u00e4na p\u00e5 riktigt igen, avslutar Magnus Burman.<\/p>\n<p>Mer information och \u00e5rsm\u00f6teshandlingar inf\u00f6r de kommande st\u00e4mmorna publiceras under <a href=\"https:\/\/www.budokampsport.se\/forbund\/\" target=\"_blank\" rel=\"noopener noreferrer\">F\u00f6rbund<\/a>\u00a0&gt;\u00a0<a href=\"https:\/\/www.budokampsport.se\/forbund\/arsmoten\/\" target=\"_blank\" rel=\"noopener noreferrer\">\u00c5rsm\u00f6ten<\/a>.<\/p>\n<p>Text: Mats Lilja<br \/>\nFoto: Jenny Lagerqvist<\/p>\n","protected":false},"excerpt":{"rendered":"<p>SB&#038;K | \u00c5rsm\u00f6tess\u00e4songen \u00e4r h\u00e4r och i mars m\u00e5nad kommer 19 olika st\u00e4mmor att h\u00e5llas f\u00f6r Svenska Budo &#038; Kampsportsf\u00f6rbundet och dess underf\u00f6rbund. F\u00f6rst ut \u00e4r aikidon nu p\u00e5 s\u00f6ndag den 7 mars.<\/p><br>","protected":false},"author":914,"featured_media":125008,"comment_status":"open","ping_status":"open","sticky":false,"template":"","format":"standard","meta":{"_acf_changed":false,"footnotes":""},"categories":[1],"tags":[],"class_list":["post-124999","post","type-post","status-publish","format-standard","has-post-thumbnail","hentry","category-okategoriserade"],"acf":[],"yoast_head":"<!-- This site is optimized with the Yoast SEO plugin v26.8 - https:\/\/yoast.com\/product\/yoast-seo-wordpress\/ -->\n<title>Aikidon f\u00f6rst ut med \u00e5rsm\u00f6te bland underf\u00f6rbunden - Svenska Budo &amp; Kampsportsf\u00f6rbundet<\/title>\n<meta name=\"description\" content=\"SB&amp;K | \u00c5rsm\u00f6tess\u00e4songen \u00e4r h\u00e4r och i mars m\u00e5nad kommer 19 olika st\u00e4mmor att h\u00e5llas f\u00f6r Svenska Budo &amp; Kampsportsf\u00f6rbundet och dess underf\u00f6rbund. F\u00f6rst ut \u00e4r aikidon nu p\u00e5 s\u00f6ndag den 7 mars.\" \/>\n<meta name=\"robots\" content=\"index, follow, max-snippet:-1, max-image-preview:large, max-video-preview:-1\" \/>\n<link rel=\"canonical\" href=\"https:\/\/www.budokampsport.se\/2021\/03\/05\/aikidon-forst-ut-med-arsmote-bland-underforbunden\/\" \/>\n<meta property=\"og:locale\" content=\"sv_SE\" \/>\n<meta property=\"og:type\" content=\"article\" \/>\n<meta property=\"og:title\" content=\"Aikidon f\u00f6rst ut med \u00e5rsm\u00f6te bland underf\u00f6rbunden - Svenska Budo &amp; Kampsportsf\u00f6rbundet\" \/>\n<meta property=\"og:description\" content=\"SB&amp;K | \u00c5rsm\u00f6tess\u00e4songen \u00e4r h\u00e4r och i mars m\u00e5nad kommer 19 olika st\u00e4mmor att h\u00e5llas f\u00f6r Svenska Budo &amp; Kampsportsf\u00f6rbundet och dess underf\u00f6rbund. F\u00f6rst ut \u00e4r aikidon nu p\u00e5 s\u00f6ndag den 7 mars.\" \/>\n<meta property=\"og:url\" content=\"https:\/\/www.budokampsport.se\/2021\/03\/05\/aikidon-forst-ut-med-arsmote-bland-underforbunden\/\" \/>\n<meta property=\"og:site_name\" content=\"Svenska Budo &amp; Kampsportsf\u00f6rbundet\" \/>\n<meta property=\"article:published_time\" content=\"2021-03-05T14:00:33+00:00\" \/>\n<meta property=\"og:image\" content=\"https:\/\/www.budokampsport.se\/wp-content\/uploads\/2021\/03\/aikidoarsmote.jpg\" \/>\n\t<meta property=\"og:image:width\" content=\"847\" \/>\n\t<meta property=\"og:image:height\" content=\"521\" \/>\n\t<meta property=\"og:image:type\" content=\"image\/jpeg\" \/>\n<meta name=\"author\" content=\"Mats Lilja\" \/>\n<meta name=\"twitter:card\" content=\"summary_large_image\" \/>\n<meta name=\"twitter:label1\" content=\"Skriven av\" \/>\n\t<meta name=\"twitter:data1\" content=\"Mats Lilja\" \/>\n\t<meta name=\"twitter:label2\" content=\"Ber\u00e4knad l\u00e4stid\" \/>\n\t<meta name=\"twitter:data2\" content=\"2 minuter\" \/>\n<script type=\"application\/ld+json\" class=\"yoast-schema-graph\">{\"@context\":\"https:\/\/schema.org\",\"@graph\":[{\"@type\":\"Article\",\"@id\":\"https:\/\/www.budokampsport.se\/2021\/03\/05\/aikidon-forst-ut-med-arsmote-bland-underforbunden\/#article\",\"isPartOf\":{\"@id\":\"https:\/\/www.budokampsport.se\/2021\/03\/05\/aikidon-forst-ut-med-arsmote-bland-underforbunden\/\"},\"author\":{\"name\":\"Mats Lilja\",\"@id\":\"https:\/\/www.budokampsport.se\/#\/schema\/person\/d80c0bc61f1787703168fc250ce69522\"},\"headline\":\"Aikidon f\u00f6rst ut med \u00e5rsm\u00f6te bland underf\u00f6rbunden\",\"datePublished\":\"2021-03-05T14:00:33+00:00\",\"mainEntityOfPage\":{\"@id\":\"https:\/\/www.budokampsport.se\/2021\/03\/05\/aikidon-forst-ut-med-arsmote-bland-underforbunden\/\"},\"wordCount\":440,\"commentCount\":0,\"image\":{\"@id\":\"https:\/\/www.budokampsport.se\/2021\/03\/05\/aikidon-forst-ut-med-arsmote-bland-underforbunden\/#primaryimage\"},\"thumbnailUrl\":\"https:\/\/www.budokampsport.se\/wp-content\/uploads\/2021\/03\/aikidoarsmote.jpg\",\"inLanguage\":\"sv-SE\",\"potentialAction\":[{\"@type\":\"CommentAction\",\"name\":\"Comment\",\"target\":[\"https:\/\/www.budokampsport.se\/2021\/03\/05\/aikidon-forst-ut-med-arsmote-bland-underforbunden\/#respond\"]}]},{\"@type\":\"WebPage\",\"@id\":\"https:\/\/www.budokampsport.se\/2021\/03\/05\/aikidon-forst-ut-med-arsmote-bland-underforbunden\/\",\"url\":\"https:\/\/www.budokampsport.se\/2021\/03\/05\/aikidon-forst-ut-med-arsmote-bland-underforbunden\/\",\"name\":\"Aikidon f\u00f6rst ut med \u00e5rsm\u00f6te bland underf\u00f6rbunden - Svenska Budo &amp; Kampsportsf\u00f6rbundet\",\"isPartOf\":{\"@id\":\"https:\/\/www.budokampsport.se\/#website\"},\"primaryImageOfPage\":{\"@id\":\"https:\/\/www.budokampsport.se\/2021\/03\/05\/aikidon-forst-ut-med-arsmote-bland-underforbunden\/#primaryimage\"},\"image\":{\"@id\":\"https:\/\/www.budokampsport.se\/2021\/03\/05\/aikidon-forst-ut-med-arsmote-bland-underforbunden\/#primaryimage\"},\"thumbnailUrl\":\"https:\/\/www.budokampsport.se\/wp-content\/uploads\/2021\/03\/aikidoarsmote.jpg\",\"datePublished\":\"2021-03-05T14:00:33+00:00\",\"author\":{\"@id\":\"https:\/\/www.budokampsport.se\/#\/schema\/person\/d80c0bc61f1787703168fc250ce69522\"},\"description\":\"SB&K | \u00c5rsm\u00f6tess\u00e4songen \u00e4r h\u00e4r och i mars m\u00e5nad kommer 19 olika st\u00e4mmor att h\u00e5llas f\u00f6r Svenska Budo & Kampsportsf\u00f6rbundet och dess underf\u00f6rbund. F\u00f6rst ut \u00e4r aikidon nu p\u00e5 s\u00f6ndag den 7 mars.\",\"breadcrumb\":{\"@id\":\"https:\/\/www.budokampsport.se\/2021\/03\/05\/aikidon-forst-ut-med-arsmote-bland-underforbunden\/#breadcrumb\"},\"inLanguage\":\"sv-SE\",\"potentialAction\":[{\"@type\":\"ReadAction\",\"target\":[\"https:\/\/www.budokampsport.se\/2021\/03\/05\/aikidon-forst-ut-med-arsmote-bland-underforbunden\/\"]}]},{\"@type\":\"ImageObject\",\"inLanguage\":\"sv-SE\",\"@id\":\"https:\/\/www.budokampsport.se\/2021\/03\/05\/aikidon-forst-ut-med-arsmote-bland-underforbunden\/#primaryimage\",\"url\":\"https:\/\/www.budokampsport.se\/wp-content\/uploads\/2021\/03\/aikidoarsmote.jpg\",\"contentUrl\":\"https:\/\/www.budokampsport.se\/wp-content\/uploads\/2021\/03\/aikidoarsmote.jpg\",\"width\":847,\"height\":521},{\"@type\":\"BreadcrumbList\",\"@id\":\"https:\/\/www.budokampsport.se\/2021\/03\/05\/aikidon-forst-ut-med-arsmote-bland-underforbunden\/#breadcrumb\",\"itemListElement\":[{\"@type\":\"ListItem\",\"position\":1,\"name\":\"Hem\",\"item\":\"https:\/\/www.budokampsport.se\/\"},{\"@type\":\"ListItem\",\"position\":2,\"name\":\"Aikidon f\u00f6rst ut med \u00e5rsm\u00f6te bland underf\u00f6rbunden\"}]},{\"@type\":\"WebSite\",\"@id\":\"https:\/\/www.budokampsport.se\/#website\",\"url\":\"https:\/\/www.budokampsport.se\/\",\"name\":\"Svenska Budo &amp; Kampsportsf\u00f6rbundet\",\"description\":\"T\u00e4vling, Tr\u00e4ning, Tradition\",\"potentialAction\":[{\"@type\":\"SearchAction\",\"target\":{\"@type\":\"EntryPoint\",\"urlTemplate\":\"https:\/\/www.budokampsport.se\/?s={search_term_string}\"},\"query-input\":{\"@type\":\"PropertyValueSpecification\",\"valueRequired\":true,\"valueName\":\"search_term_string\"}}],\"inLanguage\":\"sv-SE\"},{\"@type\":\"Person\",\"@id\":\"https:\/\/www.budokampsport.se\/#\/schema\/person\/d80c0bc61f1787703168fc250ce69522\",\"name\":\"Mats Lilja\",\"image\":{\"@type\":\"ImageObject\",\"inLanguage\":\"sv-SE\",\"@id\":\"https:\/\/www.budokampsport.se\/#\/schema\/person\/image\/\",\"url\":\"https:\/\/secure.gravatar.com\/avatar\/607f84918e96abe1ebbd8611782fa57d?s=96&d=blank&r=g\",\"contentUrl\":\"https:\/\/secure.gravatar.com\/avatar\/607f84918e96abe1ebbd8611782fa57d?s=96&d=blank&r=g\",\"caption\":\"Mats Lilja\"},\"url\":\"https:\/\/www.budokampsport.se\/author\/mats-lilja\/\"}]}<\/script>\n<!-- \/ Yoast SEO plugin. -->","yoast_head_json":{"title":"Aikidon f\u00f6rst ut med \u00e5rsm\u00f6te bland underf\u00f6rbunden - Svenska Budo &amp; Kampsportsf\u00f6rbundet","description":"SB&K | \u00c5rsm\u00f6tess\u00e4songen \u00e4r h\u00e4r och i mars m\u00e5nad kommer 19 olika st\u00e4mmor att h\u00e5llas f\u00f6r Svenska Budo & Kampsportsf\u00f6rbundet och dess underf\u00f6rbund. F\u00f6rst ut \u00e4r aikidon nu p\u00e5 s\u00f6ndag den 7 mars.","robots":{"index":"index","follow":"follow","max-snippet":"max-snippet:-1","max-image-preview":"max-image-preview:large","max-video-preview":"max-video-preview:-1"},"canonical":"https:\/\/www.budokampsport.se\/2021\/03\/05\/aikidon-forst-ut-med-arsmote-bland-underforbunden\/","og_locale":"sv_SE","og_type":"article","og_title":"Aikidon f\u00f6rst ut med \u00e5rsm\u00f6te bland underf\u00f6rbunden - Svenska Budo &amp; Kampsportsf\u00f6rbundet","og_description":"SB&K | \u00c5rsm\u00f6tess\u00e4songen \u00e4r h\u00e4r och i mars m\u00e5nad kommer 19 olika st\u00e4mmor att h\u00e5llas f\u00f6r Svenska Budo & Kampsportsf\u00f6rbundet och dess underf\u00f6rbund. F\u00f6rst ut \u00e4r aikidon nu p\u00e5 s\u00f6ndag den 7 mars.","og_url":"https:\/\/www.budokampsport.se\/2021\/03\/05\/aikidon-forst-ut-med-arsmote-bland-underforbunden\/","og_site_name":"Svenska Budo &amp; Kampsportsf\u00f6rbundet","article_published_time":"2021-03-05T14:00:33+00:00","og_image":[{"width":847,"height":521,"url":"https:\/\/www.budokampsport.se\/wp-content\/uploads\/2021\/03\/aikidoarsmote.jpg","type":"image\/jpeg"}],"author":"Mats Lilja","twitter_card":"summary_large_image","twitter_misc":{"Skriven av":"Mats Lilja","Ber\u00e4knad l\u00e4stid":"2 minuter"},"schema":{"@context":"https:\/\/schema.org","@graph":[{"@type":"Article","@id":"https:\/\/www.budokampsport.se\/2021\/03\/05\/aikidon-forst-ut-med-arsmote-bland-underforbunden\/#article","isPartOf":{"@id":"https:\/\/www.budokampsport.se\/2021\/03\/05\/aikidon-forst-ut-med-arsmote-bland-underforbunden\/"},"author":{"name":"Mats Lilja","@id":"https:\/\/www.budokampsport.se\/#\/schema\/person\/d80c0bc61f1787703168fc250ce69522"},"headline":"Aikidon f\u00f6rst ut med \u00e5rsm\u00f6te bland underf\u00f6rbunden","datePublished":"2021-03-05T14:00:33+00:00","mainEntityOfPage":{"@id":"https:\/\/www.budokampsport.se\/2021\/03\/05\/aikidon-forst-ut-med-arsmote-bland-underforbunden\/"},"wordCount":440,"commentCount":0,"image":{"@id":"https:\/\/www.budokampsport.se\/2021\/03\/05\/aikidon-forst-ut-med-arsmote-bland-underforbunden\/#primaryimage"},"thumbnailUrl":"https:\/\/www.budokampsport.se\/wp-content\/uploads\/2021\/03\/aikidoarsmote.jpg","inLanguage":"sv-SE","potentialAction":[{"@type":"CommentAction","name":"Comment","target":["https:\/\/www.budokampsport.se\/2021\/03\/05\/aikidon-forst-ut-med-arsmote-bland-underforbunden\/#respond"]}]},{"@type":"WebPage","@id":"https:\/\/www.budokampsport.se\/2021\/03\/05\/aikidon-forst-ut-med-arsmote-bland-underforbunden\/","url":"https:\/\/www.budokampsport.se\/2021\/03\/05\/aikidon-forst-ut-med-arsmote-bland-underforbunden\/","name":"Aikidon f\u00f6rst ut med \u00e5rsm\u00f6te bland underf\u00f6rbunden - Svenska Budo &amp; Kampsportsf\u00f6rbundet","isPartOf":{"@id":"https:\/\/www.budokampsport.se\/#website"},"primaryImageOfPage":{"@id":"https:\/\/www.budokampsport.se\/2021\/03\/05\/aikidon-forst-ut-med-arsmote-bland-underforbunden\/#primaryimage"},"image":{"@id":"https:\/\/www.budokampsport.se\/2021\/03\/05\/aikidon-forst-ut-med-arsmote-bland-underforbunden\/#primaryimage"},"thumbnailUrl":"https:\/\/www.budokampsport.se\/wp-content\/uploads\/2021\/03\/aikidoarsmote.jpg","datePublished":"2021-03-05T14:00:33+00:00","author":{"@id":"https:\/\/www.budokampsport.se\/#\/schema\/person\/d80c0bc61f1787703168fc250ce69522"},"description":"SB&K | \u00c5rsm\u00f6tess\u00e4songen \u00e4r h\u00e4r och i mars m\u00e5nad kommer 19 olika st\u00e4mmor att h\u00e5llas f\u00f6r Svenska Budo & Kampsportsf\u00f6rbundet och dess underf\u00f6rbund. F\u00f6rst ut \u00e4r aikidon nu p\u00e5 s\u00f6ndag den 7 mars.","breadcrumb":{"@id":"https:\/\/www.budokampsport.se\/2021\/03\/05\/aikidon-forst-ut-med-arsmote-bland-underforbunden\/#breadcrumb"},"inLanguage":"sv-SE","potentialAction":[{"@type":"ReadAction","target":["https:\/\/www.budokampsport.se\/2021\/03\/05\/aikidon-forst-ut-med-arsmote-bland-underforbunden\/"]}]},{"@type":"ImageObject","inLanguage":"sv-SE","@id":"https:\/\/www.budokampsport.se\/2021\/03\/05\/aikidon-forst-ut-med-arsmote-bland-underforbunden\/#primaryimage","url":"https:\/\/www.budokampsport.se\/wp-content\/uploads\/2021\/03\/aikidoarsmote.jpg","contentUrl":"https:\/\/www.budokampsport.se\/wp-content\/uploads\/2021\/03\/aikidoarsmote.jpg","width":847,"height":521},{"@type":"BreadcrumbList","@id":"https:\/\/www.budokampsport.se\/2021\/03\/05\/aikidon-forst-ut-med-arsmote-bland-underforbunden\/#breadcrumb","itemListElement":[{"@type":"ListItem","position":1,"name":"Hem","item":"https:\/\/www.budokampsport.se\/"},{"@type":"ListItem","position":2,"name":"Aikidon f\u00f6rst ut med \u00e5rsm\u00f6te bland underf\u00f6rbunden"}]},{"@type":"WebSite","@id":"https:\/\/www.budokampsport.se\/#website","url":"https:\/\/www.budokampsport.se\/","name":"Svenska Budo &amp; Kampsportsf\u00f6rbundet","description":"T\u00e4vling, Tr\u00e4ning, Tradition","potentialAction":[{"@type":"SearchAction","target":{"@type":"EntryPoint","urlTemplate":"https:\/\/www.budokampsport.se\/?s={search_term_string}"},"query-input":{"@type":"PropertyValueSpecification","valueRequired":true,"valueName":"search_term_string"}}],"inLanguage":"sv-SE"},{"@type":"Person","@id":"https:\/\/www.budokampsport.se\/#\/schema\/person\/d80c0bc61f1787703168fc250ce69522","name":"Mats Lilja","image":{"@type":"ImageObject","inLanguage":"sv-SE","@id":"https:\/\/www.budokampsport.se\/#\/schema\/person\/image\/","url":"https:\/\/secure.gravatar.com\/avatar\/607f84918e96abe1ebbd8611782fa57d?s=96&d=blank&r=g","contentUrl":"https:\/\/secure.gravatar.com\/avatar\/607f84918e96abe1ebbd8611782fa57d?s=96&d=blank&r=g","caption":"Mats Lilja"},"url":"https:\/\/www.budokampsport.se\/author\/mats-lilja\/"}]}},"_links":{"self":[{"href":"https:\/\/www.budokampsport.se\/api\/wp\/v2\/posts\/124999","targetHints":{"allow":["GET"]}}],"collection":[{"href":"https:\/\/www.budokampsport.se\/api\/wp\/v2\/posts"}],"about":[{"href":"https:\/\/www.budokampsport.se\/api\/wp\/v2\/types\/post"}],"author":[{"embeddable":true,"href":"https:\/\/www.budokampsport.se\/api\/wp\/v2\/users\/914"}],"replies":[{"embeddable":true,"href":"https:\/\/www.budokampsport.se\/api\/wp\/v2\/comments?post=124999"}],"version-history":[{"count":0,"href":"https:\/\/www.budokampsport.se\/api\/wp\/v2\/posts\/124999\/revisions"}],"wp:featuredmedia":[{"embeddable":true,"href":"https:\/\/www.budokampsport.se\/api\/wp\/v2\/media\/125008"}],"wp:attachment":[{"href":"https:\/\/www.budokampsport.se\/api\/wp\/v2\/media?parent=124999"}],"wp:term":[{"taxonomy":"category","embeddable":true,"href":"https:\/\/www.budokampsport.se\/api\/wp\/v2\/categories?post=124999"},{"taxonomy":"post_tag","embeddable":true,"href":"https:\/\/www.budokampsport.se\/api\/wp\/v2\/tags?post=124999"}],"curies":[{"name":"wp","href":"https:\/\/api.w.org\/{rel}","templated":true}]}}