{"id":125100,"date":"2021-03-15T15:56:03","date_gmt":"2021-03-15T14:56:03","guid":{"rendered":"https:\/\/www.budokampsport.se\/?p=125100"},"modified":"2022-09-14T10:39:13","modified_gmt":"2022-09-14T08:39:13","slug":"valberedningens-forslag-till-forbundsstamman-2021","status":"publish","type":"post","link":"https:\/\/www.budokampsport.se\/2021\/03\/15\/valberedningens-forslag-till-forbundsstamman-2021\/","title":{"rendered":"Valberedningens f\u00f6rslag till F\u00f6rbundsst\u00e4mman 2021"},"content":{"rendered":"<h3><strong>F\u00f6rbundsstyrelse<\/strong><\/h3>\n<p>En ordinarie ledamot i f\u00f6rbundsstyrelsen har inf\u00f6r \u00e5rets st\u00e4mma avb\u00f6jt omval. En naturlig utveckling \u00e4r att en suppleant blir ordinarie ledamot men aktuell suppleant har uttryckligen sagt sig vilja forts\u00e4tta som suppleant. Valberedningen har f\u00e5tt tre nomineringar till f\u00f6rbundsstyrelsen.<\/p>\n<p>F\u00f6rbundsstyrelsen best\u00e5r av f\u00f6rbundsordf\u00f6rande, sex \u00f6vriga ledam\u00f6ter och tv\u00e5 suppleanter. \u00d6vriga ledam\u00f6ter ska vara lika f\u00f6rdelat mellan k\u00f6nen. Suppleanter ska vara lika f\u00f6rdelat mellan k\u00f6nen.<\/p>\n<p><strong>Ordf\u00f6rande<\/strong><br \/>\nFredrik Gundmark, omval 1 \u00e5r<\/p>\n<p><strong>Ledam\u00f6ter<\/strong><br \/>\nElin Bladh, omval 1 \u00e5r<br \/>\nMarina Regn\u00e9r, omval 1 \u00e5r<br \/>\nKirsi H\u00f6glund, omval 1 \u00e5r<br \/>\nMusse Hasselvall, omval 1 \u00e5r<br \/>\nPatrik Asplund, omval 1 \u00e5r<br \/>\nFrej Levin, nyval 1 \u00e5r<\/p>\n<p><strong>Suppleanter<\/strong><br \/>\nSara Abouzeedan, omval 1 \u00e5r<br \/>\nUlf Hjerppe, omval 1 \u00e5r<\/p>\n<p><strong>\u00d6vriga nominerade<\/strong><br \/>\nEmil Gustafsson<br \/>\nStefan Rehnstr\u00f6m<\/p>\n<hr \/>\n<h3><strong>Revisorer och revisorssuppleanter<\/strong><\/h3>\n<p>SB&amp;K:s r\u00e4kenskaper och f\u00f6rvaltning granskas \u00e5rligen av tv\u00e5 revisorer. En av de ordinarie revisorerna samt en av suppleanterna ska vara auktoriserad revisor.<\/p>\n<p><strong>Revisorer<\/strong><br \/>\nMicaela Karlstr\u00f6m, Allegretto Revision (auktoriserad), omval 1 \u00e5r<br \/>\nChristian Lund, omval 1 \u00e5r<\/p>\n<p><strong>Revisorssuppleanter<\/strong><br \/>\nAnna Wretholm, Allegretto Revision (auktoriserad), omval 1 \u00e5r<br \/>\nSabrina Sedin Roskvist, omval 1 \u00e5r<\/p>\n<hr \/>\n<h3><strong>Disciplinn\u00e4mnd<\/strong><\/h3>\n<p>N\u00e4mnden ska best\u00e5 av tre ledam\u00f6ter varav minst en b\u00f6r vara jurist eller ha motsvarande erfarenhet, en av dessa ska leda arbetet som n\u00e4mndens ordf\u00f6rande. Antalet \u00f6vriga ledam\u00f6ter ska vara lika f\u00f6rdelat mellan k\u00f6nen.<\/p>\n<p><strong>Ordf\u00f6rande<\/strong><br \/>\nPeter Dahlqvist, omval 1 \u00e5r<\/p>\n<p><strong>Ledam\u00f6ter<\/strong><br \/>\nDaniel Svensson, omval 1 \u00e5r<br \/>\nSara Axelsson, omval 1 \u00e5r<\/p>\n<hr \/>\n<p><strong>Valberedningen <\/strong><br \/>\n<strong>J\u00f6ran Fagerlund, ordf\u00f6rande<\/strong><br \/>\n<strong>Irene Br\u00e4ndstr\u00f6m<\/strong><br \/>\n<strong>Anders Pettersson<\/strong><\/p>\n","protected":false},"excerpt":{"rendered":"<p>SB&#038;K | H\u00e4r \u00e4r samtliga nominerade till Svenska Budo &#038; Kampsportsf\u00f6rbundets \u00e5rsm\u00f6te den 27 mars. F\u00f6rutom f\u00f6rbundsstyrelse s\u00e5 ska \u00e4ven revisorer och medlemmar i disciplinn\u00e4mnden utses.<\/p><br>","protected":false},"author":914,"featured_media":94914,"comment_status":"open","ping_status":"open","sticky":false,"template":"","format":"standard","meta":{"_acf_changed":false,"footnotes":""},"categories":[410,1],"tags":[],"class_list":["post-125100","post","type-post","status-publish","format-standard","has-post-thumbnail","hentry","category-arsmote","category-okategoriserade"],"acf":[],"yoast_head":"<!-- This site is optimized with the Yoast SEO plugin v26.8 - https:\/\/yoast.com\/product\/yoast-seo-wordpress\/ -->\n<title>Valberedningens f\u00f6rslag till F\u00f6rbundsst\u00e4mman 2021 - Svenska Budo &amp; Kampsportsf\u00f6rbundet<\/title>\n<meta name=\"description\" content=\"SB&amp;K | H\u00e4r \u00e4r samtliga nominerade till Svenska Budo &amp; Kampsportsf\u00f6rbundets \u00e5rsm\u00f6te den 27 mars. F\u00f6rutom f\u00f6rbundsstyrelse s\u00e5 ska \u00e4ven revisorer och medlemmar i disciplinn\u00e4mnden utses.\" \/>\n<meta name=\"robots\" content=\"index, follow, max-snippet:-1, max-image-preview:large, max-video-preview:-1\" \/>\n<link rel=\"canonical\" href=\"https:\/\/www.budokampsport.se\/2021\/03\/15\/valberedningens-forslag-till-forbundsstamman-2021\/\" \/>\n<meta property=\"og:locale\" content=\"sv_SE\" \/>\n<meta property=\"og:type\" content=\"article\" \/>\n<meta property=\"og:title\" content=\"Valberedningens f\u00f6rslag till F\u00f6rbundsst\u00e4mman 2021 - Svenska Budo &amp; Kampsportsf\u00f6rbundet\" \/>\n<meta property=\"og:description\" content=\"SB&amp;K | H\u00e4r \u00e4r samtliga nominerade till Svenska Budo &amp; Kampsportsf\u00f6rbundets \u00e5rsm\u00f6te den 27 mars. F\u00f6rutom f\u00f6rbundsstyrelse s\u00e5 ska \u00e4ven revisorer och medlemmar i disciplinn\u00e4mnden utses.\" \/>\n<meta property=\"og:url\" content=\"https:\/\/www.budokampsport.se\/2021\/03\/15\/valberedningens-forslag-till-forbundsstamman-2021\/\" \/>\n<meta property=\"og:site_name\" content=\"Svenska Budo &amp; Kampsportsf\u00f6rbundet\" \/>\n<meta property=\"article:published_time\" content=\"2021-03-15T14:56:03+00:00\" \/>\n<meta property=\"article:modified_time\" content=\"2022-09-14T08:39:13+00:00\" \/>\n<meta property=\"og:image\" content=\"https:\/\/www.budokampsport.se\/wp-content\/uploads\/2019\/03\/Bildbyran-Nils-Jakobsson-e1625211016786.jpg\" \/>\n\t<meta property=\"og:image:width\" content=\"850\" \/>\n\t<meta property=\"og:image:height\" content=\"566\" \/>\n\t<meta property=\"og:image:type\" content=\"image\/jpeg\" \/>\n<meta name=\"author\" content=\"Mats Lilja\" \/>\n<meta name=\"twitter:card\" content=\"summary_large_image\" \/>\n<meta name=\"twitter:label1\" content=\"Skriven av\" \/>\n\t<meta name=\"twitter:data1\" content=\"Mats Lilja\" \/>\n\t<meta name=\"twitter:label2\" content=\"Ber\u00e4knad l\u00e4stid\" \/>\n\t<meta name=\"twitter:data2\" content=\"1 minut\" \/>\n<script type=\"application\/ld+json\" class=\"yoast-schema-graph\">{\"@context\":\"https:\/\/schema.org\",\"@graph\":[{\"@type\":\"Article\",\"@id\":\"https:\/\/www.budokampsport.se\/2021\/03\/15\/valberedningens-forslag-till-forbundsstamman-2021\/#article\",\"isPartOf\":{\"@id\":\"https:\/\/www.budokampsport.se\/2021\/03\/15\/valberedningens-forslag-till-forbundsstamman-2021\/\"},\"author\":{\"name\":\"Mats Lilja\",\"@id\":\"https:\/\/www.budokampsport.se\/#\/schema\/person\/d80c0bc61f1787703168fc250ce69522\"},\"headline\":\"Valberedningens f\u00f6rslag till F\u00f6rbundsst\u00e4mman 2021\",\"datePublished\":\"2021-03-15T14:56:03+00:00\",\"dateModified\":\"2022-09-14T08:39:13+00:00\",\"mainEntityOfPage\":{\"@id\":\"https:\/\/www.budokampsport.se\/2021\/03\/15\/valberedningens-forslag-till-forbundsstamman-2021\/\"},\"wordCount\":268,\"commentCount\":0,\"image\":{\"@id\":\"https:\/\/www.budokampsport.se\/2021\/03\/15\/valberedningens-forslag-till-forbundsstamman-2021\/#primaryimage\"},\"thumbnailUrl\":\"https:\/\/www.budokampsport.se\/wp-content\/uploads\/2019\/03\/Bildbyran-Nils-Jakobsson-e1625211016786.jpg\",\"articleSection\":[\"\u00c5rsm\u00f6te\"],\"inLanguage\":\"sv-SE\",\"potentialAction\":[{\"@type\":\"CommentAction\",\"name\":\"Comment\",\"target\":[\"https:\/\/www.budokampsport.se\/2021\/03\/15\/valberedningens-forslag-till-forbundsstamman-2021\/#respond\"]}]},{\"@type\":\"WebPage\",\"@id\":\"https:\/\/www.budokampsport.se\/2021\/03\/15\/valberedningens-forslag-till-forbundsstamman-2021\/\",\"url\":\"https:\/\/www.budokampsport.se\/2021\/03\/15\/valberedningens-forslag-till-forbundsstamman-2021\/\",\"name\":\"Valberedningens f\u00f6rslag till F\u00f6rbundsst\u00e4mman 2021 - Svenska Budo &amp; Kampsportsf\u00f6rbundet\",\"isPartOf\":{\"@id\":\"https:\/\/www.budokampsport.se\/#website\"},\"primaryImageOfPage\":{\"@id\":\"https:\/\/www.budokampsport.se\/2021\/03\/15\/valberedningens-forslag-till-forbundsstamman-2021\/#primaryimage\"},\"image\":{\"@id\":\"https:\/\/www.budokampsport.se\/2021\/03\/15\/valberedningens-forslag-till-forbundsstamman-2021\/#primaryimage\"},\"thumbnailUrl\":\"https:\/\/www.budokampsport.se\/wp-content\/uploads\/2019\/03\/Bildbyran-Nils-Jakobsson-e1625211016786.jpg\",\"datePublished\":\"2021-03-15T14:56:03+00:00\",\"dateModified\":\"2022-09-14T08:39:13+00:00\",\"author\":{\"@id\":\"https:\/\/www.budokampsport.se\/#\/schema\/person\/d80c0bc61f1787703168fc250ce69522\"},\"description\":\"SB&K | H\u00e4r \u00e4r samtliga nominerade till Svenska Budo & Kampsportsf\u00f6rbundets \u00e5rsm\u00f6te den 27 mars. F\u00f6rutom f\u00f6rbundsstyrelse s\u00e5 ska \u00e4ven revisorer och medlemmar i disciplinn\u00e4mnden utses.\",\"breadcrumb\":{\"@id\":\"https:\/\/www.budokampsport.se\/2021\/03\/15\/valberedningens-forslag-till-forbundsstamman-2021\/#breadcrumb\"},\"inLanguage\":\"sv-SE\",\"potentialAction\":[{\"@type\":\"ReadAction\",\"target\":[\"https:\/\/www.budokampsport.se\/2021\/03\/15\/valberedningens-forslag-till-forbundsstamman-2021\/\"]}]},{\"@type\":\"ImageObject\",\"inLanguage\":\"sv-SE\",\"@id\":\"https:\/\/www.budokampsport.se\/2021\/03\/15\/valberedningens-forslag-till-forbundsstamman-2021\/#primaryimage\",\"url\":\"https:\/\/www.budokampsport.se\/wp-content\/uploads\/2019\/03\/Bildbyran-Nils-Jakobsson-e1625211016786.jpg\",\"contentUrl\":\"https:\/\/www.budokampsport.se\/wp-content\/uploads\/2019\/03\/Bildbyran-Nils-Jakobsson-e1625211016786.jpg\",\"width\":850,\"height\":566,\"caption\":\"180829 Eb ordf\u00f6randeklubba den 29 september 2018 i H\u00e4rn\u00f6sand. Foto: Nils Jakobsson \/ BILDBYR\u00c5N \/ kod NJ \/74291\"},{\"@type\":\"BreadcrumbList\",\"@id\":\"https:\/\/www.budokampsport.se\/2021\/03\/15\/valberedningens-forslag-till-forbundsstamman-2021\/#breadcrumb\",\"itemListElement\":[{\"@type\":\"ListItem\",\"position\":1,\"name\":\"Hem\",\"item\":\"https:\/\/www.budokampsport.se\/\"},{\"@type\":\"ListItem\",\"position\":2,\"name\":\"Valberedningens f\u00f6rslag till F\u00f6rbundsst\u00e4mman 2021\"}]},{\"@type\":\"WebSite\",\"@id\":\"https:\/\/www.budokampsport.se\/#website\",\"url\":\"https:\/\/www.budokampsport.se\/\",\"name\":\"Svenska Budo &amp; Kampsportsf\u00f6rbundet\",\"description\":\"T\u00e4vling, Tr\u00e4ning, Tradition\",\"potentialAction\":[{\"@type\":\"SearchAction\",\"target\":{\"@type\":\"EntryPoint\",\"urlTemplate\":\"https:\/\/www.budokampsport.se\/?s={search_term_string}\"},\"query-input\":{\"@type\":\"PropertyValueSpecification\",\"valueRequired\":true,\"valueName\":\"search_term_string\"}}],\"inLanguage\":\"sv-SE\"},{\"@type\":\"Person\",\"@id\":\"https:\/\/www.budokampsport.se\/#\/schema\/person\/d80c0bc61f1787703168fc250ce69522\",\"name\":\"Mats Lilja\",\"image\":{\"@type\":\"ImageObject\",\"inLanguage\":\"sv-SE\",\"@id\":\"https:\/\/www.budokampsport.se\/#\/schema\/person\/image\/\",\"url\":\"https:\/\/secure.gravatar.com\/avatar\/607f84918e96abe1ebbd8611782fa57d?s=96&d=blank&r=g\",\"contentUrl\":\"https:\/\/secure.gravatar.com\/avatar\/607f84918e96abe1ebbd8611782fa57d?s=96&d=blank&r=g\",\"caption\":\"Mats Lilja\"},\"url\":\"https:\/\/www.budokampsport.se\/author\/mats-lilja\/\"}]}<\/script>\n<!-- \/ Yoast SEO plugin. -->","yoast_head_json":{"title":"Valberedningens f\u00f6rslag till F\u00f6rbundsst\u00e4mman 2021 - Svenska Budo &amp; Kampsportsf\u00f6rbundet","description":"SB&K | H\u00e4r \u00e4r samtliga nominerade till Svenska Budo & Kampsportsf\u00f6rbundets \u00e5rsm\u00f6te den 27 mars. F\u00f6rutom f\u00f6rbundsstyrelse s\u00e5 ska \u00e4ven revisorer och medlemmar i disciplinn\u00e4mnden utses.","robots":{"index":"index","follow":"follow","max-snippet":"max-snippet:-1","max-image-preview":"max-image-preview:large","max-video-preview":"max-video-preview:-1"},"canonical":"https:\/\/www.budokampsport.se\/2021\/03\/15\/valberedningens-forslag-till-forbundsstamman-2021\/","og_locale":"sv_SE","og_type":"article","og_title":"Valberedningens f\u00f6rslag till F\u00f6rbundsst\u00e4mman 2021 - Svenska Budo &amp; Kampsportsf\u00f6rbundet","og_description":"SB&K | H\u00e4r \u00e4r samtliga nominerade till Svenska Budo & Kampsportsf\u00f6rbundets \u00e5rsm\u00f6te den 27 mars. F\u00f6rutom f\u00f6rbundsstyrelse s\u00e5 ska \u00e4ven revisorer och medlemmar i disciplinn\u00e4mnden utses.","og_url":"https:\/\/www.budokampsport.se\/2021\/03\/15\/valberedningens-forslag-till-forbundsstamman-2021\/","og_site_name":"Svenska Budo &amp; Kampsportsf\u00f6rbundet","article_published_time":"2021-03-15T14:56:03+00:00","article_modified_time":"2022-09-14T08:39:13+00:00","og_image":[{"width":850,"height":566,"url":"https:\/\/www.budokampsport.se\/wp-content\/uploads\/2019\/03\/Bildbyran-Nils-Jakobsson-e1625211016786.jpg","type":"image\/jpeg"}],"author":"Mats Lilja","twitter_card":"summary_large_image","twitter_misc":{"Skriven av":"Mats Lilja","Ber\u00e4knad l\u00e4stid":"1 minut"},"schema":{"@context":"https:\/\/schema.org","@graph":[{"@type":"Article","@id":"https:\/\/www.budokampsport.se\/2021\/03\/15\/valberedningens-forslag-till-forbundsstamman-2021\/#article","isPartOf":{"@id":"https:\/\/www.budokampsport.se\/2021\/03\/15\/valberedningens-forslag-till-forbundsstamman-2021\/"},"author":{"name":"Mats Lilja","@id":"https:\/\/www.budokampsport.se\/#\/schema\/person\/d80c0bc61f1787703168fc250ce69522"},"headline":"Valberedningens f\u00f6rslag till F\u00f6rbundsst\u00e4mman 2021","datePublished":"2021-03-15T14:56:03+00:00","dateModified":"2022-09-14T08:39:13+00:00","mainEntityOfPage":{"@id":"https:\/\/www.budokampsport.se\/2021\/03\/15\/valberedningens-forslag-till-forbundsstamman-2021\/"},"wordCount":268,"commentCount":0,"image":{"@id":"https:\/\/www.budokampsport.se\/2021\/03\/15\/valberedningens-forslag-till-forbundsstamman-2021\/#primaryimage"},"thumbnailUrl":"https:\/\/www.budokampsport.se\/wp-content\/uploads\/2019\/03\/Bildbyran-Nils-Jakobsson-e1625211016786.jpg","articleSection":["\u00c5rsm\u00f6te"],"inLanguage":"sv-SE","potentialAction":[{"@type":"CommentAction","name":"Comment","target":["https:\/\/www.budokampsport.se\/2021\/03\/15\/valberedningens-forslag-till-forbundsstamman-2021\/#respond"]}]},{"@type":"WebPage","@id":"https:\/\/www.budokampsport.se\/2021\/03\/15\/valberedningens-forslag-till-forbundsstamman-2021\/","url":"https:\/\/www.budokampsport.se\/2021\/03\/15\/valberedningens-forslag-till-forbundsstamman-2021\/","name":"Valberedningens f\u00f6rslag till F\u00f6rbundsst\u00e4mman 2021 - Svenska Budo &amp; Kampsportsf\u00f6rbundet","isPartOf":{"@id":"https:\/\/www.budokampsport.se\/#website"},"primaryImageOfPage":{"@id":"https:\/\/www.budokampsport.se\/2021\/03\/15\/valberedningens-forslag-till-forbundsstamman-2021\/#primaryimage"},"image":{"@id":"https:\/\/www.budokampsport.se\/2021\/03\/15\/valberedningens-forslag-till-forbundsstamman-2021\/#primaryimage"},"thumbnailUrl":"https:\/\/www.budokampsport.se\/wp-content\/uploads\/2019\/03\/Bildbyran-Nils-Jakobsson-e1625211016786.jpg","datePublished":"2021-03-15T14:56:03+00:00","dateModified":"2022-09-14T08:39:13+00:00","author":{"@id":"https:\/\/www.budokampsport.se\/#\/schema\/person\/d80c0bc61f1787703168fc250ce69522"},"description":"SB&K | H\u00e4r \u00e4r samtliga nominerade till Svenska Budo & Kampsportsf\u00f6rbundets \u00e5rsm\u00f6te den 27 mars. F\u00f6rutom f\u00f6rbundsstyrelse s\u00e5 ska \u00e4ven revisorer och medlemmar i disciplinn\u00e4mnden utses.","breadcrumb":{"@id":"https:\/\/www.budokampsport.se\/2021\/03\/15\/valberedningens-forslag-till-forbundsstamman-2021\/#breadcrumb"},"inLanguage":"sv-SE","potentialAction":[{"@type":"ReadAction","target":["https:\/\/www.budokampsport.se\/2021\/03\/15\/valberedningens-forslag-till-forbundsstamman-2021\/"]}]},{"@type":"ImageObject","inLanguage":"sv-SE","@id":"https:\/\/www.budokampsport.se\/2021\/03\/15\/valberedningens-forslag-till-forbundsstamman-2021\/#primaryimage","url":"https:\/\/www.budokampsport.se\/wp-content\/uploads\/2019\/03\/Bildbyran-Nils-Jakobsson-e1625211016786.jpg","contentUrl":"https:\/\/www.budokampsport.se\/wp-content\/uploads\/2019\/03\/Bildbyran-Nils-Jakobsson-e1625211016786.jpg","width":850,"height":566,"caption":"180829 Eb ordf\u00f6randeklubba den 29 september 2018 i H\u00e4rn\u00f6sand. Foto: Nils Jakobsson \/ BILDBYR\u00c5N \/ kod NJ \/74291"},{"@type":"BreadcrumbList","@id":"https:\/\/www.budokampsport.se\/2021\/03\/15\/valberedningens-forslag-till-forbundsstamman-2021\/#breadcrumb","itemListElement":[{"@type":"ListItem","position":1,"name":"Hem","item":"https:\/\/www.budokampsport.se\/"},{"@type":"ListItem","position":2,"name":"Valberedningens f\u00f6rslag till F\u00f6rbundsst\u00e4mman 2021"}]},{"@type":"WebSite","@id":"https:\/\/www.budokampsport.se\/#website","url":"https:\/\/www.budokampsport.se\/","name":"Svenska Budo &amp; Kampsportsf\u00f6rbundet","description":"T\u00e4vling, Tr\u00e4ning, Tradition","potentialAction":[{"@type":"SearchAction","target":{"@type":"EntryPoint","urlTemplate":"https:\/\/www.budokampsport.se\/?s={search_term_string}"},"query-input":{"@type":"PropertyValueSpecification","valueRequired":true,"valueName":"search_term_string"}}],"inLanguage":"sv-SE"},{"@type":"Person","@id":"https:\/\/www.budokampsport.se\/#\/schema\/person\/d80c0bc61f1787703168fc250ce69522","name":"Mats Lilja","image":{"@type":"ImageObject","inLanguage":"sv-SE","@id":"https:\/\/www.budokampsport.se\/#\/schema\/person\/image\/","url":"https:\/\/secure.gravatar.com\/avatar\/607f84918e96abe1ebbd8611782fa57d?s=96&d=blank&r=g","contentUrl":"https:\/\/secure.gravatar.com\/avatar\/607f84918e96abe1ebbd8611782fa57d?s=96&d=blank&r=g","caption":"Mats Lilja"},"url":"https:\/\/www.budokampsport.se\/author\/mats-lilja\/"}]}},"_links":{"self":[{"href":"https:\/\/www.budokampsport.se\/api\/wp\/v2\/posts\/125100","targetHints":{"allow":["GET"]}}],"collection":[{"href":"https:\/\/www.budokampsport.se\/api\/wp\/v2\/posts"}],"about":[{"href":"https:\/\/www.budokampsport.se\/api\/wp\/v2\/types\/post"}],"author":[{"embeddable":true,"href":"https:\/\/www.budokampsport.se\/api\/wp\/v2\/users\/914"}],"replies":[{"embeddable":true,"href":"https:\/\/www.budokampsport.se\/api\/wp\/v2\/comments?post=125100"}],"version-history":[{"count":0,"href":"https:\/\/www.budokampsport.se\/api\/wp\/v2\/posts\/125100\/revisions"}],"wp:featuredmedia":[{"embeddable":true,"href":"https:\/\/www.budokampsport.se\/api\/wp\/v2\/media\/94914"}],"wp:attachment":[{"href":"https:\/\/www.budokampsport.se\/api\/wp\/v2\/media?parent=125100"}],"wp:term":[{"taxonomy":"category","embeddable":true,"href":"https:\/\/www.budokampsport.se\/api\/wp\/v2\/categories?post=125100"},{"taxonomy":"post_tag","embeddable":true,"href":"https:\/\/www.budokampsport.se\/api\/wp\/v2\/tags?post=125100"}],"curies":[{"name":"wp","href":"https:\/\/api.w.org\/{rel}","templated":true}]}}