{"id":125114,"date":"2021-03-16T17:41:31","date_gmt":"2021-03-16T16:41:31","guid":{"rendered":"https:\/\/www.budokampsport.se\/?p=125114"},"modified":"2021-03-16T17:48:24","modified_gmt":"2021-03-16T16:48:24","slug":"chocksiffror-for-forbundets-foreningar","status":"publish","type":"post","link":"https:\/\/www.budokampsport.se\/2021\/03\/16\/chocksiffror-for-forbundets-foreningar\/","title":{"rendered":"Chocksiffror f\u00f6r f\u00f6rbundets f\u00f6reningar"},"content":{"rendered":"<p>Det \u00e4r med rubriken <em>F\u00e4rre unga idrottade under corona \u2013 trend som oroar<\/em> som RF idag <a href=\"https:\/\/www.rf.se\/Nyheter\/Allanyheter\/farreungaidrottadeundercoronatrendsomoroar\" target=\"_blank\" rel=\"noopener noreferrer\">sl\u00e4pper ny statistik<\/a> g\u00e4llande LOK-st\u00f6det f\u00f6r hel\u00e5ret 2020.<\/p>\n<p>St\u00f6det, som f\u00f6r h\u00f6sten <a href=\"https:\/\/www.budokampsport.se\/2021\/02\/09\/ansokan-om-lok-stod-for-hosten-2020\/\" target=\"_blank\" rel=\"noopener noreferrer\">kunde s\u00f6kas<\/a> t o m 25 februari i \u00e5r, ber\u00e4knas utifr\u00e5n antalet deltagartillf\u00e4llen f\u00f6r unga mellan 7 och 25 \u00e5r (f\u00f6r deltagare med funktionsneds\u00e4ttning finns ingen \u00f6vre \u00e5ldersgr\u00e4ns). Det \u00e4r f\u00f6reningarna sj\u00e4lva som skickar in dessa siffror.<\/p>\n<p>Och det \u00e4r en nedsl\u00e5ende l\u00e4sning \u2013 j\u00e4mf\u00f6rt med hel\u00e5ret 2019 s\u00e5 minskade antalet deltagartillf\u00e4llen f\u00f6r unga hos Svenska Budo &amp; Kampsportsf\u00f6rbundets f\u00f6reningar med hela 37%! R\u00e4knat i antal s\u00e5 \u00e4r minskningen 531 095 tillf\u00e4llen!<\/p>\n<p>En j\u00e4mf\u00f6relse med de \u00f6vriga bland landets 30 st\u00f6rsta specialidrottsf\u00f6rbund visar att endast parasport, Korpen och akademisk idrott uppvisar st\u00f6rre procentuellt tapp \u00e4n vad SB&amp;K:s f\u00f6reningar g\u00f6r. Men d\u00e4r \u00e4r antalet deltagartillf\u00e4llen \u00e5 andra sidan betydligt l\u00e4gre.<\/p>\n<p>\u2212 Vi vet sen tidigare att m\u00e5nga av v\u00e5ra f\u00f6reningar har ett v\u00e4ldigt tufft \u00e5r bakom sig, med b\u00e5de barn och vuxna som inte har kunnat tr\u00e4na och d\u00e4rf\u00f6r lagt av. Men n\u00e4r man ser de h\u00e4r siffrorna s\u00e5 \u00e4r det en n\u00e4rmast brutal l\u00e4sning, kommenterar SB&amp;K:s generalsekreterare Mona Lundkvist.<\/p>\n<p>Trots att m\u00e5nga idrottsf\u00f6reningar g\u00e5r p\u00e5 kn\u00e4na, och flera av Svenska Budo &amp; Kampsportsf\u00f6rbundets f\u00f6reningar redan har tvingats l\u00e4gga ner sin verksamhet, s\u00e5 v\u00e4grar regeringen att l\u00e4mna besked g\u00e4llande ytterligare st\u00f6d till idrottssverige. Fr\u00e5n och med den 1 mars s\u00e5 har <a href=\"https:\/\/www.budokampsport.se\/2020\/03\/12\/idrott-och-coronavirus-covid-19\/#corona210312\" target=\"_blank\" rel=\"noopener noreferrer\">inte en enda krona utlovats<\/a> till landets idrottsf\u00f6reningar.<\/p>\n<p>\u2212 Det \u00e4r under all kritik att vi inte f\u00e5r veta n\u00e5gonting. F\u00f6rra \u00e5rets kompensationsst\u00f6d var v\u00e4lbeh\u00f6vligt men inte ens det gjorde att f\u00f6reningarna fick ihop det. M\u00e5nga uppfattade dessutom att st\u00f6det var kr\u00e5ngligt att s\u00f6ka och inneh\u00f6ll ett antal f\u00f6rbeh\u00e5ll. N\u00e4r nu st\u00f6det uppg\u00e5r till 0 kronor fr\u00e5n och med mars m\u00e5nad s\u00e5 ser det hoppl\u00f6st ut f\u00f6r m\u00e5nga. Hela den folkr\u00f6relse som svensk idrott utg\u00f6r \u00e4r hotad, s\u00e4ger SB&amp;K:s f\u00f6rbundsordf\u00f6rande Fredrik Gundmark.<\/p>\n<p>H\u00e4r ser ni siffrorna f\u00f6r Svenska Budo &amp; Kampsportsf\u00f6rbundets f\u00f6reningar:<\/p>\n<table style=\"border-collapse: collapse; width: 100%; height: 92px;\">\n<tbody>\n<tr style=\"height: 23px;\">\n<td style=\"width: 99.9141%; height: 23px;\" colspan=\"2\"><span style=\"font-size: 12pt;\"><strong>TOTALT ANTAL<\/strong><\/span><\/td>\n<\/tr>\n<tr style=\"height: 23px;\">\n<td style=\"width: 50%; height: 23px;\">Deltagartillf\u00e4llen 2019<\/td>\n<td style=\"width: 49.9141%; text-align: right; height: 23px;\" width=\"118\">\u00a0\u00a0\u00a0\u00a0\u00a0\u00a0\u00a0\u00a0\u00a0\u00a0\u00a0\u00a0\u00a0\u00a0\u00a0\u00a0\u00a0\u00a0\u00a0\u00a0\u00a0\u00a0\u00a0\u00a0 1 436 529<\/td>\n<\/tr>\n<tr style=\"height: 23px;\">\n<td style=\"width: 50%; height: 23px; text-align: left;\">Deltagartillf\u00e4llen 2020<\/td>\n<td style=\"width: 49.9141%; height: 23px; text-align: right;\">905 434<\/td>\n<\/tr>\n<tr style=\"height: 23px;\">\n<td style=\"width: 50%; height: 23px; text-align: left;\"><strong>Differens<\/strong><\/td>\n<td style=\"width: 49.9141%; height: 23px; text-align: right;\"><strong>-531 095<\/strong><\/td>\n<\/tr>\n<\/tbody>\n<\/table>\n<p>&nbsp;<\/p>\n<table style=\"border-collapse: collapse; width: 100%; height: 115px;\">\n<tbody>\n<tr style=\"height: 23px;\">\n<td style=\"width: 100%; height: 23px;\" colspan=\"6\"><span style=\"font-size: 12pt;\"><strong>PER \u00c5LDERSKATEGORI<\/strong><\/span><\/td>\n<\/tr>\n<tr style=\"height: 23px;\">\n<td style=\"width: 33.3334%; text-align: right; height: 23px;\" colspan=\"2\"><strong>7\u201312 \u00e5r<\/strong><\/td>\n<td style=\"width: 16.6667%; text-align: right; height: 23px;\" width=\"50\"><strong>13\u201316 \u00e5r<\/strong><\/td>\n<td style=\"width: 16.6667%; text-align: right; height: 23px;\" width=\"50\"><strong>17\u201320 \u00e5r<\/strong><\/td>\n<td style=\"width: 16.6667%; text-align: right; height: 23px;\" width=\"50\"><strong>21\u201325 \u00e5r<\/strong><\/td>\n<td style=\"width: 16.6667%; text-align: right; height: 23px;\" width=\"41\"><strong>26 \u00e5r\u2013<\/strong><\/td>\n<\/tr>\n<tr style=\"height: 23px;\">\n<td style=\"width: 16.6667%; height: 23px;\">2019<\/td>\n<td style=\"width: 16.6667%; text-align: right; height: 23px;\" width=\"61\">477 864<\/td>\n<td style=\"width: 16.6667%; text-align: right; height: 23px;\" width=\"50\">351 008<\/td>\n<td style=\"width: 16.6667%; text-align: right; height: 23px;\" width=\"50\">313 657<\/td>\n<td style=\"width: 16.6667%; text-align: right; height: 23px;\" width=\"50\">291 493<\/td>\n<td style=\"width: 16.6667%; text-align: right; height: 23px;\" width=\"41\">2 507<\/td>\n<\/tr>\n<tr style=\"height: 23px;\">\n<td style=\"width: 16.6667%; height: 23px;\">2020<\/td>\n<td style=\"width: 16.6667%; text-align: right; height: 23px;\" width=\"61\">320 719<\/td>\n<td style=\"width: 16.6667%; text-align: right; height: 23px;\" width=\"50\">220 682<\/td>\n<td style=\"width: 16.6667%; text-align: right; height: 23px;\" width=\"50\">181 469<\/td>\n<td style=\"width: 16.6667%; text-align: right; height: 23px;\" width=\"50\">180 732<\/td>\n<td style=\"width: 16.6667%; text-align: right; height: 23px;\" width=\"36\">1 832<\/td>\n<\/tr>\n<tr style=\"height: 23px;\">\n<td style=\"width: 16.6667%; height: 23px;\"><strong>Differens<\/strong><\/td>\n<td class=\"xl65\" style=\"height: 14.4pt; width: 16.6667%;\" align=\"right\" width=\"64\" height=\"19\"><strong>-157 145<\/strong><\/td>\n<td class=\"xl65\" style=\"width: 16.6667%;\" align=\"right\" width=\"64\"><strong>-130 326<\/strong><\/td>\n<td class=\"xl65\" style=\"width: 16.6667%;\" align=\"right\" width=\"64\"><strong>-132 188<\/strong><\/td>\n<td class=\"xl65\" style=\"width: 16.6667%;\" align=\"right\" width=\"64\"><strong>-110 761<\/strong><\/td>\n<td class=\"xl65\" style=\"width: 16.6667%;\" align=\"right\" width=\"64\"><strong>-675<\/strong><\/td>\n<\/tr>\n<\/tbody>\n<\/table>\n<p>&nbsp;<\/p>\n<p>K\u00e4lla: <a href=\"https:\/\/www.rf.se\/globalassets\/riksidrottsforbundet\/nya-dokument\/nya-dokumentbanken\/ovrigt\/lok-statistik-2020.xlsx\" target=\"_blank\" rel=\"noopener noreferrer\">Riksidrottsf\u00f6rbundet<\/a><\/p>\n<p>Text: Mats Lilja<br \/>\nFoto: Bildbyr\u00e5n<\/p>\n","protected":false},"excerpt":{"rendered":"<p>Att coronapandemin har slagit h\u00e5rt mot svensk idrott \u00e4r vida k\u00e4nt. Men n\u00e4r Riksidrottsf\u00f6rbundet idag visade upp nya siffror s\u00e5 visade det sig att mer \u00e4n var tredje tr\u00e4ningstillf\u00e4lle f\u00f6rsvunnit f\u00f6r SB&#038;K:s medlemmar under 25 \u00e5r.<\/p><br>","protected":false},"author":914,"featured_media":122891,"comment_status":"open","ping_status":"open","sticky":false,"template":"","format":"standard","meta":{"_acf_changed":false,"footnotes":""},"categories":[1],"tags":[],"class_list":["post-125114","post","type-post","status-publish","format-standard","has-post-thumbnail","hentry","category-okategoriserade"],"acf":[],"yoast_head":"<!-- This site is optimized with the Yoast SEO plugin v26.8 - https:\/\/yoast.com\/product\/yoast-seo-wordpress\/ -->\n<title>Chocksiffror f\u00f6r f\u00f6rbundets f\u00f6reningar - Svenska Budo &amp; Kampsportsf\u00f6rbundet<\/title>\n<meta name=\"description\" content=\"Att coronapandemin har slagit h\u00e5rt mot svensk idrott \u00e4r vida k\u00e4nt. Men n\u00e4r Riksidrottsf\u00f6rbundet idag visade upp nya siffror s\u00e5 visade det sig att mer \u00e4n var tredje tr\u00e4ningstillf\u00e4lle f\u00f6rsvunnit f\u00f6r SB&amp;K:s medlemmar under 25 \u00e5r.\" \/>\n<meta name=\"robots\" content=\"index, follow, max-snippet:-1, max-image-preview:large, max-video-preview:-1\" \/>\n<link rel=\"canonical\" href=\"https:\/\/www.budokampsport.se\/2021\/03\/16\/chocksiffror-for-forbundets-foreningar\/\" \/>\n<meta property=\"og:locale\" content=\"sv_SE\" \/>\n<meta property=\"og:type\" content=\"article\" \/>\n<meta property=\"og:title\" content=\"Chocksiffror f\u00f6r f\u00f6rbundets f\u00f6reningar - Svenska Budo &amp; Kampsportsf\u00f6rbundet\" \/>\n<meta property=\"og:description\" content=\"Att coronapandemin har slagit h\u00e5rt mot svensk idrott \u00e4r vida k\u00e4nt. Men n\u00e4r Riksidrottsf\u00f6rbundet idag visade upp nya siffror s\u00e5 visade det sig att mer \u00e4n var tredje tr\u00e4ningstillf\u00e4lle f\u00f6rsvunnit f\u00f6r SB&amp;K:s medlemmar under 25 \u00e5r.\" \/>\n<meta property=\"og:url\" content=\"https:\/\/www.budokampsport.se\/2021\/03\/16\/chocksiffror-for-forbundets-foreningar\/\" \/>\n<meta property=\"og:site_name\" content=\"Svenska Budo &amp; Kampsportsf\u00f6rbundet\" \/>\n<meta property=\"article:published_time\" content=\"2021-03-16T16:41:31+00:00\" \/>\n<meta property=\"article:modified_time\" content=\"2021-03-16T16:48:24+00:00\" \/>\n<meta property=\"og:image\" content=\"https:\/\/www.budokampsport.se\/wp-content\/uploads\/2020\/11\/BB190518MT002-850px.jpg\" \/>\n\t<meta property=\"og:image:width\" content=\"850\" \/>\n\t<meta property=\"og:image:height\" content=\"494\" \/>\n\t<meta property=\"og:image:type\" content=\"image\/jpeg\" \/>\n<meta name=\"author\" content=\"Mats Lilja\" \/>\n<meta name=\"twitter:card\" content=\"summary_large_image\" \/>\n<meta name=\"twitter:label1\" content=\"Skriven av\" \/>\n\t<meta name=\"twitter:data1\" content=\"Mats Lilja\" \/>\n\t<meta name=\"twitter:label2\" content=\"Ber\u00e4knad l\u00e4stid\" \/>\n\t<meta name=\"twitter:data2\" content=\"2 minuter\" \/>\n<script type=\"application\/ld+json\" class=\"yoast-schema-graph\">{\"@context\":\"https:\/\/schema.org\",\"@graph\":[{\"@type\":\"Article\",\"@id\":\"https:\/\/www.budokampsport.se\/2021\/03\/16\/chocksiffror-for-forbundets-foreningar\/#article\",\"isPartOf\":{\"@id\":\"https:\/\/www.budokampsport.se\/2021\/03\/16\/chocksiffror-for-forbundets-foreningar\/\"},\"author\":{\"name\":\"Mats Lilja\",\"@id\":\"https:\/\/www.budokampsport.se\/#\/schema\/person\/d80c0bc61f1787703168fc250ce69522\"},\"headline\":\"Chocksiffror f\u00f6r f\u00f6rbundets f\u00f6reningar\",\"datePublished\":\"2021-03-16T16:41:31+00:00\",\"dateModified\":\"2021-03-16T16:48:24+00:00\",\"mainEntityOfPage\":{\"@id\":\"https:\/\/www.budokampsport.se\/2021\/03\/16\/chocksiffror-for-forbundets-foreningar\/\"},\"wordCount\":449,\"commentCount\":0,\"image\":{\"@id\":\"https:\/\/www.budokampsport.se\/2021\/03\/16\/chocksiffror-for-forbundets-foreningar\/#primaryimage\"},\"thumbnailUrl\":\"https:\/\/www.budokampsport.se\/wp-content\/uploads\/2020\/11\/BB190518MT002-850px.jpg\",\"inLanguage\":\"sv-SE\",\"potentialAction\":[{\"@type\":\"CommentAction\",\"name\":\"Comment\",\"target\":[\"https:\/\/www.budokampsport.se\/2021\/03\/16\/chocksiffror-for-forbundets-foreningar\/#respond\"]}]},{\"@type\":\"WebPage\",\"@id\":\"https:\/\/www.budokampsport.se\/2021\/03\/16\/chocksiffror-for-forbundets-foreningar\/\",\"url\":\"https:\/\/www.budokampsport.se\/2021\/03\/16\/chocksiffror-for-forbundets-foreningar\/\",\"name\":\"Chocksiffror f\u00f6r f\u00f6rbundets f\u00f6reningar - Svenska Budo &amp; Kampsportsf\u00f6rbundet\",\"isPartOf\":{\"@id\":\"https:\/\/www.budokampsport.se\/#website\"},\"primaryImageOfPage\":{\"@id\":\"https:\/\/www.budokampsport.se\/2021\/03\/16\/chocksiffror-for-forbundets-foreningar\/#primaryimage\"},\"image\":{\"@id\":\"https:\/\/www.budokampsport.se\/2021\/03\/16\/chocksiffror-for-forbundets-foreningar\/#primaryimage\"},\"thumbnailUrl\":\"https:\/\/www.budokampsport.se\/wp-content\/uploads\/2020\/11\/BB190518MT002-850px.jpg\",\"datePublished\":\"2021-03-16T16:41:31+00:00\",\"dateModified\":\"2021-03-16T16:48:24+00:00\",\"author\":{\"@id\":\"https:\/\/www.budokampsport.se\/#\/schema\/person\/d80c0bc61f1787703168fc250ce69522\"},\"description\":\"Att coronapandemin har slagit h\u00e5rt mot svensk idrott \u00e4r vida k\u00e4nt. Men n\u00e4r Riksidrottsf\u00f6rbundet idag visade upp nya siffror s\u00e5 visade det sig att mer \u00e4n var tredje tr\u00e4ningstillf\u00e4lle f\u00f6rsvunnit f\u00f6r SB&K:s medlemmar under 25 \u00e5r.\",\"breadcrumb\":{\"@id\":\"https:\/\/www.budokampsport.se\/2021\/03\/16\/chocksiffror-for-forbundets-foreningar\/#breadcrumb\"},\"inLanguage\":\"sv-SE\",\"potentialAction\":[{\"@type\":\"ReadAction\",\"target\":[\"https:\/\/www.budokampsport.se\/2021\/03\/16\/chocksiffror-for-forbundets-foreningar\/\"]}]},{\"@type\":\"ImageObject\",\"inLanguage\":\"sv-SE\",\"@id\":\"https:\/\/www.budokampsport.se\/2021\/03\/16\/chocksiffror-for-forbundets-foreningar\/#primaryimage\",\"url\":\"https:\/\/www.budokampsport.se\/wp-content\/uploads\/2020\/11\/BB190518MT002-850px.jpg\",\"contentUrl\":\"https:\/\/www.budokampsport.se\/wp-content\/uploads\/2020\/11\/BB190518MT002-850px.jpg\",\"width\":850,\"height\":494,\"caption\":\"190518 Ett barn som ut\u00f6var ett slag under en karatetr\u00e4ning f\u00f6r vuxna och barn den 18 maj 2019 i Stockholm. Foto: Maxim Thor\u00e9 \/ BILDBYR\u00c5N\"},{\"@type\":\"BreadcrumbList\",\"@id\":\"https:\/\/www.budokampsport.se\/2021\/03\/16\/chocksiffror-for-forbundets-foreningar\/#breadcrumb\",\"itemListElement\":[{\"@type\":\"ListItem\",\"position\":1,\"name\":\"Hem\",\"item\":\"https:\/\/www.budokampsport.se\/\"},{\"@type\":\"ListItem\",\"position\":2,\"name\":\"Chocksiffror f\u00f6r f\u00f6rbundets f\u00f6reningar\"}]},{\"@type\":\"WebSite\",\"@id\":\"https:\/\/www.budokampsport.se\/#website\",\"url\":\"https:\/\/www.budokampsport.se\/\",\"name\":\"Svenska Budo &amp; Kampsportsf\u00f6rbundet\",\"description\":\"T\u00e4vling, Tr\u00e4ning, Tradition\",\"potentialAction\":[{\"@type\":\"SearchAction\",\"target\":{\"@type\":\"EntryPoint\",\"urlTemplate\":\"https:\/\/www.budokampsport.se\/?s={search_term_string}\"},\"query-input\":{\"@type\":\"PropertyValueSpecification\",\"valueRequired\":true,\"valueName\":\"search_term_string\"}}],\"inLanguage\":\"sv-SE\"},{\"@type\":\"Person\",\"@id\":\"https:\/\/www.budokampsport.se\/#\/schema\/person\/d80c0bc61f1787703168fc250ce69522\",\"name\":\"Mats Lilja\",\"image\":{\"@type\":\"ImageObject\",\"inLanguage\":\"sv-SE\",\"@id\":\"https:\/\/www.budokampsport.se\/#\/schema\/person\/image\/\",\"url\":\"https:\/\/secure.gravatar.com\/avatar\/607f84918e96abe1ebbd8611782fa57d?s=96&d=blank&r=g\",\"contentUrl\":\"https:\/\/secure.gravatar.com\/avatar\/607f84918e96abe1ebbd8611782fa57d?s=96&d=blank&r=g\",\"caption\":\"Mats Lilja\"},\"url\":\"https:\/\/www.budokampsport.se\/author\/mats-lilja\/\"}]}<\/script>\n<!-- \/ Yoast SEO plugin. -->","yoast_head_json":{"title":"Chocksiffror f\u00f6r f\u00f6rbundets f\u00f6reningar - Svenska Budo &amp; Kampsportsf\u00f6rbundet","description":"Att coronapandemin har slagit h\u00e5rt mot svensk idrott \u00e4r vida k\u00e4nt. Men n\u00e4r Riksidrottsf\u00f6rbundet idag visade upp nya siffror s\u00e5 visade det sig att mer \u00e4n var tredje tr\u00e4ningstillf\u00e4lle f\u00f6rsvunnit f\u00f6r SB&K:s medlemmar under 25 \u00e5r.","robots":{"index":"index","follow":"follow","max-snippet":"max-snippet:-1","max-image-preview":"max-image-preview:large","max-video-preview":"max-video-preview:-1"},"canonical":"https:\/\/www.budokampsport.se\/2021\/03\/16\/chocksiffror-for-forbundets-foreningar\/","og_locale":"sv_SE","og_type":"article","og_title":"Chocksiffror f\u00f6r f\u00f6rbundets f\u00f6reningar - Svenska Budo &amp; Kampsportsf\u00f6rbundet","og_description":"Att coronapandemin har slagit h\u00e5rt mot svensk idrott \u00e4r vida k\u00e4nt. Men n\u00e4r Riksidrottsf\u00f6rbundet idag visade upp nya siffror s\u00e5 visade det sig att mer \u00e4n var tredje tr\u00e4ningstillf\u00e4lle f\u00f6rsvunnit f\u00f6r SB&K:s medlemmar under 25 \u00e5r.","og_url":"https:\/\/www.budokampsport.se\/2021\/03\/16\/chocksiffror-for-forbundets-foreningar\/","og_site_name":"Svenska Budo &amp; Kampsportsf\u00f6rbundet","article_published_time":"2021-03-16T16:41:31+00:00","article_modified_time":"2021-03-16T16:48:24+00:00","og_image":[{"width":850,"height":494,"url":"https:\/\/www.budokampsport.se\/wp-content\/uploads\/2020\/11\/BB190518MT002-850px.jpg","type":"image\/jpeg"}],"author":"Mats Lilja","twitter_card":"summary_large_image","twitter_misc":{"Skriven av":"Mats Lilja","Ber\u00e4knad l\u00e4stid":"2 minuter"},"schema":{"@context":"https:\/\/schema.org","@graph":[{"@type":"Article","@id":"https:\/\/www.budokampsport.se\/2021\/03\/16\/chocksiffror-for-forbundets-foreningar\/#article","isPartOf":{"@id":"https:\/\/www.budokampsport.se\/2021\/03\/16\/chocksiffror-for-forbundets-foreningar\/"},"author":{"name":"Mats Lilja","@id":"https:\/\/www.budokampsport.se\/#\/schema\/person\/d80c0bc61f1787703168fc250ce69522"},"headline":"Chocksiffror f\u00f6r f\u00f6rbundets f\u00f6reningar","datePublished":"2021-03-16T16:41:31+00:00","dateModified":"2021-03-16T16:48:24+00:00","mainEntityOfPage":{"@id":"https:\/\/www.budokampsport.se\/2021\/03\/16\/chocksiffror-for-forbundets-foreningar\/"},"wordCount":449,"commentCount":0,"image":{"@id":"https:\/\/www.budokampsport.se\/2021\/03\/16\/chocksiffror-for-forbundets-foreningar\/#primaryimage"},"thumbnailUrl":"https:\/\/www.budokampsport.se\/wp-content\/uploads\/2020\/11\/BB190518MT002-850px.jpg","inLanguage":"sv-SE","potentialAction":[{"@type":"CommentAction","name":"Comment","target":["https:\/\/www.budokampsport.se\/2021\/03\/16\/chocksiffror-for-forbundets-foreningar\/#respond"]}]},{"@type":"WebPage","@id":"https:\/\/www.budokampsport.se\/2021\/03\/16\/chocksiffror-for-forbundets-foreningar\/","url":"https:\/\/www.budokampsport.se\/2021\/03\/16\/chocksiffror-for-forbundets-foreningar\/","name":"Chocksiffror f\u00f6r f\u00f6rbundets f\u00f6reningar - Svenska Budo &amp; Kampsportsf\u00f6rbundet","isPartOf":{"@id":"https:\/\/www.budokampsport.se\/#website"},"primaryImageOfPage":{"@id":"https:\/\/www.budokampsport.se\/2021\/03\/16\/chocksiffror-for-forbundets-foreningar\/#primaryimage"},"image":{"@id":"https:\/\/www.budokampsport.se\/2021\/03\/16\/chocksiffror-for-forbundets-foreningar\/#primaryimage"},"thumbnailUrl":"https:\/\/www.budokampsport.se\/wp-content\/uploads\/2020\/11\/BB190518MT002-850px.jpg","datePublished":"2021-03-16T16:41:31+00:00","dateModified":"2021-03-16T16:48:24+00:00","author":{"@id":"https:\/\/www.budokampsport.se\/#\/schema\/person\/d80c0bc61f1787703168fc250ce69522"},"description":"Att coronapandemin har slagit h\u00e5rt mot svensk idrott \u00e4r vida k\u00e4nt. Men n\u00e4r Riksidrottsf\u00f6rbundet idag visade upp nya siffror s\u00e5 visade det sig att mer \u00e4n var tredje tr\u00e4ningstillf\u00e4lle f\u00f6rsvunnit f\u00f6r SB&K:s medlemmar under 25 \u00e5r.","breadcrumb":{"@id":"https:\/\/www.budokampsport.se\/2021\/03\/16\/chocksiffror-for-forbundets-foreningar\/#breadcrumb"},"inLanguage":"sv-SE","potentialAction":[{"@type":"ReadAction","target":["https:\/\/www.budokampsport.se\/2021\/03\/16\/chocksiffror-for-forbundets-foreningar\/"]}]},{"@type":"ImageObject","inLanguage":"sv-SE","@id":"https:\/\/www.budokampsport.se\/2021\/03\/16\/chocksiffror-for-forbundets-foreningar\/#primaryimage","url":"https:\/\/www.budokampsport.se\/wp-content\/uploads\/2020\/11\/BB190518MT002-850px.jpg","contentUrl":"https:\/\/www.budokampsport.se\/wp-content\/uploads\/2020\/11\/BB190518MT002-850px.jpg","width":850,"height":494,"caption":"190518 Ett barn som ut\u00f6var ett slag under en karatetr\u00e4ning f\u00f6r vuxna och barn den 18 maj 2019 i Stockholm. Foto: Maxim Thor\u00e9 \/ BILDBYR\u00c5N"},{"@type":"BreadcrumbList","@id":"https:\/\/www.budokampsport.se\/2021\/03\/16\/chocksiffror-for-forbundets-foreningar\/#breadcrumb","itemListElement":[{"@type":"ListItem","position":1,"name":"Hem","item":"https:\/\/www.budokampsport.se\/"},{"@type":"ListItem","position":2,"name":"Chocksiffror f\u00f6r f\u00f6rbundets f\u00f6reningar"}]},{"@type":"WebSite","@id":"https:\/\/www.budokampsport.se\/#website","url":"https:\/\/www.budokampsport.se\/","name":"Svenska Budo &amp; Kampsportsf\u00f6rbundet","description":"T\u00e4vling, Tr\u00e4ning, Tradition","potentialAction":[{"@type":"SearchAction","target":{"@type":"EntryPoint","urlTemplate":"https:\/\/www.budokampsport.se\/?s={search_term_string}"},"query-input":{"@type":"PropertyValueSpecification","valueRequired":true,"valueName":"search_term_string"}}],"inLanguage":"sv-SE"},{"@type":"Person","@id":"https:\/\/www.budokampsport.se\/#\/schema\/person\/d80c0bc61f1787703168fc250ce69522","name":"Mats Lilja","image":{"@type":"ImageObject","inLanguage":"sv-SE","@id":"https:\/\/www.budokampsport.se\/#\/schema\/person\/image\/","url":"https:\/\/secure.gravatar.com\/avatar\/607f84918e96abe1ebbd8611782fa57d?s=96&d=blank&r=g","contentUrl":"https:\/\/secure.gravatar.com\/avatar\/607f84918e96abe1ebbd8611782fa57d?s=96&d=blank&r=g","caption":"Mats Lilja"},"url":"https:\/\/www.budokampsport.se\/author\/mats-lilja\/"}]}},"_links":{"self":[{"href":"https:\/\/www.budokampsport.se\/api\/wp\/v2\/posts\/125114","targetHints":{"allow":["GET"]}}],"collection":[{"href":"https:\/\/www.budokampsport.se\/api\/wp\/v2\/posts"}],"about":[{"href":"https:\/\/www.budokampsport.se\/api\/wp\/v2\/types\/post"}],"author":[{"embeddable":true,"href":"https:\/\/www.budokampsport.se\/api\/wp\/v2\/users\/914"}],"replies":[{"embeddable":true,"href":"https:\/\/www.budokampsport.se\/api\/wp\/v2\/comments?post=125114"}],"version-history":[{"count":0,"href":"https:\/\/www.budokampsport.se\/api\/wp\/v2\/posts\/125114\/revisions"}],"wp:featuredmedia":[{"embeddable":true,"href":"https:\/\/www.budokampsport.se\/api\/wp\/v2\/media\/122891"}],"wp:attachment":[{"href":"https:\/\/www.budokampsport.se\/api\/wp\/v2\/media?parent=125114"}],"wp:term":[{"taxonomy":"category","embeddable":true,"href":"https:\/\/www.budokampsport.se\/api\/wp\/v2\/categories?post=125114"},{"taxonomy":"post_tag","embeddable":true,"href":"https:\/\/www.budokampsport.se\/api\/wp\/v2\/tags?post=125114"}],"curies":[{"name":"wp","href":"https:\/\/api.w.org\/{rel}","templated":true}]}}