{"id":125273,"date":"2021-03-27T15:28:02","date_gmt":"2021-03-27T14:28:02","guid":{"rendered":"https:\/\/www.budokampsport.se\/?p=125273"},"modified":"2022-09-14T10:38:48","modified_gmt":"2022-09-14T08:38:48","slug":"rapport-fran-forbundsstamman-2021","status":"publish","type":"post","link":"https:\/\/www.budokampsport.se\/2021\/03\/27\/rapport-fran-forbundsstamman-2021\/","title":{"rendered":"Rapport fr\u00e5n F\u00f6rbundsst\u00e4mman 2021"},"content":{"rendered":"<p>\u00c5rsm\u00f6tet arrangerades fr\u00e5n SB&amp;K:s kansli i Stockholm. F\u00f6r ombud och \u00e5h\u00f6rare skedde medverkan via verktyget Easymeet Online.<\/p>\n<p><a href=\"https:\/\/www.budokampsport.se\/wp-content\/uploads\/2021\/03\/Arsmoteshandlingar-SBK-2021-1.0.pdf\" target=\"_blank\" rel=\"noopener noreferrer\">\u00c5rsm\u00f6teshandlingar<\/a> inneh\u00e5llande bland annat F\u00f6redragningslista (p\u00e5 sida 7) har funnits publicerade p\u00e5 <a href=\"https:\/\/www.budokampsport.se\/2021\/03\/12\/handlingar-till-forbundsstamman-2021\/\" target=\"_blank\" rel=\"noopener noreferrer\">budokampsport.se<\/a> sedan den 12 mars.<\/p>\n<p>R\u00f6stl\u00e4ngden justerades under m\u00f6tets inledning till 64 anm\u00e4lda f\u00f6reningar med totalt 95 r\u00f6ster.\u00a0St\u00e4mman fann att m\u00f6tet var beh\u00f6rigen utlyst.<\/p>\n<p>Leif Sunje valdes till m\u00f6tesordf\u00f6rande och Helga Une valdes till m\u00f6tessekreterare [de ses p\u00e5 bilden h\u00e4r ovan]. Mike Wall och Per-Ola Olsson valdes till justeringsm\u00e4n tillika r\u00f6str\u00e4knare.<\/p>\n<p>P\u00e5 plats p\u00e5 kansliet som m\u00f6testekniker var Sofia Arnbom och Magnus Ledin.<\/p>\n<p>Under punkt 8 <em>F\u00f6redragande av verksamhetsber\u00e4ttelse 2020<\/em> n\u00e4mnde f\u00f6rbundsordf\u00f6rande Fredrik Gundmark att Allstyle sedan \u00e5rsskiftet \u00e4r nytt underf\u00f6rbund inom SB&amp;K. Det redogjordes ocks\u00e5 f\u00f6r j\u00e4mst\u00e4lldhetsprojektet <em>50\/50. P\u00e5 riktigt<\/em>. T\u00e4vlingsverksamheten har p\u00e5 grund av coronapandemin varit starkt begr\u00e4nsad under \u00e5ret.<\/p>\n<p>Styrelseledamoten Elin Bladh redogjorde f\u00f6r <em>representativ demokrati<\/em>, en fr\u00e5ga som styrelsen sj\u00e4lva anf\u00f6rde i en proposition ang\u00e5ende demokratiutredning till \u00e5rsm\u00f6tet 2020. Fr\u00e5gan \u00e4r inte f\u00e4rdigutredd men unders\u00f6kningar har gjorts hos medlemsf\u00f6reningar. Rapport av detta kommer enligt Bladh att l\u00e4ggas ut p\u00e5 budokampsport.se.<\/p>\n<p>En annan punkt fr\u00e5n samma proposition till \u00e5rsm\u00f6tet 2020 g\u00e4llde att utreda fr\u00e5gan om tv\u00e5\u00e5riga mandatperioder till styrelsen i SB&amp;K. Inte heller denna fr\u00e5ga \u00e4r f\u00e4rdigutredd.<\/p>\n<p>Verksamhetsber\u00e4ttelsen fastst\u00e4lldes och f\u00f6rbundsstyrelsen beviljades ansvarsfrihet.<\/p>\n<p>F\u00f6rbundsordf\u00f6rande Fredrik Gundmark redogjorde f\u00f6r \u00e5rets enda proposition <em>2020:1 &#8211; Stadge\u00e4ndring: Registrering av medlemmar i IdrottOnline<\/em>. Bakgrunden till propositionen \u00e4r att siffrorna skiljer sig rej\u00e4lt i vissa f\u00f6reningars fall mellan vad som inrapporteras till SB&amp;K respektive IdrottOnline (f\u00f6r LOK-st\u00f6d). L\u00e5ga siffror till SB&amp;K inneb\u00e4r att f\u00f6reningarna betalar f\u00f6r l\u00e5ga medlemsavgifter och att underf\u00f6rbunden f\u00e5r mindre pengar till sin verksamhet. H\u00f6ga siffror i IdrottOnline kan ge bidrag som f\u00f6reningar egentligen inte har r\u00e4tt till. F\u00f6r att komma tillr\u00e4tta med detta f\u00f6reslogs i propositionen att f\u00f6reningar \u00e5l\u00e4ggs att varje halv\u00e5r uppdatera sina medlemssiffror i IdrottOnline. Fullst\u00e4ndiga propositionen finns att l\u00e4sa p\u00e5 sidorna 45\u201348 i <a href=\"https:\/\/www.budokampsport.se\/wp-content\/uploads\/2021\/03\/Arsmoteshandlingar-SBK-2021-1.0.pdf\" target=\"_blank\" rel=\"noopener noreferrer\">\u00e5rsm\u00f6teshandlingarna<\/a>.<\/p>\n<p>Denna proposition blev omdiskuterad och ett antal ombud beg\u00e4rde ordet. Av dessa v\u00e4nde sig flera emot f\u00f6rslaget med g\u00e4llande formulering d\u00e5 det skulle inneb\u00e4ra merarbete f\u00f6r f\u00f6reningarna. Tv\u00e5 ombud la egna f\u00f6rslag om modifierade lydelser av propositionen. Tv\u00e5 ombud st\u00e4llde sig bakom propositionen i sin helhet.<\/p>\n<p>F\u00f6rbundsstyrelsens f\u00f6rslag blev nedr\u00f6stat av st\u00e4mman.\u00a08 ombud yrkade bifall,\u00a046 yrkade avslag,\u00a02 avstod fr\u00e5n att ta st\u00e4llning,\u00a039 valde att inte r\u00f6sta.<\/p>\n<p>De tv\u00e5 f\u00f6rslagen till \u00e4ndring av propositionen gick till ytterligare omr\u00f6stningar i tv\u00e5 steg. Till slut uppn\u00e5dde f\u00f6rslaget fr\u00e5n Mike Wall (Fenix Budo &amp; Kampsportsf\u00f6rening) tillr\u00e4cklig majoritet. Exakta formuleringar finns att l\u00e4sa n\u00e4r st\u00e4mmoprotokollet \u00e4r signerat.<\/p>\n<p><img loading=\"lazy\" decoding=\"async\" class=\"aligncenter size-full wp-image-125275\" src=\"https:\/\/www.budokampsport.se\/wp-content\/uploads\/2021\/03\/arsmote2021-02.jpg\" alt=\"\" width=\"847\" height=\"544\" srcset=\"https:\/\/www.budokampsport.se\/wp-content\/uploads\/2021\/03\/arsmote2021-02.jpg 847w, https:\/\/www.budokampsport.se\/wp-content\/uploads\/2021\/03\/arsmote2021-02-600x385.jpg 600w, https:\/\/www.budokampsport.se\/wp-content\/uploads\/2021\/03\/arsmote2021-02-376x241.jpg 376w, https:\/\/www.budokampsport.se\/wp-content\/uploads\/2021\/03\/arsmote2021-02-278x179.jpg 278w, https:\/\/www.budokampsport.se\/wp-content\/uploads\/2021\/03\/arsmote2021-02-572x367.jpg 572w\" sizes=\"auto, (max-width: 847px) 100vw, 847px\" \/><\/p>\n<p>Inga motioner hade inkommit till \u00e5rsm\u00f6tet.<\/p>\n<p>Det fanns heller inga \u00e4renden att behandla g\u00e4llande <em>Inval och uteslutning<\/em> vare sig g\u00e4llande idrotter eller underf\u00f6rbund.<\/p>\n<p>\u00c5rsavgifterna till SB&amp;K och underf\u00f6rbund f\u00f6r n\u00e4stkommande verksamhets\u00e5r fastst\u00e4lldes. Summorna \u00e4r desamma som innevarande \u00e5r. Det beslutades heller inte om n\u00e5gra extra avgifter.<\/p>\n<p>Styrelsen forts\u00e4tter att arbeta utan arvode.<\/p>\n<p>G\u00e4llande styrelsens sammans\u00e4ttning valde st\u00e4mman att g\u00e5 p\u00e5 valberedningens f\u00f6rslag:<\/p>\n<p><strong>Ordf\u00f6rande<\/strong><br \/>\nFredrik Gundmark, omval 1 \u00e5r<\/p>\n<p><strong>Ledam\u00f6ter<\/strong><br \/>\nElin Bladh, omval 1 \u00e5r<br \/>\nMarina Regn\u00e9r, omval 1 \u00e5r<br \/>\nKirsi H\u00f6glund, omval 1 \u00e5r<br \/>\nMusse Hasselvall, omval 1 \u00e5r<br \/>\nPatrik Asplund, omval 1 \u00e5r<br \/>\nFrej Levin, nyval 1 \u00e5r<\/p>\n<p><strong>Suppleanter<\/strong><br \/>\nSara Abouzeedan, omval 1 \u00e5r<br \/>\nUlf Hjerppe, omval 1 \u00e5r<\/p>\n<p>\u00c4ven n\u00e4r det g\u00e4llde valen av revisorer samt medlemmar till Disciplinn\u00e4mnden gick st\u00e4mman p\u00e5 valberedningens f\u00f6rslag. Samtliga omvaldes p\u00e5 1 \u00e5r:<\/p>\n<p><strong>Revisorer<\/strong><br \/>\nMicaela Karlstr\u00f6m, Allegretto Revision (auktoriserad)<br \/>\nChristian Lund<\/p>\n<p><strong>Revisorssuppleanter<\/strong><br \/>\nAnna Wretholm, Allegretto Revision (auktoriserad)<br \/>\nSabrina Sedin Roskvist<\/p>\n<p><strong>Disciplinn\u00e4mnd<\/strong><br \/>\nPeter Dahlqvist, ordf\u00f6rande<br \/>\nDaniel Svensson<br \/>\nSara Axelsson<\/p>\n<p>Den sittande valberedningen blev sj\u00e4lv omvald, dock med ny ordf\u00f6rande:<\/p>\n<p><strong>Valberedning<\/strong><br \/>\nAnders Pettersson, ordf\u00f6rande<br \/>\nIrene Br\u00e4ndstr\u00f6m<br \/>\nJ\u00f6ran Fagerlund<\/p>\n<p>Valet av ombud och suppleanter till Riksidrottsf\u00f6rbundets st\u00e4mma h\u00e4nsk\u00f6ts d\u00e4remot till f\u00f6rbundsstyrelsen att besluta om.<\/p>\n<p>St\u00e4mman tog strax \u00f6ver 3 timmar inklusive en kortare paus.<\/p>\n<p>Text: Mats Lilja<br \/>\nFoto: Magnus Ledin, Sofia Arnbom<\/p>\n","protected":false},"excerpt":{"rendered":"<p>SB&#038;K | Idag h\u00f6ll Svenska Budo &#038; Kampsportsf\u00f6rbundet sitt digitala \u00e5rsm\u00f6te. D\u00e4rmed \u00e4r \u00e4ven f\u00f6rbundets \u00e5rsm\u00f6tess\u00e4song till \u00e4nda.<\/p><br>","protected":false},"author":914,"featured_media":125274,"comment_status":"open","ping_status":"open","sticky":false,"template":"","format":"standard","meta":{"_acf_changed":false,"footnotes":""},"categories":[410,1],"tags":[],"class_list":["post-125273","post","type-post","status-publish","format-standard","has-post-thumbnail","hentry","category-arsmote","category-okategoriserade"],"acf":[],"yoast_head":"<!-- This site is optimized with the Yoast SEO plugin v26.8 - https:\/\/yoast.com\/product\/yoast-seo-wordpress\/ -->\n<title>Rapport fr\u00e5n F\u00f6rbundsst\u00e4mman 2021 - Svenska Budo &amp; Kampsportsf\u00f6rbundet<\/title>\n<meta name=\"description\" content=\"SB&amp;K | Idag h\u00f6ll Svenska Budo &amp; Kampsportsf\u00f6rbundet sitt digitala \u00e5rsm\u00f6te. D\u00e4rmed \u00e4r \u00e4ven f\u00f6rbundets \u00e5rsm\u00f6tess\u00e4song till \u00e4nda.\" \/>\n<meta name=\"robots\" content=\"index, follow, max-snippet:-1, max-image-preview:large, max-video-preview:-1\" \/>\n<link rel=\"canonical\" href=\"https:\/\/www.budokampsport.se\/2021\/03\/27\/rapport-fran-forbundsstamman-2021\/\" \/>\n<meta property=\"og:locale\" content=\"sv_SE\" \/>\n<meta property=\"og:type\" content=\"article\" \/>\n<meta property=\"og:title\" content=\"Rapport fr\u00e5n F\u00f6rbundsst\u00e4mman 2021 - Svenska Budo &amp; Kampsportsf\u00f6rbundet\" \/>\n<meta property=\"og:description\" content=\"SB&amp;K | Idag h\u00f6ll Svenska Budo &amp; Kampsportsf\u00f6rbundet sitt digitala \u00e5rsm\u00f6te. D\u00e4rmed \u00e4r \u00e4ven f\u00f6rbundets \u00e5rsm\u00f6tess\u00e4song till \u00e4nda.\" \/>\n<meta property=\"og:url\" content=\"https:\/\/www.budokampsport.se\/2021\/03\/27\/rapport-fran-forbundsstamman-2021\/\" \/>\n<meta property=\"og:site_name\" content=\"Svenska Budo &amp; Kampsportsf\u00f6rbundet\" \/>\n<meta property=\"article:published_time\" content=\"2021-03-27T14:28:02+00:00\" \/>\n<meta property=\"article:modified_time\" content=\"2022-09-14T08:38:48+00:00\" \/>\n<meta property=\"og:image\" content=\"https:\/\/www.budokampsport.se\/wp-content\/uploads\/2021\/03\/arsmote2021-01.jpg\" \/>\n\t<meta property=\"og:image:width\" content=\"847\" \/>\n\t<meta property=\"og:image:height\" content=\"582\" \/>\n\t<meta property=\"og:image:type\" content=\"image\/jpeg\" \/>\n<meta name=\"author\" content=\"Mats Lilja\" \/>\n<meta name=\"twitter:card\" content=\"summary_large_image\" \/>\n<meta name=\"twitter:label1\" content=\"Skriven av\" \/>\n\t<meta name=\"twitter:data1\" content=\"Mats Lilja\" \/>\n\t<meta name=\"twitter:label2\" content=\"Ber\u00e4knad l\u00e4stid\" \/>\n\t<meta name=\"twitter:data2\" content=\"4 minuter\" \/>\n<script type=\"application\/ld+json\" class=\"yoast-schema-graph\">{\"@context\":\"https:\/\/schema.org\",\"@graph\":[{\"@type\":\"Article\",\"@id\":\"https:\/\/www.budokampsport.se\/2021\/03\/27\/rapport-fran-forbundsstamman-2021\/#article\",\"isPartOf\":{\"@id\":\"https:\/\/www.budokampsport.se\/2021\/03\/27\/rapport-fran-forbundsstamman-2021\/\"},\"author\":{\"name\":\"Mats Lilja\",\"@id\":\"https:\/\/www.budokampsport.se\/#\/schema\/person\/d80c0bc61f1787703168fc250ce69522\"},\"headline\":\"Rapport fr\u00e5n F\u00f6rbundsst\u00e4mman 2021\",\"datePublished\":\"2021-03-27T14:28:02+00:00\",\"dateModified\":\"2022-09-14T08:38:48+00:00\",\"mainEntityOfPage\":{\"@id\":\"https:\/\/www.budokampsport.se\/2021\/03\/27\/rapport-fran-forbundsstamman-2021\/\"},\"wordCount\":766,\"commentCount\":0,\"image\":{\"@id\":\"https:\/\/www.budokampsport.se\/2021\/03\/27\/rapport-fran-forbundsstamman-2021\/#primaryimage\"},\"thumbnailUrl\":\"https:\/\/www.budokampsport.se\/wp-content\/uploads\/2021\/03\/arsmote2021-01.jpg\",\"articleSection\":[\"\u00c5rsm\u00f6te\"],\"inLanguage\":\"sv-SE\",\"potentialAction\":[{\"@type\":\"CommentAction\",\"name\":\"Comment\",\"target\":[\"https:\/\/www.budokampsport.se\/2021\/03\/27\/rapport-fran-forbundsstamman-2021\/#respond\"]}]},{\"@type\":\"WebPage\",\"@id\":\"https:\/\/www.budokampsport.se\/2021\/03\/27\/rapport-fran-forbundsstamman-2021\/\",\"url\":\"https:\/\/www.budokampsport.se\/2021\/03\/27\/rapport-fran-forbundsstamman-2021\/\",\"name\":\"Rapport fr\u00e5n F\u00f6rbundsst\u00e4mman 2021 - Svenska Budo &amp; Kampsportsf\u00f6rbundet\",\"isPartOf\":{\"@id\":\"https:\/\/www.budokampsport.se\/#website\"},\"primaryImageOfPage\":{\"@id\":\"https:\/\/www.budokampsport.se\/2021\/03\/27\/rapport-fran-forbundsstamman-2021\/#primaryimage\"},\"image\":{\"@id\":\"https:\/\/www.budokampsport.se\/2021\/03\/27\/rapport-fran-forbundsstamman-2021\/#primaryimage\"},\"thumbnailUrl\":\"https:\/\/www.budokampsport.se\/wp-content\/uploads\/2021\/03\/arsmote2021-01.jpg\",\"datePublished\":\"2021-03-27T14:28:02+00:00\",\"dateModified\":\"2022-09-14T08:38:48+00:00\",\"author\":{\"@id\":\"https:\/\/www.budokampsport.se\/#\/schema\/person\/d80c0bc61f1787703168fc250ce69522\"},\"description\":\"SB&K | Idag h\u00f6ll Svenska Budo & Kampsportsf\u00f6rbundet sitt digitala \u00e5rsm\u00f6te. D\u00e4rmed \u00e4r \u00e4ven f\u00f6rbundets \u00e5rsm\u00f6tess\u00e4song till \u00e4nda.\",\"breadcrumb\":{\"@id\":\"https:\/\/www.budokampsport.se\/2021\/03\/27\/rapport-fran-forbundsstamman-2021\/#breadcrumb\"},\"inLanguage\":\"sv-SE\",\"potentialAction\":[{\"@type\":\"ReadAction\",\"target\":[\"https:\/\/www.budokampsport.se\/2021\/03\/27\/rapport-fran-forbundsstamman-2021\/\"]}]},{\"@type\":\"ImageObject\",\"inLanguage\":\"sv-SE\",\"@id\":\"https:\/\/www.budokampsport.se\/2021\/03\/27\/rapport-fran-forbundsstamman-2021\/#primaryimage\",\"url\":\"https:\/\/www.budokampsport.se\/wp-content\/uploads\/2021\/03\/arsmote2021-01.jpg\",\"contentUrl\":\"https:\/\/www.budokampsport.se\/wp-content\/uploads\/2021\/03\/arsmote2021-01.jpg\",\"width\":847,\"height\":582,\"caption\":\"SB&K:s \u00e5rsm\u00f6te 2021. Foto: Magnus Ledin.\"},{\"@type\":\"BreadcrumbList\",\"@id\":\"https:\/\/www.budokampsport.se\/2021\/03\/27\/rapport-fran-forbundsstamman-2021\/#breadcrumb\",\"itemListElement\":[{\"@type\":\"ListItem\",\"position\":1,\"name\":\"Hem\",\"item\":\"https:\/\/www.budokampsport.se\/\"},{\"@type\":\"ListItem\",\"position\":2,\"name\":\"Rapport fr\u00e5n F\u00f6rbundsst\u00e4mman 2021\"}]},{\"@type\":\"WebSite\",\"@id\":\"https:\/\/www.budokampsport.se\/#website\",\"url\":\"https:\/\/www.budokampsport.se\/\",\"name\":\"Svenska Budo &amp; Kampsportsf\u00f6rbundet\",\"description\":\"T\u00e4vling, Tr\u00e4ning, Tradition\",\"potentialAction\":[{\"@type\":\"SearchAction\",\"target\":{\"@type\":\"EntryPoint\",\"urlTemplate\":\"https:\/\/www.budokampsport.se\/?s={search_term_string}\"},\"query-input\":{\"@type\":\"PropertyValueSpecification\",\"valueRequired\":true,\"valueName\":\"search_term_string\"}}],\"inLanguage\":\"sv-SE\"},{\"@type\":\"Person\",\"@id\":\"https:\/\/www.budokampsport.se\/#\/schema\/person\/d80c0bc61f1787703168fc250ce69522\",\"name\":\"Mats Lilja\",\"image\":{\"@type\":\"ImageObject\",\"inLanguage\":\"sv-SE\",\"@id\":\"https:\/\/www.budokampsport.se\/#\/schema\/person\/image\/\",\"url\":\"https:\/\/secure.gravatar.com\/avatar\/607f84918e96abe1ebbd8611782fa57d?s=96&d=blank&r=g\",\"contentUrl\":\"https:\/\/secure.gravatar.com\/avatar\/607f84918e96abe1ebbd8611782fa57d?s=96&d=blank&r=g\",\"caption\":\"Mats Lilja\"},\"url\":\"https:\/\/www.budokampsport.se\/author\/mats-lilja\/\"}]}<\/script>\n<!-- \/ Yoast SEO plugin. -->","yoast_head_json":{"title":"Rapport fr\u00e5n F\u00f6rbundsst\u00e4mman 2021 - Svenska Budo &amp; Kampsportsf\u00f6rbundet","description":"SB&K | Idag h\u00f6ll Svenska Budo & Kampsportsf\u00f6rbundet sitt digitala \u00e5rsm\u00f6te. D\u00e4rmed \u00e4r \u00e4ven f\u00f6rbundets \u00e5rsm\u00f6tess\u00e4song till \u00e4nda.","robots":{"index":"index","follow":"follow","max-snippet":"max-snippet:-1","max-image-preview":"max-image-preview:large","max-video-preview":"max-video-preview:-1"},"canonical":"https:\/\/www.budokampsport.se\/2021\/03\/27\/rapport-fran-forbundsstamman-2021\/","og_locale":"sv_SE","og_type":"article","og_title":"Rapport fr\u00e5n F\u00f6rbundsst\u00e4mman 2021 - Svenska Budo &amp; Kampsportsf\u00f6rbundet","og_description":"SB&K | Idag h\u00f6ll Svenska Budo & Kampsportsf\u00f6rbundet sitt digitala \u00e5rsm\u00f6te. D\u00e4rmed \u00e4r \u00e4ven f\u00f6rbundets \u00e5rsm\u00f6tess\u00e4song till \u00e4nda.","og_url":"https:\/\/www.budokampsport.se\/2021\/03\/27\/rapport-fran-forbundsstamman-2021\/","og_site_name":"Svenska Budo &amp; Kampsportsf\u00f6rbundet","article_published_time":"2021-03-27T14:28:02+00:00","article_modified_time":"2022-09-14T08:38:48+00:00","og_image":[{"width":847,"height":582,"url":"https:\/\/www.budokampsport.se\/wp-content\/uploads\/2021\/03\/arsmote2021-01.jpg","type":"image\/jpeg"}],"author":"Mats Lilja","twitter_card":"summary_large_image","twitter_misc":{"Skriven av":"Mats Lilja","Ber\u00e4knad l\u00e4stid":"4 minuter"},"schema":{"@context":"https:\/\/schema.org","@graph":[{"@type":"Article","@id":"https:\/\/www.budokampsport.se\/2021\/03\/27\/rapport-fran-forbundsstamman-2021\/#article","isPartOf":{"@id":"https:\/\/www.budokampsport.se\/2021\/03\/27\/rapport-fran-forbundsstamman-2021\/"},"author":{"name":"Mats Lilja","@id":"https:\/\/www.budokampsport.se\/#\/schema\/person\/d80c0bc61f1787703168fc250ce69522"},"headline":"Rapport fr\u00e5n F\u00f6rbundsst\u00e4mman 2021","datePublished":"2021-03-27T14:28:02+00:00","dateModified":"2022-09-14T08:38:48+00:00","mainEntityOfPage":{"@id":"https:\/\/www.budokampsport.se\/2021\/03\/27\/rapport-fran-forbundsstamman-2021\/"},"wordCount":766,"commentCount":0,"image":{"@id":"https:\/\/www.budokampsport.se\/2021\/03\/27\/rapport-fran-forbundsstamman-2021\/#primaryimage"},"thumbnailUrl":"https:\/\/www.budokampsport.se\/wp-content\/uploads\/2021\/03\/arsmote2021-01.jpg","articleSection":["\u00c5rsm\u00f6te"],"inLanguage":"sv-SE","potentialAction":[{"@type":"CommentAction","name":"Comment","target":["https:\/\/www.budokampsport.se\/2021\/03\/27\/rapport-fran-forbundsstamman-2021\/#respond"]}]},{"@type":"WebPage","@id":"https:\/\/www.budokampsport.se\/2021\/03\/27\/rapport-fran-forbundsstamman-2021\/","url":"https:\/\/www.budokampsport.se\/2021\/03\/27\/rapport-fran-forbundsstamman-2021\/","name":"Rapport fr\u00e5n F\u00f6rbundsst\u00e4mman 2021 - Svenska Budo &amp; Kampsportsf\u00f6rbundet","isPartOf":{"@id":"https:\/\/www.budokampsport.se\/#website"},"primaryImageOfPage":{"@id":"https:\/\/www.budokampsport.se\/2021\/03\/27\/rapport-fran-forbundsstamman-2021\/#primaryimage"},"image":{"@id":"https:\/\/www.budokampsport.se\/2021\/03\/27\/rapport-fran-forbundsstamman-2021\/#primaryimage"},"thumbnailUrl":"https:\/\/www.budokampsport.se\/wp-content\/uploads\/2021\/03\/arsmote2021-01.jpg","datePublished":"2021-03-27T14:28:02+00:00","dateModified":"2022-09-14T08:38:48+00:00","author":{"@id":"https:\/\/www.budokampsport.se\/#\/schema\/person\/d80c0bc61f1787703168fc250ce69522"},"description":"SB&K | Idag h\u00f6ll Svenska Budo & Kampsportsf\u00f6rbundet sitt digitala \u00e5rsm\u00f6te. D\u00e4rmed \u00e4r \u00e4ven f\u00f6rbundets \u00e5rsm\u00f6tess\u00e4song till \u00e4nda.","breadcrumb":{"@id":"https:\/\/www.budokampsport.se\/2021\/03\/27\/rapport-fran-forbundsstamman-2021\/#breadcrumb"},"inLanguage":"sv-SE","potentialAction":[{"@type":"ReadAction","target":["https:\/\/www.budokampsport.se\/2021\/03\/27\/rapport-fran-forbundsstamman-2021\/"]}]},{"@type":"ImageObject","inLanguage":"sv-SE","@id":"https:\/\/www.budokampsport.se\/2021\/03\/27\/rapport-fran-forbundsstamman-2021\/#primaryimage","url":"https:\/\/www.budokampsport.se\/wp-content\/uploads\/2021\/03\/arsmote2021-01.jpg","contentUrl":"https:\/\/www.budokampsport.se\/wp-content\/uploads\/2021\/03\/arsmote2021-01.jpg","width":847,"height":582,"caption":"SB&K:s \u00e5rsm\u00f6te 2021. Foto: Magnus Ledin."},{"@type":"BreadcrumbList","@id":"https:\/\/www.budokampsport.se\/2021\/03\/27\/rapport-fran-forbundsstamman-2021\/#breadcrumb","itemListElement":[{"@type":"ListItem","position":1,"name":"Hem","item":"https:\/\/www.budokampsport.se\/"},{"@type":"ListItem","position":2,"name":"Rapport fr\u00e5n F\u00f6rbundsst\u00e4mman 2021"}]},{"@type":"WebSite","@id":"https:\/\/www.budokampsport.se\/#website","url":"https:\/\/www.budokampsport.se\/","name":"Svenska Budo &amp; Kampsportsf\u00f6rbundet","description":"T\u00e4vling, Tr\u00e4ning, Tradition","potentialAction":[{"@type":"SearchAction","target":{"@type":"EntryPoint","urlTemplate":"https:\/\/www.budokampsport.se\/?s={search_term_string}"},"query-input":{"@type":"PropertyValueSpecification","valueRequired":true,"valueName":"search_term_string"}}],"inLanguage":"sv-SE"},{"@type":"Person","@id":"https:\/\/www.budokampsport.se\/#\/schema\/person\/d80c0bc61f1787703168fc250ce69522","name":"Mats Lilja","image":{"@type":"ImageObject","inLanguage":"sv-SE","@id":"https:\/\/www.budokampsport.se\/#\/schema\/person\/image\/","url":"https:\/\/secure.gravatar.com\/avatar\/607f84918e96abe1ebbd8611782fa57d?s=96&d=blank&r=g","contentUrl":"https:\/\/secure.gravatar.com\/avatar\/607f84918e96abe1ebbd8611782fa57d?s=96&d=blank&r=g","caption":"Mats Lilja"},"url":"https:\/\/www.budokampsport.se\/author\/mats-lilja\/"}]}},"_links":{"self":[{"href":"https:\/\/www.budokampsport.se\/api\/wp\/v2\/posts\/125273","targetHints":{"allow":["GET"]}}],"collection":[{"href":"https:\/\/www.budokampsport.se\/api\/wp\/v2\/posts"}],"about":[{"href":"https:\/\/www.budokampsport.se\/api\/wp\/v2\/types\/post"}],"author":[{"embeddable":true,"href":"https:\/\/www.budokampsport.se\/api\/wp\/v2\/users\/914"}],"replies":[{"embeddable":true,"href":"https:\/\/www.budokampsport.se\/api\/wp\/v2\/comments?post=125273"}],"version-history":[{"count":0,"href":"https:\/\/www.budokampsport.se\/api\/wp\/v2\/posts\/125273\/revisions"}],"wp:featuredmedia":[{"embeddable":true,"href":"https:\/\/www.budokampsport.se\/api\/wp\/v2\/media\/125274"}],"wp:attachment":[{"href":"https:\/\/www.budokampsport.se\/api\/wp\/v2\/media?parent=125273"}],"wp:term":[{"taxonomy":"category","embeddable":true,"href":"https:\/\/www.budokampsport.se\/api\/wp\/v2\/categories?post=125273"},{"taxonomy":"post_tag","embeddable":true,"href":"https:\/\/www.budokampsport.se\/api\/wp\/v2\/tags?post=125273"}],"curies":[{"name":"wp","href":"https:\/\/api.w.org\/{rel}","templated":true}]}}