{"id":125349,"date":"2021-04-07T07:37:04","date_gmt":"2021-04-07T05:37:04","guid":{"rendered":"https:\/\/www.budokampsport.se\/?p=125349"},"modified":"2021-04-07T07:40:39","modified_gmt":"2021-04-07T05:40:39","slug":"ytterligare-1-miljard-till-idrotten-ansokan-om-kompensationsstod-oppnar-i-maj","status":"publish","type":"post","link":"https:\/\/www.budokampsport.se\/2021\/04\/07\/ytterligare-1-miljard-till-idrotten-ansokan-om-kompensationsstod-oppnar-i-maj\/","title":{"rendered":"Ytterligare 1 miljard till idrotten &#8211; ans\u00f6kan om kompensationsst\u00f6d \u00f6ppnar i maj"},"content":{"rendered":"<p>Det var den 1 april som <a href=\"https:\/\/www.regeringen.se\/pressmeddelanden\/2021\/04\/kris--och-stimulansstod-till-idrotten\/\" target=\"_blank\" rel=\"noopener noreferrer\">beskedet till slut kom<\/a> fr\u00e5n regeringen och den ansvariga ministern Amanda Lind \u2013 f\u00f6rutom de tidigare utlovade 335 miljoner kronorna till svensk idrott s\u00e5 \u00f6ronm\u00e4rks nu ytterligare 1,02 miljarder. Det sammanlagda kompensationsst\u00f6det p\u00e5 1,355 miljarder kronor omfattar det f\u00f6rsta halv\u00e5ret 2021.<\/p>\n<p><a href=\"https:\/\/www.rf.se\/Nyheter\/Allanyheter\/1miljardkronoristodtillidrotten\" target=\"_blank\" rel=\"noopener noreferrer\">Riksidrottsf\u00f6rbundet<\/a> har efter f\u00f6rra veckans besked nu beslutat om att senarel\u00e4gga ans\u00f6kningsperioden f\u00f6r \u00e5rets f\u00f6rsta m\u00e5nader.<\/p>\n<p>Enligt <a href=\"https:\/\/www.rf.se\/bidragochstod\/Bidrag\/kompensationsstodtillidrottsforeningar\/\" target=\"_blank\" rel=\"noopener noreferrer\">den nya informationen<\/a>\u00a0s\u00e5 kan ans\u00f6kan g\u00f6ras 7 maj\u201319 maj. Detta f\u00f6r perioden januari\u2013april 2021.<\/p>\n<p>Precis som vi <a href=\"https:\/\/www.budokampsport.se\/2021\/01\/15\/dags-att-soka-kompensationsstod-for-4e-kvartalet\/\" target=\"_blank\" rel=\"noopener noreferrer\">tidigare har gjort<\/a> s\u00e5 kommer vi att \u00e5terkomma l\u00e4ngre fram med mer information g\u00e4llande ans\u00f6kningsprocessen.<\/p>\n<p>Text: Mats Lilja<\/p>\n<p>&nbsp;<\/p>\n<p>&nbsp;<\/p>\n<p>&nbsp;<\/p>\n","protected":false},"excerpt":{"rendered":"<p>CORONA | Efter att regeringen till slut utlovat ett extra st\u00f6d till idrottsr\u00f6relsen s\u00e5 kom Riksidrottsf\u00f6rbundet ig\u00e5r med besked g\u00e4llande n\u00e4sta ans\u00f6kningsperiod f\u00f6r kompensationsst\u00f6d.<\/p><br>","protected":false},"author":914,"featured_media":122850,"comment_status":"open","ping_status":"open","sticky":false,"template":"","format":"standard","meta":{"_acf_changed":false,"footnotes":""},"categories":[1],"tags":[],"class_list":["post-125349","post","type-post","status-publish","format-standard","has-post-thumbnail","hentry","category-okategoriserade"],"acf":[],"yoast_head":"<!-- This site is optimized with the Yoast SEO plugin v26.8 - https:\/\/yoast.com\/product\/yoast-seo-wordpress\/ -->\n<title>Ytterligare 1 miljard till idrotten - ans\u00f6kan om kompensationsst\u00f6d \u00f6ppnar i maj - Svenska Budo &amp; Kampsportsf\u00f6rbundet<\/title>\n<meta name=\"description\" content=\"CORONA | Efter att regeringen till slut utlovat ett extra st\u00f6d till idrottsr\u00f6relsen s\u00e5 kom Riksidrottsf\u00f6rbundet ig\u00e5r med besked g\u00e4llande n\u00e4sta ans\u00f6kningsperiod f\u00f6r kompensationsst\u00f6d.\" \/>\n<meta name=\"robots\" content=\"index, follow, max-snippet:-1, max-image-preview:large, max-video-preview:-1\" \/>\n<link rel=\"canonical\" href=\"https:\/\/www.budokampsport.se\/2021\/04\/07\/ytterligare-1-miljard-till-idrotten-ansokan-om-kompensationsstod-oppnar-i-maj\/\" \/>\n<meta property=\"og:locale\" content=\"sv_SE\" \/>\n<meta property=\"og:type\" content=\"article\" \/>\n<meta property=\"og:title\" content=\"Ytterligare 1 miljard till idrotten - ans\u00f6kan om kompensationsst\u00f6d \u00f6ppnar i maj - Svenska Budo &amp; Kampsportsf\u00f6rbundet\" \/>\n<meta property=\"og:description\" content=\"CORONA | Efter att regeringen till slut utlovat ett extra st\u00f6d till idrottsr\u00f6relsen s\u00e5 kom Riksidrottsf\u00f6rbundet ig\u00e5r med besked g\u00e4llande n\u00e4sta ans\u00f6kningsperiod f\u00f6r kompensationsst\u00f6d.\" \/>\n<meta property=\"og:url\" content=\"https:\/\/www.budokampsport.se\/2021\/04\/07\/ytterligare-1-miljard-till-idrotten-ansokan-om-kompensationsstod-oppnar-i-maj\/\" \/>\n<meta property=\"og:site_name\" content=\"Svenska Budo &amp; Kampsportsf\u00f6rbundet\" \/>\n<meta property=\"article:published_time\" content=\"2021-04-07T05:37:04+00:00\" \/>\n<meta property=\"article:modified_time\" content=\"2021-04-07T05:40:39+00:00\" \/>\n<meta property=\"og:image\" content=\"https:\/\/www.budokampsport.se\/wp-content\/uploads\/2020\/11\/rflogonotext.jpg\" \/>\n\t<meta property=\"og:image:width\" content=\"850\" \/>\n\t<meta property=\"og:image:height\" content=\"437\" \/>\n\t<meta property=\"og:image:type\" content=\"image\/jpeg\" \/>\n<meta name=\"author\" content=\"Mats Lilja\" \/>\n<meta name=\"twitter:card\" content=\"summary_large_image\" \/>\n<meta name=\"twitter:label1\" content=\"Skriven av\" \/>\n\t<meta name=\"twitter:data1\" content=\"Mats Lilja\" \/>\n\t<meta name=\"twitter:label2\" content=\"Ber\u00e4knad l\u00e4stid\" \/>\n\t<meta name=\"twitter:data2\" content=\"1 minut\" \/>\n<script type=\"application\/ld+json\" class=\"yoast-schema-graph\">{\"@context\":\"https:\/\/schema.org\",\"@graph\":[{\"@type\":\"Article\",\"@id\":\"https:\/\/www.budokampsport.se\/2021\/04\/07\/ytterligare-1-miljard-till-idrotten-ansokan-om-kompensationsstod-oppnar-i-maj\/#article\",\"isPartOf\":{\"@id\":\"https:\/\/www.budokampsport.se\/2021\/04\/07\/ytterligare-1-miljard-till-idrotten-ansokan-om-kompensationsstod-oppnar-i-maj\/\"},\"author\":{\"name\":\"Mats Lilja\",\"@id\":\"https:\/\/www.budokampsport.se\/#\/schema\/person\/d80c0bc61f1787703168fc250ce69522\"},\"headline\":\"Ytterligare 1 miljard till idrotten &#8211; ans\u00f6kan om kompensationsst\u00f6d \u00f6ppnar i maj\",\"datePublished\":\"2021-04-07T05:37:04+00:00\",\"dateModified\":\"2021-04-07T05:40:39+00:00\",\"mainEntityOfPage\":{\"@id\":\"https:\/\/www.budokampsport.se\/2021\/04\/07\/ytterligare-1-miljard-till-idrotten-ansokan-om-kompensationsstod-oppnar-i-maj\/\"},\"wordCount\":128,\"commentCount\":1,\"image\":{\"@id\":\"https:\/\/www.budokampsport.se\/2021\/04\/07\/ytterligare-1-miljard-till-idrotten-ansokan-om-kompensationsstod-oppnar-i-maj\/#primaryimage\"},\"thumbnailUrl\":\"https:\/\/www.budokampsport.se\/wp-content\/uploads\/2020\/11\/rflogonotext.jpg\",\"inLanguage\":\"sv-SE\",\"potentialAction\":[{\"@type\":\"CommentAction\",\"name\":\"Comment\",\"target\":[\"https:\/\/www.budokampsport.se\/2021\/04\/07\/ytterligare-1-miljard-till-idrotten-ansokan-om-kompensationsstod-oppnar-i-maj\/#respond\"]}]},{\"@type\":\"WebPage\",\"@id\":\"https:\/\/www.budokampsport.se\/2021\/04\/07\/ytterligare-1-miljard-till-idrotten-ansokan-om-kompensationsstod-oppnar-i-maj\/\",\"url\":\"https:\/\/www.budokampsport.se\/2021\/04\/07\/ytterligare-1-miljard-till-idrotten-ansokan-om-kompensationsstod-oppnar-i-maj\/\",\"name\":\"Ytterligare 1 miljard till idrotten - ans\u00f6kan om kompensationsst\u00f6d \u00f6ppnar i maj - Svenska Budo &amp; Kampsportsf\u00f6rbundet\",\"isPartOf\":{\"@id\":\"https:\/\/www.budokampsport.se\/#website\"},\"primaryImageOfPage\":{\"@id\":\"https:\/\/www.budokampsport.se\/2021\/04\/07\/ytterligare-1-miljard-till-idrotten-ansokan-om-kompensationsstod-oppnar-i-maj\/#primaryimage\"},\"image\":{\"@id\":\"https:\/\/www.budokampsport.se\/2021\/04\/07\/ytterligare-1-miljard-till-idrotten-ansokan-om-kompensationsstod-oppnar-i-maj\/#primaryimage\"},\"thumbnailUrl\":\"https:\/\/www.budokampsport.se\/wp-content\/uploads\/2020\/11\/rflogonotext.jpg\",\"datePublished\":\"2021-04-07T05:37:04+00:00\",\"dateModified\":\"2021-04-07T05:40:39+00:00\",\"author\":{\"@id\":\"https:\/\/www.budokampsport.se\/#\/schema\/person\/d80c0bc61f1787703168fc250ce69522\"},\"description\":\"CORONA | Efter att regeringen till slut utlovat ett extra st\u00f6d till idrottsr\u00f6relsen s\u00e5 kom Riksidrottsf\u00f6rbundet ig\u00e5r med besked g\u00e4llande n\u00e4sta ans\u00f6kningsperiod f\u00f6r kompensationsst\u00f6d.\",\"breadcrumb\":{\"@id\":\"https:\/\/www.budokampsport.se\/2021\/04\/07\/ytterligare-1-miljard-till-idrotten-ansokan-om-kompensationsstod-oppnar-i-maj\/#breadcrumb\"},\"inLanguage\":\"sv-SE\",\"potentialAction\":[{\"@type\":\"ReadAction\",\"target\":[\"https:\/\/www.budokampsport.se\/2021\/04\/07\/ytterligare-1-miljard-till-idrotten-ansokan-om-kompensationsstod-oppnar-i-maj\/\"]}]},{\"@type\":\"ImageObject\",\"inLanguage\":\"sv-SE\",\"@id\":\"https:\/\/www.budokampsport.se\/2021\/04\/07\/ytterligare-1-miljard-till-idrotten-ansokan-om-kompensationsstod-oppnar-i-maj\/#primaryimage\",\"url\":\"https:\/\/www.budokampsport.se\/wp-content\/uploads\/2020\/11\/rflogonotext.jpg\",\"contentUrl\":\"https:\/\/www.budokampsport.se\/wp-content\/uploads\/2020\/11\/rflogonotext.jpg\",\"width\":850,\"height\":437},{\"@type\":\"BreadcrumbList\",\"@id\":\"https:\/\/www.budokampsport.se\/2021\/04\/07\/ytterligare-1-miljard-till-idrotten-ansokan-om-kompensationsstod-oppnar-i-maj\/#breadcrumb\",\"itemListElement\":[{\"@type\":\"ListItem\",\"position\":1,\"name\":\"Hem\",\"item\":\"https:\/\/www.budokampsport.se\/\"},{\"@type\":\"ListItem\",\"position\":2,\"name\":\"Ytterligare 1 miljard till idrotten &#8211; ans\u00f6kan om kompensationsst\u00f6d \u00f6ppnar i maj\"}]},{\"@type\":\"WebSite\",\"@id\":\"https:\/\/www.budokampsport.se\/#website\",\"url\":\"https:\/\/www.budokampsport.se\/\",\"name\":\"Svenska Budo &amp; Kampsportsf\u00f6rbundet\",\"description\":\"T\u00e4vling, Tr\u00e4ning, Tradition\",\"potentialAction\":[{\"@type\":\"SearchAction\",\"target\":{\"@type\":\"EntryPoint\",\"urlTemplate\":\"https:\/\/www.budokampsport.se\/?s={search_term_string}\"},\"query-input\":{\"@type\":\"PropertyValueSpecification\",\"valueRequired\":true,\"valueName\":\"search_term_string\"}}],\"inLanguage\":\"sv-SE\"},{\"@type\":\"Person\",\"@id\":\"https:\/\/www.budokampsport.se\/#\/schema\/person\/d80c0bc61f1787703168fc250ce69522\",\"name\":\"Mats Lilja\",\"image\":{\"@type\":\"ImageObject\",\"inLanguage\":\"sv-SE\",\"@id\":\"https:\/\/www.budokampsport.se\/#\/schema\/person\/image\/\",\"url\":\"https:\/\/secure.gravatar.com\/avatar\/607f84918e96abe1ebbd8611782fa57d?s=96&d=blank&r=g\",\"contentUrl\":\"https:\/\/secure.gravatar.com\/avatar\/607f84918e96abe1ebbd8611782fa57d?s=96&d=blank&r=g\",\"caption\":\"Mats Lilja\"},\"url\":\"https:\/\/www.budokampsport.se\/author\/mats-lilja\/\"}]}<\/script>\n<!-- \/ Yoast SEO plugin. -->","yoast_head_json":{"title":"Ytterligare 1 miljard till idrotten - ans\u00f6kan om kompensationsst\u00f6d \u00f6ppnar i maj - Svenska Budo &amp; Kampsportsf\u00f6rbundet","description":"CORONA | Efter att regeringen till slut utlovat ett extra st\u00f6d till idrottsr\u00f6relsen s\u00e5 kom Riksidrottsf\u00f6rbundet ig\u00e5r med besked g\u00e4llande n\u00e4sta ans\u00f6kningsperiod f\u00f6r kompensationsst\u00f6d.","robots":{"index":"index","follow":"follow","max-snippet":"max-snippet:-1","max-image-preview":"max-image-preview:large","max-video-preview":"max-video-preview:-1"},"canonical":"https:\/\/www.budokampsport.se\/2021\/04\/07\/ytterligare-1-miljard-till-idrotten-ansokan-om-kompensationsstod-oppnar-i-maj\/","og_locale":"sv_SE","og_type":"article","og_title":"Ytterligare 1 miljard till idrotten - ans\u00f6kan om kompensationsst\u00f6d \u00f6ppnar i maj - Svenska Budo &amp; Kampsportsf\u00f6rbundet","og_description":"CORONA | Efter att regeringen till slut utlovat ett extra st\u00f6d till idrottsr\u00f6relsen s\u00e5 kom Riksidrottsf\u00f6rbundet ig\u00e5r med besked g\u00e4llande n\u00e4sta ans\u00f6kningsperiod f\u00f6r kompensationsst\u00f6d.","og_url":"https:\/\/www.budokampsport.se\/2021\/04\/07\/ytterligare-1-miljard-till-idrotten-ansokan-om-kompensationsstod-oppnar-i-maj\/","og_site_name":"Svenska Budo &amp; Kampsportsf\u00f6rbundet","article_published_time":"2021-04-07T05:37:04+00:00","article_modified_time":"2021-04-07T05:40:39+00:00","og_image":[{"width":850,"height":437,"url":"https:\/\/www.budokampsport.se\/wp-content\/uploads\/2020\/11\/rflogonotext.jpg","type":"image\/jpeg"}],"author":"Mats Lilja","twitter_card":"summary_large_image","twitter_misc":{"Skriven av":"Mats Lilja","Ber\u00e4knad l\u00e4stid":"1 minut"},"schema":{"@context":"https:\/\/schema.org","@graph":[{"@type":"Article","@id":"https:\/\/www.budokampsport.se\/2021\/04\/07\/ytterligare-1-miljard-till-idrotten-ansokan-om-kompensationsstod-oppnar-i-maj\/#article","isPartOf":{"@id":"https:\/\/www.budokampsport.se\/2021\/04\/07\/ytterligare-1-miljard-till-idrotten-ansokan-om-kompensationsstod-oppnar-i-maj\/"},"author":{"name":"Mats Lilja","@id":"https:\/\/www.budokampsport.se\/#\/schema\/person\/d80c0bc61f1787703168fc250ce69522"},"headline":"Ytterligare 1 miljard till idrotten &#8211; ans\u00f6kan om kompensationsst\u00f6d \u00f6ppnar i maj","datePublished":"2021-04-07T05:37:04+00:00","dateModified":"2021-04-07T05:40:39+00:00","mainEntityOfPage":{"@id":"https:\/\/www.budokampsport.se\/2021\/04\/07\/ytterligare-1-miljard-till-idrotten-ansokan-om-kompensationsstod-oppnar-i-maj\/"},"wordCount":128,"commentCount":1,"image":{"@id":"https:\/\/www.budokampsport.se\/2021\/04\/07\/ytterligare-1-miljard-till-idrotten-ansokan-om-kompensationsstod-oppnar-i-maj\/#primaryimage"},"thumbnailUrl":"https:\/\/www.budokampsport.se\/wp-content\/uploads\/2020\/11\/rflogonotext.jpg","inLanguage":"sv-SE","potentialAction":[{"@type":"CommentAction","name":"Comment","target":["https:\/\/www.budokampsport.se\/2021\/04\/07\/ytterligare-1-miljard-till-idrotten-ansokan-om-kompensationsstod-oppnar-i-maj\/#respond"]}]},{"@type":"WebPage","@id":"https:\/\/www.budokampsport.se\/2021\/04\/07\/ytterligare-1-miljard-till-idrotten-ansokan-om-kompensationsstod-oppnar-i-maj\/","url":"https:\/\/www.budokampsport.se\/2021\/04\/07\/ytterligare-1-miljard-till-idrotten-ansokan-om-kompensationsstod-oppnar-i-maj\/","name":"Ytterligare 1 miljard till idrotten - ans\u00f6kan om kompensationsst\u00f6d \u00f6ppnar i maj - Svenska Budo &amp; Kampsportsf\u00f6rbundet","isPartOf":{"@id":"https:\/\/www.budokampsport.se\/#website"},"primaryImageOfPage":{"@id":"https:\/\/www.budokampsport.se\/2021\/04\/07\/ytterligare-1-miljard-till-idrotten-ansokan-om-kompensationsstod-oppnar-i-maj\/#primaryimage"},"image":{"@id":"https:\/\/www.budokampsport.se\/2021\/04\/07\/ytterligare-1-miljard-till-idrotten-ansokan-om-kompensationsstod-oppnar-i-maj\/#primaryimage"},"thumbnailUrl":"https:\/\/www.budokampsport.se\/wp-content\/uploads\/2020\/11\/rflogonotext.jpg","datePublished":"2021-04-07T05:37:04+00:00","dateModified":"2021-04-07T05:40:39+00:00","author":{"@id":"https:\/\/www.budokampsport.se\/#\/schema\/person\/d80c0bc61f1787703168fc250ce69522"},"description":"CORONA | Efter att regeringen till slut utlovat ett extra st\u00f6d till idrottsr\u00f6relsen s\u00e5 kom Riksidrottsf\u00f6rbundet ig\u00e5r med besked g\u00e4llande n\u00e4sta ans\u00f6kningsperiod f\u00f6r kompensationsst\u00f6d.","breadcrumb":{"@id":"https:\/\/www.budokampsport.se\/2021\/04\/07\/ytterligare-1-miljard-till-idrotten-ansokan-om-kompensationsstod-oppnar-i-maj\/#breadcrumb"},"inLanguage":"sv-SE","potentialAction":[{"@type":"ReadAction","target":["https:\/\/www.budokampsport.se\/2021\/04\/07\/ytterligare-1-miljard-till-idrotten-ansokan-om-kompensationsstod-oppnar-i-maj\/"]}]},{"@type":"ImageObject","inLanguage":"sv-SE","@id":"https:\/\/www.budokampsport.se\/2021\/04\/07\/ytterligare-1-miljard-till-idrotten-ansokan-om-kompensationsstod-oppnar-i-maj\/#primaryimage","url":"https:\/\/www.budokampsport.se\/wp-content\/uploads\/2020\/11\/rflogonotext.jpg","contentUrl":"https:\/\/www.budokampsport.se\/wp-content\/uploads\/2020\/11\/rflogonotext.jpg","width":850,"height":437},{"@type":"BreadcrumbList","@id":"https:\/\/www.budokampsport.se\/2021\/04\/07\/ytterligare-1-miljard-till-idrotten-ansokan-om-kompensationsstod-oppnar-i-maj\/#breadcrumb","itemListElement":[{"@type":"ListItem","position":1,"name":"Hem","item":"https:\/\/www.budokampsport.se\/"},{"@type":"ListItem","position":2,"name":"Ytterligare 1 miljard till idrotten &#8211; ans\u00f6kan om kompensationsst\u00f6d \u00f6ppnar i maj"}]},{"@type":"WebSite","@id":"https:\/\/www.budokampsport.se\/#website","url":"https:\/\/www.budokampsport.se\/","name":"Svenska Budo &amp; Kampsportsf\u00f6rbundet","description":"T\u00e4vling, Tr\u00e4ning, Tradition","potentialAction":[{"@type":"SearchAction","target":{"@type":"EntryPoint","urlTemplate":"https:\/\/www.budokampsport.se\/?s={search_term_string}"},"query-input":{"@type":"PropertyValueSpecification","valueRequired":true,"valueName":"search_term_string"}}],"inLanguage":"sv-SE"},{"@type":"Person","@id":"https:\/\/www.budokampsport.se\/#\/schema\/person\/d80c0bc61f1787703168fc250ce69522","name":"Mats Lilja","image":{"@type":"ImageObject","inLanguage":"sv-SE","@id":"https:\/\/www.budokampsport.se\/#\/schema\/person\/image\/","url":"https:\/\/secure.gravatar.com\/avatar\/607f84918e96abe1ebbd8611782fa57d?s=96&d=blank&r=g","contentUrl":"https:\/\/secure.gravatar.com\/avatar\/607f84918e96abe1ebbd8611782fa57d?s=96&d=blank&r=g","caption":"Mats Lilja"},"url":"https:\/\/www.budokampsport.se\/author\/mats-lilja\/"}]}},"_links":{"self":[{"href":"https:\/\/www.budokampsport.se\/api\/wp\/v2\/posts\/125349","targetHints":{"allow":["GET"]}}],"collection":[{"href":"https:\/\/www.budokampsport.se\/api\/wp\/v2\/posts"}],"about":[{"href":"https:\/\/www.budokampsport.se\/api\/wp\/v2\/types\/post"}],"author":[{"embeddable":true,"href":"https:\/\/www.budokampsport.se\/api\/wp\/v2\/users\/914"}],"replies":[{"embeddable":true,"href":"https:\/\/www.budokampsport.se\/api\/wp\/v2\/comments?post=125349"}],"version-history":[{"count":0,"href":"https:\/\/www.budokampsport.se\/api\/wp\/v2\/posts\/125349\/revisions"}],"wp:featuredmedia":[{"embeddable":true,"href":"https:\/\/www.budokampsport.se\/api\/wp\/v2\/media\/122850"}],"wp:attachment":[{"href":"https:\/\/www.budokampsport.se\/api\/wp\/v2\/media?parent=125349"}],"wp:term":[{"taxonomy":"category","embeddable":true,"href":"https:\/\/www.budokampsport.se\/api\/wp\/v2\/categories?post=125349"},{"taxonomy":"post_tag","embeddable":true,"href":"https:\/\/www.budokampsport.se\/api\/wp\/v2\/tags?post=125349"}],"curies":[{"name":"wp","href":"https:\/\/api.w.org\/{rel}","templated":true}]}}