{"id":125363,"date":"2021-04-09T15:41:45","date_gmt":"2021-04-09T13:41:45","guid":{"rendered":"https:\/\/www.budokampsport.se\/?p=125363"},"modified":"2021-04-09T15:41:45","modified_gmt":"2021-04-09T13:41:45","slug":"anslutning-av-forening-till-ny-idrott","status":"publish","type":"post","link":"https:\/\/www.budokampsport.se\/2021\/04\/09\/anslutning-av-forening-till-ny-idrott\/","title":{"rendered":"Anslutning av f\u00f6rening till ny idrott"},"content":{"rendered":"<p>H\u00e4r nedanf\u00f6r beskrivs hur processen g\u00e5r till.<\/p>\n<p><span style=\"font-size: 14pt;\"><strong>Ans\u00f6kan<\/strong><\/span><\/p>\n<p>Sker via blanketten <em>Ny idrott i f\u00f6rening<\/em>. En blankett fylls i per ny idrott.<\/p>\n<p>\u00bb <a href=\"https:\/\/www.budokampsport.se\/wp-content\/uploads\/2019\/10\/Intradesansokan-ny-idrott-i-forening.pdf\">Intr\u00e4desans\u00f6kan<\/a><br \/>\n\u00bb <a href=\"https:\/\/www.budokampsport.se\/wp-content\/uploads\/2019\/10\/Intradesansokan-ny-idrott-i-forening-ifyllningsbar.pdf\">Intr\u00e4desans\u00f6kan (ifyllningsbar)<\/a><\/p>\n<p><span style=\"font-size: 14pt;\"><strong>Bilagor som ska bifogas ans\u00f6kan<\/strong><\/span><\/p>\n<ul>\n<li>Kopia p\u00e5 p\u00e5skrivet protokoll som visar att idrotten ska bedrivas inom f\u00f6reningen. Protokoll kan vara fr\u00e5n styrelsem\u00f6te eller \u00e5rsm\u00f6te.<\/li>\n<li>Dokument eller annat underlag som klarg\u00f6r instrukt\u00f6rens kompetens i den aktuella idrotten. Det kan vara i form av faktiska intyg alternativt en kortare beskrivning i text.<\/li>\n<\/ul>\n<p><span style=\"font-size: 14pt;\"><strong>Ans\u00f6kningsprocess<\/strong><\/span><\/p>\n<ul>\n<li>F\u00f6reningen skickar blankett tillsammans med efterfr\u00e5gade bilagor till SB&amp;K. N\u00e4r ans\u00f6kningsdokumentationen \u00e4r komplett ska aktuellt underf\u00f6rbund yttra sig om ansvarig instrukt\u00f6r utifr\u00e5n inskickat underlag. Underf\u00f6rbundet har enligt stadgarna upp till fyra veckor p\u00e5 sig.<\/li>\n<li>Om f\u00f6reningen uppfyller kraven f\u00f6r att anslutas skickas en l\u00e4nk f\u00f6r rapportering av antalet medlemmar och genom rapporteringen skapas en faktura p\u00e5 medlemsavgifterna.<\/li>\n<li>N\u00e4r f\u00f6reningen har betalat och betalningen \u00e4r synlig hos SB&amp;K ansluts f\u00f6reningen till den nya idrotten.<\/li>\n<li>Observera att f\u00f6reningen m\u00e5ste betala medlemsavgifter f\u00f6r redan anslutna idrotter innan rapporteringsl\u00e4nk f\u00f6r ny idrott kan skickas.<\/li>\n<\/ul>\n<p><span style=\"font-size: 14pt;\"><strong>Ans\u00f6k i god tid<\/strong><\/span><\/p>\n<p>Det \u00e4r periodvis m\u00e5nga olika ans\u00f6kningar under handl\u00e4ggning s\u00e5 t\u00e4nk p\u00e5 att vara ute i god tid. Handl\u00e4ggning av en komplett ans\u00f6kan tar mindre tid \u00e4n en som beh\u00f6ver kompletteras, s\u00e5 f\u00f6rs\u00f6k att f\u00e5 med all dokumentation fr\u00e5n b\u00f6rjan.<\/p>\n<p>F\u00f6r en smidigare och f\u00f6rhoppningsvis snabbare hantering rekommenderas att skicka dokumenten per mejl som en sammanh\u00e4ngande pdf-fil.<\/p>\n<p><span style=\"font-size: 14pt;\"><strong>L\u00e4s mer<\/strong><\/span><\/p>\n<p>F\u00f6r ytterligare information om exempelvis medlemskap, uttr\u00e4de och namnbyte bes\u00f6k <a href=\"https:\/\/www.budokampsport.se\/ansokningar\/\" target=\"_blank\" rel=\"noopener noreferrer\">Ans\u00f6kningar<\/a> \u203a\u00a0<a href=\"https:\/\/www.budokampsport.se\/ansokningar\/bli-medlem\/\">Medlemskap<\/a>.<\/p>\n<p>Text: Sofia Arnbom\/Mats Lilja<br \/>\nFoto: Bildbyr\u00e5n<\/p>\n","protected":false},"excerpt":{"rendered":"<p>SB&#038;K | En f\u00f6rening som \u00e4r medlem i SB&#038;K och \u00f6nskar ansluta ytterligare en eller flera av SB&#038;K:s idrotter m\u00e5ste ans\u00f6ka om anslutning.<\/p><br>","protected":false},"author":914,"featured_media":125371,"comment_status":"open","ping_status":"open","sticky":false,"template":"","format":"standard","meta":{"_acf_changed":false,"footnotes":""},"categories":[1],"tags":[],"class_list":["post-125363","post","type-post","status-publish","format-standard","has-post-thumbnail","hentry","category-okategoriserade"],"acf":[],"yoast_head":"<!-- This site is optimized with the Yoast SEO plugin v26.8 - https:\/\/yoast.com\/product\/yoast-seo-wordpress\/ -->\n<title>Anslutning av f\u00f6rening till ny idrott - Svenska Budo &amp; Kampsportsf\u00f6rbundet<\/title>\n<meta name=\"description\" content=\"SB&amp;K | En f\u00f6rening som \u00e4r medlem i SB&amp;K och \u00f6nskar ansluta ytterligare en eller flera av SB&amp;K:s idrotter m\u00e5ste ans\u00f6ka om anslutning.\" \/>\n<meta name=\"robots\" content=\"index, follow, max-snippet:-1, max-image-preview:large, max-video-preview:-1\" \/>\n<link rel=\"canonical\" href=\"https:\/\/www.budokampsport.se\/2021\/04\/09\/anslutning-av-forening-till-ny-idrott\/\" \/>\n<meta property=\"og:locale\" content=\"sv_SE\" \/>\n<meta property=\"og:type\" content=\"article\" \/>\n<meta property=\"og:title\" content=\"Anslutning av f\u00f6rening till ny idrott - Svenska Budo &amp; Kampsportsf\u00f6rbundet\" \/>\n<meta property=\"og:description\" content=\"SB&amp;K | En f\u00f6rening som \u00e4r medlem i SB&amp;K och \u00f6nskar ansluta ytterligare en eller flera av SB&amp;K:s idrotter m\u00e5ste ans\u00f6ka om anslutning.\" \/>\n<meta property=\"og:url\" content=\"https:\/\/www.budokampsport.se\/2021\/04\/09\/anslutning-av-forening-till-ny-idrott\/\" \/>\n<meta property=\"og:site_name\" content=\"Svenska Budo &amp; Kampsportsf\u00f6rbundet\" \/>\n<meta property=\"article:published_time\" content=\"2021-04-09T13:41:45+00:00\" \/>\n<meta property=\"og:image\" content=\"https:\/\/www.budokampsport.se\/wp-content\/uploads\/2021\/04\/BB201123MB035-847px.jpg\" \/>\n\t<meta property=\"og:image:width\" content=\"847\" \/>\n\t<meta property=\"og:image:height\" content=\"549\" \/>\n\t<meta property=\"og:image:type\" content=\"image\/jpeg\" \/>\n<meta name=\"author\" content=\"Mats Lilja\" \/>\n<meta name=\"twitter:card\" content=\"summary_large_image\" \/>\n<meta name=\"twitter:label1\" content=\"Skriven av\" \/>\n\t<meta name=\"twitter:data1\" content=\"Mats Lilja\" \/>\n\t<meta name=\"twitter:label2\" content=\"Ber\u00e4knad l\u00e4stid\" \/>\n\t<meta name=\"twitter:data2\" content=\"2 minuter\" \/>\n<script type=\"application\/ld+json\" class=\"yoast-schema-graph\">{\"@context\":\"https:\/\/schema.org\",\"@graph\":[{\"@type\":\"Article\",\"@id\":\"https:\/\/www.budokampsport.se\/2021\/04\/09\/anslutning-av-forening-till-ny-idrott\/#article\",\"isPartOf\":{\"@id\":\"https:\/\/www.budokampsport.se\/2021\/04\/09\/anslutning-av-forening-till-ny-idrott\/\"},\"author\":{\"name\":\"Mats Lilja\",\"@id\":\"https:\/\/www.budokampsport.se\/#\/schema\/person\/d80c0bc61f1787703168fc250ce69522\"},\"headline\":\"Anslutning av f\u00f6rening till ny idrott\",\"datePublished\":\"2021-04-09T13:41:45+00:00\",\"mainEntityOfPage\":{\"@id\":\"https:\/\/www.budokampsport.se\/2021\/04\/09\/anslutning-av-forening-till-ny-idrott\/\"},\"wordCount\":317,\"commentCount\":0,\"image\":{\"@id\":\"https:\/\/www.budokampsport.se\/2021\/04\/09\/anslutning-av-forening-till-ny-idrott\/#primaryimage\"},\"thumbnailUrl\":\"https:\/\/www.budokampsport.se\/wp-content\/uploads\/2021\/04\/BB201123MB035-847px.jpg\",\"inLanguage\":\"sv-SE\",\"potentialAction\":[{\"@type\":\"CommentAction\",\"name\":\"Comment\",\"target\":[\"https:\/\/www.budokampsport.se\/2021\/04\/09\/anslutning-av-forening-till-ny-idrott\/#respond\"]}]},{\"@type\":\"WebPage\",\"@id\":\"https:\/\/www.budokampsport.se\/2021\/04\/09\/anslutning-av-forening-till-ny-idrott\/\",\"url\":\"https:\/\/www.budokampsport.se\/2021\/04\/09\/anslutning-av-forening-till-ny-idrott\/\",\"name\":\"Anslutning av f\u00f6rening till ny idrott - Svenska Budo &amp; Kampsportsf\u00f6rbundet\",\"isPartOf\":{\"@id\":\"https:\/\/www.budokampsport.se\/#website\"},\"primaryImageOfPage\":{\"@id\":\"https:\/\/www.budokampsport.se\/2021\/04\/09\/anslutning-av-forening-till-ny-idrott\/#primaryimage\"},\"image\":{\"@id\":\"https:\/\/www.budokampsport.se\/2021\/04\/09\/anslutning-av-forening-till-ny-idrott\/#primaryimage\"},\"thumbnailUrl\":\"https:\/\/www.budokampsport.se\/wp-content\/uploads\/2021\/04\/BB201123MB035-847px.jpg\",\"datePublished\":\"2021-04-09T13:41:45+00:00\",\"author\":{\"@id\":\"https:\/\/www.budokampsport.se\/#\/schema\/person\/d80c0bc61f1787703168fc250ce69522\"},\"description\":\"SB&K | En f\u00f6rening som \u00e4r medlem i SB&K och \u00f6nskar ansluta ytterligare en eller flera av SB&K:s idrotter m\u00e5ste ans\u00f6ka om anslutning.\",\"breadcrumb\":{\"@id\":\"https:\/\/www.budokampsport.se\/2021\/04\/09\/anslutning-av-forening-till-ny-idrott\/#breadcrumb\"},\"inLanguage\":\"sv-SE\",\"potentialAction\":[{\"@type\":\"ReadAction\",\"target\":[\"https:\/\/www.budokampsport.se\/2021\/04\/09\/anslutning-av-forening-till-ny-idrott\/\"]}]},{\"@type\":\"ImageObject\",\"inLanguage\":\"sv-SE\",\"@id\":\"https:\/\/www.budokampsport.se\/2021\/04\/09\/anslutning-av-forening-till-ny-idrott\/#primaryimage\",\"url\":\"https:\/\/www.budokampsport.se\/wp-content\/uploads\/2021\/04\/BB201123MB035-847px.jpg\",\"contentUrl\":\"https:\/\/www.budokampsport.se\/wp-content\/uploads\/2021\/04\/BB201123MB035-847px.jpg\",\"width\":847,\"height\":549,\"caption\":\"Foto: Mathias Bergeld \/ BILDBYR\u00c5N\"},{\"@type\":\"BreadcrumbList\",\"@id\":\"https:\/\/www.budokampsport.se\/2021\/04\/09\/anslutning-av-forening-till-ny-idrott\/#breadcrumb\",\"itemListElement\":[{\"@type\":\"ListItem\",\"position\":1,\"name\":\"Hem\",\"item\":\"https:\/\/www.budokampsport.se\/\"},{\"@type\":\"ListItem\",\"position\":2,\"name\":\"Anslutning av f\u00f6rening till ny idrott\"}]},{\"@type\":\"WebSite\",\"@id\":\"https:\/\/www.budokampsport.se\/#website\",\"url\":\"https:\/\/www.budokampsport.se\/\",\"name\":\"Svenska Budo &amp; Kampsportsf\u00f6rbundet\",\"description\":\"T\u00e4vling, Tr\u00e4ning, Tradition\",\"potentialAction\":[{\"@type\":\"SearchAction\",\"target\":{\"@type\":\"EntryPoint\",\"urlTemplate\":\"https:\/\/www.budokampsport.se\/?s={search_term_string}\"},\"query-input\":{\"@type\":\"PropertyValueSpecification\",\"valueRequired\":true,\"valueName\":\"search_term_string\"}}],\"inLanguage\":\"sv-SE\"},{\"@type\":\"Person\",\"@id\":\"https:\/\/www.budokampsport.se\/#\/schema\/person\/d80c0bc61f1787703168fc250ce69522\",\"name\":\"Mats Lilja\",\"image\":{\"@type\":\"ImageObject\",\"inLanguage\":\"sv-SE\",\"@id\":\"https:\/\/www.budokampsport.se\/#\/schema\/person\/image\/\",\"url\":\"https:\/\/secure.gravatar.com\/avatar\/607f84918e96abe1ebbd8611782fa57d?s=96&d=blank&r=g\",\"contentUrl\":\"https:\/\/secure.gravatar.com\/avatar\/607f84918e96abe1ebbd8611782fa57d?s=96&d=blank&r=g\",\"caption\":\"Mats Lilja\"},\"url\":\"https:\/\/www.budokampsport.se\/author\/mats-lilja\/\"}]}<\/script>\n<!-- \/ Yoast SEO plugin. -->","yoast_head_json":{"title":"Anslutning av f\u00f6rening till ny idrott - Svenska Budo &amp; Kampsportsf\u00f6rbundet","description":"SB&K | En f\u00f6rening som \u00e4r medlem i SB&K och \u00f6nskar ansluta ytterligare en eller flera av SB&K:s idrotter m\u00e5ste ans\u00f6ka om anslutning.","robots":{"index":"index","follow":"follow","max-snippet":"max-snippet:-1","max-image-preview":"max-image-preview:large","max-video-preview":"max-video-preview:-1"},"canonical":"https:\/\/www.budokampsport.se\/2021\/04\/09\/anslutning-av-forening-till-ny-idrott\/","og_locale":"sv_SE","og_type":"article","og_title":"Anslutning av f\u00f6rening till ny idrott - Svenska Budo &amp; Kampsportsf\u00f6rbundet","og_description":"SB&K | En f\u00f6rening som \u00e4r medlem i SB&K och \u00f6nskar ansluta ytterligare en eller flera av SB&K:s idrotter m\u00e5ste ans\u00f6ka om anslutning.","og_url":"https:\/\/www.budokampsport.se\/2021\/04\/09\/anslutning-av-forening-till-ny-idrott\/","og_site_name":"Svenska Budo &amp; Kampsportsf\u00f6rbundet","article_published_time":"2021-04-09T13:41:45+00:00","og_image":[{"width":847,"height":549,"url":"https:\/\/www.budokampsport.se\/wp-content\/uploads\/2021\/04\/BB201123MB035-847px.jpg","type":"image\/jpeg"}],"author":"Mats Lilja","twitter_card":"summary_large_image","twitter_misc":{"Skriven av":"Mats Lilja","Ber\u00e4knad l\u00e4stid":"2 minuter"},"schema":{"@context":"https:\/\/schema.org","@graph":[{"@type":"Article","@id":"https:\/\/www.budokampsport.se\/2021\/04\/09\/anslutning-av-forening-till-ny-idrott\/#article","isPartOf":{"@id":"https:\/\/www.budokampsport.se\/2021\/04\/09\/anslutning-av-forening-till-ny-idrott\/"},"author":{"name":"Mats Lilja","@id":"https:\/\/www.budokampsport.se\/#\/schema\/person\/d80c0bc61f1787703168fc250ce69522"},"headline":"Anslutning av f\u00f6rening till ny idrott","datePublished":"2021-04-09T13:41:45+00:00","mainEntityOfPage":{"@id":"https:\/\/www.budokampsport.se\/2021\/04\/09\/anslutning-av-forening-till-ny-idrott\/"},"wordCount":317,"commentCount":0,"image":{"@id":"https:\/\/www.budokampsport.se\/2021\/04\/09\/anslutning-av-forening-till-ny-idrott\/#primaryimage"},"thumbnailUrl":"https:\/\/www.budokampsport.se\/wp-content\/uploads\/2021\/04\/BB201123MB035-847px.jpg","inLanguage":"sv-SE","potentialAction":[{"@type":"CommentAction","name":"Comment","target":["https:\/\/www.budokampsport.se\/2021\/04\/09\/anslutning-av-forening-till-ny-idrott\/#respond"]}]},{"@type":"WebPage","@id":"https:\/\/www.budokampsport.se\/2021\/04\/09\/anslutning-av-forening-till-ny-idrott\/","url":"https:\/\/www.budokampsport.se\/2021\/04\/09\/anslutning-av-forening-till-ny-idrott\/","name":"Anslutning av f\u00f6rening till ny idrott - Svenska Budo &amp; Kampsportsf\u00f6rbundet","isPartOf":{"@id":"https:\/\/www.budokampsport.se\/#website"},"primaryImageOfPage":{"@id":"https:\/\/www.budokampsport.se\/2021\/04\/09\/anslutning-av-forening-till-ny-idrott\/#primaryimage"},"image":{"@id":"https:\/\/www.budokampsport.se\/2021\/04\/09\/anslutning-av-forening-till-ny-idrott\/#primaryimage"},"thumbnailUrl":"https:\/\/www.budokampsport.se\/wp-content\/uploads\/2021\/04\/BB201123MB035-847px.jpg","datePublished":"2021-04-09T13:41:45+00:00","author":{"@id":"https:\/\/www.budokampsport.se\/#\/schema\/person\/d80c0bc61f1787703168fc250ce69522"},"description":"SB&K | En f\u00f6rening som \u00e4r medlem i SB&K och \u00f6nskar ansluta ytterligare en eller flera av SB&K:s idrotter m\u00e5ste ans\u00f6ka om anslutning.","breadcrumb":{"@id":"https:\/\/www.budokampsport.se\/2021\/04\/09\/anslutning-av-forening-till-ny-idrott\/#breadcrumb"},"inLanguage":"sv-SE","potentialAction":[{"@type":"ReadAction","target":["https:\/\/www.budokampsport.se\/2021\/04\/09\/anslutning-av-forening-till-ny-idrott\/"]}]},{"@type":"ImageObject","inLanguage":"sv-SE","@id":"https:\/\/www.budokampsport.se\/2021\/04\/09\/anslutning-av-forening-till-ny-idrott\/#primaryimage","url":"https:\/\/www.budokampsport.se\/wp-content\/uploads\/2021\/04\/BB201123MB035-847px.jpg","contentUrl":"https:\/\/www.budokampsport.se\/wp-content\/uploads\/2021\/04\/BB201123MB035-847px.jpg","width":847,"height":549,"caption":"Foto: Mathias Bergeld \/ BILDBYR\u00c5N"},{"@type":"BreadcrumbList","@id":"https:\/\/www.budokampsport.se\/2021\/04\/09\/anslutning-av-forening-till-ny-idrott\/#breadcrumb","itemListElement":[{"@type":"ListItem","position":1,"name":"Hem","item":"https:\/\/www.budokampsport.se\/"},{"@type":"ListItem","position":2,"name":"Anslutning av f\u00f6rening till ny idrott"}]},{"@type":"WebSite","@id":"https:\/\/www.budokampsport.se\/#website","url":"https:\/\/www.budokampsport.se\/","name":"Svenska Budo &amp; Kampsportsf\u00f6rbundet","description":"T\u00e4vling, Tr\u00e4ning, Tradition","potentialAction":[{"@type":"SearchAction","target":{"@type":"EntryPoint","urlTemplate":"https:\/\/www.budokampsport.se\/?s={search_term_string}"},"query-input":{"@type":"PropertyValueSpecification","valueRequired":true,"valueName":"search_term_string"}}],"inLanguage":"sv-SE"},{"@type":"Person","@id":"https:\/\/www.budokampsport.se\/#\/schema\/person\/d80c0bc61f1787703168fc250ce69522","name":"Mats Lilja","image":{"@type":"ImageObject","inLanguage":"sv-SE","@id":"https:\/\/www.budokampsport.se\/#\/schema\/person\/image\/","url":"https:\/\/secure.gravatar.com\/avatar\/607f84918e96abe1ebbd8611782fa57d?s=96&d=blank&r=g","contentUrl":"https:\/\/secure.gravatar.com\/avatar\/607f84918e96abe1ebbd8611782fa57d?s=96&d=blank&r=g","caption":"Mats Lilja"},"url":"https:\/\/www.budokampsport.se\/author\/mats-lilja\/"}]}},"_links":{"self":[{"href":"https:\/\/www.budokampsport.se\/api\/wp\/v2\/posts\/125363","targetHints":{"allow":["GET"]}}],"collection":[{"href":"https:\/\/www.budokampsport.se\/api\/wp\/v2\/posts"}],"about":[{"href":"https:\/\/www.budokampsport.se\/api\/wp\/v2\/types\/post"}],"author":[{"embeddable":true,"href":"https:\/\/www.budokampsport.se\/api\/wp\/v2\/users\/914"}],"replies":[{"embeddable":true,"href":"https:\/\/www.budokampsport.se\/api\/wp\/v2\/comments?post=125363"}],"version-history":[{"count":0,"href":"https:\/\/www.budokampsport.se\/api\/wp\/v2\/posts\/125363\/revisions"}],"wp:featuredmedia":[{"embeddable":true,"href":"https:\/\/www.budokampsport.se\/api\/wp\/v2\/media\/125371"}],"wp:attachment":[{"href":"https:\/\/www.budokampsport.se\/api\/wp\/v2\/media?parent=125363"}],"wp:term":[{"taxonomy":"category","embeddable":true,"href":"https:\/\/www.budokampsport.se\/api\/wp\/v2\/categories?post=125363"},{"taxonomy":"post_tag","embeddable":true,"href":"https:\/\/www.budokampsport.se\/api\/wp\/v2\/tags?post=125363"}],"curies":[{"name":"wp","href":"https:\/\/api.w.org\/{rel}","templated":true}]}}