{"id":125398,"date":"2021-04-14T15:11:50","date_gmt":"2021-04-14T13:11:50","guid":{"rendered":"https:\/\/www.budokampsport.se\/?p=125398"},"modified":"2021-04-16T09:16:09","modified_gmt":"2021-04-16T07:16:09","slug":"kampsportsskolan-ar-tillbaka","status":"publish","type":"post","link":"https:\/\/www.budokampsport.se\/2021\/04\/14\/kampsportsskolan-ar-tillbaka\/","title":{"rendered":"Kampsportsskolan \u00e4r tillbaka"},"content":{"rendered":"<p>Ett 50-tal deltagare fr\u00e5n nio olika idrottsf\u00f6reningar genomf\u00f6rde p\u00e5 tisdagkv\u00e4llen del 1 av Kampsportsskolan, en del av SB&amp;K:s projekt MotoriQ.<\/p>\n<p>\u2013 Verkligen superkul att vi k\u00f6r i g\u00e5ng utbildningen. Och s\u00e5 h\u00e4rligt med s\u00e5 m\u00e5nga anm\u00e4lda, s\u00e4ger projektledaren Magnus Ledin.<\/p>\n<p>Kampsportsskolan \u00e4r precis som vilken idrottsskola som helst. Den erbjuder m\u00f6jlighet att prova p\u00e5 en ny aktivitet p\u00e5 ett lekfullt och enkelt s\u00e4tt. SB&amp;K vill med Kampsportsskolan s\u00e4nka tr\u00f6skeln till kampsportens v\u00e4rld och ge deltagarna en m\u00f6jlighet att testa p\u00e5 gl\u00e4djefylld fysisk aktivitet och att de d\u00e4r f\u00e5r uppleva kampsportens positiva effekter.<\/p>\n<p>Utbildningen sker digitalt och mellan utbildningstillf\u00e4llena s\u00e5 f\u00e5r deltagarna i uppgift att testa p\u00e5 Kampsportsskolans aktivitetsplaner. Aktiviteterna ska skapa r\u00f6relsegl\u00e4dje genom positiv fysisk kontakt och mycket social interaktion.<\/p>\n<p>\u2013 Jag upplevde att deltagarna framf\u00f6r allt var nyfikna p\u00e5 hur man i praktiken kan fr\u00e4mja ut\u00f6vares sj\u00e4lvf\u00f6rtroende och motivation. Det ska bli sp\u00e4nnande att vid n\u00e4sta tillf\u00e4lle samtala vidare om deltagarnas upplevelse av den praktiska till\u00e4mpningen, s\u00e4ger Grim Jernudd, utbildare f\u00f6r Kampsportsskolan.<\/p>\n<p>Kampsportsskolan har tagits fram med st\u00f6d fr\u00e5n Svenska Spel och R\u00f6relsefonden. Mer information finns under <a href=\"https:\/\/www.budokampsport.se\/forbund\/\" target=\"_blank\" rel=\"noopener noreferrer\">F\u00f6rbund<\/a> \u203a <a href=\"https:\/\/www.budokampsport.se\/forbund\/motoriq-physical-literacy\/\" target=\"_blank\" rel=\"noopener noreferrer\">MotoriQ \u2013 Physical literacy<\/a>.<\/p>\n<p>Del 2 av utbildningen genomf\u00f6rs den 27 april f\u00f6r de som deltog ig\u00e5r.<\/p>\n<p>Nya kurstillf\u00e4llen \u00e4r planerade fram\u00f6ver. Kontakta g\u00e4rna Magnus Ledin p\u00e5 <a href=\"mailto:ledin@budo.se\">ledin@budo.se<\/a> om ni vill veta mer.<\/p>\n<hr \/>\n<p><strong>MotoriQ<\/strong><br \/>\n<strong>Svenska Budo &amp; Kampsportsf\u00f6rbundet<\/strong><\/p>\n","protected":false},"excerpt":{"rendered":"<p>SB&#038;K | Kampsportsskolan g\u00e5r nu in i sin andra s\u00e4song. I g\u00e5r genomf\u00f6rdes den f\u00f6rsta av tv\u00e5 delar av utbildningen.<\/p><br>","protected":false},"author":22,"featured_media":125399,"comment_status":"open","ping_status":"open","sticky":false,"template":"","format":"standard","meta":{"_acf_changed":false,"footnotes":""},"categories":[413,1],"tags":[],"class_list":["post-125398","post","type-post","status-publish","format-standard","has-post-thumbnail","hentry","category-motoriq","category-okategoriserade"],"acf":[],"yoast_head":"<!-- This site is optimized with the Yoast SEO plugin v26.8 - https:\/\/yoast.com\/product\/yoast-seo-wordpress\/ -->\n<title>Kampsportsskolan \u00e4r tillbaka - Svenska Budo &amp; Kampsportsf\u00f6rbundet<\/title>\n<meta name=\"description\" content=\"SB&amp;K | Kampsportsskolan g\u00e5r nu in i sin andra s\u00e4song. I g\u00e5r genomf\u00f6rdes den f\u00f6rsta av tv\u00e5 delar av utbildningen.\" \/>\n<meta name=\"robots\" content=\"index, follow, max-snippet:-1, max-image-preview:large, max-video-preview:-1\" \/>\n<link rel=\"canonical\" href=\"https:\/\/www.budokampsport.se\/2021\/04\/14\/kampsportsskolan-ar-tillbaka\/\" \/>\n<meta property=\"og:locale\" content=\"sv_SE\" \/>\n<meta property=\"og:type\" content=\"article\" \/>\n<meta property=\"og:title\" content=\"Kampsportsskolan \u00e4r tillbaka - Svenska Budo &amp; Kampsportsf\u00f6rbundet\" \/>\n<meta property=\"og:description\" content=\"SB&amp;K | Kampsportsskolan g\u00e5r nu in i sin andra s\u00e4song. I g\u00e5r genomf\u00f6rdes den f\u00f6rsta av tv\u00e5 delar av utbildningen.\" \/>\n<meta property=\"og:url\" content=\"https:\/\/www.budokampsport.se\/2021\/04\/14\/kampsportsskolan-ar-tillbaka\/\" \/>\n<meta property=\"og:site_name\" content=\"Svenska Budo &amp; Kampsportsf\u00f6rbundet\" \/>\n<meta property=\"article:published_time\" content=\"2021-04-14T13:11:50+00:00\" \/>\n<meta property=\"article:modified_time\" content=\"2021-04-16T07:16:09+00:00\" \/>\n<meta property=\"og:image\" content=\"https:\/\/www.budokampsport.se\/wp-content\/uploads\/2021\/04\/motoriq-kampsportsskolan-847px.jpg\" \/>\n\t<meta property=\"og:image:width\" content=\"847\" \/>\n\t<meta property=\"og:image:height\" content=\"400\" \/>\n\t<meta property=\"og:image:type\" content=\"image\/jpeg\" \/>\n<meta name=\"author\" content=\"Magnus Ledin\" \/>\n<meta name=\"twitter:card\" content=\"summary_large_image\" \/>\n<meta name=\"twitter:label1\" content=\"Skriven av\" \/>\n\t<meta name=\"twitter:data1\" content=\"Magnus Ledin\" \/>\n\t<meta name=\"twitter:label2\" content=\"Ber\u00e4knad l\u00e4stid\" \/>\n\t<meta name=\"twitter:data2\" content=\"1 minut\" \/>\n<script type=\"application\/ld+json\" class=\"yoast-schema-graph\">{\"@context\":\"https:\/\/schema.org\",\"@graph\":[{\"@type\":\"Article\",\"@id\":\"https:\/\/www.budokampsport.se\/2021\/04\/14\/kampsportsskolan-ar-tillbaka\/#article\",\"isPartOf\":{\"@id\":\"https:\/\/www.budokampsport.se\/2021\/04\/14\/kampsportsskolan-ar-tillbaka\/\"},\"author\":{\"name\":\"Magnus Ledin\",\"@id\":\"https:\/\/www.budokampsport.se\/#\/schema\/person\/6860b32a0987812c30f687e08075b61d\"},\"headline\":\"Kampsportsskolan \u00e4r tillbaka\",\"datePublished\":\"2021-04-14T13:11:50+00:00\",\"dateModified\":\"2021-04-16T07:16:09+00:00\",\"mainEntityOfPage\":{\"@id\":\"https:\/\/www.budokampsport.se\/2021\/04\/14\/kampsportsskolan-ar-tillbaka\/\"},\"wordCount\":266,\"commentCount\":1,\"image\":{\"@id\":\"https:\/\/www.budokampsport.se\/2021\/04\/14\/kampsportsskolan-ar-tillbaka\/#primaryimage\"},\"thumbnailUrl\":\"https:\/\/www.budokampsport.se\/wp-content\/uploads\/2021\/04\/motoriq-kampsportsskolan-847px.jpg\",\"articleSection\":[\"MotoriQ\"],\"inLanguage\":\"sv-SE\",\"potentialAction\":[{\"@type\":\"CommentAction\",\"name\":\"Comment\",\"target\":[\"https:\/\/www.budokampsport.se\/2021\/04\/14\/kampsportsskolan-ar-tillbaka\/#respond\"]}]},{\"@type\":\"WebPage\",\"@id\":\"https:\/\/www.budokampsport.se\/2021\/04\/14\/kampsportsskolan-ar-tillbaka\/\",\"url\":\"https:\/\/www.budokampsport.se\/2021\/04\/14\/kampsportsskolan-ar-tillbaka\/\",\"name\":\"Kampsportsskolan \u00e4r tillbaka - Svenska Budo &amp; Kampsportsf\u00f6rbundet\",\"isPartOf\":{\"@id\":\"https:\/\/www.budokampsport.se\/#website\"},\"primaryImageOfPage\":{\"@id\":\"https:\/\/www.budokampsport.se\/2021\/04\/14\/kampsportsskolan-ar-tillbaka\/#primaryimage\"},\"image\":{\"@id\":\"https:\/\/www.budokampsport.se\/2021\/04\/14\/kampsportsskolan-ar-tillbaka\/#primaryimage\"},\"thumbnailUrl\":\"https:\/\/www.budokampsport.se\/wp-content\/uploads\/2021\/04\/motoriq-kampsportsskolan-847px.jpg\",\"datePublished\":\"2021-04-14T13:11:50+00:00\",\"dateModified\":\"2021-04-16T07:16:09+00:00\",\"author\":{\"@id\":\"https:\/\/www.budokampsport.se\/#\/schema\/person\/6860b32a0987812c30f687e08075b61d\"},\"description\":\"SB&K | Kampsportsskolan g\u00e5r nu in i sin andra s\u00e4song. I g\u00e5r genomf\u00f6rdes den f\u00f6rsta av tv\u00e5 delar av utbildningen.\",\"breadcrumb\":{\"@id\":\"https:\/\/www.budokampsport.se\/2021\/04\/14\/kampsportsskolan-ar-tillbaka\/#breadcrumb\"},\"inLanguage\":\"sv-SE\",\"potentialAction\":[{\"@type\":\"ReadAction\",\"target\":[\"https:\/\/www.budokampsport.se\/2021\/04\/14\/kampsportsskolan-ar-tillbaka\/\"]}]},{\"@type\":\"ImageObject\",\"inLanguage\":\"sv-SE\",\"@id\":\"https:\/\/www.budokampsport.se\/2021\/04\/14\/kampsportsskolan-ar-tillbaka\/#primaryimage\",\"url\":\"https:\/\/www.budokampsport.se\/wp-content\/uploads\/2021\/04\/motoriq-kampsportsskolan-847px.jpg\",\"contentUrl\":\"https:\/\/www.budokampsport.se\/wp-content\/uploads\/2021\/04\/motoriq-kampsportsskolan-847px.jpg\",\"width\":847,\"height\":400},{\"@type\":\"BreadcrumbList\",\"@id\":\"https:\/\/www.budokampsport.se\/2021\/04\/14\/kampsportsskolan-ar-tillbaka\/#breadcrumb\",\"itemListElement\":[{\"@type\":\"ListItem\",\"position\":1,\"name\":\"Hem\",\"item\":\"https:\/\/www.budokampsport.se\/\"},{\"@type\":\"ListItem\",\"position\":2,\"name\":\"Kampsportsskolan \u00e4r tillbaka\"}]},{\"@type\":\"WebSite\",\"@id\":\"https:\/\/www.budokampsport.se\/#website\",\"url\":\"https:\/\/www.budokampsport.se\/\",\"name\":\"Svenska Budo &amp; Kampsportsf\u00f6rbundet\",\"description\":\"T\u00e4vling, Tr\u00e4ning, Tradition\",\"potentialAction\":[{\"@type\":\"SearchAction\",\"target\":{\"@type\":\"EntryPoint\",\"urlTemplate\":\"https:\/\/www.budokampsport.se\/?s={search_term_string}\"},\"query-input\":{\"@type\":\"PropertyValueSpecification\",\"valueRequired\":true,\"valueName\":\"search_term_string\"}}],\"inLanguage\":\"sv-SE\"},{\"@type\":\"Person\",\"@id\":\"https:\/\/www.budokampsport.se\/#\/schema\/person\/6860b32a0987812c30f687e08075b61d\",\"name\":\"Magnus Ledin\",\"image\":{\"@type\":\"ImageObject\",\"inLanguage\":\"sv-SE\",\"@id\":\"https:\/\/www.budokampsport.se\/#\/schema\/person\/image\/\",\"url\":\"https:\/\/secure.gravatar.com\/avatar\/5aa6ad2f02424f7ac1c1593189292cf5?s=96&d=blank&r=g\",\"contentUrl\":\"https:\/\/secure.gravatar.com\/avatar\/5aa6ad2f02424f7ac1c1593189292cf5?s=96&d=blank&r=g\",\"caption\":\"Magnus Ledin\"},\"url\":\"https:\/\/www.budokampsport.se\/author\/magnus-ledin\/\"}]}<\/script>\n<!-- \/ Yoast SEO plugin. -->","yoast_head_json":{"title":"Kampsportsskolan \u00e4r tillbaka - Svenska Budo &amp; Kampsportsf\u00f6rbundet","description":"SB&K | Kampsportsskolan g\u00e5r nu in i sin andra s\u00e4song. I g\u00e5r genomf\u00f6rdes den f\u00f6rsta av tv\u00e5 delar av utbildningen.","robots":{"index":"index","follow":"follow","max-snippet":"max-snippet:-1","max-image-preview":"max-image-preview:large","max-video-preview":"max-video-preview:-1"},"canonical":"https:\/\/www.budokampsport.se\/2021\/04\/14\/kampsportsskolan-ar-tillbaka\/","og_locale":"sv_SE","og_type":"article","og_title":"Kampsportsskolan \u00e4r tillbaka - Svenska Budo &amp; Kampsportsf\u00f6rbundet","og_description":"SB&K | Kampsportsskolan g\u00e5r nu in i sin andra s\u00e4song. I g\u00e5r genomf\u00f6rdes den f\u00f6rsta av tv\u00e5 delar av utbildningen.","og_url":"https:\/\/www.budokampsport.se\/2021\/04\/14\/kampsportsskolan-ar-tillbaka\/","og_site_name":"Svenska Budo &amp; Kampsportsf\u00f6rbundet","article_published_time":"2021-04-14T13:11:50+00:00","article_modified_time":"2021-04-16T07:16:09+00:00","og_image":[{"width":847,"height":400,"url":"https:\/\/www.budokampsport.se\/wp-content\/uploads\/2021\/04\/motoriq-kampsportsskolan-847px.jpg","type":"image\/jpeg"}],"author":"Magnus Ledin","twitter_card":"summary_large_image","twitter_misc":{"Skriven av":"Magnus Ledin","Ber\u00e4knad l\u00e4stid":"1 minut"},"schema":{"@context":"https:\/\/schema.org","@graph":[{"@type":"Article","@id":"https:\/\/www.budokampsport.se\/2021\/04\/14\/kampsportsskolan-ar-tillbaka\/#article","isPartOf":{"@id":"https:\/\/www.budokampsport.se\/2021\/04\/14\/kampsportsskolan-ar-tillbaka\/"},"author":{"name":"Magnus Ledin","@id":"https:\/\/www.budokampsport.se\/#\/schema\/person\/6860b32a0987812c30f687e08075b61d"},"headline":"Kampsportsskolan \u00e4r tillbaka","datePublished":"2021-04-14T13:11:50+00:00","dateModified":"2021-04-16T07:16:09+00:00","mainEntityOfPage":{"@id":"https:\/\/www.budokampsport.se\/2021\/04\/14\/kampsportsskolan-ar-tillbaka\/"},"wordCount":266,"commentCount":1,"image":{"@id":"https:\/\/www.budokampsport.se\/2021\/04\/14\/kampsportsskolan-ar-tillbaka\/#primaryimage"},"thumbnailUrl":"https:\/\/www.budokampsport.se\/wp-content\/uploads\/2021\/04\/motoriq-kampsportsskolan-847px.jpg","articleSection":["MotoriQ"],"inLanguage":"sv-SE","potentialAction":[{"@type":"CommentAction","name":"Comment","target":["https:\/\/www.budokampsport.se\/2021\/04\/14\/kampsportsskolan-ar-tillbaka\/#respond"]}]},{"@type":"WebPage","@id":"https:\/\/www.budokampsport.se\/2021\/04\/14\/kampsportsskolan-ar-tillbaka\/","url":"https:\/\/www.budokampsport.se\/2021\/04\/14\/kampsportsskolan-ar-tillbaka\/","name":"Kampsportsskolan \u00e4r tillbaka - Svenska Budo &amp; Kampsportsf\u00f6rbundet","isPartOf":{"@id":"https:\/\/www.budokampsport.se\/#website"},"primaryImageOfPage":{"@id":"https:\/\/www.budokampsport.se\/2021\/04\/14\/kampsportsskolan-ar-tillbaka\/#primaryimage"},"image":{"@id":"https:\/\/www.budokampsport.se\/2021\/04\/14\/kampsportsskolan-ar-tillbaka\/#primaryimage"},"thumbnailUrl":"https:\/\/www.budokampsport.se\/wp-content\/uploads\/2021\/04\/motoriq-kampsportsskolan-847px.jpg","datePublished":"2021-04-14T13:11:50+00:00","dateModified":"2021-04-16T07:16:09+00:00","author":{"@id":"https:\/\/www.budokampsport.se\/#\/schema\/person\/6860b32a0987812c30f687e08075b61d"},"description":"SB&K | Kampsportsskolan g\u00e5r nu in i sin andra s\u00e4song. I g\u00e5r genomf\u00f6rdes den f\u00f6rsta av tv\u00e5 delar av utbildningen.","breadcrumb":{"@id":"https:\/\/www.budokampsport.se\/2021\/04\/14\/kampsportsskolan-ar-tillbaka\/#breadcrumb"},"inLanguage":"sv-SE","potentialAction":[{"@type":"ReadAction","target":["https:\/\/www.budokampsport.se\/2021\/04\/14\/kampsportsskolan-ar-tillbaka\/"]}]},{"@type":"ImageObject","inLanguage":"sv-SE","@id":"https:\/\/www.budokampsport.se\/2021\/04\/14\/kampsportsskolan-ar-tillbaka\/#primaryimage","url":"https:\/\/www.budokampsport.se\/wp-content\/uploads\/2021\/04\/motoriq-kampsportsskolan-847px.jpg","contentUrl":"https:\/\/www.budokampsport.se\/wp-content\/uploads\/2021\/04\/motoriq-kampsportsskolan-847px.jpg","width":847,"height":400},{"@type":"BreadcrumbList","@id":"https:\/\/www.budokampsport.se\/2021\/04\/14\/kampsportsskolan-ar-tillbaka\/#breadcrumb","itemListElement":[{"@type":"ListItem","position":1,"name":"Hem","item":"https:\/\/www.budokampsport.se\/"},{"@type":"ListItem","position":2,"name":"Kampsportsskolan \u00e4r tillbaka"}]},{"@type":"WebSite","@id":"https:\/\/www.budokampsport.se\/#website","url":"https:\/\/www.budokampsport.se\/","name":"Svenska Budo &amp; Kampsportsf\u00f6rbundet","description":"T\u00e4vling, Tr\u00e4ning, Tradition","potentialAction":[{"@type":"SearchAction","target":{"@type":"EntryPoint","urlTemplate":"https:\/\/www.budokampsport.se\/?s={search_term_string}"},"query-input":{"@type":"PropertyValueSpecification","valueRequired":true,"valueName":"search_term_string"}}],"inLanguage":"sv-SE"},{"@type":"Person","@id":"https:\/\/www.budokampsport.se\/#\/schema\/person\/6860b32a0987812c30f687e08075b61d","name":"Magnus Ledin","image":{"@type":"ImageObject","inLanguage":"sv-SE","@id":"https:\/\/www.budokampsport.se\/#\/schema\/person\/image\/","url":"https:\/\/secure.gravatar.com\/avatar\/5aa6ad2f02424f7ac1c1593189292cf5?s=96&d=blank&r=g","contentUrl":"https:\/\/secure.gravatar.com\/avatar\/5aa6ad2f02424f7ac1c1593189292cf5?s=96&d=blank&r=g","caption":"Magnus Ledin"},"url":"https:\/\/www.budokampsport.se\/author\/magnus-ledin\/"}]}},"_links":{"self":[{"href":"https:\/\/www.budokampsport.se\/api\/wp\/v2\/posts\/125398","targetHints":{"allow":["GET"]}}],"collection":[{"href":"https:\/\/www.budokampsport.se\/api\/wp\/v2\/posts"}],"about":[{"href":"https:\/\/www.budokampsport.se\/api\/wp\/v2\/types\/post"}],"author":[{"embeddable":true,"href":"https:\/\/www.budokampsport.se\/api\/wp\/v2\/users\/22"}],"replies":[{"embeddable":true,"href":"https:\/\/www.budokampsport.se\/api\/wp\/v2\/comments?post=125398"}],"version-history":[{"count":0,"href":"https:\/\/www.budokampsport.se\/api\/wp\/v2\/posts\/125398\/revisions"}],"wp:featuredmedia":[{"embeddable":true,"href":"https:\/\/www.budokampsport.se\/api\/wp\/v2\/media\/125399"}],"wp:attachment":[{"href":"https:\/\/www.budokampsport.se\/api\/wp\/v2\/media?parent=125398"}],"wp:term":[{"taxonomy":"category","embeddable":true,"href":"https:\/\/www.budokampsport.se\/api\/wp\/v2\/categories?post=125398"},{"taxonomy":"post_tag","embeddable":true,"href":"https:\/\/www.budokampsport.se\/api\/wp\/v2\/tags?post=125398"}],"curies":[{"name":"wp","href":"https:\/\/api.w.org\/{rel}","templated":true}]}}