{"id":125402,"date":"2021-04-15T11:39:41","date_gmt":"2021-04-15T09:39:41","guid":{"rendered":"https:\/\/www.budokampsport.se\/?p=125402"},"modified":"2021-04-16T10:29:40","modified_gmt":"2021-04-16T08:29:40","slug":"stefan-stenudd-om-verksamhetsberattelsen-och-sitt-fortjansttecken","status":"publish","type":"post","link":"https:\/\/www.budokampsport.se\/2021\/04\/15\/stefan-stenudd-om-verksamhetsberattelsen-och-sitt-fortjansttecken\/","title":{"rendered":"Stefan Stenudd om verksamhetsber\u00e4ttelsen och sitt f\u00f6rtj\u00e4nsttecken"},"content":{"rendered":"<p>Svenska Budo &amp; Kampsportsf\u00f6rbundets verksamhetsber\u00e4ttelse f\u00f6r 2020 \u00e4r klar och kommer att <a href=\"https:\/\/www.budokampsport.se\/2021\/04\/16\/verksamhetsberattelsen-2020-ar-har\/\" target=\"_blank\" rel=\"noopener noreferrer\">publiceras imorgon<\/a> (den 16 april). Stefan Stenudd har \u00e5terigen varit redakt\u00f6r och kan se tillbaka p\u00e5 en lite annorlunda process.<\/p>\n<p>\u2013 Detta var ju ett v\u00e4ldigt speciellt \u00e5r, i och med pandemin. Jag oroade mig f\u00f6r att det kanske skulle bli en magrare verksamhetsber\u00e4ttelse. Dessutom hade vi denna g\u00e5ng inte Jonathan Broberg vid v\u00e5r sida i arbetet med den, och han \u00e4r som alla vet en lysande kraft, b\u00e5de i det praktiska arbetet och som en k\u00e4lla till entusiasm, ber\u00e4ttar han f\u00f6r budokampsport.se.<\/p>\n<p>\u2013 Men jag hade ingen anledning till oro. F\u00f6rbundet hade en verksamhet som var mycket rikare \u00e4n det sv\u00e5ra l\u00e4get l\u00e4t ana, och s\u00e5 mycket var som vanligt redan gjort i artiklar och intervjuer p\u00e5 hemsidan under \u00e5ret. Det var inte alls sv\u00e5rt att f\u00e5 ihop en verksamhetsber\u00e4ttelse lika inneh\u00e5llsrik som tidigare \u00e5r.<\/p>\n<p><strong>\u00c4r det n\u00e5got som du tycker sticker ut med \u00e5rets utg\u00e5va?<br \/>\n<\/strong>\u2013 Jag blev glatt \u00f6verraskad \u00f6ver hur mycket som har skett i f\u00f6rbundet under 2020, trots covid-19 och alla dess restriktioner. F\u00f6rbundet centralt och underf\u00f6rbunden var v\u00e4ldigt kreativa med att g\u00f6ra vad som gick att g\u00f6ra. P\u00e5 n\u00e5got s\u00e4tt fick de trots allt verksamheten att g\u00e5 fram\u00e5t. Det \u00e4r starkt!<\/p>\n<p>\u2013 Jag blev s\u00e4rskilt glad \u00f6ver att se hur mycket som \u00e4nd\u00e5 var kvar f\u00f6r v\u00e5ra idrotter att g\u00f6ra, fast de allra flesta t\u00e4vlingarna st\u00e4lldes in. Det \u00e4r en styrka som saknas i s\u00e5 m\u00e5nga sporter, de st\u00e5r och faller med t\u00e4vlingarna. Men hos oss handlar det om s\u00e5 mycket mer \u00e4n medaljer. Jag \u00e4r \u00f6vertygad om att det visar p\u00e5 ett best\u00e5ende v\u00e4rde som inget virus kan kn\u00e4cka.<\/p>\n<p><strong>Hur l\u00e4nge har du varit involverad i <a href=\"https:\/\/www.budokampsport.se\/forbund\/verksamhetsberattelser\/\" target=\"_blank\" rel=\"noopener noreferrer\">verksamhetsber\u00e4ttelserna<\/a>?<br \/>\n<\/strong>\u2013 Jag utformade n\u00e5gra p\u00e5 1990-talet men verksamhetsber\u00e4ttelsen som vi nu k\u00e4nner den tillkom 2010, n\u00e4r f\u00f6rbundet fyllde 50 \u00e5r. Jonathan Broberg f\u00f6reslog att vi skulle g\u00f6ra den i bokform \u2013 n\u00e5got som jag inte hade t\u00e4nkt p\u00e5, fast jag \u00e4r f\u00f6rfattare. D\u00e5 fick den sin nuvarande form med bland annat en stor portion artiklar fr\u00e5n hemsidan som ber\u00e4ttade om verksamheten konkret. Jag \u00e4r v\u00e4ldigt f\u00f6rtjust i det konceptet och jag tror att f\u00f6rbundets medlemmar k\u00e4nner detsamma.<\/p>\n<p><strong>Vad var det som gjorde att det funkade s\u00e5 bra, tror du?<br \/>\n<\/strong>\u2013 Framf\u00f6r allt gav det oss chansen att visa upp v\u00e5ra idrottares m\u00e5nga fantastiska prestationer, som media p\u00e5 den tiden mestadels ignorerade. Det var samma tanke vi hade med att starta Kampsportsgalan. Och herrej\u00f6sses \u2013 det har verkligen inte varit sv\u00e5rt att hitta n\u00e5got att skriva om, med alla dessa storslagna idrottsliga insatser nationellt och internationellt!<\/p>\n<p><strong>Vad \u00e4r det b\u00e4sta med att redaktera verksamhetsber\u00e4ttelsen idag?<br \/>\n<\/strong>\u2013 F\u00f6r mig nu f\u00f6r tiden \u00e4r det h\u00e4rligt att f\u00e5 inblick i hur verksamheten fortskrider och svensk budo och kampsport forts\u00e4tter att \u00f6verv\u00e4ldiga. Jag kan k\u00e4nna hur jag p\u00e5 mitt lilla s\u00e4tt har varit delaktig i n\u00e5got som frodas och imponerar, \u00e5r efter \u00e5r. I en s\u00e5dan medvind \u00e4r det ett rent n\u00f6je att pilla med verksamhetsber\u00e4ttelsen.<\/p>\n<p>\u2013 Nya entusiastiska ut\u00f6vare och stj\u00e4rnor kommer hela tiden. Det \u00e4r n\u00e5got med v\u00e5ra idrotter som lockar till passion och storverk. Jag tycker att det \u00e4r vackert.<\/p>\n<p>Stefan Stenudd har en l\u00e5ng och gedigen bakgrund inom svensk kampsport. Redan 1972 b\u00f6rjade han att tr\u00e4na aikido i J\u00e4rf\u00e4lla, och nio \u00e5r senare grundade han Brandbergens Aikidoklubb. Detta tillsammans med Mikael Eriksson, en tr\u00e4ningskamrat som ocks\u00e5 kom fr\u00e5n J\u00e4rf\u00e4lla.<\/p>\n<p>I b\u00f6rjan av 1980-talet blev han \u00e4ven invald i styrelsen i d\u00e5varande Svenska Budof\u00f6rbundet, det blivande SB&amp;K. Med n\u00e5gra \u00e5rs undantag blev han kvar d\u00e4r i \u00f6ver tre decennier.<\/p>\n<p>\u2013 Jag slutade som f\u00f6rbundsordf\u00f6rande 2016, detta efter sju \u00e5r som ordf\u00f6rande. Men jag \u00e4r kvar i Aikidof\u00f6rbundets graderingskommitt\u00e9 och jag forts\u00e4tter att instruera i aikido, sedan 1991 p\u00e5 Enighet i Malm\u00f6. Jag h\u00e5ller ocks\u00e5 i en del tr\u00e4ningsl\u00e4ger, framf\u00f6r allt i Tyskland, Tjeckien, Slovakien och Ukraina \u2013 men de har allihop varit inst\u00e4llda under pandemin.<\/p>\n<p>\u2013 Annars \u00e4r jag f\u00f6rfattare och plitar p\u00e5 mina b\u00f6cker, som jag alltid har gjort. D\u00e4r g\u00f6r corona ingen skillnad&#8230;<\/p>\n<p><strong>Du har ju nyligen ocks\u00e5 tilldelats <a href=\"https:\/\/www.rf.se\/Arbetsrum\/riksidrottsmotet\/fortjansttecken\" target=\"_blank\" rel=\"noopener noreferrer\">Riksidrottsf\u00f6rbundets f\u00f6rtj\u00e4nsttecken<\/a>. Hur k\u00e4nns det?<br \/>\n<\/strong>\u2013 \u00a0Det \u00e4r f\u00f6rst\u00e5s hedrande, men \u00e4rligt talat \u00f6vertr\u00e4ffar det inte att jag 2019 fick <a href=\"https:\/\/www.budokampsport.se\/2019\/03\/23\/kampsportsgalans-pristagare-2019\/\" target=\"_blank\" rel=\"noopener noreferrer\">SB&amp;K:s hederspris<\/a>. Ett prisande fr\u00e5n kampsportsfamiljen \u00e4r det finaste man kan f\u00e5 som kampsportare.<\/p>\n<p><strong>Vanligtvis s\u00e5 f\u00e5r ju mottagarna sina priser p\u00e5 Riksidrottsm\u00f6tet. P\u00e5 grund av pandemin arrangeras det ju digitalt och ist\u00e4llet s\u00e5 kommer du att tilldelas priset fr\u00e5n SB&amp;K. \u00c4r du besviken \u00f6ver att det inte blir n\u00e5got fysiskt RIM i \u00e5r?<br \/>\n<\/strong>\u2013 \u00a0Tv\u00e4rtom! Som [SB&amp;K:s generalsekreterare] Mona vet mycket v\u00e4l \u00e4r jag inte s\u00e4rskilt lockad av tanken att st\u00e5 som ett slags gisslan p\u00e5 Riksidrottsm\u00f6tets scen inf\u00f6r en publik som varken vet vem man \u00e4r eller bryr sig. Som det nu \u00e4r h\u00e5lls ocks\u00e5 detta inom kampsportsfamiljen, och det \u00e4r precis vad jag skulle \u00f6nska mig.<\/p>\n<p>Text: Mats Lilja<br \/>\nFoto: Hamid Ershad Sarabi [Kampsportsgalan 2019]<\/p>\n","protected":false},"excerpt":{"rendered":"<p>SB&#038;K | Den m\u00e5ng\u00e5rige kampsportsprofilen \u00e4r fortsatt involverad i svensk kampsport. H\u00e4r ber\u00e4ttar han bland annat om arbetetet med SB&#038;K:s verksamhetsber\u00e4ttelser och den annorlunda prisutdelningen som v\u00e4ntar. <\/p><br>","protected":false},"author":914,"featured_media":125403,"comment_status":"open","ping_status":"open","sticky":false,"template":"","format":"standard","meta":{"_acf_changed":false,"footnotes":""},"categories":[1],"tags":[],"class_list":["post-125402","post","type-post","status-publish","format-standard","has-post-thumbnail","hentry","category-okategoriserade"],"acf":[],"yoast_head":"<!-- This site is optimized with the Yoast SEO plugin v26.8 - https:\/\/yoast.com\/product\/yoast-seo-wordpress\/ -->\n<title>Stefan Stenudd om verksamhetsber\u00e4ttelsen och sitt f\u00f6rtj\u00e4nsttecken - Svenska Budo &amp; Kampsportsf\u00f6rbundet<\/title>\n<meta name=\"description\" content=\"SB&amp;K | Den m\u00e5ng\u00e5rige kampsportsprofilen \u00e4r fortsatt involverad i svensk kampsport. H\u00e4r ber\u00e4ttar han bland annat om arbetetet med SB&amp;K:s verksamhetsber\u00e4ttelser och den annorlunda prisutdelningen som v\u00e4ntar.\" \/>\n<meta name=\"robots\" content=\"index, follow, max-snippet:-1, max-image-preview:large, max-video-preview:-1\" \/>\n<link rel=\"canonical\" href=\"https:\/\/www.budokampsport.se\/2021\/04\/15\/stefan-stenudd-om-verksamhetsberattelsen-och-sitt-fortjansttecken\/\" \/>\n<meta property=\"og:locale\" content=\"sv_SE\" \/>\n<meta property=\"og:type\" content=\"article\" \/>\n<meta property=\"og:title\" content=\"Stefan Stenudd om verksamhetsber\u00e4ttelsen och sitt f\u00f6rtj\u00e4nsttecken - Svenska Budo &amp; Kampsportsf\u00f6rbundet\" \/>\n<meta property=\"og:description\" content=\"SB&amp;K | Den m\u00e5ng\u00e5rige kampsportsprofilen \u00e4r fortsatt involverad i svensk kampsport. H\u00e4r ber\u00e4ttar han bland annat om arbetetet med SB&amp;K:s verksamhetsber\u00e4ttelser och den annorlunda prisutdelningen som v\u00e4ntar.\" \/>\n<meta property=\"og:url\" content=\"https:\/\/www.budokampsport.se\/2021\/04\/15\/stefan-stenudd-om-verksamhetsberattelsen-och-sitt-fortjansttecken\/\" \/>\n<meta property=\"og:site_name\" content=\"Svenska Budo &amp; Kampsportsf\u00f6rbundet\" \/>\n<meta property=\"article:published_time\" content=\"2021-04-15T09:39:41+00:00\" \/>\n<meta property=\"article:modified_time\" content=\"2021-04-16T08:29:40+00:00\" \/>\n<meta property=\"og:image\" content=\"https:\/\/www.budokampsport.se\/wp-content\/uploads\/2021\/04\/stenudd-847px.jpg\" \/>\n\t<meta property=\"og:image:width\" content=\"847\" \/>\n\t<meta property=\"og:image:height\" content=\"616\" \/>\n\t<meta property=\"og:image:type\" content=\"image\/jpeg\" \/>\n<meta name=\"author\" content=\"Mats Lilja\" \/>\n<meta name=\"twitter:card\" content=\"summary_large_image\" \/>\n<meta name=\"twitter:label1\" content=\"Skriven av\" \/>\n\t<meta name=\"twitter:data1\" content=\"Mats Lilja\" \/>\n\t<meta name=\"twitter:label2\" content=\"Ber\u00e4knad l\u00e4stid\" \/>\n\t<meta name=\"twitter:data2\" content=\"5 minuter\" \/>\n<script type=\"application\/ld+json\" class=\"yoast-schema-graph\">{\"@context\":\"https:\/\/schema.org\",\"@graph\":[{\"@type\":\"Article\",\"@id\":\"https:\/\/www.budokampsport.se\/2021\/04\/15\/stefan-stenudd-om-verksamhetsberattelsen-och-sitt-fortjansttecken\/#article\",\"isPartOf\":{\"@id\":\"https:\/\/www.budokampsport.se\/2021\/04\/15\/stefan-stenudd-om-verksamhetsberattelsen-och-sitt-fortjansttecken\/\"},\"author\":{\"name\":\"Mats Lilja\",\"@id\":\"https:\/\/www.budokampsport.se\/#\/schema\/person\/d80c0bc61f1787703168fc250ce69522\"},\"headline\":\"Stefan Stenudd om verksamhetsber\u00e4ttelsen och sitt f\u00f6rtj\u00e4nsttecken\",\"datePublished\":\"2021-04-15T09:39:41+00:00\",\"dateModified\":\"2021-04-16T08:29:40+00:00\",\"mainEntityOfPage\":{\"@id\":\"https:\/\/www.budokampsport.se\/2021\/04\/15\/stefan-stenudd-om-verksamhetsberattelsen-och-sitt-fortjansttecken\/\"},\"wordCount\":941,\"commentCount\":0,\"image\":{\"@id\":\"https:\/\/www.budokampsport.se\/2021\/04\/15\/stefan-stenudd-om-verksamhetsberattelsen-och-sitt-fortjansttecken\/#primaryimage\"},\"thumbnailUrl\":\"https:\/\/www.budokampsport.se\/wp-content\/uploads\/2021\/04\/stenudd-847px.jpg\",\"inLanguage\":\"sv-SE\",\"potentialAction\":[{\"@type\":\"CommentAction\",\"name\":\"Comment\",\"target\":[\"https:\/\/www.budokampsport.se\/2021\/04\/15\/stefan-stenudd-om-verksamhetsberattelsen-och-sitt-fortjansttecken\/#respond\"]}]},{\"@type\":\"WebPage\",\"@id\":\"https:\/\/www.budokampsport.se\/2021\/04\/15\/stefan-stenudd-om-verksamhetsberattelsen-och-sitt-fortjansttecken\/\",\"url\":\"https:\/\/www.budokampsport.se\/2021\/04\/15\/stefan-stenudd-om-verksamhetsberattelsen-och-sitt-fortjansttecken\/\",\"name\":\"Stefan Stenudd om verksamhetsber\u00e4ttelsen och sitt f\u00f6rtj\u00e4nsttecken - Svenska Budo &amp; Kampsportsf\u00f6rbundet\",\"isPartOf\":{\"@id\":\"https:\/\/www.budokampsport.se\/#website\"},\"primaryImageOfPage\":{\"@id\":\"https:\/\/www.budokampsport.se\/2021\/04\/15\/stefan-stenudd-om-verksamhetsberattelsen-och-sitt-fortjansttecken\/#primaryimage\"},\"image\":{\"@id\":\"https:\/\/www.budokampsport.se\/2021\/04\/15\/stefan-stenudd-om-verksamhetsberattelsen-och-sitt-fortjansttecken\/#primaryimage\"},\"thumbnailUrl\":\"https:\/\/www.budokampsport.se\/wp-content\/uploads\/2021\/04\/stenudd-847px.jpg\",\"datePublished\":\"2021-04-15T09:39:41+00:00\",\"dateModified\":\"2021-04-16T08:29:40+00:00\",\"author\":{\"@id\":\"https:\/\/www.budokampsport.se\/#\/schema\/person\/d80c0bc61f1787703168fc250ce69522\"},\"description\":\"SB&K | Den m\u00e5ng\u00e5rige kampsportsprofilen \u00e4r fortsatt involverad i svensk kampsport. H\u00e4r ber\u00e4ttar han bland annat om arbetetet med SB&K:s verksamhetsber\u00e4ttelser och den annorlunda prisutdelningen som v\u00e4ntar.\",\"breadcrumb\":{\"@id\":\"https:\/\/www.budokampsport.se\/2021\/04\/15\/stefan-stenudd-om-verksamhetsberattelsen-och-sitt-fortjansttecken\/#breadcrumb\"},\"inLanguage\":\"sv-SE\",\"potentialAction\":[{\"@type\":\"ReadAction\",\"target\":[\"https:\/\/www.budokampsport.se\/2021\/04\/15\/stefan-stenudd-om-verksamhetsberattelsen-och-sitt-fortjansttecken\/\"]}]},{\"@type\":\"ImageObject\",\"inLanguage\":\"sv-SE\",\"@id\":\"https:\/\/www.budokampsport.se\/2021\/04\/15\/stefan-stenudd-om-verksamhetsberattelsen-och-sitt-fortjansttecken\/#primaryimage\",\"url\":\"https:\/\/www.budokampsport.se\/wp-content\/uploads\/2021\/04\/stenudd-847px.jpg\",\"contentUrl\":\"https:\/\/www.budokampsport.se\/wp-content\/uploads\/2021\/04\/stenudd-847px.jpg\",\"width\":847,\"height\":616},{\"@type\":\"BreadcrumbList\",\"@id\":\"https:\/\/www.budokampsport.se\/2021\/04\/15\/stefan-stenudd-om-verksamhetsberattelsen-och-sitt-fortjansttecken\/#breadcrumb\",\"itemListElement\":[{\"@type\":\"ListItem\",\"position\":1,\"name\":\"Hem\",\"item\":\"https:\/\/www.budokampsport.se\/\"},{\"@type\":\"ListItem\",\"position\":2,\"name\":\"Stefan Stenudd om verksamhetsber\u00e4ttelsen och sitt f\u00f6rtj\u00e4nsttecken\"}]},{\"@type\":\"WebSite\",\"@id\":\"https:\/\/www.budokampsport.se\/#website\",\"url\":\"https:\/\/www.budokampsport.se\/\",\"name\":\"Svenska Budo &amp; Kampsportsf\u00f6rbundet\",\"description\":\"T\u00e4vling, Tr\u00e4ning, Tradition\",\"potentialAction\":[{\"@type\":\"SearchAction\",\"target\":{\"@type\":\"EntryPoint\",\"urlTemplate\":\"https:\/\/www.budokampsport.se\/?s={search_term_string}\"},\"query-input\":{\"@type\":\"PropertyValueSpecification\",\"valueRequired\":true,\"valueName\":\"search_term_string\"}}],\"inLanguage\":\"sv-SE\"},{\"@type\":\"Person\",\"@id\":\"https:\/\/www.budokampsport.se\/#\/schema\/person\/d80c0bc61f1787703168fc250ce69522\",\"name\":\"Mats Lilja\",\"image\":{\"@type\":\"ImageObject\",\"inLanguage\":\"sv-SE\",\"@id\":\"https:\/\/www.budokampsport.se\/#\/schema\/person\/image\/\",\"url\":\"https:\/\/secure.gravatar.com\/avatar\/607f84918e96abe1ebbd8611782fa57d?s=96&d=blank&r=g\",\"contentUrl\":\"https:\/\/secure.gravatar.com\/avatar\/607f84918e96abe1ebbd8611782fa57d?s=96&d=blank&r=g\",\"caption\":\"Mats Lilja\"},\"url\":\"https:\/\/www.budokampsport.se\/author\/mats-lilja\/\"}]}<\/script>\n<!-- \/ Yoast SEO plugin. -->","yoast_head_json":{"title":"Stefan Stenudd om verksamhetsber\u00e4ttelsen och sitt f\u00f6rtj\u00e4nsttecken - Svenska Budo &amp; Kampsportsf\u00f6rbundet","description":"SB&K | Den m\u00e5ng\u00e5rige kampsportsprofilen \u00e4r fortsatt involverad i svensk kampsport. H\u00e4r ber\u00e4ttar han bland annat om arbetetet med SB&K:s verksamhetsber\u00e4ttelser och den annorlunda prisutdelningen som v\u00e4ntar.","robots":{"index":"index","follow":"follow","max-snippet":"max-snippet:-1","max-image-preview":"max-image-preview:large","max-video-preview":"max-video-preview:-1"},"canonical":"https:\/\/www.budokampsport.se\/2021\/04\/15\/stefan-stenudd-om-verksamhetsberattelsen-och-sitt-fortjansttecken\/","og_locale":"sv_SE","og_type":"article","og_title":"Stefan Stenudd om verksamhetsber\u00e4ttelsen och sitt f\u00f6rtj\u00e4nsttecken - Svenska Budo &amp; Kampsportsf\u00f6rbundet","og_description":"SB&K | Den m\u00e5ng\u00e5rige kampsportsprofilen \u00e4r fortsatt involverad i svensk kampsport. H\u00e4r ber\u00e4ttar han bland annat om arbetetet med SB&K:s verksamhetsber\u00e4ttelser och den annorlunda prisutdelningen som v\u00e4ntar.","og_url":"https:\/\/www.budokampsport.se\/2021\/04\/15\/stefan-stenudd-om-verksamhetsberattelsen-och-sitt-fortjansttecken\/","og_site_name":"Svenska Budo &amp; Kampsportsf\u00f6rbundet","article_published_time":"2021-04-15T09:39:41+00:00","article_modified_time":"2021-04-16T08:29:40+00:00","og_image":[{"width":847,"height":616,"url":"https:\/\/www.budokampsport.se\/wp-content\/uploads\/2021\/04\/stenudd-847px.jpg","type":"image\/jpeg"}],"author":"Mats Lilja","twitter_card":"summary_large_image","twitter_misc":{"Skriven av":"Mats Lilja","Ber\u00e4knad l\u00e4stid":"5 minuter"},"schema":{"@context":"https:\/\/schema.org","@graph":[{"@type":"Article","@id":"https:\/\/www.budokampsport.se\/2021\/04\/15\/stefan-stenudd-om-verksamhetsberattelsen-och-sitt-fortjansttecken\/#article","isPartOf":{"@id":"https:\/\/www.budokampsport.se\/2021\/04\/15\/stefan-stenudd-om-verksamhetsberattelsen-och-sitt-fortjansttecken\/"},"author":{"name":"Mats Lilja","@id":"https:\/\/www.budokampsport.se\/#\/schema\/person\/d80c0bc61f1787703168fc250ce69522"},"headline":"Stefan Stenudd om verksamhetsber\u00e4ttelsen och sitt f\u00f6rtj\u00e4nsttecken","datePublished":"2021-04-15T09:39:41+00:00","dateModified":"2021-04-16T08:29:40+00:00","mainEntityOfPage":{"@id":"https:\/\/www.budokampsport.se\/2021\/04\/15\/stefan-stenudd-om-verksamhetsberattelsen-och-sitt-fortjansttecken\/"},"wordCount":941,"commentCount":0,"image":{"@id":"https:\/\/www.budokampsport.se\/2021\/04\/15\/stefan-stenudd-om-verksamhetsberattelsen-och-sitt-fortjansttecken\/#primaryimage"},"thumbnailUrl":"https:\/\/www.budokampsport.se\/wp-content\/uploads\/2021\/04\/stenudd-847px.jpg","inLanguage":"sv-SE","potentialAction":[{"@type":"CommentAction","name":"Comment","target":["https:\/\/www.budokampsport.se\/2021\/04\/15\/stefan-stenudd-om-verksamhetsberattelsen-och-sitt-fortjansttecken\/#respond"]}]},{"@type":"WebPage","@id":"https:\/\/www.budokampsport.se\/2021\/04\/15\/stefan-stenudd-om-verksamhetsberattelsen-och-sitt-fortjansttecken\/","url":"https:\/\/www.budokampsport.se\/2021\/04\/15\/stefan-stenudd-om-verksamhetsberattelsen-och-sitt-fortjansttecken\/","name":"Stefan Stenudd om verksamhetsber\u00e4ttelsen och sitt f\u00f6rtj\u00e4nsttecken - Svenska Budo &amp; Kampsportsf\u00f6rbundet","isPartOf":{"@id":"https:\/\/www.budokampsport.se\/#website"},"primaryImageOfPage":{"@id":"https:\/\/www.budokampsport.se\/2021\/04\/15\/stefan-stenudd-om-verksamhetsberattelsen-och-sitt-fortjansttecken\/#primaryimage"},"image":{"@id":"https:\/\/www.budokampsport.se\/2021\/04\/15\/stefan-stenudd-om-verksamhetsberattelsen-och-sitt-fortjansttecken\/#primaryimage"},"thumbnailUrl":"https:\/\/www.budokampsport.se\/wp-content\/uploads\/2021\/04\/stenudd-847px.jpg","datePublished":"2021-04-15T09:39:41+00:00","dateModified":"2021-04-16T08:29:40+00:00","author":{"@id":"https:\/\/www.budokampsport.se\/#\/schema\/person\/d80c0bc61f1787703168fc250ce69522"},"description":"SB&K | Den m\u00e5ng\u00e5rige kampsportsprofilen \u00e4r fortsatt involverad i svensk kampsport. H\u00e4r ber\u00e4ttar han bland annat om arbetetet med SB&K:s verksamhetsber\u00e4ttelser och den annorlunda prisutdelningen som v\u00e4ntar.","breadcrumb":{"@id":"https:\/\/www.budokampsport.se\/2021\/04\/15\/stefan-stenudd-om-verksamhetsberattelsen-och-sitt-fortjansttecken\/#breadcrumb"},"inLanguage":"sv-SE","potentialAction":[{"@type":"ReadAction","target":["https:\/\/www.budokampsport.se\/2021\/04\/15\/stefan-stenudd-om-verksamhetsberattelsen-och-sitt-fortjansttecken\/"]}]},{"@type":"ImageObject","inLanguage":"sv-SE","@id":"https:\/\/www.budokampsport.se\/2021\/04\/15\/stefan-stenudd-om-verksamhetsberattelsen-och-sitt-fortjansttecken\/#primaryimage","url":"https:\/\/www.budokampsport.se\/wp-content\/uploads\/2021\/04\/stenudd-847px.jpg","contentUrl":"https:\/\/www.budokampsport.se\/wp-content\/uploads\/2021\/04\/stenudd-847px.jpg","width":847,"height":616},{"@type":"BreadcrumbList","@id":"https:\/\/www.budokampsport.se\/2021\/04\/15\/stefan-stenudd-om-verksamhetsberattelsen-och-sitt-fortjansttecken\/#breadcrumb","itemListElement":[{"@type":"ListItem","position":1,"name":"Hem","item":"https:\/\/www.budokampsport.se\/"},{"@type":"ListItem","position":2,"name":"Stefan Stenudd om verksamhetsber\u00e4ttelsen och sitt f\u00f6rtj\u00e4nsttecken"}]},{"@type":"WebSite","@id":"https:\/\/www.budokampsport.se\/#website","url":"https:\/\/www.budokampsport.se\/","name":"Svenska Budo &amp; Kampsportsf\u00f6rbundet","description":"T\u00e4vling, Tr\u00e4ning, Tradition","potentialAction":[{"@type":"SearchAction","target":{"@type":"EntryPoint","urlTemplate":"https:\/\/www.budokampsport.se\/?s={search_term_string}"},"query-input":{"@type":"PropertyValueSpecification","valueRequired":true,"valueName":"search_term_string"}}],"inLanguage":"sv-SE"},{"@type":"Person","@id":"https:\/\/www.budokampsport.se\/#\/schema\/person\/d80c0bc61f1787703168fc250ce69522","name":"Mats Lilja","image":{"@type":"ImageObject","inLanguage":"sv-SE","@id":"https:\/\/www.budokampsport.se\/#\/schema\/person\/image\/","url":"https:\/\/secure.gravatar.com\/avatar\/607f84918e96abe1ebbd8611782fa57d?s=96&d=blank&r=g","contentUrl":"https:\/\/secure.gravatar.com\/avatar\/607f84918e96abe1ebbd8611782fa57d?s=96&d=blank&r=g","caption":"Mats Lilja"},"url":"https:\/\/www.budokampsport.se\/author\/mats-lilja\/"}]}},"_links":{"self":[{"href":"https:\/\/www.budokampsport.se\/api\/wp\/v2\/posts\/125402","targetHints":{"allow":["GET"]}}],"collection":[{"href":"https:\/\/www.budokampsport.se\/api\/wp\/v2\/posts"}],"about":[{"href":"https:\/\/www.budokampsport.se\/api\/wp\/v2\/types\/post"}],"author":[{"embeddable":true,"href":"https:\/\/www.budokampsport.se\/api\/wp\/v2\/users\/914"}],"replies":[{"embeddable":true,"href":"https:\/\/www.budokampsport.se\/api\/wp\/v2\/comments?post=125402"}],"version-history":[{"count":0,"href":"https:\/\/www.budokampsport.se\/api\/wp\/v2\/posts\/125402\/revisions"}],"wp:featuredmedia":[{"embeddable":true,"href":"https:\/\/www.budokampsport.se\/api\/wp\/v2\/media\/125403"}],"wp:attachment":[{"href":"https:\/\/www.budokampsport.se\/api\/wp\/v2\/media?parent=125402"}],"wp:term":[{"taxonomy":"category","embeddable":true,"href":"https:\/\/www.budokampsport.se\/api\/wp\/v2\/categories?post=125402"},{"taxonomy":"post_tag","embeddable":true,"href":"https:\/\/www.budokampsport.se\/api\/wp\/v2\/tags?post=125402"}],"curies":[{"name":"wp","href":"https:\/\/api.w.org\/{rel}","templated":true}]}}