{"id":125422,"date":"2021-04-16T08:52:16","date_gmt":"2021-04-16T06:52:16","guid":{"rendered":"https:\/\/www.budokampsport.se\/?p=125422"},"modified":"2021-04-16T08:52:16","modified_gmt":"2021-04-16T06:52:16","slug":"verksamhetsberattelsen-2020-ar-har","status":"publish","type":"post","link":"https:\/\/www.budokampsport.se\/2021\/04\/16\/verksamhetsberattelsen-2020-ar-har\/","title":{"rendered":"Verksamhetsber\u00e4ttelsen 2020 \u00e4r h\u00e4r"},"content":{"rendered":"<p>Verksamhetsber\u00e4ttelsen sammanst\u00e4lls varje \u00e5r och \u00e4r ett tidsdokument \u00f6ver det g\u00e5ngna verksamhets\u00e5ret. Sedan 2010 inneh\u00e5ller den \u00e4ven utvalda artiklar.<\/p>\n<p>Redakt\u00f6r f\u00f6r \u00e5rets utg\u00e5va har \u00e5terigen varit Stefan Stenudd. En intervju med honom inf\u00f6r \u00e5rets publicering finns i en <a href=\"https:\/\/www.budokampsport.se\/2021\/04\/15\/stefan-stenudd-om-verksamhetsberattelsen-och-sitt-fortjansttecken\/\" target=\"_blank\" rel=\"noopener noreferrer\">separat artikel<\/a>.<\/p>\n<p>I redaktionen har \u00e4ven SB&amp;K:s generalsekreterare Mona Lundkvist och kommunikationsansvarige Mats Lilja ing\u00e5tt.<\/p>\n<p>\u00c5rets utg\u00e5va best\u00e5r av 240 sidor och inneh\u00e5ller bland annat f\u00f6rord av f\u00f6rbundsordf\u00f6randen Fredrik Gundmark, 46 artiklar fr\u00e5n hemsidan samt sammanfattningar av s\u00e5v\u00e4l SB&amp;K:s som underf\u00f6rbundens verksamhet under 2020.<\/p>\n<p>Framsidan pryds av MMA-ut\u00f6varen Khamzat Chimaev och hans medverkan i\u00a0<em>UFC on ESPN 14<\/em> den 25 juli 2020, d\u00e5 han besegrade Rhys McKee i Abu Dhabi. Fotot \u00e4r taget av Jeff Bottari (Zuffa LLC\/Bildbyr\u00e5n).<\/p>\n<p>Verksamhetsber\u00e4ttelsen publiceras endast i pdf-format h\u00e4r p\u00e5 budokampsport.se, med en klickbar inneh\u00e5llsf\u00f6rteckning:<\/p>\n<table style=\"border-collapse: collapse; width: 100%;\">\n<tbody>\n<tr>\n<td style=\"width: 100%;\"><a href=\"https:\/\/www.budokampsport.se\/wp-content\/uploads\/2021\/04\/SBoK-verksamhet2020.pdf\" target=\"_blank\" rel=\"noopener noreferrer\"><img loading=\"lazy\" decoding=\"async\" class=\"aligncenter wp-image-125425 size-thumbnail\" src=\"https:\/\/www.budokampsport.se\/wp-content\/uploads\/2021\/04\/verksamhetsberattelse2020dl-195x278.jpg\" alt=\"\" width=\"195\" height=\"278\" srcset=\"https:\/\/www.budokampsport.se\/wp-content\/uploads\/2021\/04\/verksamhetsberattelse2020dl-195x278.jpg 195w, https:\/\/www.budokampsport.se\/wp-content\/uploads\/2021\/04\/verksamhetsberattelse2020dl-264x376.jpg 264w, https:\/\/www.budokampsport.se\/wp-content\/uploads\/2021\/04\/verksamhetsberattelse2020dl.jpg 400w\" sizes=\"auto, (max-width: 195px) 100vw, 195px\" \/><\/a><\/td>\n<\/tr>\n<\/tbody>\n<\/table>\n<p>&nbsp;<\/p>\n<p>Tidigare verksamhetsber\u00e4ttelser hittar ni via <a href=\"https:\/\/www.budokampsport.se\/forbund\/\" target=\"_blank\" rel=\"noopener noreferrer\">F\u00f6rbund<\/a> \u203a <a href=\"https:\/\/www.budokampsport.se\/forbund\/verksamhetsberattelser\/\" target=\"_blank\" rel=\"noopener noreferrer\">Verksamhetsber\u00e4ttelser<\/a>.<\/p>\n<p>Text: Mats Lilja<\/p>\n","protected":false},"excerpt":{"rendered":"<p>SB&#038;K | Som traditionen p\u00e5bjuder s\u00e5 sl\u00e4pps nu Svenska Budo &#038; Kampsportsf\u00f6rbundets sammanfattning av f\u00f6reg\u00e5ende \u00e5r. Trots ett pandemibegr\u00e4nsat t\u00e4vlings\u00e5r s\u00e5 har det \u00e4nd\u00e5 h\u00e4nt mycket inom v\u00e5rt f\u00f6rbund.<\/p><br>","protected":false},"author":914,"featured_media":125424,"comment_status":"open","ping_status":"open","sticky":false,"template":"","format":"standard","meta":{"_acf_changed":false,"footnotes":""},"categories":[1],"tags":[],"class_list":["post-125422","post","type-post","status-publish","format-standard","has-post-thumbnail","hentry","category-okategoriserade"],"acf":[],"yoast_head":"<!-- This site is optimized with the Yoast SEO plugin v26.8 - https:\/\/yoast.com\/product\/yoast-seo-wordpress\/ -->\n<title>Verksamhetsber\u00e4ttelsen 2020 \u00e4r h\u00e4r - Svenska Budo &amp; Kampsportsf\u00f6rbundet<\/title>\n<meta name=\"description\" content=\"SB&amp;K | Som traditionen p\u00e5bjuder s\u00e5 sl\u00e4pps nu Svenska Budo &amp; Kampsportsf\u00f6rbundets sammanfattning av f\u00f6reg\u00e5ende \u00e5r. Trots ett pandemibegr\u00e4nsat t\u00e4vlings\u00e5r s\u00e5 har det \u00e4nd\u00e5 h\u00e4nt mycket inom v\u00e5rt f\u00f6rbund.\" \/>\n<meta name=\"robots\" content=\"index, follow, max-snippet:-1, max-image-preview:large, max-video-preview:-1\" \/>\n<link rel=\"canonical\" href=\"https:\/\/www.budokampsport.se\/2021\/04\/16\/verksamhetsberattelsen-2020-ar-har\/\" \/>\n<meta property=\"og:locale\" content=\"sv_SE\" \/>\n<meta property=\"og:type\" content=\"article\" \/>\n<meta property=\"og:title\" content=\"Verksamhetsber\u00e4ttelsen 2020 \u00e4r h\u00e4r - Svenska Budo &amp; Kampsportsf\u00f6rbundet\" \/>\n<meta property=\"og:description\" content=\"SB&amp;K | Som traditionen p\u00e5bjuder s\u00e5 sl\u00e4pps nu Svenska Budo &amp; Kampsportsf\u00f6rbundets sammanfattning av f\u00f6reg\u00e5ende \u00e5r. Trots ett pandemibegr\u00e4nsat t\u00e4vlings\u00e5r s\u00e5 har det \u00e4nd\u00e5 h\u00e4nt mycket inom v\u00e5rt f\u00f6rbund.\" \/>\n<meta property=\"og:url\" content=\"https:\/\/www.budokampsport.se\/2021\/04\/16\/verksamhetsberattelsen-2020-ar-har\/\" \/>\n<meta property=\"og:site_name\" content=\"Svenska Budo &amp; Kampsportsf\u00f6rbundet\" \/>\n<meta property=\"article:published_time\" content=\"2021-04-16T06:52:16+00:00\" \/>\n<meta property=\"og:image\" content=\"https:\/\/www.budokampsport.se\/wp-content\/uploads\/2021\/04\/verksamhetsberattelse2020.jpg\" \/>\n\t<meta property=\"og:image:width\" content=\"847\" \/>\n\t<meta property=\"og:image:height\" content=\"500\" \/>\n\t<meta property=\"og:image:type\" content=\"image\/jpeg\" \/>\n<meta name=\"author\" content=\"Mats Lilja\" \/>\n<meta name=\"twitter:card\" content=\"summary_large_image\" \/>\n<meta name=\"twitter:label1\" content=\"Skriven av\" \/>\n\t<meta name=\"twitter:data1\" content=\"Mats Lilja\" \/>\n\t<meta name=\"twitter:label2\" content=\"Ber\u00e4knad l\u00e4stid\" \/>\n\t<meta name=\"twitter:data2\" content=\"1 minut\" \/>\n<script type=\"application\/ld+json\" class=\"yoast-schema-graph\">{\"@context\":\"https:\/\/schema.org\",\"@graph\":[{\"@type\":\"Article\",\"@id\":\"https:\/\/www.budokampsport.se\/2021\/04\/16\/verksamhetsberattelsen-2020-ar-har\/#article\",\"isPartOf\":{\"@id\":\"https:\/\/www.budokampsport.se\/2021\/04\/16\/verksamhetsberattelsen-2020-ar-har\/\"},\"author\":{\"name\":\"Mats Lilja\",\"@id\":\"https:\/\/www.budokampsport.se\/#\/schema\/person\/d80c0bc61f1787703168fc250ce69522\"},\"headline\":\"Verksamhetsber\u00e4ttelsen 2020 \u00e4r h\u00e4r\",\"datePublished\":\"2021-04-16T06:52:16+00:00\",\"mainEntityOfPage\":{\"@id\":\"https:\/\/www.budokampsport.se\/2021\/04\/16\/verksamhetsberattelsen-2020-ar-har\/\"},\"wordCount\":174,\"commentCount\":0,\"image\":{\"@id\":\"https:\/\/www.budokampsport.se\/2021\/04\/16\/verksamhetsberattelsen-2020-ar-har\/#primaryimage\"},\"thumbnailUrl\":\"https:\/\/www.budokampsport.se\/wp-content\/uploads\/2021\/04\/verksamhetsberattelse2020.jpg\",\"inLanguage\":\"sv-SE\",\"potentialAction\":[{\"@type\":\"CommentAction\",\"name\":\"Comment\",\"target\":[\"https:\/\/www.budokampsport.se\/2021\/04\/16\/verksamhetsberattelsen-2020-ar-har\/#respond\"]}]},{\"@type\":\"WebPage\",\"@id\":\"https:\/\/www.budokampsport.se\/2021\/04\/16\/verksamhetsberattelsen-2020-ar-har\/\",\"url\":\"https:\/\/www.budokampsport.se\/2021\/04\/16\/verksamhetsberattelsen-2020-ar-har\/\",\"name\":\"Verksamhetsber\u00e4ttelsen 2020 \u00e4r h\u00e4r - Svenska Budo &amp; Kampsportsf\u00f6rbundet\",\"isPartOf\":{\"@id\":\"https:\/\/www.budokampsport.se\/#website\"},\"primaryImageOfPage\":{\"@id\":\"https:\/\/www.budokampsport.se\/2021\/04\/16\/verksamhetsberattelsen-2020-ar-har\/#primaryimage\"},\"image\":{\"@id\":\"https:\/\/www.budokampsport.se\/2021\/04\/16\/verksamhetsberattelsen-2020-ar-har\/#primaryimage\"},\"thumbnailUrl\":\"https:\/\/www.budokampsport.se\/wp-content\/uploads\/2021\/04\/verksamhetsberattelse2020.jpg\",\"datePublished\":\"2021-04-16T06:52:16+00:00\",\"author\":{\"@id\":\"https:\/\/www.budokampsport.se\/#\/schema\/person\/d80c0bc61f1787703168fc250ce69522\"},\"description\":\"SB&K | Som traditionen p\u00e5bjuder s\u00e5 sl\u00e4pps nu Svenska Budo & Kampsportsf\u00f6rbundets sammanfattning av f\u00f6reg\u00e5ende \u00e5r. Trots ett pandemibegr\u00e4nsat t\u00e4vlings\u00e5r s\u00e5 har det \u00e4nd\u00e5 h\u00e4nt mycket inom v\u00e5rt f\u00f6rbund.\",\"breadcrumb\":{\"@id\":\"https:\/\/www.budokampsport.se\/2021\/04\/16\/verksamhetsberattelsen-2020-ar-har\/#breadcrumb\"},\"inLanguage\":\"sv-SE\",\"potentialAction\":[{\"@type\":\"ReadAction\",\"target\":[\"https:\/\/www.budokampsport.se\/2021\/04\/16\/verksamhetsberattelsen-2020-ar-har\/\"]}]},{\"@type\":\"ImageObject\",\"inLanguage\":\"sv-SE\",\"@id\":\"https:\/\/www.budokampsport.se\/2021\/04\/16\/verksamhetsberattelsen-2020-ar-har\/#primaryimage\",\"url\":\"https:\/\/www.budokampsport.se\/wp-content\/uploads\/2021\/04\/verksamhetsberattelse2020.jpg\",\"contentUrl\":\"https:\/\/www.budokampsport.se\/wp-content\/uploads\/2021\/04\/verksamhetsberattelse2020.jpg\",\"width\":847,\"height\":500},{\"@type\":\"BreadcrumbList\",\"@id\":\"https:\/\/www.budokampsport.se\/2021\/04\/16\/verksamhetsberattelsen-2020-ar-har\/#breadcrumb\",\"itemListElement\":[{\"@type\":\"ListItem\",\"position\":1,\"name\":\"Hem\",\"item\":\"https:\/\/www.budokampsport.se\/\"},{\"@type\":\"ListItem\",\"position\":2,\"name\":\"Verksamhetsber\u00e4ttelsen 2020 \u00e4r h\u00e4r\"}]},{\"@type\":\"WebSite\",\"@id\":\"https:\/\/www.budokampsport.se\/#website\",\"url\":\"https:\/\/www.budokampsport.se\/\",\"name\":\"Svenska Budo &amp; Kampsportsf\u00f6rbundet\",\"description\":\"T\u00e4vling, Tr\u00e4ning, Tradition\",\"potentialAction\":[{\"@type\":\"SearchAction\",\"target\":{\"@type\":\"EntryPoint\",\"urlTemplate\":\"https:\/\/www.budokampsport.se\/?s={search_term_string}\"},\"query-input\":{\"@type\":\"PropertyValueSpecification\",\"valueRequired\":true,\"valueName\":\"search_term_string\"}}],\"inLanguage\":\"sv-SE\"},{\"@type\":\"Person\",\"@id\":\"https:\/\/www.budokampsport.se\/#\/schema\/person\/d80c0bc61f1787703168fc250ce69522\",\"name\":\"Mats Lilja\",\"image\":{\"@type\":\"ImageObject\",\"inLanguage\":\"sv-SE\",\"@id\":\"https:\/\/www.budokampsport.se\/#\/schema\/person\/image\/\",\"url\":\"https:\/\/secure.gravatar.com\/avatar\/607f84918e96abe1ebbd8611782fa57d?s=96&d=blank&r=g\",\"contentUrl\":\"https:\/\/secure.gravatar.com\/avatar\/607f84918e96abe1ebbd8611782fa57d?s=96&d=blank&r=g\",\"caption\":\"Mats Lilja\"},\"url\":\"https:\/\/www.budokampsport.se\/author\/mats-lilja\/\"}]}<\/script>\n<!-- \/ Yoast SEO plugin. -->","yoast_head_json":{"title":"Verksamhetsber\u00e4ttelsen 2020 \u00e4r h\u00e4r - Svenska Budo &amp; Kampsportsf\u00f6rbundet","description":"SB&K | Som traditionen p\u00e5bjuder s\u00e5 sl\u00e4pps nu Svenska Budo & Kampsportsf\u00f6rbundets sammanfattning av f\u00f6reg\u00e5ende \u00e5r. Trots ett pandemibegr\u00e4nsat t\u00e4vlings\u00e5r s\u00e5 har det \u00e4nd\u00e5 h\u00e4nt mycket inom v\u00e5rt f\u00f6rbund.","robots":{"index":"index","follow":"follow","max-snippet":"max-snippet:-1","max-image-preview":"max-image-preview:large","max-video-preview":"max-video-preview:-1"},"canonical":"https:\/\/www.budokampsport.se\/2021\/04\/16\/verksamhetsberattelsen-2020-ar-har\/","og_locale":"sv_SE","og_type":"article","og_title":"Verksamhetsber\u00e4ttelsen 2020 \u00e4r h\u00e4r - Svenska Budo &amp; Kampsportsf\u00f6rbundet","og_description":"SB&K | Som traditionen p\u00e5bjuder s\u00e5 sl\u00e4pps nu Svenska Budo & Kampsportsf\u00f6rbundets sammanfattning av f\u00f6reg\u00e5ende \u00e5r. Trots ett pandemibegr\u00e4nsat t\u00e4vlings\u00e5r s\u00e5 har det \u00e4nd\u00e5 h\u00e4nt mycket inom v\u00e5rt f\u00f6rbund.","og_url":"https:\/\/www.budokampsport.se\/2021\/04\/16\/verksamhetsberattelsen-2020-ar-har\/","og_site_name":"Svenska Budo &amp; Kampsportsf\u00f6rbundet","article_published_time":"2021-04-16T06:52:16+00:00","og_image":[{"width":847,"height":500,"url":"https:\/\/www.budokampsport.se\/wp-content\/uploads\/2021\/04\/verksamhetsberattelse2020.jpg","type":"image\/jpeg"}],"author":"Mats Lilja","twitter_card":"summary_large_image","twitter_misc":{"Skriven av":"Mats Lilja","Ber\u00e4knad l\u00e4stid":"1 minut"},"schema":{"@context":"https:\/\/schema.org","@graph":[{"@type":"Article","@id":"https:\/\/www.budokampsport.se\/2021\/04\/16\/verksamhetsberattelsen-2020-ar-har\/#article","isPartOf":{"@id":"https:\/\/www.budokampsport.se\/2021\/04\/16\/verksamhetsberattelsen-2020-ar-har\/"},"author":{"name":"Mats Lilja","@id":"https:\/\/www.budokampsport.se\/#\/schema\/person\/d80c0bc61f1787703168fc250ce69522"},"headline":"Verksamhetsber\u00e4ttelsen 2020 \u00e4r h\u00e4r","datePublished":"2021-04-16T06:52:16+00:00","mainEntityOfPage":{"@id":"https:\/\/www.budokampsport.se\/2021\/04\/16\/verksamhetsberattelsen-2020-ar-har\/"},"wordCount":174,"commentCount":0,"image":{"@id":"https:\/\/www.budokampsport.se\/2021\/04\/16\/verksamhetsberattelsen-2020-ar-har\/#primaryimage"},"thumbnailUrl":"https:\/\/www.budokampsport.se\/wp-content\/uploads\/2021\/04\/verksamhetsberattelse2020.jpg","inLanguage":"sv-SE","potentialAction":[{"@type":"CommentAction","name":"Comment","target":["https:\/\/www.budokampsport.se\/2021\/04\/16\/verksamhetsberattelsen-2020-ar-har\/#respond"]}]},{"@type":"WebPage","@id":"https:\/\/www.budokampsport.se\/2021\/04\/16\/verksamhetsberattelsen-2020-ar-har\/","url":"https:\/\/www.budokampsport.se\/2021\/04\/16\/verksamhetsberattelsen-2020-ar-har\/","name":"Verksamhetsber\u00e4ttelsen 2020 \u00e4r h\u00e4r - Svenska Budo &amp; Kampsportsf\u00f6rbundet","isPartOf":{"@id":"https:\/\/www.budokampsport.se\/#website"},"primaryImageOfPage":{"@id":"https:\/\/www.budokampsport.se\/2021\/04\/16\/verksamhetsberattelsen-2020-ar-har\/#primaryimage"},"image":{"@id":"https:\/\/www.budokampsport.se\/2021\/04\/16\/verksamhetsberattelsen-2020-ar-har\/#primaryimage"},"thumbnailUrl":"https:\/\/www.budokampsport.se\/wp-content\/uploads\/2021\/04\/verksamhetsberattelse2020.jpg","datePublished":"2021-04-16T06:52:16+00:00","author":{"@id":"https:\/\/www.budokampsport.se\/#\/schema\/person\/d80c0bc61f1787703168fc250ce69522"},"description":"SB&K | Som traditionen p\u00e5bjuder s\u00e5 sl\u00e4pps nu Svenska Budo & Kampsportsf\u00f6rbundets sammanfattning av f\u00f6reg\u00e5ende \u00e5r. Trots ett pandemibegr\u00e4nsat t\u00e4vlings\u00e5r s\u00e5 har det \u00e4nd\u00e5 h\u00e4nt mycket inom v\u00e5rt f\u00f6rbund.","breadcrumb":{"@id":"https:\/\/www.budokampsport.se\/2021\/04\/16\/verksamhetsberattelsen-2020-ar-har\/#breadcrumb"},"inLanguage":"sv-SE","potentialAction":[{"@type":"ReadAction","target":["https:\/\/www.budokampsport.se\/2021\/04\/16\/verksamhetsberattelsen-2020-ar-har\/"]}]},{"@type":"ImageObject","inLanguage":"sv-SE","@id":"https:\/\/www.budokampsport.se\/2021\/04\/16\/verksamhetsberattelsen-2020-ar-har\/#primaryimage","url":"https:\/\/www.budokampsport.se\/wp-content\/uploads\/2021\/04\/verksamhetsberattelse2020.jpg","contentUrl":"https:\/\/www.budokampsport.se\/wp-content\/uploads\/2021\/04\/verksamhetsberattelse2020.jpg","width":847,"height":500},{"@type":"BreadcrumbList","@id":"https:\/\/www.budokampsport.se\/2021\/04\/16\/verksamhetsberattelsen-2020-ar-har\/#breadcrumb","itemListElement":[{"@type":"ListItem","position":1,"name":"Hem","item":"https:\/\/www.budokampsport.se\/"},{"@type":"ListItem","position":2,"name":"Verksamhetsber\u00e4ttelsen 2020 \u00e4r h\u00e4r"}]},{"@type":"WebSite","@id":"https:\/\/www.budokampsport.se\/#website","url":"https:\/\/www.budokampsport.se\/","name":"Svenska Budo &amp; Kampsportsf\u00f6rbundet","description":"T\u00e4vling, Tr\u00e4ning, Tradition","potentialAction":[{"@type":"SearchAction","target":{"@type":"EntryPoint","urlTemplate":"https:\/\/www.budokampsport.se\/?s={search_term_string}"},"query-input":{"@type":"PropertyValueSpecification","valueRequired":true,"valueName":"search_term_string"}}],"inLanguage":"sv-SE"},{"@type":"Person","@id":"https:\/\/www.budokampsport.se\/#\/schema\/person\/d80c0bc61f1787703168fc250ce69522","name":"Mats Lilja","image":{"@type":"ImageObject","inLanguage":"sv-SE","@id":"https:\/\/www.budokampsport.se\/#\/schema\/person\/image\/","url":"https:\/\/secure.gravatar.com\/avatar\/607f84918e96abe1ebbd8611782fa57d?s=96&d=blank&r=g","contentUrl":"https:\/\/secure.gravatar.com\/avatar\/607f84918e96abe1ebbd8611782fa57d?s=96&d=blank&r=g","caption":"Mats Lilja"},"url":"https:\/\/www.budokampsport.se\/author\/mats-lilja\/"}]}},"_links":{"self":[{"href":"https:\/\/www.budokampsport.se\/api\/wp\/v2\/posts\/125422","targetHints":{"allow":["GET"]}}],"collection":[{"href":"https:\/\/www.budokampsport.se\/api\/wp\/v2\/posts"}],"about":[{"href":"https:\/\/www.budokampsport.se\/api\/wp\/v2\/types\/post"}],"author":[{"embeddable":true,"href":"https:\/\/www.budokampsport.se\/api\/wp\/v2\/users\/914"}],"replies":[{"embeddable":true,"href":"https:\/\/www.budokampsport.se\/api\/wp\/v2\/comments?post=125422"}],"version-history":[{"count":0,"href":"https:\/\/www.budokampsport.se\/api\/wp\/v2\/posts\/125422\/revisions"}],"wp:featuredmedia":[{"embeddable":true,"href":"https:\/\/www.budokampsport.se\/api\/wp\/v2\/media\/125424"}],"wp:attachment":[{"href":"https:\/\/www.budokampsport.se\/api\/wp\/v2\/media?parent=125422"}],"wp:term":[{"taxonomy":"category","embeddable":true,"href":"https:\/\/www.budokampsport.se\/api\/wp\/v2\/categories?post=125422"},{"taxonomy":"post_tag","embeddable":true,"href":"https:\/\/www.budokampsport.se\/api\/wp\/v2\/tags?post=125422"}],"curies":[{"name":"wp","href":"https:\/\/api.w.org\/{rel}","templated":true}]}}