{"id":125459,"date":"2021-04-21T14:16:29","date_gmt":"2021-04-21T12:16:29","guid":{"rendered":"https:\/\/www.budokampsport.se\/?p=125459"},"modified":"2021-04-21T14:17:19","modified_gmt":"2021-04-21T12:17:19","slug":"foreningsenkat-fran-rf-ett-ar-med-corona","status":"publish","type":"post","link":"https:\/\/www.budokampsport.se\/2021\/04\/21\/foreningsenkat-fran-rf-ett-ar-med-corona\/","title":{"rendered":"F\u00f6reningsenk\u00e4t fr\u00e5n RF \u2013 &#8220;Ett \u00e5r med corona&#8221;"},"content":{"rendered":"<p>I f\u00f6rra veckan skickade Riksidrottsf\u00f6rbundet ut en enk\u00e4t som handlar om f\u00f6reningars vardag och verklighet genom krisen.<\/p>\n<p>Om enk\u00e4ten skriver man s\u00e5 h\u00e4r i sitt utskick:<\/p>\n<p style=\"padding-left: 40px;\"><strong>Enk\u00e4ten har fasta svarsalternativ och tar cirka 10 minuter att fylla i. Era svar \u00e4r viktiga f\u00f6r att vi ska f\u00e5 r\u00e4tt bild av olika idrotters utmaningar och framtida behov.<\/strong><br \/>\n\u2022 Enk\u00e4ten finns i <a href=\"https:\/\/one-lnk.com\/x1eX-wCd3dmy_ET2Lp0E2yS9EmQbiuWeHNxUXdFkQTFKtt8FyoIDGdNvWqpaMmgDbFtM9UxId0NRCwmFNzaWGQSbA\/x1eMSV_gjYbs_liEuY1jv-qrwuzQl83j48X6B1LmExSc1ffEkcVwKTk9XQfasFAmErJLRBddJxXBZZlTUR312xVox8hnt3WlCf7T7xRyepJ6Lco-9xTo1UtfmH490FlbRlIvpXryIFaBCGjytj5Kf3Lkw\/x1e4yan9PGUA3jeYe61QVSaZQ\/\" target=\"_blank\" rel=\"noopener noreferrer\">IdrottOnline<\/a>. Anv\u00e4nd dina vanliga inloggningsuppgifter till IdrottOnline (IdrottsID eller personnummer) f\u00f6r att fylla i enk\u00e4ten.<br \/>\n\u2022 Beh\u00f6riga att fylla i enk\u00e4ten \u00e4r de i IdrottOnline registrerade rollerna Ordf\u00f6rande, Kass\u00f6r, Idrottsmedel firmatecknare, LOK-st\u00f6dsansvarig firmatecknare eller Huvudadministrat\u00f6r.<\/p>\n<p>Svenska Budo &amp; Kampsportsf\u00f6rbundets generalsekreterare Mona Lundkvist hoppas att s\u00e5 m\u00e5nga f\u00f6reningar som m\u00f6jligt inom SB&amp;K tar chansen att ber\u00e4tta om hur coronapandemin har p\u00e5verkat dem. Detta d\u00e5 det bland annat kan inverka p\u00e5 hur det ekonomiska st\u00f6det f\u00f6rdelas fram\u00f6ver.<\/p>\n<p>\u2013 Det \u00e4r viktigt att v\u00e5ra f\u00f6reningar syns i de h\u00e4r sammanst\u00e4llningarna. RF beh\u00f6ver hj\u00e4lp med att se vilka behov v\u00e5ra f\u00f6reningar har s\u00e5 att pengarna anv\u00e4nds d\u00e4r de b\u00e4st beh\u00f6vs, s\u00e4ger hon.<\/p>\n<p>Senast den 2 maj vill Riksidrottsf\u00f6rbundet ha svar p\u00e5 <a href=\"https:\/\/one-lnk.com\/x1eX-wCd3dmy_ET2Lp0E2yS9EmQbiuWeHNxUXdFkQTFKtt8FyoIDGdNvWqpaMmgDbFtM9UxId0NRCwmFNzaWGQSbA\/x1eMSV_gjYbs_liEuY1jv-qrwuzQl83j48X6B1LmExSc1ffEkcVwKTk9XQfasFAmErJLRBddJxXBZZlTUR312xVox8hnt3WlCf7T7xRyepJ6Lco-9xTo1UtfmH490FlbRlIvpXryIFaBCGjytj5Kf3Lkw\/x1e4yan9PGUA3jeYe61QVSaZQ\/\" target=\"_blank\" rel=\"noopener noreferrer\">enk\u00e4ten<\/a>.<\/p>\n<p>Text: Mats Lilja<\/p>\n","protected":false},"excerpt":{"rendered":"<p>CORONA  | Riksidrottsf\u00f6rbundet vill veta hur bland annat f\u00f6reningar inom SB&#038;K har p\u00e5verkats. <\/p><br>","protected":false},"author":914,"featured_media":122850,"comment_status":"open","ping_status":"open","sticky":false,"template":"","format":"standard","meta":{"_acf_changed":false,"footnotes":""},"categories":[1],"tags":[],"class_list":["post-125459","post","type-post","status-publish","format-standard","has-post-thumbnail","hentry","category-okategoriserade"],"acf":[],"yoast_head":"<!-- This site is optimized with the Yoast SEO plugin v26.8 - https:\/\/yoast.com\/product\/yoast-seo-wordpress\/ -->\n<title>F\u00f6reningsenk\u00e4t fr\u00e5n RF \u2013 &quot;Ett \u00e5r med corona&quot; - Svenska Budo &amp; Kampsportsf\u00f6rbundet<\/title>\n<meta name=\"description\" content=\"CORONA | Riksidrottsf\u00f6rbundet vill veta hur bland annat f\u00f6reningar inom SB&amp;K har p\u00e5verkats.\" \/>\n<meta name=\"robots\" content=\"index, follow, max-snippet:-1, max-image-preview:large, max-video-preview:-1\" \/>\n<link rel=\"canonical\" href=\"https:\/\/www.budokampsport.se\/2021\/04\/21\/foreningsenkat-fran-rf-ett-ar-med-corona\/\" \/>\n<meta property=\"og:locale\" content=\"sv_SE\" \/>\n<meta property=\"og:type\" content=\"article\" \/>\n<meta property=\"og:title\" content=\"F\u00f6reningsenk\u00e4t fr\u00e5n RF \u2013 &quot;Ett \u00e5r med corona&quot; - Svenska Budo &amp; Kampsportsf\u00f6rbundet\" \/>\n<meta property=\"og:description\" content=\"CORONA | Riksidrottsf\u00f6rbundet vill veta hur bland annat f\u00f6reningar inom SB&amp;K har p\u00e5verkats.\" \/>\n<meta property=\"og:url\" content=\"https:\/\/www.budokampsport.se\/2021\/04\/21\/foreningsenkat-fran-rf-ett-ar-med-corona\/\" \/>\n<meta property=\"og:site_name\" content=\"Svenska Budo &amp; Kampsportsf\u00f6rbundet\" \/>\n<meta property=\"article:published_time\" content=\"2021-04-21T12:16:29+00:00\" \/>\n<meta property=\"article:modified_time\" content=\"2021-04-21T12:17:19+00:00\" \/>\n<meta property=\"og:image\" content=\"https:\/\/www.budokampsport.se\/wp-content\/uploads\/2020\/11\/rflogonotext.jpg\" \/>\n\t<meta property=\"og:image:width\" content=\"850\" \/>\n\t<meta property=\"og:image:height\" content=\"437\" \/>\n\t<meta property=\"og:image:type\" content=\"image\/jpeg\" \/>\n<meta name=\"author\" content=\"Mats Lilja\" \/>\n<meta name=\"twitter:card\" content=\"summary_large_image\" \/>\n<meta name=\"twitter:label1\" content=\"Skriven av\" \/>\n\t<meta name=\"twitter:data1\" content=\"Mats Lilja\" \/>\n\t<meta name=\"twitter:label2\" content=\"Ber\u00e4knad l\u00e4stid\" \/>\n\t<meta name=\"twitter:data2\" content=\"1 minut\" \/>\n<script type=\"application\/ld+json\" class=\"yoast-schema-graph\">{\"@context\":\"https:\/\/schema.org\",\"@graph\":[{\"@type\":\"Article\",\"@id\":\"https:\/\/www.budokampsport.se\/2021\/04\/21\/foreningsenkat-fran-rf-ett-ar-med-corona\/#article\",\"isPartOf\":{\"@id\":\"https:\/\/www.budokampsport.se\/2021\/04\/21\/foreningsenkat-fran-rf-ett-ar-med-corona\/\"},\"author\":{\"name\":\"Mats Lilja\",\"@id\":\"https:\/\/www.budokampsport.se\/#\/schema\/person\/d80c0bc61f1787703168fc250ce69522\"},\"headline\":\"F\u00f6reningsenk\u00e4t fr\u00e5n RF \u2013 &#8220;Ett \u00e5r med corona&#8221;\",\"datePublished\":\"2021-04-21T12:16:29+00:00\",\"dateModified\":\"2021-04-21T12:17:19+00:00\",\"mainEntityOfPage\":{\"@id\":\"https:\/\/www.budokampsport.se\/2021\/04\/21\/foreningsenkat-fran-rf-ett-ar-med-corona\/\"},\"wordCount\":231,\"commentCount\":1,\"image\":{\"@id\":\"https:\/\/www.budokampsport.se\/2021\/04\/21\/foreningsenkat-fran-rf-ett-ar-med-corona\/#primaryimage\"},\"thumbnailUrl\":\"https:\/\/www.budokampsport.se\/wp-content\/uploads\/2020\/11\/rflogonotext.jpg\",\"inLanguage\":\"sv-SE\",\"potentialAction\":[{\"@type\":\"CommentAction\",\"name\":\"Comment\",\"target\":[\"https:\/\/www.budokampsport.se\/2021\/04\/21\/foreningsenkat-fran-rf-ett-ar-med-corona\/#respond\"]}]},{\"@type\":\"WebPage\",\"@id\":\"https:\/\/www.budokampsport.se\/2021\/04\/21\/foreningsenkat-fran-rf-ett-ar-med-corona\/\",\"url\":\"https:\/\/www.budokampsport.se\/2021\/04\/21\/foreningsenkat-fran-rf-ett-ar-med-corona\/\",\"name\":\"F\u00f6reningsenk\u00e4t fr\u00e5n RF \u2013 \\\"Ett \u00e5r med corona\\\" - Svenska Budo &amp; Kampsportsf\u00f6rbundet\",\"isPartOf\":{\"@id\":\"https:\/\/www.budokampsport.se\/#website\"},\"primaryImageOfPage\":{\"@id\":\"https:\/\/www.budokampsport.se\/2021\/04\/21\/foreningsenkat-fran-rf-ett-ar-med-corona\/#primaryimage\"},\"image\":{\"@id\":\"https:\/\/www.budokampsport.se\/2021\/04\/21\/foreningsenkat-fran-rf-ett-ar-med-corona\/#primaryimage\"},\"thumbnailUrl\":\"https:\/\/www.budokampsport.se\/wp-content\/uploads\/2020\/11\/rflogonotext.jpg\",\"datePublished\":\"2021-04-21T12:16:29+00:00\",\"dateModified\":\"2021-04-21T12:17:19+00:00\",\"author\":{\"@id\":\"https:\/\/www.budokampsport.se\/#\/schema\/person\/d80c0bc61f1787703168fc250ce69522\"},\"description\":\"CORONA | Riksidrottsf\u00f6rbundet vill veta hur bland annat f\u00f6reningar inom SB&K har p\u00e5verkats.\",\"breadcrumb\":{\"@id\":\"https:\/\/www.budokampsport.se\/2021\/04\/21\/foreningsenkat-fran-rf-ett-ar-med-corona\/#breadcrumb\"},\"inLanguage\":\"sv-SE\",\"potentialAction\":[{\"@type\":\"ReadAction\",\"target\":[\"https:\/\/www.budokampsport.se\/2021\/04\/21\/foreningsenkat-fran-rf-ett-ar-med-corona\/\"]}]},{\"@type\":\"ImageObject\",\"inLanguage\":\"sv-SE\",\"@id\":\"https:\/\/www.budokampsport.se\/2021\/04\/21\/foreningsenkat-fran-rf-ett-ar-med-corona\/#primaryimage\",\"url\":\"https:\/\/www.budokampsport.se\/wp-content\/uploads\/2020\/11\/rflogonotext.jpg\",\"contentUrl\":\"https:\/\/www.budokampsport.se\/wp-content\/uploads\/2020\/11\/rflogonotext.jpg\",\"width\":850,\"height\":437},{\"@type\":\"BreadcrumbList\",\"@id\":\"https:\/\/www.budokampsport.se\/2021\/04\/21\/foreningsenkat-fran-rf-ett-ar-med-corona\/#breadcrumb\",\"itemListElement\":[{\"@type\":\"ListItem\",\"position\":1,\"name\":\"Hem\",\"item\":\"https:\/\/www.budokampsport.se\/\"},{\"@type\":\"ListItem\",\"position\":2,\"name\":\"F\u00f6reningsenk\u00e4t fr\u00e5n RF \u2013 &#8220;Ett \u00e5r med corona&#8221;\"}]},{\"@type\":\"WebSite\",\"@id\":\"https:\/\/www.budokampsport.se\/#website\",\"url\":\"https:\/\/www.budokampsport.se\/\",\"name\":\"Svenska Budo &amp; Kampsportsf\u00f6rbundet\",\"description\":\"T\u00e4vling, Tr\u00e4ning, Tradition\",\"potentialAction\":[{\"@type\":\"SearchAction\",\"target\":{\"@type\":\"EntryPoint\",\"urlTemplate\":\"https:\/\/www.budokampsport.se\/?s={search_term_string}\"},\"query-input\":{\"@type\":\"PropertyValueSpecification\",\"valueRequired\":true,\"valueName\":\"search_term_string\"}}],\"inLanguage\":\"sv-SE\"},{\"@type\":\"Person\",\"@id\":\"https:\/\/www.budokampsport.se\/#\/schema\/person\/d80c0bc61f1787703168fc250ce69522\",\"name\":\"Mats Lilja\",\"image\":{\"@type\":\"ImageObject\",\"inLanguage\":\"sv-SE\",\"@id\":\"https:\/\/www.budokampsport.se\/#\/schema\/person\/image\/\",\"url\":\"https:\/\/secure.gravatar.com\/avatar\/607f84918e96abe1ebbd8611782fa57d?s=96&d=blank&r=g\",\"contentUrl\":\"https:\/\/secure.gravatar.com\/avatar\/607f84918e96abe1ebbd8611782fa57d?s=96&d=blank&r=g\",\"caption\":\"Mats Lilja\"},\"url\":\"https:\/\/www.budokampsport.se\/author\/mats-lilja\/\"}]}<\/script>\n<!-- \/ Yoast SEO plugin. -->","yoast_head_json":{"title":"F\u00f6reningsenk\u00e4t fr\u00e5n RF \u2013 \"Ett \u00e5r med corona\" - Svenska Budo &amp; Kampsportsf\u00f6rbundet","description":"CORONA | Riksidrottsf\u00f6rbundet vill veta hur bland annat f\u00f6reningar inom SB&K har p\u00e5verkats.","robots":{"index":"index","follow":"follow","max-snippet":"max-snippet:-1","max-image-preview":"max-image-preview:large","max-video-preview":"max-video-preview:-1"},"canonical":"https:\/\/www.budokampsport.se\/2021\/04\/21\/foreningsenkat-fran-rf-ett-ar-med-corona\/","og_locale":"sv_SE","og_type":"article","og_title":"F\u00f6reningsenk\u00e4t fr\u00e5n RF \u2013 \"Ett \u00e5r med corona\" - Svenska Budo &amp; Kampsportsf\u00f6rbundet","og_description":"CORONA | Riksidrottsf\u00f6rbundet vill veta hur bland annat f\u00f6reningar inom SB&K har p\u00e5verkats.","og_url":"https:\/\/www.budokampsport.se\/2021\/04\/21\/foreningsenkat-fran-rf-ett-ar-med-corona\/","og_site_name":"Svenska Budo &amp; Kampsportsf\u00f6rbundet","article_published_time":"2021-04-21T12:16:29+00:00","article_modified_time":"2021-04-21T12:17:19+00:00","og_image":[{"width":850,"height":437,"url":"https:\/\/www.budokampsport.se\/wp-content\/uploads\/2020\/11\/rflogonotext.jpg","type":"image\/jpeg"}],"author":"Mats Lilja","twitter_card":"summary_large_image","twitter_misc":{"Skriven av":"Mats Lilja","Ber\u00e4knad l\u00e4stid":"1 minut"},"schema":{"@context":"https:\/\/schema.org","@graph":[{"@type":"Article","@id":"https:\/\/www.budokampsport.se\/2021\/04\/21\/foreningsenkat-fran-rf-ett-ar-med-corona\/#article","isPartOf":{"@id":"https:\/\/www.budokampsport.se\/2021\/04\/21\/foreningsenkat-fran-rf-ett-ar-med-corona\/"},"author":{"name":"Mats Lilja","@id":"https:\/\/www.budokampsport.se\/#\/schema\/person\/d80c0bc61f1787703168fc250ce69522"},"headline":"F\u00f6reningsenk\u00e4t fr\u00e5n RF \u2013 &#8220;Ett \u00e5r med corona&#8221;","datePublished":"2021-04-21T12:16:29+00:00","dateModified":"2021-04-21T12:17:19+00:00","mainEntityOfPage":{"@id":"https:\/\/www.budokampsport.se\/2021\/04\/21\/foreningsenkat-fran-rf-ett-ar-med-corona\/"},"wordCount":231,"commentCount":1,"image":{"@id":"https:\/\/www.budokampsport.se\/2021\/04\/21\/foreningsenkat-fran-rf-ett-ar-med-corona\/#primaryimage"},"thumbnailUrl":"https:\/\/www.budokampsport.se\/wp-content\/uploads\/2020\/11\/rflogonotext.jpg","inLanguage":"sv-SE","potentialAction":[{"@type":"CommentAction","name":"Comment","target":["https:\/\/www.budokampsport.se\/2021\/04\/21\/foreningsenkat-fran-rf-ett-ar-med-corona\/#respond"]}]},{"@type":"WebPage","@id":"https:\/\/www.budokampsport.se\/2021\/04\/21\/foreningsenkat-fran-rf-ett-ar-med-corona\/","url":"https:\/\/www.budokampsport.se\/2021\/04\/21\/foreningsenkat-fran-rf-ett-ar-med-corona\/","name":"F\u00f6reningsenk\u00e4t fr\u00e5n RF \u2013 \"Ett \u00e5r med corona\" - Svenska Budo &amp; Kampsportsf\u00f6rbundet","isPartOf":{"@id":"https:\/\/www.budokampsport.se\/#website"},"primaryImageOfPage":{"@id":"https:\/\/www.budokampsport.se\/2021\/04\/21\/foreningsenkat-fran-rf-ett-ar-med-corona\/#primaryimage"},"image":{"@id":"https:\/\/www.budokampsport.se\/2021\/04\/21\/foreningsenkat-fran-rf-ett-ar-med-corona\/#primaryimage"},"thumbnailUrl":"https:\/\/www.budokampsport.se\/wp-content\/uploads\/2020\/11\/rflogonotext.jpg","datePublished":"2021-04-21T12:16:29+00:00","dateModified":"2021-04-21T12:17:19+00:00","author":{"@id":"https:\/\/www.budokampsport.se\/#\/schema\/person\/d80c0bc61f1787703168fc250ce69522"},"description":"CORONA | Riksidrottsf\u00f6rbundet vill veta hur bland annat f\u00f6reningar inom SB&K har p\u00e5verkats.","breadcrumb":{"@id":"https:\/\/www.budokampsport.se\/2021\/04\/21\/foreningsenkat-fran-rf-ett-ar-med-corona\/#breadcrumb"},"inLanguage":"sv-SE","potentialAction":[{"@type":"ReadAction","target":["https:\/\/www.budokampsport.se\/2021\/04\/21\/foreningsenkat-fran-rf-ett-ar-med-corona\/"]}]},{"@type":"ImageObject","inLanguage":"sv-SE","@id":"https:\/\/www.budokampsport.se\/2021\/04\/21\/foreningsenkat-fran-rf-ett-ar-med-corona\/#primaryimage","url":"https:\/\/www.budokampsport.se\/wp-content\/uploads\/2020\/11\/rflogonotext.jpg","contentUrl":"https:\/\/www.budokampsport.se\/wp-content\/uploads\/2020\/11\/rflogonotext.jpg","width":850,"height":437},{"@type":"BreadcrumbList","@id":"https:\/\/www.budokampsport.se\/2021\/04\/21\/foreningsenkat-fran-rf-ett-ar-med-corona\/#breadcrumb","itemListElement":[{"@type":"ListItem","position":1,"name":"Hem","item":"https:\/\/www.budokampsport.se\/"},{"@type":"ListItem","position":2,"name":"F\u00f6reningsenk\u00e4t fr\u00e5n RF \u2013 &#8220;Ett \u00e5r med corona&#8221;"}]},{"@type":"WebSite","@id":"https:\/\/www.budokampsport.se\/#website","url":"https:\/\/www.budokampsport.se\/","name":"Svenska Budo &amp; Kampsportsf\u00f6rbundet","description":"T\u00e4vling, Tr\u00e4ning, Tradition","potentialAction":[{"@type":"SearchAction","target":{"@type":"EntryPoint","urlTemplate":"https:\/\/www.budokampsport.se\/?s={search_term_string}"},"query-input":{"@type":"PropertyValueSpecification","valueRequired":true,"valueName":"search_term_string"}}],"inLanguage":"sv-SE"},{"@type":"Person","@id":"https:\/\/www.budokampsport.se\/#\/schema\/person\/d80c0bc61f1787703168fc250ce69522","name":"Mats Lilja","image":{"@type":"ImageObject","inLanguage":"sv-SE","@id":"https:\/\/www.budokampsport.se\/#\/schema\/person\/image\/","url":"https:\/\/secure.gravatar.com\/avatar\/607f84918e96abe1ebbd8611782fa57d?s=96&d=blank&r=g","contentUrl":"https:\/\/secure.gravatar.com\/avatar\/607f84918e96abe1ebbd8611782fa57d?s=96&d=blank&r=g","caption":"Mats Lilja"},"url":"https:\/\/www.budokampsport.se\/author\/mats-lilja\/"}]}},"_links":{"self":[{"href":"https:\/\/www.budokampsport.se\/api\/wp\/v2\/posts\/125459","targetHints":{"allow":["GET"]}}],"collection":[{"href":"https:\/\/www.budokampsport.se\/api\/wp\/v2\/posts"}],"about":[{"href":"https:\/\/www.budokampsport.se\/api\/wp\/v2\/types\/post"}],"author":[{"embeddable":true,"href":"https:\/\/www.budokampsport.se\/api\/wp\/v2\/users\/914"}],"replies":[{"embeddable":true,"href":"https:\/\/www.budokampsport.se\/api\/wp\/v2\/comments?post=125459"}],"version-history":[{"count":0,"href":"https:\/\/www.budokampsport.se\/api\/wp\/v2\/posts\/125459\/revisions"}],"wp:featuredmedia":[{"embeddable":true,"href":"https:\/\/www.budokampsport.se\/api\/wp\/v2\/media\/122850"}],"wp:attachment":[{"href":"https:\/\/www.budokampsport.se\/api\/wp\/v2\/media?parent=125459"}],"wp:term":[{"taxonomy":"category","embeddable":true,"href":"https:\/\/www.budokampsport.se\/api\/wp\/v2\/categories?post=125459"},{"taxonomy":"post_tag","embeddable":true,"href":"https:\/\/www.budokampsport.se\/api\/wp\/v2\/tags?post=125459"}],"curies":[{"name":"wp","href":"https:\/\/api.w.org\/{rel}","templated":true}]}}