{"id":125465,"date":"2021-04-21T14:19:34","date_gmt":"2021-04-21T12:19:34","guid":{"rendered":"https:\/\/www.budokampsport.se\/?p=125465"},"modified":"2021-04-21T14:19:34","modified_gmt":"2021-04-21T12:19:34","slug":"aterigen-mojligt-att-soka-projektstod-if-hos-sbk","status":"publish","type":"post","link":"https:\/\/www.budokampsport.se\/2021\/04\/21\/aterigen-mojligt-att-soka-projektstod-if-hos-sbk\/","title":{"rendered":"\u00c5terigen m\u00f6jligt att s\u00f6ka Projektst\u00f6d IF hos SB&#038;K"},"content":{"rendered":"<p>Nu kan medlemsf\u00f6reningar ans\u00f6ka om SB&amp;K:s projektst\u00f6d <em>Bibeh\u00e5lla verksamhet f\u00f6r barn och ungdomar under coronarestriktionerna<\/em>. 500 000 kronor har lagts till i projektst\u00f6dspotten.<\/p>\n<p>Projektst\u00f6det ska anv\u00e4ndas s\u00e5 att f\u00f6reningar ska kunna bibeh\u00e5lla s\u00e5 mycket verksamhet som m\u00f6jligt. Detta d\u00e5 restriktionerna fr\u00e5n Folkh\u00e4lsomyndigheten kopplade till coronapandemin forts\u00e4tter att p\u00e5verka idrottsr\u00f6relsen och v\u00e5ra medlemsf\u00f6reningar.<\/p>\n<p>M\u00e5lgruppen \u00e4r barn, ungdomar och aktivitetsledare inom SB&amp;K vars verksamhet p\u00e5verkas av restriktionerna.\u00a0F\u00f6reningar kan beviljas st\u00f6d till verksamhet som ska genomf\u00f6ras fram\u00e5t i tiden, d\u00e4remot kan inte st\u00f6d ges som kompensation f\u00f6r utebliven eller inst\u00e4lld verksamhet.<\/p>\n<p>Ans\u00f6kan sker precis som tidigare enligt instruktionerna beskrivna under <a href=\"https:\/\/www.budokampsport.se\/klubb\/bidrag\/#projektstodif\" target=\"_blank\" rel=\"noopener noreferrer\">Projektst\u00f6d IF<\/a>. Maxbelopp att s\u00f6ka \u00e4r 25 000 kr per f\u00f6rening. Vi hanterar ans\u00f6kningarna l\u00f6pande.<\/p>\n<p>F\u00f6rening som beviljas projektst\u00f6d ska senast den 30 januari 2022 (men g\u00e4rna direkt efter avslutat projekt) inkomma med en \u00e5terrapport av genomf\u00f6rt projekt.<\/p>\n<p>Mer information finns h\u00e4r p\u00e5 hemsidan under <a href=\"https:\/\/www.budokampsport.se\/klubb\/\" target=\"_blank\" rel=\"noopener noreferrer\">Klubbar<\/a> \u203a <a href=\"https:\/\/www.budokampsport.se\/klubb\/bidrag\/\" target=\"_blank\" rel=\"noopener noreferrer\">Bidrag<\/a> \u203a <a href=\"https:\/\/www.budokampsport.se\/klubb\/bidrag\/#projektattsoka\" target=\"_blank\" rel=\"noopener noreferrer\">Projekt att s\u00f6ka<\/a>.<\/p>\n<p>Har ni fr\u00e5gor kring det h\u00e4r st\u00f6det s\u00e5 kontakta g\u00e4rna <a href=\"mailto:ledin@budo.se\">ledin@budo.se<\/a> eller 08-705 15 73.<\/p>\n<hr \/>\n<p><strong>Magnus Ledin<\/strong><br \/>\n<strong>Verksamhetsledare<\/strong><br \/>\n<strong>Svenska Budo &amp; Kampsportsf\u00f6rbundet<\/strong><\/p>\n","protected":false},"excerpt":{"rendered":"<p>BIDRAG | Nya pengar finns att s\u00f6ka f\u00f6r v\u00e5ra idrottsf\u00f6reningar. Detta som st\u00f6d till kommande aktiviteter.<\/p><br>","protected":false},"author":914,"featured_media":124212,"comment_status":"open","ping_status":"open","sticky":false,"template":"","format":"standard","meta":{"_acf_changed":false,"footnotes":""},"categories":[1],"tags":[],"class_list":["post-125465","post","type-post","status-publish","format-standard","has-post-thumbnail","hentry","category-okategoriserade"],"acf":[],"yoast_head":"<!-- This site is optimized with the Yoast SEO plugin v26.8 - https:\/\/yoast.com\/product\/yoast-seo-wordpress\/ -->\n<title>\u00c5terigen m\u00f6jligt att s\u00f6ka Projektst\u00f6d IF hos SB&amp;K - Svenska Budo &amp; Kampsportsf\u00f6rbundet<\/title>\n<meta name=\"description\" content=\"BIDRAG | Nya pengar finns att s\u00f6ka f\u00f6r v\u00e5ra idrottsf\u00f6reningar. Detta som st\u00f6d till kommande aktiviteter.\" \/>\n<meta name=\"robots\" content=\"index, follow, max-snippet:-1, max-image-preview:large, max-video-preview:-1\" \/>\n<link rel=\"canonical\" href=\"https:\/\/www.budokampsport.se\/2021\/04\/21\/aterigen-mojligt-att-soka-projektstod-if-hos-sbk\/\" \/>\n<meta property=\"og:locale\" content=\"sv_SE\" \/>\n<meta property=\"og:type\" content=\"article\" \/>\n<meta property=\"og:title\" content=\"\u00c5terigen m\u00f6jligt att s\u00f6ka Projektst\u00f6d IF hos SB&amp;K - Svenska Budo &amp; Kampsportsf\u00f6rbundet\" \/>\n<meta property=\"og:description\" content=\"BIDRAG | Nya pengar finns att s\u00f6ka f\u00f6r v\u00e5ra idrottsf\u00f6reningar. Detta som st\u00f6d till kommande aktiviteter.\" \/>\n<meta property=\"og:url\" content=\"https:\/\/www.budokampsport.se\/2021\/04\/21\/aterigen-mojligt-att-soka-projektstod-if-hos-sbk\/\" \/>\n<meta property=\"og:site_name\" content=\"Svenska Budo &amp; Kampsportsf\u00f6rbundet\" \/>\n<meta property=\"article:published_time\" content=\"2021-04-21T12:19:34+00:00\" \/>\n<meta property=\"og:image\" content=\"https:\/\/www.budokampsport.se\/wp-content\/uploads\/2021\/01\/projektstodif-847px.jpg\" \/>\n\t<meta property=\"og:image:width\" content=\"847\" \/>\n\t<meta property=\"og:image:height\" content=\"547\" \/>\n\t<meta property=\"og:image:type\" content=\"image\/jpeg\" \/>\n<meta name=\"author\" content=\"Mats Lilja\" \/>\n<meta name=\"twitter:card\" content=\"summary_large_image\" \/>\n<meta name=\"twitter:label1\" content=\"Skriven av\" \/>\n\t<meta name=\"twitter:data1\" content=\"Mats Lilja\" \/>\n\t<meta name=\"twitter:label2\" content=\"Ber\u00e4knad l\u00e4stid\" \/>\n\t<meta name=\"twitter:data2\" content=\"1 minut\" \/>\n<script type=\"application\/ld+json\" class=\"yoast-schema-graph\">{\"@context\":\"https:\/\/schema.org\",\"@graph\":[{\"@type\":\"Article\",\"@id\":\"https:\/\/www.budokampsport.se\/2021\/04\/21\/aterigen-mojligt-att-soka-projektstod-if-hos-sbk\/#article\",\"isPartOf\":{\"@id\":\"https:\/\/www.budokampsport.se\/2021\/04\/21\/aterigen-mojligt-att-soka-projektstod-if-hos-sbk\/\"},\"author\":{\"name\":\"Mats Lilja\",\"@id\":\"https:\/\/www.budokampsport.se\/#\/schema\/person\/d80c0bc61f1787703168fc250ce69522\"},\"headline\":\"\u00c5terigen m\u00f6jligt att s\u00f6ka Projektst\u00f6d IF hos SB&#038;K\",\"datePublished\":\"2021-04-21T12:19:34+00:00\",\"mainEntityOfPage\":{\"@id\":\"https:\/\/www.budokampsport.se\/2021\/04\/21\/aterigen-mojligt-att-soka-projektstod-if-hos-sbk\/\"},\"wordCount\":226,\"commentCount\":1,\"image\":{\"@id\":\"https:\/\/www.budokampsport.se\/2021\/04\/21\/aterigen-mojligt-att-soka-projektstod-if-hos-sbk\/#primaryimage\"},\"thumbnailUrl\":\"https:\/\/www.budokampsport.se\/wp-content\/uploads\/2021\/01\/projektstodif-847px.jpg\",\"inLanguage\":\"sv-SE\",\"potentialAction\":[{\"@type\":\"CommentAction\",\"name\":\"Comment\",\"target\":[\"https:\/\/www.budokampsport.se\/2021\/04\/21\/aterigen-mojligt-att-soka-projektstod-if-hos-sbk\/#respond\"]}]},{\"@type\":\"WebPage\",\"@id\":\"https:\/\/www.budokampsport.se\/2021\/04\/21\/aterigen-mojligt-att-soka-projektstod-if-hos-sbk\/\",\"url\":\"https:\/\/www.budokampsport.se\/2021\/04\/21\/aterigen-mojligt-att-soka-projektstod-if-hos-sbk\/\",\"name\":\"\u00c5terigen m\u00f6jligt att s\u00f6ka Projektst\u00f6d IF hos SB&K - Svenska Budo &amp; Kampsportsf\u00f6rbundet\",\"isPartOf\":{\"@id\":\"https:\/\/www.budokampsport.se\/#website\"},\"primaryImageOfPage\":{\"@id\":\"https:\/\/www.budokampsport.se\/2021\/04\/21\/aterigen-mojligt-att-soka-projektstod-if-hos-sbk\/#primaryimage\"},\"image\":{\"@id\":\"https:\/\/www.budokampsport.se\/2021\/04\/21\/aterigen-mojligt-att-soka-projektstod-if-hos-sbk\/#primaryimage\"},\"thumbnailUrl\":\"https:\/\/www.budokampsport.se\/wp-content\/uploads\/2021\/01\/projektstodif-847px.jpg\",\"datePublished\":\"2021-04-21T12:19:34+00:00\",\"author\":{\"@id\":\"https:\/\/www.budokampsport.se\/#\/schema\/person\/d80c0bc61f1787703168fc250ce69522\"},\"description\":\"BIDRAG | Nya pengar finns att s\u00f6ka f\u00f6r v\u00e5ra idrottsf\u00f6reningar. Detta som st\u00f6d till kommande aktiviteter.\",\"breadcrumb\":{\"@id\":\"https:\/\/www.budokampsport.se\/2021\/04\/21\/aterigen-mojligt-att-soka-projektstod-if-hos-sbk\/#breadcrumb\"},\"inLanguage\":\"sv-SE\",\"potentialAction\":[{\"@type\":\"ReadAction\",\"target\":[\"https:\/\/www.budokampsport.se\/2021\/04\/21\/aterigen-mojligt-att-soka-projektstod-if-hos-sbk\/\"]}]},{\"@type\":\"ImageObject\",\"inLanguage\":\"sv-SE\",\"@id\":\"https:\/\/www.budokampsport.se\/2021\/04\/21\/aterigen-mojligt-att-soka-projektstod-if-hos-sbk\/#primaryimage\",\"url\":\"https:\/\/www.budokampsport.se\/wp-content\/uploads\/2021\/01\/projektstodif-847px.jpg\",\"contentUrl\":\"https:\/\/www.budokampsport.se\/wp-content\/uploads\/2021\/01\/projektstodif-847px.jpg\",\"width\":847,\"height\":547,\"caption\":\"080408 Kampsport, ju jitsu, ju jutsu: Tr\u00e4ning i Uppsala Ju-jutsuklubb. \u00a9 Bildbyr\u00e5n - 42466\"},{\"@type\":\"BreadcrumbList\",\"@id\":\"https:\/\/www.budokampsport.se\/2021\/04\/21\/aterigen-mojligt-att-soka-projektstod-if-hos-sbk\/#breadcrumb\",\"itemListElement\":[{\"@type\":\"ListItem\",\"position\":1,\"name\":\"Hem\",\"item\":\"https:\/\/www.budokampsport.se\/\"},{\"@type\":\"ListItem\",\"position\":2,\"name\":\"\u00c5terigen m\u00f6jligt att s\u00f6ka Projektst\u00f6d IF hos SB&#038;K\"}]},{\"@type\":\"WebSite\",\"@id\":\"https:\/\/www.budokampsport.se\/#website\",\"url\":\"https:\/\/www.budokampsport.se\/\",\"name\":\"Svenska Budo &amp; Kampsportsf\u00f6rbundet\",\"description\":\"T\u00e4vling, Tr\u00e4ning, Tradition\",\"potentialAction\":[{\"@type\":\"SearchAction\",\"target\":{\"@type\":\"EntryPoint\",\"urlTemplate\":\"https:\/\/www.budokampsport.se\/?s={search_term_string}\"},\"query-input\":{\"@type\":\"PropertyValueSpecification\",\"valueRequired\":true,\"valueName\":\"search_term_string\"}}],\"inLanguage\":\"sv-SE\"},{\"@type\":\"Person\",\"@id\":\"https:\/\/www.budokampsport.se\/#\/schema\/person\/d80c0bc61f1787703168fc250ce69522\",\"name\":\"Mats Lilja\",\"image\":{\"@type\":\"ImageObject\",\"inLanguage\":\"sv-SE\",\"@id\":\"https:\/\/www.budokampsport.se\/#\/schema\/person\/image\/\",\"url\":\"https:\/\/secure.gravatar.com\/avatar\/607f84918e96abe1ebbd8611782fa57d?s=96&d=blank&r=g\",\"contentUrl\":\"https:\/\/secure.gravatar.com\/avatar\/607f84918e96abe1ebbd8611782fa57d?s=96&d=blank&r=g\",\"caption\":\"Mats Lilja\"},\"url\":\"https:\/\/www.budokampsport.se\/author\/mats-lilja\/\"}]}<\/script>\n<!-- \/ Yoast SEO plugin. -->","yoast_head_json":{"title":"\u00c5terigen m\u00f6jligt att s\u00f6ka Projektst\u00f6d IF hos SB&K - Svenska Budo &amp; Kampsportsf\u00f6rbundet","description":"BIDRAG | Nya pengar finns att s\u00f6ka f\u00f6r v\u00e5ra idrottsf\u00f6reningar. Detta som st\u00f6d till kommande aktiviteter.","robots":{"index":"index","follow":"follow","max-snippet":"max-snippet:-1","max-image-preview":"max-image-preview:large","max-video-preview":"max-video-preview:-1"},"canonical":"https:\/\/www.budokampsport.se\/2021\/04\/21\/aterigen-mojligt-att-soka-projektstod-if-hos-sbk\/","og_locale":"sv_SE","og_type":"article","og_title":"\u00c5terigen m\u00f6jligt att s\u00f6ka Projektst\u00f6d IF hos SB&K - Svenska Budo &amp; Kampsportsf\u00f6rbundet","og_description":"BIDRAG | Nya pengar finns att s\u00f6ka f\u00f6r v\u00e5ra idrottsf\u00f6reningar. Detta som st\u00f6d till kommande aktiviteter.","og_url":"https:\/\/www.budokampsport.se\/2021\/04\/21\/aterigen-mojligt-att-soka-projektstod-if-hos-sbk\/","og_site_name":"Svenska Budo &amp; Kampsportsf\u00f6rbundet","article_published_time":"2021-04-21T12:19:34+00:00","og_image":[{"width":847,"height":547,"url":"https:\/\/www.budokampsport.se\/wp-content\/uploads\/2021\/01\/projektstodif-847px.jpg","type":"image\/jpeg"}],"author":"Mats Lilja","twitter_card":"summary_large_image","twitter_misc":{"Skriven av":"Mats Lilja","Ber\u00e4knad l\u00e4stid":"1 minut"},"schema":{"@context":"https:\/\/schema.org","@graph":[{"@type":"Article","@id":"https:\/\/www.budokampsport.se\/2021\/04\/21\/aterigen-mojligt-att-soka-projektstod-if-hos-sbk\/#article","isPartOf":{"@id":"https:\/\/www.budokampsport.se\/2021\/04\/21\/aterigen-mojligt-att-soka-projektstod-if-hos-sbk\/"},"author":{"name":"Mats Lilja","@id":"https:\/\/www.budokampsport.se\/#\/schema\/person\/d80c0bc61f1787703168fc250ce69522"},"headline":"\u00c5terigen m\u00f6jligt att s\u00f6ka Projektst\u00f6d IF hos SB&#038;K","datePublished":"2021-04-21T12:19:34+00:00","mainEntityOfPage":{"@id":"https:\/\/www.budokampsport.se\/2021\/04\/21\/aterigen-mojligt-att-soka-projektstod-if-hos-sbk\/"},"wordCount":226,"commentCount":1,"image":{"@id":"https:\/\/www.budokampsport.se\/2021\/04\/21\/aterigen-mojligt-att-soka-projektstod-if-hos-sbk\/#primaryimage"},"thumbnailUrl":"https:\/\/www.budokampsport.se\/wp-content\/uploads\/2021\/01\/projektstodif-847px.jpg","inLanguage":"sv-SE","potentialAction":[{"@type":"CommentAction","name":"Comment","target":["https:\/\/www.budokampsport.se\/2021\/04\/21\/aterigen-mojligt-att-soka-projektstod-if-hos-sbk\/#respond"]}]},{"@type":"WebPage","@id":"https:\/\/www.budokampsport.se\/2021\/04\/21\/aterigen-mojligt-att-soka-projektstod-if-hos-sbk\/","url":"https:\/\/www.budokampsport.se\/2021\/04\/21\/aterigen-mojligt-att-soka-projektstod-if-hos-sbk\/","name":"\u00c5terigen m\u00f6jligt att s\u00f6ka Projektst\u00f6d IF hos SB&K - Svenska Budo &amp; Kampsportsf\u00f6rbundet","isPartOf":{"@id":"https:\/\/www.budokampsport.se\/#website"},"primaryImageOfPage":{"@id":"https:\/\/www.budokampsport.se\/2021\/04\/21\/aterigen-mojligt-att-soka-projektstod-if-hos-sbk\/#primaryimage"},"image":{"@id":"https:\/\/www.budokampsport.se\/2021\/04\/21\/aterigen-mojligt-att-soka-projektstod-if-hos-sbk\/#primaryimage"},"thumbnailUrl":"https:\/\/www.budokampsport.se\/wp-content\/uploads\/2021\/01\/projektstodif-847px.jpg","datePublished":"2021-04-21T12:19:34+00:00","author":{"@id":"https:\/\/www.budokampsport.se\/#\/schema\/person\/d80c0bc61f1787703168fc250ce69522"},"description":"BIDRAG | Nya pengar finns att s\u00f6ka f\u00f6r v\u00e5ra idrottsf\u00f6reningar. Detta som st\u00f6d till kommande aktiviteter.","breadcrumb":{"@id":"https:\/\/www.budokampsport.se\/2021\/04\/21\/aterigen-mojligt-att-soka-projektstod-if-hos-sbk\/#breadcrumb"},"inLanguage":"sv-SE","potentialAction":[{"@type":"ReadAction","target":["https:\/\/www.budokampsport.se\/2021\/04\/21\/aterigen-mojligt-att-soka-projektstod-if-hos-sbk\/"]}]},{"@type":"ImageObject","inLanguage":"sv-SE","@id":"https:\/\/www.budokampsport.se\/2021\/04\/21\/aterigen-mojligt-att-soka-projektstod-if-hos-sbk\/#primaryimage","url":"https:\/\/www.budokampsport.se\/wp-content\/uploads\/2021\/01\/projektstodif-847px.jpg","contentUrl":"https:\/\/www.budokampsport.se\/wp-content\/uploads\/2021\/01\/projektstodif-847px.jpg","width":847,"height":547,"caption":"080408 Kampsport, ju jitsu, ju jutsu: Tr\u00e4ning i Uppsala Ju-jutsuklubb. \u00a9 Bildbyr\u00e5n - 42466"},{"@type":"BreadcrumbList","@id":"https:\/\/www.budokampsport.se\/2021\/04\/21\/aterigen-mojligt-att-soka-projektstod-if-hos-sbk\/#breadcrumb","itemListElement":[{"@type":"ListItem","position":1,"name":"Hem","item":"https:\/\/www.budokampsport.se\/"},{"@type":"ListItem","position":2,"name":"\u00c5terigen m\u00f6jligt att s\u00f6ka Projektst\u00f6d IF hos SB&#038;K"}]},{"@type":"WebSite","@id":"https:\/\/www.budokampsport.se\/#website","url":"https:\/\/www.budokampsport.se\/","name":"Svenska Budo &amp; Kampsportsf\u00f6rbundet","description":"T\u00e4vling, Tr\u00e4ning, Tradition","potentialAction":[{"@type":"SearchAction","target":{"@type":"EntryPoint","urlTemplate":"https:\/\/www.budokampsport.se\/?s={search_term_string}"},"query-input":{"@type":"PropertyValueSpecification","valueRequired":true,"valueName":"search_term_string"}}],"inLanguage":"sv-SE"},{"@type":"Person","@id":"https:\/\/www.budokampsport.se\/#\/schema\/person\/d80c0bc61f1787703168fc250ce69522","name":"Mats Lilja","image":{"@type":"ImageObject","inLanguage":"sv-SE","@id":"https:\/\/www.budokampsport.se\/#\/schema\/person\/image\/","url":"https:\/\/secure.gravatar.com\/avatar\/607f84918e96abe1ebbd8611782fa57d?s=96&d=blank&r=g","contentUrl":"https:\/\/secure.gravatar.com\/avatar\/607f84918e96abe1ebbd8611782fa57d?s=96&d=blank&r=g","caption":"Mats Lilja"},"url":"https:\/\/www.budokampsport.se\/author\/mats-lilja\/"}]}},"_links":{"self":[{"href":"https:\/\/www.budokampsport.se\/api\/wp\/v2\/posts\/125465","targetHints":{"allow":["GET"]}}],"collection":[{"href":"https:\/\/www.budokampsport.se\/api\/wp\/v2\/posts"}],"about":[{"href":"https:\/\/www.budokampsport.se\/api\/wp\/v2\/types\/post"}],"author":[{"embeddable":true,"href":"https:\/\/www.budokampsport.se\/api\/wp\/v2\/users\/914"}],"replies":[{"embeddable":true,"href":"https:\/\/www.budokampsport.se\/api\/wp\/v2\/comments?post=125465"}],"version-history":[{"count":0,"href":"https:\/\/www.budokampsport.se\/api\/wp\/v2\/posts\/125465\/revisions"}],"wp:featuredmedia":[{"embeddable":true,"href":"https:\/\/www.budokampsport.se\/api\/wp\/v2\/media\/124212"}],"wp:attachment":[{"href":"https:\/\/www.budokampsport.se\/api\/wp\/v2\/media?parent=125465"}],"wp:term":[{"taxonomy":"category","embeddable":true,"href":"https:\/\/www.budokampsport.se\/api\/wp\/v2\/categories?post=125465"},{"taxonomy":"post_tag","embeddable":true,"href":"https:\/\/www.budokampsport.se\/api\/wp\/v2\/tags?post=125465"}],"curies":[{"name":"wp","href":"https:\/\/api.w.org\/{rel}","templated":true}]}}