{"id":125467,"date":"2021-04-22T10:06:28","date_gmt":"2021-04-22T08:06:28","guid":{"rendered":"https:\/\/www.budokampsport.se\/?p=125467"},"modified":"2024-07-25T16:05:11","modified_gmt":"2024-07-25T14:05:11","slug":"utvarderingen-av-de-digitala-arsmotena-ar-klar","status":"publish","type":"post","link":"https:\/\/www.budokampsport.se\/2021\/04\/22\/utvarderingen-av-de-digitala-arsmotena-ar-klar\/","title":{"rendered":"Utv\u00e4rderingen av de digitala \u00e5rsm\u00f6tena \u00e4r klar"},"content":{"rendered":"<p>Som vi <a href=\"https:\/\/www.budokampsport.se\/2021\/03\/30\/forbundet-har-skickat-ut-enkat-om-arsmoten-och-foreningsdemokrati\/\" target=\"_blank\" rel=\"noopener noreferrer\">tidigare har ber\u00e4ttat<\/a> s\u00e5 gick en enk\u00e4t ut efter de 19 st\u00e4mmorna i SB&amp;K:s regi. Fr\u00e5gorna g\u00e4llde dels upplevelsen av \u00e5rsm\u00f6tena och dels synen p\u00e5 f\u00f6reningsdemokrati, med n\u00e5gra av fr\u00e5gorna kopplade till f\u00f6rbundets projekt <em>Demokratidrott<\/em>.<\/p>\n<p>Enk\u00e4ten gick ut till de 339 personer som hade registrerat en anm\u00e4lan till n\u00e5got av f\u00f6rbundens \u00e5rsm\u00f6ten under mars m\u00e5nad. Totalt svarade 172 personer. En klar majoritet, 89%, tycker i stor eller mycket stor utstr\u00e4ckning att det gick utm\u00e4rkt att delta i de digitala \u00e5rsm\u00f6tena. Denna siffra \u00e4r h\u00f6gre \u00e4n i motsvarande utv\u00e4rdering 2020 (d\u00e5 85%).<\/p>\n<p>Att SB&amp;K i framtiden ska h\u00e5lla \u00e5rsm\u00f6ten enbart i digitalt format \u00e4r mer \u00e4n h\u00e4lften (58%) av de svarande positiva till, medan ungef\u00e4r en tredjedel anser att det b\u00f6r g\u00f6ras i liten eller mycket liten utstr\u00e4ckning. Av de som valt att utveckla sina svar tycks det finnas tydliga f\u00f6r- och nackdelar med b\u00e5de digitala och fysiska tr\u00e4ffar.<\/p>\n<p>Att h\u00e5lla \u00e5rsm\u00f6ten i ett digitalt format anses av f\u00f6respr\u00e5karna vara kostnadseffektivt och tidsbesparande, framf\u00f6rallt f\u00f6r de som annars beh\u00f6ver resa l\u00e5ngt. De f\u00f6rdelar som lyfts fram med fysiska \u00e5rsm\u00f6ten \u00e4r framf\u00f6rallt att det m\u00f6jligg\u00f6r f\u00f6r diskussioner p\u00e5 ett l\u00e4ttare s\u00e4tt \u00e4n n\u00e4r m\u00f6tena h\u00e5llits digitalt samt att det mer informella relationsskapandet och de sociala tr\u00e4ffarna som uppst\u00e5r vid fysiska m\u00f6ten \u00e4r uppskattade och \u00f6nskv\u00e4rda bland m\u00e5nga medlemmar.<\/p>\n<p>Flera svaranden f\u00f6resl\u00e5r en slags hybridform f\u00f6r kommande \u00e5rsm\u00f6ten, d\u00e4r man kan delta p\u00e5 plats men ocks\u00e5 via digitall\u00e4nk om man s\u00e5 \u00f6nskar. En f\u00f6ruts\u00e4ttning f\u00f6r digitala \u00e5rsm\u00f6ten \u00e4r i s\u00e5dana fall att teknik och uppkoppling fungerar felfritt. I utv\u00e4rderingen 2020 ans\u00e5g 53% att \u00e5rsm\u00f6ten fram\u00f6ver endast ska h\u00e5llas digitalt \u2013 \u00e5rets siffra \u00e4r allts\u00e5 5 procentenheter h\u00f6gre.<\/p>\n<p>65% av de som svarade anser ocks\u00e5 att den digitala formen f\u00f6r \u00e5rsm\u00f6tet har en positiv effekt p\u00e5 demokratin i f\u00f6rbundet. \u00c4ven denna siffra \u00e4r h\u00f6gre \u00e4n i f\u00f6rra \u00e5rets enk\u00e4tsvar (d\u00e5 63%).<\/p>\n<p>I enk\u00e4ten st\u00e4lldes \u00e4ven fr\u00e5gor om upplevelsen av f\u00f6reningsdemokrati inom SB&amp;K som organisation, p\u00e5 b\u00e5de f\u00f6rbunds- och f\u00f6reningsniv\u00e5. Bland de svarande anser sig de allra flesta ha goda kunskaper om f\u00f6reningsdemokrati och den svenska idrottsr\u00f6relsen. En \u00f6verv\u00e4ldigande majoritet upplever ocks\u00e5 att den f\u00f6reningsdemokratiska kulturen \u00e4r \u00f6ppen och inkluderande, s\u00e5v\u00e4l p\u00e5 f\u00f6renings- som p\u00e5 f\u00f6rbundsniv\u00e5.<\/p>\n<p>Det som framh\u00e5lls vara den st\u00f6rsta utmaningen med f\u00f6reningsdemokratin, oberoende organisationsniv\u00e5, \u00e4r tid f\u00f6r engagemang\/tidsbrist. P\u00e5 fr\u00e5gan om \u00f6kade samarbeten inom f\u00f6rbunden och idrottsr\u00f6relsen inst\u00e4mmer \u00f6ver h\u00e4lften av de svarande helt eller delvis, samtidigt som n\u00e4stan 21% inte har n\u00e5gon uppfattning i fr\u00e5gan.<\/p>\n<p>Vad g\u00e4ller relationen mellan den egna f\u00f6reningen och f\u00f6rbunden \u00f6nskar h\u00e4lften av de svarande en n\u00e4rmare relation.<\/p>\n<p>Text: Astrid Hultin Svensk, Mats Lilja<br \/>\nFoto: Sofia Arnbom<\/p>\n<hr \/>\n<p><span style=\"font-size: 10pt;\">H\u00e4r finns siffrorna f\u00f6r n\u00e5gra av fr\u00e5gorna i enk\u00e4ten. 172 respondenter deltog.<\/span><\/p>\n<table style=\"border-collapse: collapse; width: 100%;\">\n<tbody>\n<tr>\n<td style=\"width: 100%;\" colspan=\"2\"><strong>K\u00f6nsf\u00f6rdelning<\/strong><\/td>\n<\/tr>\n<tr>\n<td style=\"width: 70%;\">M\u00e4n<\/td>\n<td style=\"width: 30%; text-align: right;\">67,4%<\/td>\n<\/tr>\n<tr>\n<td style=\"width: 70%;\">Kvinnor<\/td>\n<td style=\"width: 30%; text-align: right;\">30,8%<\/td>\n<\/tr>\n<tr>\n<td style=\"width: 70%;\">Annat alternativ<\/td>\n<td style=\"width: 30%; text-align: right;\">0,6%<\/td>\n<\/tr>\n<tr>\n<td style=\"width: 70%;\">Vill inte svara<\/td>\n<td style=\"width: 30%; text-align: right;\">1,2%<\/td>\n<\/tr>\n<\/tbody>\n<\/table>\n<p>&nbsp;<\/p>\n<table style=\"border-collapse: collapse; width: 100%;\">\n<tbody>\n<tr>\n<td style=\"width: 100%;\" colspan=\"2\"><strong>\u00c5ldersf\u00f6rdelning<\/strong><\/td>\n<\/tr>\n<tr>\n<td style=\"width: 70%;\">25 \u00e5r och yngre<\/td>\n<td style=\"width: 30%; text-align: right;\">1,7%<\/td>\n<\/tr>\n<tr>\n<td style=\"width: 70%;\">26\u201340 \u00e5r<\/td>\n<td style=\"width: 30%; text-align: right;\">27,3%<\/td>\n<\/tr>\n<tr>\n<td style=\"width: 70%;\">41\u201360 \u00e5r<\/td>\n<td style=\"width: 30%; text-align: right;\">65,1%<\/td>\n<\/tr>\n<tr>\n<td style=\"width: 70%;\">61 \u00e5r och \u00e4ldre<\/td>\n<td style=\"width: 30%; text-align: right;\">5,8%<\/td>\n<\/tr>\n<\/tbody>\n<\/table>\n<p>&nbsp;<\/p>\n<table style=\"border-collapse: collapse; width: 100%; height: 115px;\">\n<tbody>\n<tr style=\"height: 23px;\">\n<td style=\"width: 100%; height: 23px;\" colspan=\"2\"><strong>Vilket \u00e5rsm\u00f6te man deltog i (de 4 st\u00f6rsta)<\/strong><\/td>\n<\/tr>\n<tr style=\"height: 23px;\">\n<td style=\"width: 70%; height: 23px;\">Svenska Budo &amp; Kampsportsf\u00f6rbundet<\/td>\n<td style=\"width: 30%; text-align: right; height: 23px;\">26,7%<\/td>\n<\/tr>\n<tr style=\"height: 23px;\">\n<td style=\"width: 70%; height: 23px;\">Svenska Aikidof\u00f6rbundet<\/td>\n<td style=\"width: 30%; text-align: right; height: 23px;\">15,7%<\/td>\n<\/tr>\n<tr style=\"height: 23px;\">\n<td style=\"width: 70%; height: 23px;\">Svenska Kendof\u00f6rbundet<\/td>\n<td style=\"width: 30%; text-align: right; height: 23px;\">8,1%<\/td>\n<\/tr>\n<tr style=\"height: 23px;\">\n<td style=\"width: 70%; height: 23px;\">Jujutsufederationen<\/td>\n<td style=\"width: 30%; text-align: right; height: 23px;\">8,1%<\/td>\n<\/tr>\n<\/tbody>\n<\/table>\n<p>&nbsp;<\/p>\n<table style=\"border-collapse: collapse; width: 100%;\">\n<tbody>\n<tr>\n<td style=\"width: 100%;\" colspan=\"2\"><strong>I vilken utstr\u00e4ckning h\u00e5ller du med om f\u00f6ljande p\u00e5st\u00e5ende:<br \/>\n&#8220;Att delta p\u00e5 ett digitalt \u00e5rsm\u00f6te fungerade alldeles utm\u00e4rkt&#8221;<\/strong><\/td>\n<\/tr>\n<tr>\n<td style=\"width: 70%;\">I mycket stor utstr\u00e4ckning<\/td>\n<td style=\"width: 30%; text-align: right;\">46,5%<\/td>\n<\/tr>\n<tr>\n<td style=\"width: 70%;\">I stor utstr\u00e4ckning<\/td>\n<td style=\"width: 30%; text-align: right;\">42,4%<\/td>\n<\/tr>\n<tr>\n<td style=\"width: 70%;\">I liten utstr\u00e4ckning<\/td>\n<td style=\"width: 30%; text-align: right;\">5,2%<\/td>\n<\/tr>\n<tr>\n<td style=\"width: 70%;\">I mycket liten utstr\u00e4ckning<\/td>\n<td style=\"width: 30%; text-align: right;\">5,2%<\/td>\n<\/tr>\n<tr>\n<td style=\"width: 70%;\">Ingen uppfattning<\/td>\n<td style=\"width: 30%; text-align: right;\">0,6%<\/td>\n<\/tr>\n<\/tbody>\n<\/table>\n<p>&nbsp;<\/p>\n","protected":false},"excerpt":{"rendered":"<p>SB&#038;K | Precis som f\u00f6rra \u00e5ret har f\u00f6rbundet l\u00e5tit utv\u00e4rdera deltagarnas erfarenheter av de digitala m\u00f6tena. Allt fler f\u00f6redrar nu st\u00e4mmor p\u00e5 distans.<\/p><br>","protected":false},"author":914,"featured_media":125275,"comment_status":"open","ping_status":"open","sticky":false,"template":"","format":"standard","meta":{"_acf_changed":false,"footnotes":""},"categories":[580],"tags":[],"class_list":["post-125467","post","type-post","status-publish","format-standard","has-post-thumbnail","hentry","category-demokratidrott"],"acf":[],"yoast_head":"<!-- This site is optimized with the Yoast SEO plugin v26.8 - https:\/\/yoast.com\/product\/yoast-seo-wordpress\/ -->\n<title>Utv\u00e4rderingen av de digitala \u00e5rsm\u00f6tena \u00e4r klar - Svenska Budo &amp; Kampsportsf\u00f6rbundet<\/title>\n<meta name=\"description\" content=\"SB&amp;K | Precis som f\u00f6rra \u00e5ret har f\u00f6rbundet l\u00e5tit utv\u00e4rdera deltagarnas erfarenheter av de digitala m\u00f6tena. Allt fler f\u00f6redrar nu st\u00e4mmor p\u00e5 distans.\" \/>\n<meta name=\"robots\" content=\"index, follow, max-snippet:-1, max-image-preview:large, max-video-preview:-1\" \/>\n<link rel=\"canonical\" href=\"https:\/\/www.budokampsport.se\/2021\/04\/22\/utvarderingen-av-de-digitala-arsmotena-ar-klar\/\" \/>\n<meta property=\"og:locale\" content=\"sv_SE\" \/>\n<meta property=\"og:type\" content=\"article\" \/>\n<meta property=\"og:title\" content=\"Utv\u00e4rderingen av de digitala \u00e5rsm\u00f6tena \u00e4r klar - Svenska Budo &amp; Kampsportsf\u00f6rbundet\" \/>\n<meta property=\"og:description\" content=\"SB&amp;K | Precis som f\u00f6rra \u00e5ret har f\u00f6rbundet l\u00e5tit utv\u00e4rdera deltagarnas erfarenheter av de digitala m\u00f6tena. Allt fler f\u00f6redrar nu st\u00e4mmor p\u00e5 distans.\" \/>\n<meta property=\"og:url\" content=\"https:\/\/www.budokampsport.se\/2021\/04\/22\/utvarderingen-av-de-digitala-arsmotena-ar-klar\/\" \/>\n<meta property=\"og:site_name\" content=\"Svenska Budo &amp; Kampsportsf\u00f6rbundet\" \/>\n<meta property=\"article:published_time\" content=\"2021-04-22T08:06:28+00:00\" \/>\n<meta property=\"article:modified_time\" content=\"2024-07-25T14:05:11+00:00\" \/>\n<meta property=\"og:image\" content=\"https:\/\/www.budokampsport.se\/wp-content\/uploads\/2021\/03\/arsmote2021-02.jpg\" \/>\n\t<meta property=\"og:image:width\" content=\"847\" \/>\n\t<meta property=\"og:image:height\" content=\"544\" \/>\n\t<meta property=\"og:image:type\" content=\"image\/jpeg\" \/>\n<meta name=\"author\" content=\"Mats Lilja\" \/>\n<meta name=\"twitter:card\" content=\"summary_large_image\" \/>\n<meta name=\"twitter:label1\" content=\"Skriven av\" \/>\n\t<meta name=\"twitter:data1\" content=\"Mats Lilja\" \/>\n\t<meta name=\"twitter:label2\" content=\"Ber\u00e4knad l\u00e4stid\" \/>\n\t<meta name=\"twitter:data2\" content=\"3 minuter\" \/>\n<script type=\"application\/ld+json\" class=\"yoast-schema-graph\">{\"@context\":\"https:\/\/schema.org\",\"@graph\":[{\"@type\":\"Article\",\"@id\":\"https:\/\/www.budokampsport.se\/2021\/04\/22\/utvarderingen-av-de-digitala-arsmotena-ar-klar\/#article\",\"isPartOf\":{\"@id\":\"https:\/\/www.budokampsport.se\/2021\/04\/22\/utvarderingen-av-de-digitala-arsmotena-ar-klar\/\"},\"author\":{\"name\":\"Mats Lilja\",\"@id\":\"https:\/\/www.budokampsport.se\/#\/schema\/person\/d80c0bc61f1787703168fc250ce69522\"},\"headline\":\"Utv\u00e4rderingen av de digitala \u00e5rsm\u00f6tena \u00e4r klar\",\"datePublished\":\"2021-04-22T08:06:28+00:00\",\"dateModified\":\"2024-07-25T14:05:11+00:00\",\"mainEntityOfPage\":{\"@id\":\"https:\/\/www.budokampsport.se\/2021\/04\/22\/utvarderingen-av-de-digitala-arsmotena-ar-klar\/\"},\"wordCount\":652,\"commentCount\":0,\"image\":{\"@id\":\"https:\/\/www.budokampsport.se\/2021\/04\/22\/utvarderingen-av-de-digitala-arsmotena-ar-klar\/#primaryimage\"},\"thumbnailUrl\":\"https:\/\/www.budokampsport.se\/wp-content\/uploads\/2021\/03\/arsmote2021-02.jpg\",\"articleSection\":[\"Demokratidrott\"],\"inLanguage\":\"sv-SE\",\"potentialAction\":[{\"@type\":\"CommentAction\",\"name\":\"Comment\",\"target\":[\"https:\/\/www.budokampsport.se\/2021\/04\/22\/utvarderingen-av-de-digitala-arsmotena-ar-klar\/#respond\"]}]},{\"@type\":\"WebPage\",\"@id\":\"https:\/\/www.budokampsport.se\/2021\/04\/22\/utvarderingen-av-de-digitala-arsmotena-ar-klar\/\",\"url\":\"https:\/\/www.budokampsport.se\/2021\/04\/22\/utvarderingen-av-de-digitala-arsmotena-ar-klar\/\",\"name\":\"Utv\u00e4rderingen av de digitala \u00e5rsm\u00f6tena \u00e4r klar - Svenska Budo &amp; Kampsportsf\u00f6rbundet\",\"isPartOf\":{\"@id\":\"https:\/\/www.budokampsport.se\/#website\"},\"primaryImageOfPage\":{\"@id\":\"https:\/\/www.budokampsport.se\/2021\/04\/22\/utvarderingen-av-de-digitala-arsmotena-ar-klar\/#primaryimage\"},\"image\":{\"@id\":\"https:\/\/www.budokampsport.se\/2021\/04\/22\/utvarderingen-av-de-digitala-arsmotena-ar-klar\/#primaryimage\"},\"thumbnailUrl\":\"https:\/\/www.budokampsport.se\/wp-content\/uploads\/2021\/03\/arsmote2021-02.jpg\",\"datePublished\":\"2021-04-22T08:06:28+00:00\",\"dateModified\":\"2024-07-25T14:05:11+00:00\",\"author\":{\"@id\":\"https:\/\/www.budokampsport.se\/#\/schema\/person\/d80c0bc61f1787703168fc250ce69522\"},\"description\":\"SB&K | Precis som f\u00f6rra \u00e5ret har f\u00f6rbundet l\u00e5tit utv\u00e4rdera deltagarnas erfarenheter av de digitala m\u00f6tena. Allt fler f\u00f6redrar nu st\u00e4mmor p\u00e5 distans.\",\"breadcrumb\":{\"@id\":\"https:\/\/www.budokampsport.se\/2021\/04\/22\/utvarderingen-av-de-digitala-arsmotena-ar-klar\/#breadcrumb\"},\"inLanguage\":\"sv-SE\",\"potentialAction\":[{\"@type\":\"ReadAction\",\"target\":[\"https:\/\/www.budokampsport.se\/2021\/04\/22\/utvarderingen-av-de-digitala-arsmotena-ar-klar\/\"]}]},{\"@type\":\"ImageObject\",\"inLanguage\":\"sv-SE\",\"@id\":\"https:\/\/www.budokampsport.se\/2021\/04\/22\/utvarderingen-av-de-digitala-arsmotena-ar-klar\/#primaryimage\",\"url\":\"https:\/\/www.budokampsport.se\/wp-content\/uploads\/2021\/03\/arsmote2021-02.jpg\",\"contentUrl\":\"https:\/\/www.budokampsport.se\/wp-content\/uploads\/2021\/03\/arsmote2021-02.jpg\",\"width\":847,\"height\":544,\"caption\":\"SB&K:s \u00e5rsm\u00f6te 2021. Foto: Sofia Arnbom.\"},{\"@type\":\"BreadcrumbList\",\"@id\":\"https:\/\/www.budokampsport.se\/2021\/04\/22\/utvarderingen-av-de-digitala-arsmotena-ar-klar\/#breadcrumb\",\"itemListElement\":[{\"@type\":\"ListItem\",\"position\":1,\"name\":\"Hem\",\"item\":\"https:\/\/www.budokampsport.se\/\"},{\"@type\":\"ListItem\",\"position\":2,\"name\":\"Utv\u00e4rderingen av de digitala \u00e5rsm\u00f6tena \u00e4r klar\"}]},{\"@type\":\"WebSite\",\"@id\":\"https:\/\/www.budokampsport.se\/#website\",\"url\":\"https:\/\/www.budokampsport.se\/\",\"name\":\"Svenska Budo &amp; Kampsportsf\u00f6rbundet\",\"description\":\"T\u00e4vling, Tr\u00e4ning, Tradition\",\"potentialAction\":[{\"@type\":\"SearchAction\",\"target\":{\"@type\":\"EntryPoint\",\"urlTemplate\":\"https:\/\/www.budokampsport.se\/?s={search_term_string}\"},\"query-input\":{\"@type\":\"PropertyValueSpecification\",\"valueRequired\":true,\"valueName\":\"search_term_string\"}}],\"inLanguage\":\"sv-SE\"},{\"@type\":\"Person\",\"@id\":\"https:\/\/www.budokampsport.se\/#\/schema\/person\/d80c0bc61f1787703168fc250ce69522\",\"name\":\"Mats Lilja\",\"image\":{\"@type\":\"ImageObject\",\"inLanguage\":\"sv-SE\",\"@id\":\"https:\/\/www.budokampsport.se\/#\/schema\/person\/image\/\",\"url\":\"https:\/\/secure.gravatar.com\/avatar\/607f84918e96abe1ebbd8611782fa57d?s=96&d=blank&r=g\",\"contentUrl\":\"https:\/\/secure.gravatar.com\/avatar\/607f84918e96abe1ebbd8611782fa57d?s=96&d=blank&r=g\",\"caption\":\"Mats Lilja\"},\"url\":\"https:\/\/www.budokampsport.se\/author\/mats-lilja\/\"}]}<\/script>\n<!-- \/ Yoast SEO plugin. -->","yoast_head_json":{"title":"Utv\u00e4rderingen av de digitala \u00e5rsm\u00f6tena \u00e4r klar - Svenska Budo &amp; Kampsportsf\u00f6rbundet","description":"SB&K | Precis som f\u00f6rra \u00e5ret har f\u00f6rbundet l\u00e5tit utv\u00e4rdera deltagarnas erfarenheter av de digitala m\u00f6tena. Allt fler f\u00f6redrar nu st\u00e4mmor p\u00e5 distans.","robots":{"index":"index","follow":"follow","max-snippet":"max-snippet:-1","max-image-preview":"max-image-preview:large","max-video-preview":"max-video-preview:-1"},"canonical":"https:\/\/www.budokampsport.se\/2021\/04\/22\/utvarderingen-av-de-digitala-arsmotena-ar-klar\/","og_locale":"sv_SE","og_type":"article","og_title":"Utv\u00e4rderingen av de digitala \u00e5rsm\u00f6tena \u00e4r klar - Svenska Budo &amp; Kampsportsf\u00f6rbundet","og_description":"SB&K | Precis som f\u00f6rra \u00e5ret har f\u00f6rbundet l\u00e5tit utv\u00e4rdera deltagarnas erfarenheter av de digitala m\u00f6tena. Allt fler f\u00f6redrar nu st\u00e4mmor p\u00e5 distans.","og_url":"https:\/\/www.budokampsport.se\/2021\/04\/22\/utvarderingen-av-de-digitala-arsmotena-ar-klar\/","og_site_name":"Svenska Budo &amp; Kampsportsf\u00f6rbundet","article_published_time":"2021-04-22T08:06:28+00:00","article_modified_time":"2024-07-25T14:05:11+00:00","og_image":[{"width":847,"height":544,"url":"https:\/\/www.budokampsport.se\/wp-content\/uploads\/2021\/03\/arsmote2021-02.jpg","type":"image\/jpeg"}],"author":"Mats Lilja","twitter_card":"summary_large_image","twitter_misc":{"Skriven av":"Mats Lilja","Ber\u00e4knad l\u00e4stid":"3 minuter"},"schema":{"@context":"https:\/\/schema.org","@graph":[{"@type":"Article","@id":"https:\/\/www.budokampsport.se\/2021\/04\/22\/utvarderingen-av-de-digitala-arsmotena-ar-klar\/#article","isPartOf":{"@id":"https:\/\/www.budokampsport.se\/2021\/04\/22\/utvarderingen-av-de-digitala-arsmotena-ar-klar\/"},"author":{"name":"Mats Lilja","@id":"https:\/\/www.budokampsport.se\/#\/schema\/person\/d80c0bc61f1787703168fc250ce69522"},"headline":"Utv\u00e4rderingen av de digitala \u00e5rsm\u00f6tena \u00e4r klar","datePublished":"2021-04-22T08:06:28+00:00","dateModified":"2024-07-25T14:05:11+00:00","mainEntityOfPage":{"@id":"https:\/\/www.budokampsport.se\/2021\/04\/22\/utvarderingen-av-de-digitala-arsmotena-ar-klar\/"},"wordCount":652,"commentCount":0,"image":{"@id":"https:\/\/www.budokampsport.se\/2021\/04\/22\/utvarderingen-av-de-digitala-arsmotena-ar-klar\/#primaryimage"},"thumbnailUrl":"https:\/\/www.budokampsport.se\/wp-content\/uploads\/2021\/03\/arsmote2021-02.jpg","articleSection":["Demokratidrott"],"inLanguage":"sv-SE","potentialAction":[{"@type":"CommentAction","name":"Comment","target":["https:\/\/www.budokampsport.se\/2021\/04\/22\/utvarderingen-av-de-digitala-arsmotena-ar-klar\/#respond"]}]},{"@type":"WebPage","@id":"https:\/\/www.budokampsport.se\/2021\/04\/22\/utvarderingen-av-de-digitala-arsmotena-ar-klar\/","url":"https:\/\/www.budokampsport.se\/2021\/04\/22\/utvarderingen-av-de-digitala-arsmotena-ar-klar\/","name":"Utv\u00e4rderingen av de digitala \u00e5rsm\u00f6tena \u00e4r klar - Svenska Budo &amp; Kampsportsf\u00f6rbundet","isPartOf":{"@id":"https:\/\/www.budokampsport.se\/#website"},"primaryImageOfPage":{"@id":"https:\/\/www.budokampsport.se\/2021\/04\/22\/utvarderingen-av-de-digitala-arsmotena-ar-klar\/#primaryimage"},"image":{"@id":"https:\/\/www.budokampsport.se\/2021\/04\/22\/utvarderingen-av-de-digitala-arsmotena-ar-klar\/#primaryimage"},"thumbnailUrl":"https:\/\/www.budokampsport.se\/wp-content\/uploads\/2021\/03\/arsmote2021-02.jpg","datePublished":"2021-04-22T08:06:28+00:00","dateModified":"2024-07-25T14:05:11+00:00","author":{"@id":"https:\/\/www.budokampsport.se\/#\/schema\/person\/d80c0bc61f1787703168fc250ce69522"},"description":"SB&K | Precis som f\u00f6rra \u00e5ret har f\u00f6rbundet l\u00e5tit utv\u00e4rdera deltagarnas erfarenheter av de digitala m\u00f6tena. Allt fler f\u00f6redrar nu st\u00e4mmor p\u00e5 distans.","breadcrumb":{"@id":"https:\/\/www.budokampsport.se\/2021\/04\/22\/utvarderingen-av-de-digitala-arsmotena-ar-klar\/#breadcrumb"},"inLanguage":"sv-SE","potentialAction":[{"@type":"ReadAction","target":["https:\/\/www.budokampsport.se\/2021\/04\/22\/utvarderingen-av-de-digitala-arsmotena-ar-klar\/"]}]},{"@type":"ImageObject","inLanguage":"sv-SE","@id":"https:\/\/www.budokampsport.se\/2021\/04\/22\/utvarderingen-av-de-digitala-arsmotena-ar-klar\/#primaryimage","url":"https:\/\/www.budokampsport.se\/wp-content\/uploads\/2021\/03\/arsmote2021-02.jpg","contentUrl":"https:\/\/www.budokampsport.se\/wp-content\/uploads\/2021\/03\/arsmote2021-02.jpg","width":847,"height":544,"caption":"SB&K:s \u00e5rsm\u00f6te 2021. Foto: Sofia Arnbom."},{"@type":"BreadcrumbList","@id":"https:\/\/www.budokampsport.se\/2021\/04\/22\/utvarderingen-av-de-digitala-arsmotena-ar-klar\/#breadcrumb","itemListElement":[{"@type":"ListItem","position":1,"name":"Hem","item":"https:\/\/www.budokampsport.se\/"},{"@type":"ListItem","position":2,"name":"Utv\u00e4rderingen av de digitala \u00e5rsm\u00f6tena \u00e4r klar"}]},{"@type":"WebSite","@id":"https:\/\/www.budokampsport.se\/#website","url":"https:\/\/www.budokampsport.se\/","name":"Svenska Budo &amp; Kampsportsf\u00f6rbundet","description":"T\u00e4vling, Tr\u00e4ning, Tradition","potentialAction":[{"@type":"SearchAction","target":{"@type":"EntryPoint","urlTemplate":"https:\/\/www.budokampsport.se\/?s={search_term_string}"},"query-input":{"@type":"PropertyValueSpecification","valueRequired":true,"valueName":"search_term_string"}}],"inLanguage":"sv-SE"},{"@type":"Person","@id":"https:\/\/www.budokampsport.se\/#\/schema\/person\/d80c0bc61f1787703168fc250ce69522","name":"Mats Lilja","image":{"@type":"ImageObject","inLanguage":"sv-SE","@id":"https:\/\/www.budokampsport.se\/#\/schema\/person\/image\/","url":"https:\/\/secure.gravatar.com\/avatar\/607f84918e96abe1ebbd8611782fa57d?s=96&d=blank&r=g","contentUrl":"https:\/\/secure.gravatar.com\/avatar\/607f84918e96abe1ebbd8611782fa57d?s=96&d=blank&r=g","caption":"Mats Lilja"},"url":"https:\/\/www.budokampsport.se\/author\/mats-lilja\/"}]}},"_links":{"self":[{"href":"https:\/\/www.budokampsport.se\/api\/wp\/v2\/posts\/125467","targetHints":{"allow":["GET"]}}],"collection":[{"href":"https:\/\/www.budokampsport.se\/api\/wp\/v2\/posts"}],"about":[{"href":"https:\/\/www.budokampsport.se\/api\/wp\/v2\/types\/post"}],"author":[{"embeddable":true,"href":"https:\/\/www.budokampsport.se\/api\/wp\/v2\/users\/914"}],"replies":[{"embeddable":true,"href":"https:\/\/www.budokampsport.se\/api\/wp\/v2\/comments?post=125467"}],"version-history":[{"count":0,"href":"https:\/\/www.budokampsport.se\/api\/wp\/v2\/posts\/125467\/revisions"}],"wp:featuredmedia":[{"embeddable":true,"href":"https:\/\/www.budokampsport.se\/api\/wp\/v2\/media\/125275"}],"wp:attachment":[{"href":"https:\/\/www.budokampsport.se\/api\/wp\/v2\/media?parent=125467"}],"wp:term":[{"taxonomy":"category","embeddable":true,"href":"https:\/\/www.budokampsport.se\/api\/wp\/v2\/categories?post=125467"},{"taxonomy":"post_tag","embeddable":true,"href":"https:\/\/www.budokampsport.se\/api\/wp\/v2\/tags?post=125467"}],"curies":[{"name":"wp","href":"https:\/\/api.w.org\/{rel}","templated":true}]}}