{"id":125769,"date":"2021-05-21T09:46:49","date_gmt":"2021-05-21T07:46:49","guid":{"rendered":"https:\/\/www.budokampsport.se\/?p=125769"},"modified":"2021-05-21T11:49:56","modified_gmt":"2021-05-21T09:49:56","slug":"barn-och-unga-far-aka-pa-lager-i-sommar","status":"publish","type":"post","link":"https:\/\/www.budokampsport.se\/2021\/05\/21\/barn-och-unga-far-aka-pa-lager-i-sommar\/","title":{"rendered":"Barn och unga f\u00e5r \u00e5ka p\u00e5 l\u00e4ger i sommar"},"content":{"rendered":"<p>Folkh\u00e4lsomyndigheten meddelade ig\u00e5r att man ger klartecken f\u00f6r att unga i exempelvis idrottsf\u00f6reningar f\u00e5r samlas i sommar. S\u00e5 h\u00e4r skriver man p\u00e5 sin hemsida:<\/p>\n<p style=\"padding-left: 40px;\"><em>Barn och ungdomar har drabbats h\u00e5rt av restriktionerna under pandemin. Genom l\u00e4gerverksamhet kan b\u00e5de den fysiska och psykiska h\u00e4lsan fr\u00e4mjas. Folkh\u00e4lsomyndigheten har v\u00e4gt samman h\u00e4lsoeffekterna och ger nu klartecken f\u00f6r att \u00f6ppna upp l\u00e4gerverksamheter och cuper f\u00f6r barn och unga i mindre skala fr\u00e5n den 1 juni.<\/em><\/p>\n<p style=\"padding-left: 40px;\"><em>L\u00e4ger kan anordnas b\u00e5de inomhus och utomhus. Det finns inga restriktioner i l\u00e4ngden p\u00e5 l\u00e4ger eller cuper. Det \u00e4r m\u00f6jligt att \u00e5ka till en annan region och delta med andra barn och unga \u00e4n de fr\u00e5n samma klass eller lag.<\/em><\/p>\n<p>Men man understryker ocks\u00e5:<\/p>\n<p style=\"padding-left: 40px;\"><em>L\u00e4ger och mindre cuper kan genomf\u00f6ras, men det \u00e4r fortsatt viktigt att minska risken f\u00f6r smittspridning. L\u00e4ger och cuper b\u00f6r d\u00e4rf\u00f6r genomf\u00f6ras med mindre grupper som inte blandas. Det \u00e4r ocks\u00e5 viktigt att ha rutiner f\u00f6r att hantera eventuell smittspridning och f\u00f6r hur deltagare ska kunna \u00e5ka hem om n\u00e5gon deltagare f\u00e5r sjukdomssymtom.<\/em><\/p>\n<p>P\u00e5 Riksidrottsf\u00f6rbundet v\u00e4lkomnar man Folkh\u00e4lsomyndighetens besked, som allts\u00e5 g\u00e4ller fr\u00e5n den 1 juni.<\/p>\n<p>\u2013 Att barn och unga ges m\u00f6jlighet till idrott och gemenskap under sommarlovet \u00e4r mycket positivt. Att coronarestriktioner nu kan kompletteras med andra insatser f\u00f6r h\u00e4lsa och r\u00f6relse \u00e4r ett tecken i tiden. Vi vet att m\u00e5nga l\u00e4ngtat efter detta l\u00e4nge, kommenterar RF:s ordf\u00f6rande Bj\u00f6rn Eriksson.<\/p>\n<p><strong>L\u00e4s mer:<\/strong><br \/>\n\u00bb <a href=\"https:\/\/www.folkhalsomyndigheten.se\/smittskydd-beredskap\/utbrott\/aktuella-utbrott\/covid-19\/verksamheter\/lager-och-cuper\" target=\"_blank\" rel=\"noopener noreferrer\">L\u00e4ger och cuper sommaren 2021<\/a> (FHM)<br \/>\n\u00bb <a href=\"https:\/\/www.rf.se\/Nyheter\/Allanyheter\/barnochungakandeltailagerochmindrecuperisommar\" target=\"_blank\" rel=\"noopener noreferrer\">Barn och unga kan delta i l\u00e4ger och mindre cuper i sommar<\/a> (RF)<\/p>\n<p>Text: Mats Lilja<br \/>\nFoto: Bildbyr\u00e5n<\/p>\n<p><em>Bilden f\u00f6rest\u00e4ller Maja Dahlvid och Katarina Paulsson, som fick instruktioner av Jenny Wall under kampsportsl\u00e4gret Camp Fenix den 7 september 2019 i Helsingborg.<\/em><\/p>\n","protected":false},"excerpt":{"rendered":"<p>CORONA | Fler l\u00e4ttnader fr\u00e5n de svenska myndigheterna gentemot ungdomsidrotten fr\u00e5n och med den 1 juni.<\/p><br>","protected":false},"author":914,"featured_media":125770,"comment_status":"open","ping_status":"open","sticky":false,"template":"","format":"standard","meta":{"_acf_changed":false,"footnotes":""},"categories":[1],"tags":[],"class_list":["post-125769","post","type-post","status-publish","format-standard","has-post-thumbnail","hentry","category-okategoriserade"],"acf":[],"yoast_head":"<!-- This site is optimized with the Yoast SEO plugin v26.8 - https:\/\/yoast.com\/product\/yoast-seo-wordpress\/ -->\n<title>Barn och unga f\u00e5r \u00e5ka p\u00e5 l\u00e4ger i sommar - Svenska Budo &amp; Kampsportsf\u00f6rbundet<\/title>\n<meta name=\"description\" content=\"CORONA | Fler l\u00e4ttnader fr\u00e5n de svenska myndigheterna gentemot ungdomsidrotten fr\u00e5n och med den 1 juni.\" \/>\n<meta name=\"robots\" content=\"index, follow, max-snippet:-1, max-image-preview:large, max-video-preview:-1\" \/>\n<link rel=\"canonical\" href=\"https:\/\/www.budokampsport.se\/2021\/05\/21\/barn-och-unga-far-aka-pa-lager-i-sommar\/\" \/>\n<meta property=\"og:locale\" content=\"sv_SE\" \/>\n<meta property=\"og:type\" content=\"article\" \/>\n<meta property=\"og:title\" content=\"Barn och unga f\u00e5r \u00e5ka p\u00e5 l\u00e4ger i sommar - Svenska Budo &amp; Kampsportsf\u00f6rbundet\" \/>\n<meta property=\"og:description\" content=\"CORONA | Fler l\u00e4ttnader fr\u00e5n de svenska myndigheterna gentemot ungdomsidrotten fr\u00e5n och med den 1 juni.\" \/>\n<meta property=\"og:url\" content=\"https:\/\/www.budokampsport.se\/2021\/05\/21\/barn-och-unga-far-aka-pa-lager-i-sommar\/\" \/>\n<meta property=\"og:site_name\" content=\"Svenska Budo &amp; Kampsportsf\u00f6rbundet\" \/>\n<meta property=\"article:published_time\" content=\"2021-05-21T07:46:49+00:00\" \/>\n<meta property=\"article:modified_time\" content=\"2021-05-21T09:49:56+00:00\" \/>\n<meta property=\"og:image\" content=\"https:\/\/www.budokampsport.se\/wp-content\/uploads\/2021\/05\/BB190907LT003-847px.jpg\" \/>\n\t<meta property=\"og:image:width\" content=\"847\" \/>\n\t<meta property=\"og:image:height\" content=\"565\" \/>\n\t<meta property=\"og:image:type\" content=\"image\/jpeg\" \/>\n<meta name=\"author\" content=\"Mats Lilja\" \/>\n<meta name=\"twitter:card\" content=\"summary_large_image\" \/>\n<meta name=\"twitter:label1\" content=\"Skriven av\" \/>\n\t<meta name=\"twitter:data1\" content=\"Mats Lilja\" \/>\n\t<meta name=\"twitter:label2\" content=\"Ber\u00e4knad l\u00e4stid\" \/>\n\t<meta name=\"twitter:data2\" content=\"2 minuter\" \/>\n<script type=\"application\/ld+json\" class=\"yoast-schema-graph\">{\"@context\":\"https:\/\/schema.org\",\"@graph\":[{\"@type\":\"Article\",\"@id\":\"https:\/\/www.budokampsport.se\/2021\/05\/21\/barn-och-unga-far-aka-pa-lager-i-sommar\/#article\",\"isPartOf\":{\"@id\":\"https:\/\/www.budokampsport.se\/2021\/05\/21\/barn-och-unga-far-aka-pa-lager-i-sommar\/\"},\"author\":{\"name\":\"Mats Lilja\",\"@id\":\"https:\/\/www.budokampsport.se\/#\/schema\/person\/d80c0bc61f1787703168fc250ce69522\"},\"headline\":\"Barn och unga f\u00e5r \u00e5ka p\u00e5 l\u00e4ger i sommar\",\"datePublished\":\"2021-05-21T07:46:49+00:00\",\"dateModified\":\"2021-05-21T09:49:56+00:00\",\"mainEntityOfPage\":{\"@id\":\"https:\/\/www.budokampsport.se\/2021\/05\/21\/barn-och-unga-far-aka-pa-lager-i-sommar\/\"},\"wordCount\":339,\"commentCount\":1,\"image\":{\"@id\":\"https:\/\/www.budokampsport.se\/2021\/05\/21\/barn-och-unga-far-aka-pa-lager-i-sommar\/#primaryimage\"},\"thumbnailUrl\":\"https:\/\/www.budokampsport.se\/wp-content\/uploads\/2021\/05\/BB190907LT003-847px.jpg\",\"inLanguage\":\"sv-SE\",\"potentialAction\":[{\"@type\":\"CommentAction\",\"name\":\"Comment\",\"target\":[\"https:\/\/www.budokampsport.se\/2021\/05\/21\/barn-och-unga-far-aka-pa-lager-i-sommar\/#respond\"]}]},{\"@type\":\"WebPage\",\"@id\":\"https:\/\/www.budokampsport.se\/2021\/05\/21\/barn-och-unga-far-aka-pa-lager-i-sommar\/\",\"url\":\"https:\/\/www.budokampsport.se\/2021\/05\/21\/barn-och-unga-far-aka-pa-lager-i-sommar\/\",\"name\":\"Barn och unga f\u00e5r \u00e5ka p\u00e5 l\u00e4ger i sommar - Svenska Budo &amp; Kampsportsf\u00f6rbundet\",\"isPartOf\":{\"@id\":\"https:\/\/www.budokampsport.se\/#website\"},\"primaryImageOfPage\":{\"@id\":\"https:\/\/www.budokampsport.se\/2021\/05\/21\/barn-och-unga-far-aka-pa-lager-i-sommar\/#primaryimage\"},\"image\":{\"@id\":\"https:\/\/www.budokampsport.se\/2021\/05\/21\/barn-och-unga-far-aka-pa-lager-i-sommar\/#primaryimage\"},\"thumbnailUrl\":\"https:\/\/www.budokampsport.se\/wp-content\/uploads\/2021\/05\/BB190907LT003-847px.jpg\",\"datePublished\":\"2021-05-21T07:46:49+00:00\",\"dateModified\":\"2021-05-21T09:49:56+00:00\",\"author\":{\"@id\":\"https:\/\/www.budokampsport.se\/#\/schema\/person\/d80c0bc61f1787703168fc250ce69522\"},\"description\":\"CORONA | Fler l\u00e4ttnader fr\u00e5n de svenska myndigheterna gentemot ungdomsidrotten fr\u00e5n och med den 1 juni.\",\"breadcrumb\":{\"@id\":\"https:\/\/www.budokampsport.se\/2021\/05\/21\/barn-och-unga-far-aka-pa-lager-i-sommar\/#breadcrumb\"},\"inLanguage\":\"sv-SE\",\"potentialAction\":[{\"@type\":\"ReadAction\",\"target\":[\"https:\/\/www.budokampsport.se\/2021\/05\/21\/barn-och-unga-far-aka-pa-lager-i-sommar\/\"]}]},{\"@type\":\"ImageObject\",\"inLanguage\":\"sv-SE\",\"@id\":\"https:\/\/www.budokampsport.se\/2021\/05\/21\/barn-och-unga-far-aka-pa-lager-i-sommar\/#primaryimage\",\"url\":\"https:\/\/www.budokampsport.se\/wp-content\/uploads\/2021\/05\/BB190907LT003-847px.jpg\",\"contentUrl\":\"https:\/\/www.budokampsport.se\/wp-content\/uploads\/2021\/05\/BB190907LT003-847px.jpg\",\"width\":847,\"height\":565,\"caption\":\"190907 Maja Dahlvid och Katarina Paulsson, 11 \u00e5r f\u00e5r instruktioner av Jenny Wall under kampsportsl\u00e4gret Camp Fenix den 7 september 2019 i Helsingborg. Foto: Ludvig Thunman \/ BILDBYR\u00c5N \/ kod LT \/ 35661\"},{\"@type\":\"BreadcrumbList\",\"@id\":\"https:\/\/www.budokampsport.se\/2021\/05\/21\/barn-och-unga-far-aka-pa-lager-i-sommar\/#breadcrumb\",\"itemListElement\":[{\"@type\":\"ListItem\",\"position\":1,\"name\":\"Hem\",\"item\":\"https:\/\/www.budokampsport.se\/\"},{\"@type\":\"ListItem\",\"position\":2,\"name\":\"Barn och unga f\u00e5r \u00e5ka p\u00e5 l\u00e4ger i sommar\"}]},{\"@type\":\"WebSite\",\"@id\":\"https:\/\/www.budokampsport.se\/#website\",\"url\":\"https:\/\/www.budokampsport.se\/\",\"name\":\"Svenska Budo &amp; Kampsportsf\u00f6rbundet\",\"description\":\"T\u00e4vling, Tr\u00e4ning, Tradition\",\"potentialAction\":[{\"@type\":\"SearchAction\",\"target\":{\"@type\":\"EntryPoint\",\"urlTemplate\":\"https:\/\/www.budokampsport.se\/?s={search_term_string}\"},\"query-input\":{\"@type\":\"PropertyValueSpecification\",\"valueRequired\":true,\"valueName\":\"search_term_string\"}}],\"inLanguage\":\"sv-SE\"},{\"@type\":\"Person\",\"@id\":\"https:\/\/www.budokampsport.se\/#\/schema\/person\/d80c0bc61f1787703168fc250ce69522\",\"name\":\"Mats Lilja\",\"image\":{\"@type\":\"ImageObject\",\"inLanguage\":\"sv-SE\",\"@id\":\"https:\/\/www.budokampsport.se\/#\/schema\/person\/image\/\",\"url\":\"https:\/\/secure.gravatar.com\/avatar\/607f84918e96abe1ebbd8611782fa57d?s=96&d=blank&r=g\",\"contentUrl\":\"https:\/\/secure.gravatar.com\/avatar\/607f84918e96abe1ebbd8611782fa57d?s=96&d=blank&r=g\",\"caption\":\"Mats Lilja\"},\"url\":\"https:\/\/www.budokampsport.se\/author\/mats-lilja\/\"}]}<\/script>\n<!-- \/ Yoast SEO plugin. -->","yoast_head_json":{"title":"Barn och unga f\u00e5r \u00e5ka p\u00e5 l\u00e4ger i sommar - Svenska Budo &amp; Kampsportsf\u00f6rbundet","description":"CORONA | Fler l\u00e4ttnader fr\u00e5n de svenska myndigheterna gentemot ungdomsidrotten fr\u00e5n och med den 1 juni.","robots":{"index":"index","follow":"follow","max-snippet":"max-snippet:-1","max-image-preview":"max-image-preview:large","max-video-preview":"max-video-preview:-1"},"canonical":"https:\/\/www.budokampsport.se\/2021\/05\/21\/barn-och-unga-far-aka-pa-lager-i-sommar\/","og_locale":"sv_SE","og_type":"article","og_title":"Barn och unga f\u00e5r \u00e5ka p\u00e5 l\u00e4ger i sommar - Svenska Budo &amp; Kampsportsf\u00f6rbundet","og_description":"CORONA | Fler l\u00e4ttnader fr\u00e5n de svenska myndigheterna gentemot ungdomsidrotten fr\u00e5n och med den 1 juni.","og_url":"https:\/\/www.budokampsport.se\/2021\/05\/21\/barn-och-unga-far-aka-pa-lager-i-sommar\/","og_site_name":"Svenska Budo &amp; Kampsportsf\u00f6rbundet","article_published_time":"2021-05-21T07:46:49+00:00","article_modified_time":"2021-05-21T09:49:56+00:00","og_image":[{"width":847,"height":565,"url":"https:\/\/www.budokampsport.se\/wp-content\/uploads\/2021\/05\/BB190907LT003-847px.jpg","type":"image\/jpeg"}],"author":"Mats Lilja","twitter_card":"summary_large_image","twitter_misc":{"Skriven av":"Mats Lilja","Ber\u00e4knad l\u00e4stid":"2 minuter"},"schema":{"@context":"https:\/\/schema.org","@graph":[{"@type":"Article","@id":"https:\/\/www.budokampsport.se\/2021\/05\/21\/barn-och-unga-far-aka-pa-lager-i-sommar\/#article","isPartOf":{"@id":"https:\/\/www.budokampsport.se\/2021\/05\/21\/barn-och-unga-far-aka-pa-lager-i-sommar\/"},"author":{"name":"Mats Lilja","@id":"https:\/\/www.budokampsport.se\/#\/schema\/person\/d80c0bc61f1787703168fc250ce69522"},"headline":"Barn och unga f\u00e5r \u00e5ka p\u00e5 l\u00e4ger i sommar","datePublished":"2021-05-21T07:46:49+00:00","dateModified":"2021-05-21T09:49:56+00:00","mainEntityOfPage":{"@id":"https:\/\/www.budokampsport.se\/2021\/05\/21\/barn-och-unga-far-aka-pa-lager-i-sommar\/"},"wordCount":339,"commentCount":1,"image":{"@id":"https:\/\/www.budokampsport.se\/2021\/05\/21\/barn-och-unga-far-aka-pa-lager-i-sommar\/#primaryimage"},"thumbnailUrl":"https:\/\/www.budokampsport.se\/wp-content\/uploads\/2021\/05\/BB190907LT003-847px.jpg","inLanguage":"sv-SE","potentialAction":[{"@type":"CommentAction","name":"Comment","target":["https:\/\/www.budokampsport.se\/2021\/05\/21\/barn-och-unga-far-aka-pa-lager-i-sommar\/#respond"]}]},{"@type":"WebPage","@id":"https:\/\/www.budokampsport.se\/2021\/05\/21\/barn-och-unga-far-aka-pa-lager-i-sommar\/","url":"https:\/\/www.budokampsport.se\/2021\/05\/21\/barn-och-unga-far-aka-pa-lager-i-sommar\/","name":"Barn och unga f\u00e5r \u00e5ka p\u00e5 l\u00e4ger i sommar - Svenska Budo &amp; Kampsportsf\u00f6rbundet","isPartOf":{"@id":"https:\/\/www.budokampsport.se\/#website"},"primaryImageOfPage":{"@id":"https:\/\/www.budokampsport.se\/2021\/05\/21\/barn-och-unga-far-aka-pa-lager-i-sommar\/#primaryimage"},"image":{"@id":"https:\/\/www.budokampsport.se\/2021\/05\/21\/barn-och-unga-far-aka-pa-lager-i-sommar\/#primaryimage"},"thumbnailUrl":"https:\/\/www.budokampsport.se\/wp-content\/uploads\/2021\/05\/BB190907LT003-847px.jpg","datePublished":"2021-05-21T07:46:49+00:00","dateModified":"2021-05-21T09:49:56+00:00","author":{"@id":"https:\/\/www.budokampsport.se\/#\/schema\/person\/d80c0bc61f1787703168fc250ce69522"},"description":"CORONA | Fler l\u00e4ttnader fr\u00e5n de svenska myndigheterna gentemot ungdomsidrotten fr\u00e5n och med den 1 juni.","breadcrumb":{"@id":"https:\/\/www.budokampsport.se\/2021\/05\/21\/barn-och-unga-far-aka-pa-lager-i-sommar\/#breadcrumb"},"inLanguage":"sv-SE","potentialAction":[{"@type":"ReadAction","target":["https:\/\/www.budokampsport.se\/2021\/05\/21\/barn-och-unga-far-aka-pa-lager-i-sommar\/"]}]},{"@type":"ImageObject","inLanguage":"sv-SE","@id":"https:\/\/www.budokampsport.se\/2021\/05\/21\/barn-och-unga-far-aka-pa-lager-i-sommar\/#primaryimage","url":"https:\/\/www.budokampsport.se\/wp-content\/uploads\/2021\/05\/BB190907LT003-847px.jpg","contentUrl":"https:\/\/www.budokampsport.se\/wp-content\/uploads\/2021\/05\/BB190907LT003-847px.jpg","width":847,"height":565,"caption":"190907 Maja Dahlvid och Katarina Paulsson, 11 \u00e5r f\u00e5r instruktioner av Jenny Wall under kampsportsl\u00e4gret Camp Fenix den 7 september 2019 i Helsingborg. Foto: Ludvig Thunman \/ BILDBYR\u00c5N \/ kod LT \/ 35661"},{"@type":"BreadcrumbList","@id":"https:\/\/www.budokampsport.se\/2021\/05\/21\/barn-och-unga-far-aka-pa-lager-i-sommar\/#breadcrumb","itemListElement":[{"@type":"ListItem","position":1,"name":"Hem","item":"https:\/\/www.budokampsport.se\/"},{"@type":"ListItem","position":2,"name":"Barn och unga f\u00e5r \u00e5ka p\u00e5 l\u00e4ger i sommar"}]},{"@type":"WebSite","@id":"https:\/\/www.budokampsport.se\/#website","url":"https:\/\/www.budokampsport.se\/","name":"Svenska Budo &amp; Kampsportsf\u00f6rbundet","description":"T\u00e4vling, Tr\u00e4ning, Tradition","potentialAction":[{"@type":"SearchAction","target":{"@type":"EntryPoint","urlTemplate":"https:\/\/www.budokampsport.se\/?s={search_term_string}"},"query-input":{"@type":"PropertyValueSpecification","valueRequired":true,"valueName":"search_term_string"}}],"inLanguage":"sv-SE"},{"@type":"Person","@id":"https:\/\/www.budokampsport.se\/#\/schema\/person\/d80c0bc61f1787703168fc250ce69522","name":"Mats Lilja","image":{"@type":"ImageObject","inLanguage":"sv-SE","@id":"https:\/\/www.budokampsport.se\/#\/schema\/person\/image\/","url":"https:\/\/secure.gravatar.com\/avatar\/607f84918e96abe1ebbd8611782fa57d?s=96&d=blank&r=g","contentUrl":"https:\/\/secure.gravatar.com\/avatar\/607f84918e96abe1ebbd8611782fa57d?s=96&d=blank&r=g","caption":"Mats Lilja"},"url":"https:\/\/www.budokampsport.se\/author\/mats-lilja\/"}]}},"_links":{"self":[{"href":"https:\/\/www.budokampsport.se\/api\/wp\/v2\/posts\/125769","targetHints":{"allow":["GET"]}}],"collection":[{"href":"https:\/\/www.budokampsport.se\/api\/wp\/v2\/posts"}],"about":[{"href":"https:\/\/www.budokampsport.se\/api\/wp\/v2\/types\/post"}],"author":[{"embeddable":true,"href":"https:\/\/www.budokampsport.se\/api\/wp\/v2\/users\/914"}],"replies":[{"embeddable":true,"href":"https:\/\/www.budokampsport.se\/api\/wp\/v2\/comments?post=125769"}],"version-history":[{"count":0,"href":"https:\/\/www.budokampsport.se\/api\/wp\/v2\/posts\/125769\/revisions"}],"wp:featuredmedia":[{"embeddable":true,"href":"https:\/\/www.budokampsport.se\/api\/wp\/v2\/media\/125770"}],"wp:attachment":[{"href":"https:\/\/www.budokampsport.se\/api\/wp\/v2\/media?parent=125769"}],"wp:term":[{"taxonomy":"category","embeddable":true,"href":"https:\/\/www.budokampsport.se\/api\/wp\/v2\/categories?post=125769"},{"taxonomy":"post_tag","embeddable":true,"href":"https:\/\/www.budokampsport.se\/api\/wp\/v2\/tags?post=125769"}],"curies":[{"name":"wp","href":"https:\/\/api.w.org\/{rel}","templated":true}]}}