{"id":125923,"date":"2021-05-28T10:49:24","date_gmt":"2021-05-28T08:49:24","guid":{"rendered":"https:\/\/www.budokampsport.se\/?p=125923"},"modified":"2021-05-28T13:24:05","modified_gmt":"2021-05-28T11:24:05","slug":"fredrik-gundmark-infor-riksidrottsmotet-2021","status":"publish","type":"post","link":"https:\/\/www.budokampsport.se\/2021\/05\/28\/fredrik-gundmark-infor-riksidrottsmotet-2021\/","title":{"rendered":"Fredrik Gundmark inf\u00f6r Riksidrottsm\u00f6tet 2021"},"content":{"rendered":"<p>Nu \u00e4r det bara timmar kvar innan <a href=\"https:\/\/www.rf.se\/Arbetsrum\/riksidrottsmotet\" target=\"_blank\" rel=\"noopener noreferrer\">2021 \u00e5rs riksidrottsm\u00f6te<\/a> tar sin b\u00f6rjan.<\/p>\n<p>Riksidrottsm\u00f6tet \u00e4r Riksidrottsf\u00f6rbundets \u00e5rsm\u00f6te som g\u00e5r av stapeln varannat \u00e5r. Denna g\u00e5ng genomf\u00f6rs m\u00f6tet s\u00e5 som m\u00e5nga andra m\u00f6ten helt digitalt (som exempelvis <a href=\"https:\/\/www.budokampsport.se\/2020\/11\/10\/sa-var-riksidrottsforum-2020\/\" target=\"_blank\" rel=\"noopener noreferrer\">RIF 2020<\/a>). Trots det \u00e4r det ingen brist p\u00e5 engagemang i idrottssverige.<\/p>\n<p>S\u00e4llan, om ens n\u00e5gonsin, har dagordningen varit s\u00e5 diger.<\/p>\n<p>Det har inkommit ca <a href=\"https:\/\/www.rf.se\/Arbetsrum\/riksidrottsmotet\/moteshandlingar\/\" target=\"_blank\" rel=\"noopener noreferrer\">30 motioner<\/a>, d\u00e4r flera f\u00f6rv\u00e4ntas omfatta stora diskussioner. F\u00f6r tv\u00e5 \u00e5r sedan beslutades om ett nytt system f\u00f6r st\u00f6d till specialidrottsf\u00f6rbunden (SF) och redan nu n\u00e4r konsekvenserna g\u00e5r upp f\u00f6r n\u00e5gra f\u00f6rbund vill man delvis f\u00f6r\u00e4ndra det systemet. Andra motioner tar upp fr\u00e5gan om vilket uppdrag RF egentligen ska ha i svenska samh\u00e4llet.<\/p>\n<p>Detta \u00e5r markerar ocks\u00e5 halvtid f\u00f6r den strategi som sattes f\u00f6r fyra \u00e5r sedan. Detta \u00e5r ska det beslutas om hur andra halvan av v\u00e4gen i <a href=\"https:\/\/www.rf.se\/RFarbetarmed\/Strategi2025\" target=\"_blank\" rel=\"noopener noreferrer\">Strategi 2025<\/a> ska se ut.<\/p>\n<p>M\u00e5nga viktiga fr\u00e5gor ska avhandlas och SB&amp;K:s ombud som best\u00e5r av mig sj\u00e4lv, Elin Bladh, Marina Regn\u00e9r, Musse Hasselvall och Pilo Stylin har rustat genom ett par f\u00f6rm\u00f6ten d\u00e4r vi g\u00e5tt igenom motionerna.<\/p>\n<p>Det \u00e4r ocks\u00e5 m\u00f6jligt att idrottsfamiljen ut\u00f6kas med nya idrotter d\u00e5 det f\u00f6religger flera ans\u00f6kningar om medlemskap. N\u00e5gra har Riksidrottsstyrelsen (RS) yrkat p\u00e5 att de ska v\u00e4ljas in och n\u00e5gra yrkas p\u00e5 avslag. Avslagen beror i de flesta fall p\u00e5 likhetsprincipen, vilket \u00e4r att liknande idrotter finns i andra SF och dessa d\u00e4rf\u00f6r passar in d\u00e4r, eller storleksprincipen, vilket inneb\u00e4r att de \u00e4r f\u00f6r sm\u00e5 f\u00f6r att bilda ett SF. Bland de som RS godk\u00e4nner finner vi Padel och Friskis &amp; Svettis medan t.ex. E-sport och Bridge yrkas avslag f\u00f6r.<\/p>\n<p>Oavsett vilket medf\u00f6r det en intressant diskussion om vad vi anser vara och hur vi definierar idrott.<\/p>\n<p>Jag vill ocks\u00e5 passa p\u00e5 att n\u00e4mna att v\u00e5r egen <a href=\"https:\/\/www.budokampsport.se\/2021\/04\/15\/stefan-stenudd-om-verksamhetsberattelsen-och-sitt-fortjansttecken\/\" target=\"_blank\" rel=\"noopener noreferrer\">Stefan Stenudd<\/a> f\u00f6r\u00e4rats RF:s f\u00f6rtj\u00e4nsttecken. \u00c4ven om Stefan nog \u00e4r glad att slippa sitta p\u00e5 scenen och erh\u00e5lla utm\u00e4rkelsen \u00e4r vi mycket stolta \u00f6ver att en av v\u00e5ra under m\u00e5nga \u00e5r stora profiler f\u00f6r\u00e4rats den. Stefan har p\u00e5 m\u00e5nga s\u00e4tt varit en stor och positiv kraft i f\u00f6rbundet och klart \u00e4r att SB&amp;K inte hade varit det vi \u00e4r idag utan Stefan.<\/p>\n<p>Det kommer p\u00e5 m\u00e5nga s\u00e4tt bli en sp\u00e4nnande men ocks\u00e5 intensiv och l\u00e5ng helg som b\u00f6rjar p\u00e5 fredag efter lunch och inte avslutas f\u00f6rr\u00e4n p\u00e5 s\u00f6ndag kv\u00e4ll. Om vi lyckas h\u00e5lla tiden vill s\u00e4ga.<\/p>\n<p>Hur det kommer att g\u00e5 \u00e4r sv\u00e5rt att sia om men vi st\u00e5r v\u00e4l rustade och kommer g\u00f6ra allt vi kan f\u00f6r att representera SB&amp;K p\u00e5 ett bra s\u00e4tt.<\/p>\n<hr \/>\n<p><strong>Fredrik Gundmark<\/strong><br \/>\n<strong>Ordf\u00f6rande<\/strong><br \/>\n<strong>Svenska Budo &amp; Kampsportsf\u00f6rbundet<\/strong><\/p>\n<p>Foto: Bildbyr\u00e5n (bild fr\u00e5n Riksidrottsm\u00f6tet 2019).<\/p>\n","protected":false},"excerpt":{"rendered":"<p>RF | \u00c5rets RIM p\u00e5g\u00e5r 28\u201330 maj. M\u00e5nga och stora fr\u00e5gor kommer att avhandlas under helgens m\u00f6te p\u00e5 distans.<\/p><br>","protected":false},"author":914,"featured_media":125924,"comment_status":"open","ping_status":"open","sticky":false,"template":"","format":"standard","meta":{"_acf_changed":false,"footnotes":""},"categories":[1],"tags":[],"class_list":["post-125923","post","type-post","status-publish","format-standard","has-post-thumbnail","hentry","category-okategoriserade"],"acf":[],"yoast_head":"<!-- This site is optimized with the Yoast SEO plugin v26.8 - https:\/\/yoast.com\/product\/yoast-seo-wordpress\/ -->\n<title>Fredrik Gundmark inf\u00f6r Riksidrottsm\u00f6tet 2021 - Svenska Budo &amp; Kampsportsf\u00f6rbundet<\/title>\n<meta name=\"description\" content=\"RF | \u00c5rets RIM p\u00e5g\u00e5r 28\u201330 maj. M\u00e5nga och stora fr\u00e5gor kommer att avhandlas under helgens m\u00f6te p\u00e5 distans.\" \/>\n<meta name=\"robots\" content=\"index, follow, max-snippet:-1, max-image-preview:large, max-video-preview:-1\" \/>\n<link rel=\"canonical\" href=\"https:\/\/www.budokampsport.se\/2021\/05\/28\/fredrik-gundmark-infor-riksidrottsmotet-2021\/\" \/>\n<meta property=\"og:locale\" content=\"sv_SE\" \/>\n<meta property=\"og:type\" content=\"article\" \/>\n<meta property=\"og:title\" content=\"Fredrik Gundmark inf\u00f6r Riksidrottsm\u00f6tet 2021 - Svenska Budo &amp; Kampsportsf\u00f6rbundet\" \/>\n<meta property=\"og:description\" content=\"RF | \u00c5rets RIM p\u00e5g\u00e5r 28\u201330 maj. M\u00e5nga och stora fr\u00e5gor kommer att avhandlas under helgens m\u00f6te p\u00e5 distans.\" \/>\n<meta property=\"og:url\" content=\"https:\/\/www.budokampsport.se\/2021\/05\/28\/fredrik-gundmark-infor-riksidrottsmotet-2021\/\" \/>\n<meta property=\"og:site_name\" content=\"Svenska Budo &amp; Kampsportsf\u00f6rbundet\" \/>\n<meta property=\"article:published_time\" content=\"2021-05-28T08:49:24+00:00\" \/>\n<meta property=\"article:modified_time\" content=\"2021-05-28T11:24:05+00:00\" \/>\n<meta property=\"og:image\" content=\"https:\/\/www.budokampsport.se\/wp-content\/uploads\/2021\/05\/BB190524MB048-847px.jpg\" \/>\n\t<meta property=\"og:image:width\" content=\"847\" \/>\n\t<meta property=\"og:image:height\" content=\"469\" \/>\n\t<meta property=\"og:image:type\" content=\"image\/jpeg\" \/>\n<meta name=\"author\" content=\"Mats Lilja\" \/>\n<meta name=\"twitter:card\" content=\"summary_large_image\" \/>\n<meta name=\"twitter:label1\" content=\"Skriven av\" \/>\n\t<meta name=\"twitter:data1\" content=\"Mats Lilja\" \/>\n\t<meta name=\"twitter:label2\" content=\"Ber\u00e4knad l\u00e4stid\" \/>\n\t<meta name=\"twitter:data2\" content=\"3 minuter\" \/>\n<script type=\"application\/ld+json\" class=\"yoast-schema-graph\">{\"@context\":\"https:\/\/schema.org\",\"@graph\":[{\"@type\":\"Article\",\"@id\":\"https:\/\/www.budokampsport.se\/2021\/05\/28\/fredrik-gundmark-infor-riksidrottsmotet-2021\/#article\",\"isPartOf\":{\"@id\":\"https:\/\/www.budokampsport.se\/2021\/05\/28\/fredrik-gundmark-infor-riksidrottsmotet-2021\/\"},\"author\":{\"name\":\"Mats Lilja\",\"@id\":\"https:\/\/www.budokampsport.se\/#\/schema\/person\/d80c0bc61f1787703168fc250ce69522\"},\"headline\":\"Fredrik Gundmark inf\u00f6r Riksidrottsm\u00f6tet 2021\",\"datePublished\":\"2021-05-28T08:49:24+00:00\",\"dateModified\":\"2021-05-28T11:24:05+00:00\",\"mainEntityOfPage\":{\"@id\":\"https:\/\/www.budokampsport.se\/2021\/05\/28\/fredrik-gundmark-infor-riksidrottsmotet-2021\/\"},\"wordCount\":537,\"commentCount\":0,\"image\":{\"@id\":\"https:\/\/www.budokampsport.se\/2021\/05\/28\/fredrik-gundmark-infor-riksidrottsmotet-2021\/#primaryimage\"},\"thumbnailUrl\":\"https:\/\/www.budokampsport.se\/wp-content\/uploads\/2021\/05\/BB190524MB048-847px.jpg\",\"inLanguage\":\"sv-SE\",\"potentialAction\":[{\"@type\":\"CommentAction\",\"name\":\"Comment\",\"target\":[\"https:\/\/www.budokampsport.se\/2021\/05\/28\/fredrik-gundmark-infor-riksidrottsmotet-2021\/#respond\"]}]},{\"@type\":\"WebPage\",\"@id\":\"https:\/\/www.budokampsport.se\/2021\/05\/28\/fredrik-gundmark-infor-riksidrottsmotet-2021\/\",\"url\":\"https:\/\/www.budokampsport.se\/2021\/05\/28\/fredrik-gundmark-infor-riksidrottsmotet-2021\/\",\"name\":\"Fredrik Gundmark inf\u00f6r Riksidrottsm\u00f6tet 2021 - Svenska Budo &amp; Kampsportsf\u00f6rbundet\",\"isPartOf\":{\"@id\":\"https:\/\/www.budokampsport.se\/#website\"},\"primaryImageOfPage\":{\"@id\":\"https:\/\/www.budokampsport.se\/2021\/05\/28\/fredrik-gundmark-infor-riksidrottsmotet-2021\/#primaryimage\"},\"image\":{\"@id\":\"https:\/\/www.budokampsport.se\/2021\/05\/28\/fredrik-gundmark-infor-riksidrottsmotet-2021\/#primaryimage\"},\"thumbnailUrl\":\"https:\/\/www.budokampsport.se\/wp-content\/uploads\/2021\/05\/BB190524MB048-847px.jpg\",\"datePublished\":\"2021-05-28T08:49:24+00:00\",\"dateModified\":\"2021-05-28T11:24:05+00:00\",\"author\":{\"@id\":\"https:\/\/www.budokampsport.se\/#\/schema\/person\/d80c0bc61f1787703168fc250ce69522\"},\"description\":\"RF | \u00c5rets RIM p\u00e5g\u00e5r 28\u201330 maj. M\u00e5nga och stora fr\u00e5gor kommer att avhandlas under helgens m\u00f6te p\u00e5 distans.\",\"breadcrumb\":{\"@id\":\"https:\/\/www.budokampsport.se\/2021\/05\/28\/fredrik-gundmark-infor-riksidrottsmotet-2021\/#breadcrumb\"},\"inLanguage\":\"sv-SE\",\"potentialAction\":[{\"@type\":\"ReadAction\",\"target\":[\"https:\/\/www.budokampsport.se\/2021\/05\/28\/fredrik-gundmark-infor-riksidrottsmotet-2021\/\"]}]},{\"@type\":\"ImageObject\",\"inLanguage\":\"sv-SE\",\"@id\":\"https:\/\/www.budokampsport.se\/2021\/05\/28\/fredrik-gundmark-infor-riksidrottsmotet-2021\/#primaryimage\",\"url\":\"https:\/\/www.budokampsport.se\/wp-content\/uploads\/2021\/05\/BB190524MB048-847px.jpg\",\"contentUrl\":\"https:\/\/www.budokampsport.se\/wp-content\/uploads\/2021\/05\/BB190524MB048-847px.jpg\",\"width\":847,\"height\":469,\"caption\":\"190524 Susanne Erlandsson, ledamot RS\/FS under dag ett av riksidrottsm\u00f6tet den 24 maj 2019 i J\u00f6nk\u00f6ping. Foto: Mathias Bergeld \/ BILDBYR\u00c5N \/ Cop 200\"},{\"@type\":\"BreadcrumbList\",\"@id\":\"https:\/\/www.budokampsport.se\/2021\/05\/28\/fredrik-gundmark-infor-riksidrottsmotet-2021\/#breadcrumb\",\"itemListElement\":[{\"@type\":\"ListItem\",\"position\":1,\"name\":\"Hem\",\"item\":\"https:\/\/www.budokampsport.se\/\"},{\"@type\":\"ListItem\",\"position\":2,\"name\":\"Fredrik Gundmark inf\u00f6r Riksidrottsm\u00f6tet 2021\"}]},{\"@type\":\"WebSite\",\"@id\":\"https:\/\/www.budokampsport.se\/#website\",\"url\":\"https:\/\/www.budokampsport.se\/\",\"name\":\"Svenska Budo &amp; Kampsportsf\u00f6rbundet\",\"description\":\"T\u00e4vling, Tr\u00e4ning, Tradition\",\"potentialAction\":[{\"@type\":\"SearchAction\",\"target\":{\"@type\":\"EntryPoint\",\"urlTemplate\":\"https:\/\/www.budokampsport.se\/?s={search_term_string}\"},\"query-input\":{\"@type\":\"PropertyValueSpecification\",\"valueRequired\":true,\"valueName\":\"search_term_string\"}}],\"inLanguage\":\"sv-SE\"},{\"@type\":\"Person\",\"@id\":\"https:\/\/www.budokampsport.se\/#\/schema\/person\/d80c0bc61f1787703168fc250ce69522\",\"name\":\"Mats Lilja\",\"image\":{\"@type\":\"ImageObject\",\"inLanguage\":\"sv-SE\",\"@id\":\"https:\/\/www.budokampsport.se\/#\/schema\/person\/image\/\",\"url\":\"https:\/\/secure.gravatar.com\/avatar\/607f84918e96abe1ebbd8611782fa57d?s=96&d=blank&r=g\",\"contentUrl\":\"https:\/\/secure.gravatar.com\/avatar\/607f84918e96abe1ebbd8611782fa57d?s=96&d=blank&r=g\",\"caption\":\"Mats Lilja\"},\"url\":\"https:\/\/www.budokampsport.se\/author\/mats-lilja\/\"}]}<\/script>\n<!-- \/ Yoast SEO plugin. -->","yoast_head_json":{"title":"Fredrik Gundmark inf\u00f6r Riksidrottsm\u00f6tet 2021 - Svenska Budo &amp; Kampsportsf\u00f6rbundet","description":"RF | \u00c5rets RIM p\u00e5g\u00e5r 28\u201330 maj. M\u00e5nga och stora fr\u00e5gor kommer att avhandlas under helgens m\u00f6te p\u00e5 distans.","robots":{"index":"index","follow":"follow","max-snippet":"max-snippet:-1","max-image-preview":"max-image-preview:large","max-video-preview":"max-video-preview:-1"},"canonical":"https:\/\/www.budokampsport.se\/2021\/05\/28\/fredrik-gundmark-infor-riksidrottsmotet-2021\/","og_locale":"sv_SE","og_type":"article","og_title":"Fredrik Gundmark inf\u00f6r Riksidrottsm\u00f6tet 2021 - Svenska Budo &amp; Kampsportsf\u00f6rbundet","og_description":"RF | \u00c5rets RIM p\u00e5g\u00e5r 28\u201330 maj. M\u00e5nga och stora fr\u00e5gor kommer att avhandlas under helgens m\u00f6te p\u00e5 distans.","og_url":"https:\/\/www.budokampsport.se\/2021\/05\/28\/fredrik-gundmark-infor-riksidrottsmotet-2021\/","og_site_name":"Svenska Budo &amp; Kampsportsf\u00f6rbundet","article_published_time":"2021-05-28T08:49:24+00:00","article_modified_time":"2021-05-28T11:24:05+00:00","og_image":[{"width":847,"height":469,"url":"https:\/\/www.budokampsport.se\/wp-content\/uploads\/2021\/05\/BB190524MB048-847px.jpg","type":"image\/jpeg"}],"author":"Mats Lilja","twitter_card":"summary_large_image","twitter_misc":{"Skriven av":"Mats Lilja","Ber\u00e4knad l\u00e4stid":"3 minuter"},"schema":{"@context":"https:\/\/schema.org","@graph":[{"@type":"Article","@id":"https:\/\/www.budokampsport.se\/2021\/05\/28\/fredrik-gundmark-infor-riksidrottsmotet-2021\/#article","isPartOf":{"@id":"https:\/\/www.budokampsport.se\/2021\/05\/28\/fredrik-gundmark-infor-riksidrottsmotet-2021\/"},"author":{"name":"Mats Lilja","@id":"https:\/\/www.budokampsport.se\/#\/schema\/person\/d80c0bc61f1787703168fc250ce69522"},"headline":"Fredrik Gundmark inf\u00f6r Riksidrottsm\u00f6tet 2021","datePublished":"2021-05-28T08:49:24+00:00","dateModified":"2021-05-28T11:24:05+00:00","mainEntityOfPage":{"@id":"https:\/\/www.budokampsport.se\/2021\/05\/28\/fredrik-gundmark-infor-riksidrottsmotet-2021\/"},"wordCount":537,"commentCount":0,"image":{"@id":"https:\/\/www.budokampsport.se\/2021\/05\/28\/fredrik-gundmark-infor-riksidrottsmotet-2021\/#primaryimage"},"thumbnailUrl":"https:\/\/www.budokampsport.se\/wp-content\/uploads\/2021\/05\/BB190524MB048-847px.jpg","inLanguage":"sv-SE","potentialAction":[{"@type":"CommentAction","name":"Comment","target":["https:\/\/www.budokampsport.se\/2021\/05\/28\/fredrik-gundmark-infor-riksidrottsmotet-2021\/#respond"]}]},{"@type":"WebPage","@id":"https:\/\/www.budokampsport.se\/2021\/05\/28\/fredrik-gundmark-infor-riksidrottsmotet-2021\/","url":"https:\/\/www.budokampsport.se\/2021\/05\/28\/fredrik-gundmark-infor-riksidrottsmotet-2021\/","name":"Fredrik Gundmark inf\u00f6r Riksidrottsm\u00f6tet 2021 - Svenska Budo &amp; Kampsportsf\u00f6rbundet","isPartOf":{"@id":"https:\/\/www.budokampsport.se\/#website"},"primaryImageOfPage":{"@id":"https:\/\/www.budokampsport.se\/2021\/05\/28\/fredrik-gundmark-infor-riksidrottsmotet-2021\/#primaryimage"},"image":{"@id":"https:\/\/www.budokampsport.se\/2021\/05\/28\/fredrik-gundmark-infor-riksidrottsmotet-2021\/#primaryimage"},"thumbnailUrl":"https:\/\/www.budokampsport.se\/wp-content\/uploads\/2021\/05\/BB190524MB048-847px.jpg","datePublished":"2021-05-28T08:49:24+00:00","dateModified":"2021-05-28T11:24:05+00:00","author":{"@id":"https:\/\/www.budokampsport.se\/#\/schema\/person\/d80c0bc61f1787703168fc250ce69522"},"description":"RF | \u00c5rets RIM p\u00e5g\u00e5r 28\u201330 maj. M\u00e5nga och stora fr\u00e5gor kommer att avhandlas under helgens m\u00f6te p\u00e5 distans.","breadcrumb":{"@id":"https:\/\/www.budokampsport.se\/2021\/05\/28\/fredrik-gundmark-infor-riksidrottsmotet-2021\/#breadcrumb"},"inLanguage":"sv-SE","potentialAction":[{"@type":"ReadAction","target":["https:\/\/www.budokampsport.se\/2021\/05\/28\/fredrik-gundmark-infor-riksidrottsmotet-2021\/"]}]},{"@type":"ImageObject","inLanguage":"sv-SE","@id":"https:\/\/www.budokampsport.se\/2021\/05\/28\/fredrik-gundmark-infor-riksidrottsmotet-2021\/#primaryimage","url":"https:\/\/www.budokampsport.se\/wp-content\/uploads\/2021\/05\/BB190524MB048-847px.jpg","contentUrl":"https:\/\/www.budokampsport.se\/wp-content\/uploads\/2021\/05\/BB190524MB048-847px.jpg","width":847,"height":469,"caption":"190524 Susanne Erlandsson, ledamot RS\/FS under dag ett av riksidrottsm\u00f6tet den 24 maj 2019 i J\u00f6nk\u00f6ping. Foto: Mathias Bergeld \/ BILDBYR\u00c5N \/ Cop 200"},{"@type":"BreadcrumbList","@id":"https:\/\/www.budokampsport.se\/2021\/05\/28\/fredrik-gundmark-infor-riksidrottsmotet-2021\/#breadcrumb","itemListElement":[{"@type":"ListItem","position":1,"name":"Hem","item":"https:\/\/www.budokampsport.se\/"},{"@type":"ListItem","position":2,"name":"Fredrik Gundmark inf\u00f6r Riksidrottsm\u00f6tet 2021"}]},{"@type":"WebSite","@id":"https:\/\/www.budokampsport.se\/#website","url":"https:\/\/www.budokampsport.se\/","name":"Svenska Budo &amp; Kampsportsf\u00f6rbundet","description":"T\u00e4vling, Tr\u00e4ning, Tradition","potentialAction":[{"@type":"SearchAction","target":{"@type":"EntryPoint","urlTemplate":"https:\/\/www.budokampsport.se\/?s={search_term_string}"},"query-input":{"@type":"PropertyValueSpecification","valueRequired":true,"valueName":"search_term_string"}}],"inLanguage":"sv-SE"},{"@type":"Person","@id":"https:\/\/www.budokampsport.se\/#\/schema\/person\/d80c0bc61f1787703168fc250ce69522","name":"Mats Lilja","image":{"@type":"ImageObject","inLanguage":"sv-SE","@id":"https:\/\/www.budokampsport.se\/#\/schema\/person\/image\/","url":"https:\/\/secure.gravatar.com\/avatar\/607f84918e96abe1ebbd8611782fa57d?s=96&d=blank&r=g","contentUrl":"https:\/\/secure.gravatar.com\/avatar\/607f84918e96abe1ebbd8611782fa57d?s=96&d=blank&r=g","caption":"Mats Lilja"},"url":"https:\/\/www.budokampsport.se\/author\/mats-lilja\/"}]}},"_links":{"self":[{"href":"https:\/\/www.budokampsport.se\/api\/wp\/v2\/posts\/125923","targetHints":{"allow":["GET"]}}],"collection":[{"href":"https:\/\/www.budokampsport.se\/api\/wp\/v2\/posts"}],"about":[{"href":"https:\/\/www.budokampsport.se\/api\/wp\/v2\/types\/post"}],"author":[{"embeddable":true,"href":"https:\/\/www.budokampsport.se\/api\/wp\/v2\/users\/914"}],"replies":[{"embeddable":true,"href":"https:\/\/www.budokampsport.se\/api\/wp\/v2\/comments?post=125923"}],"version-history":[{"count":0,"href":"https:\/\/www.budokampsport.se\/api\/wp\/v2\/posts\/125923\/revisions"}],"wp:featuredmedia":[{"embeddable":true,"href":"https:\/\/www.budokampsport.se\/api\/wp\/v2\/media\/125924"}],"wp:attachment":[{"href":"https:\/\/www.budokampsport.se\/api\/wp\/v2\/media?parent=125923"}],"wp:term":[{"taxonomy":"category","embeddable":true,"href":"https:\/\/www.budokampsport.se\/api\/wp\/v2\/categories?post=125923"},{"taxonomy":"post_tag","embeddable":true,"href":"https:\/\/www.budokampsport.se\/api\/wp\/v2\/tags?post=125923"}],"curies":[{"name":"wp","href":"https:\/\/api.w.org\/{rel}","templated":true}]}}