{"id":125985,"date":"2021-06-02T12:55:53","date_gmt":"2021-06-02T10:55:53","guid":{"rendered":"https:\/\/www.budokampsport.se\/?p=125985"},"modified":"2024-07-04T10:13:58","modified_gmt":"2024-07-04T08:13:58","slug":"idrott-under-pandemin-torsby-aikidoklubb","status":"publish","type":"post","link":"https:\/\/www.budokampsport.se\/2021\/06\/02\/idrott-under-pandemin-torsby-aikidoklubb\/","title":{"rendered":"Idrott under pandemin: Torsby Aikidoklubb"},"content":{"rendered":"<p>Att coronapandemin drabbat varenda inv\u00e5nare i landet \u00e4r det ingen tvekan om. Men extra tufft har det varit f\u00f6r dem som tillh\u00f6rt riskgrupperna och d\u00e4rf\u00f6r i \u00e4nnu h\u00f6gre grad beh\u00f6vt minska umg\u00e4nget.<\/p>\n<p>V\u00e4rml\u00e4ndska Torsby Aikidoklubb har flera medlemmar i riskgrupp och de kommunala restriktionerna f\u00f6rbj\u00f6d tr\u00e4ning inomhus f\u00f6r vuxna. S\u00e5 f\u00f6rutom de anpassade tr\u00e4ningarna f\u00f6r barn och ungdomar var det d\u00e4rf\u00f6r inte tal om att tr\u00e4ffas fysiskt n\u00e4r pandemin var ett faktum. Men digitalt har man \u00e4nd\u00e5 kunnat h\u00e5lla delar av verksamheten i g\u00e5ng.<\/p>\n<p>\u2212 Jag startade gruppen <em>Torsby Aiki Zoom Dojo<\/em> i november. Tanken var fr\u00e5n b\u00f6rjan att vi skulle h\u00e5lla ihop klubben och beh\u00e5lla v\u00e5ra medlemmar i Torsby Aikidoklubb d\u00e5 vi inte kunde tr\u00e4ffas pga r\u00e5dande pandemi, ber\u00e4ttar klubbens ordf\u00f6rande Niklas Bj\u00f6rklund.<\/p>\n<p>\u2212 Ryktet spred sig sen att vi hade onlinetr\u00e4ningar s\u00e5 vi bj\u00f6d in fler och andra h\u00f6rde ocks\u00e5 av sig och ville vara med. Idag har vi deltagare i gruppen fr\u00e5n ett 15-tal klubbar runt om i Sverige och Danmark. Till dags dato har vi haft cirka 50 tr\u00e4ningstillf\u00e4llen, d\u00e4r vi har varit allt mellan 11 och 27 stycken per Zoompass som deltagit. Resultatet blev \u00f6ver f\u00f6rv\u00e4ntan och m\u00e5nga tycker om tillg\u00e4ngligheten till bra tr\u00e4ning. Den sociala delen \u00e4r ytterligare en aspekt som har varit viktig f\u00f6r m\u00e5nga d\u00e5 flera av deltagarna \u00e4r eller har varit isolerade p\u00e5 grund av att de \u00e4r i riskgrupp.<\/p>\n<figure id=\"attachment_126000\" aria-describedby=\"caption-attachment-126000\" style=\"width: 847px\" class=\"wp-caption aligncenter\"><img loading=\"lazy\" decoding=\"async\" class=\"size-full wp-image-126000\" src=\"https:\/\/www.budokampsport.se\/wp-content\/uploads\/2021\/06\/torsbyzoom2.jpg\" alt=\"\" width=\"847\" height=\"482\" srcset=\"https:\/\/www.budokampsport.se\/wp-content\/uploads\/2021\/06\/torsbyzoom2.jpg 847w, https:\/\/www.budokampsport.se\/wp-content\/uploads\/2021\/06\/torsbyzoom2-600x341.jpg 600w, https:\/\/www.budokampsport.se\/wp-content\/uploads\/2021\/06\/torsbyzoom2-376x214.jpg 376w, https:\/\/www.budokampsport.se\/wp-content\/uploads\/2021\/06\/torsbyzoom2-278x158.jpg 278w, https:\/\/www.budokampsport.se\/wp-content\/uploads\/2021\/06\/torsbyzoom2-572x326.jpg 572w\" sizes=\"auto, (max-width: 847px) 100vw, 847px\" \/><figcaption id=\"caption-attachment-126000\" class=\"wp-caption-text\"><span style=\"font-size: 10pt;\"><em>Bild fr\u00e5n ett av f\u00f6reningens tr\u00e4ningspass \u00f6ver Zoom.<\/em><\/span><\/figcaption><\/figure>\n<p>Niklas Bj\u00f6rklund har sj\u00e4lv sk\u00f6tt tekniken och logistiken f\u00f6r att f\u00e5 allt att fungera.<\/p>\n<p>\u2212 Vi anv\u00e4nder oss av Facebooks Messenger f\u00f6r att f\u00f6rmedla tr\u00e4ningstider, svara p\u00e5 fr\u00e5gor och diskutera tr\u00e4ningen. F\u00f6r onlinetr\u00e4ningen anv\u00e4nder vi oss av Zoom d\u00e4r jag skickar ut inbjudningsl\u00e4nk via mail inf\u00f6r varje pass. Det har funkat r\u00e4tt bra.<\/p>\n<p>Den som lett de digitala tr\u00e4ningspassen p\u00e5 mattan \u00e4r den som grundade klubben 1979: den idag 76-\u00e5rige aikidoprofilen Lars-G\u00f6ran \u201dLasse\u201d Andersson, 7 Dan Shihan och med hela 56 \u00e5r bakom sig som aikidoka.<\/p>\n<p>\u2212 Niklas hade v\u00e4l lite sv\u00e5rt att \u00f6vertala mig i h\u00f6stas att b\u00f6rja med det h\u00e4r. Jag s\u00e5g en fara med att man inte f\u00e5r samma kontakt med de som tr\u00e4nar n\u00e4r man h\u00e5ller p\u00e5 med Zoom. P\u00e5 mattan f\u00e5r man ju det och kan l\u00e4sa av st\u00e4mningar, ber\u00e4ttar han.<\/p>\n<p>\u00d6vningarna har han f\u00f6rberett i sin egen dojo (!) \u2013 45 kvadratmeter stor och placerad i uthuset hemma p\u00e5 tomten i Svenneby, s\u00f6der om Torsby.<\/p>\n<p>\u2212 Jag har beh\u00f6vt tr\u00e4na mycket p\u00e5 egen hand, och f\u00f6rs\u00f6kt att f\u00f6rnya och utveckla det hela. Det har varit v\u00e4ldigt intressant \u00e4ven om saknaden efter att f\u00e5 ha kontakt har blivit st\u00f6rre med tiden.<\/p>\n<p>\u2212 Jag m\u00e5ste ocks\u00e5 t\u00e4nka p\u00e5 att m\u00e5nga st\u00e5r hemma i l\u00e4genheten och tr\u00e4nar, de kan inte ta ut r\u00f6relsen fullt ut. Jag f\u00e5r planera mer helt enkelt. Det har v\u00e4l g\u00e5tt n\u00e5gon lampa och blivit n\u00e5got h\u00e5l i v\u00e4ggen h\u00e4r och d\u00e4r har jag f\u00f6rst\u00e5tt, s\u00e4ger Lasse Andersson och skrattar.<\/p>\n<figure id=\"attachment_126001\" aria-describedby=\"caption-attachment-126001\" style=\"width: 847px\" class=\"wp-caption aligncenter\"><img loading=\"lazy\" decoding=\"async\" class=\"size-full wp-image-126001\" src=\"https:\/\/www.budokampsport.se\/wp-content\/uploads\/2021\/06\/torsbyzoom3.jpg\" alt=\"\" width=\"847\" height=\"641\" srcset=\"https:\/\/www.budokampsport.se\/wp-content\/uploads\/2021\/06\/torsbyzoom3.jpg 847w, https:\/\/www.budokampsport.se\/wp-content\/uploads\/2021\/06\/torsbyzoom3-600x454.jpg 600w, https:\/\/www.budokampsport.se\/wp-content\/uploads\/2021\/06\/torsbyzoom3-376x285.jpg 376w, https:\/\/www.budokampsport.se\/wp-content\/uploads\/2021\/06\/torsbyzoom3-278x210.jpg 278w, https:\/\/www.budokampsport.se\/wp-content\/uploads\/2021\/06\/torsbyzoom3-572x433.jpg 572w\" sizes=\"auto, (max-width: 847px) 100vw, 847px\" \/><figcaption id=\"caption-attachment-126001\" class=\"wp-caption-text\"><span style=\"font-size: 10pt;\"><em>Lasse Andersson och Niklas Bj\u00f6rklund p\u00e5 plats i Lasses egna dojo.<\/em><\/span><\/figcaption><\/figure>\n<p>Tr\u00e4ningspassen som han har h\u00e5llit i har best\u00e5tt av bland annat <em>Bukiwasa<\/em> (vapentr\u00e4ning), <em>Aiki-Jo<\/em> (stav) och <em>Aiki-Ken<\/em> (sv\u00e4rd). Och \u00e4ven om det har fungerat \u00f6ver f\u00f6rv\u00e4ntan att tr\u00e4na p\u00e5 distans s\u00e5 ser Torsbys numera f\u00e4rdigvaccinerade sensei fram emot en \u00e5terg\u00e5ng till det normala efter pandemin.<\/p>\n<p>\u2212 Jag \u00e4r sprutad och klar! Och jag hoppas att vi ska kunna undervisa och \u00e5ka p\u00e5 l\u00e4ger under h\u00f6sten n\u00e4r det blir mer handgripligt, s\u00e4ger Lasse Andersson.<\/p>\n<p>Ordf\u00f6randen Niklas Bj\u00f6rklund ser \u00e4ven f\u00f6rdelar f\u00f6r klubben med det man har \u00e5stadkommit i form av onlinetr\u00e4ningen och den alternativa tr\u00e4ningen f\u00f6r ungdomar.<\/p>\n<p>\u2212 Mycket av v\u00e5r utveckling under 2020 och 2021 hade troligtvis inte skett om det inte har varit en pandemi. Det s\u00e4gs ju att i kriser f\u00f6ds kreativitet och det st\u00e4mmer v\u00e4l in p\u00e5 v\u00e5r verksamhet. Vi har st\u00e4llt om och anpassat oss och nu st\u00e5r vi v\u00e4l rustade inf\u00f6r framtiden, s\u00e4ger han.<\/p>\n<p>Text: Mats Lilja<br \/>\nFoto: Torsby Aikidoklubb<\/p>\n","protected":false},"excerpt":{"rendered":"<p>AIKIDO | Trots nedst\u00e4ngd tr\u00e4ningslokal s\u00e5 har eldsj\u00e4larna i Torsby h\u00e5llit tr\u00e4ningarna ig\u00e5ng. Och man har lockat deltagare fr\u00e5n en rad andra klubbar till sina digitala pass.<\/p><br>","protected":false},"author":914,"featured_media":125999,"comment_status":"open","ping_status":"open","sticky":false,"template":"","format":"standard","meta":{"_acf_changed":false,"footnotes":""},"categories":[562],"tags":[],"class_list":["post-125985","post","type-post","status-publish","format-standard","has-post-thumbnail","hentry","category-aikido"],"acf":[],"yoast_head":"<!-- This site is optimized with the Yoast SEO plugin v26.8 - https:\/\/yoast.com\/product\/yoast-seo-wordpress\/ -->\n<title>Idrott under pandemin: Torsby Aikidoklubb - Svenska Budo &amp; Kampsportsf\u00f6rbundet<\/title>\n<meta name=\"description\" content=\"AIKIDO | Trots nedst\u00e4ngd tr\u00e4ningslokal s\u00e5 har eldsj\u00e4larna i Torsby h\u00e5llit tr\u00e4ningarna ig\u00e5ng. Och man har lockat deltagare fr\u00e5n en rad andra klubbar till sina digitala pass.\" \/>\n<meta name=\"robots\" content=\"index, follow, max-snippet:-1, max-image-preview:large, max-video-preview:-1\" \/>\n<link rel=\"canonical\" href=\"https:\/\/www.budokampsport.se\/2021\/06\/02\/idrott-under-pandemin-torsby-aikidoklubb\/\" \/>\n<meta property=\"og:locale\" content=\"sv_SE\" \/>\n<meta property=\"og:type\" content=\"article\" \/>\n<meta property=\"og:title\" content=\"Idrott under pandemin: Torsby Aikidoklubb - Svenska Budo &amp; Kampsportsf\u00f6rbundet\" \/>\n<meta property=\"og:description\" content=\"AIKIDO | Trots nedst\u00e4ngd tr\u00e4ningslokal s\u00e5 har eldsj\u00e4larna i Torsby h\u00e5llit tr\u00e4ningarna ig\u00e5ng. Och man har lockat deltagare fr\u00e5n en rad andra klubbar till sina digitala pass.\" \/>\n<meta property=\"og:url\" content=\"https:\/\/www.budokampsport.se\/2021\/06\/02\/idrott-under-pandemin-torsby-aikidoklubb\/\" \/>\n<meta property=\"og:site_name\" content=\"Svenska Budo &amp; Kampsportsf\u00f6rbundet\" \/>\n<meta property=\"article:published_time\" content=\"2021-06-02T10:55:53+00:00\" \/>\n<meta property=\"article:modified_time\" content=\"2024-07-04T08:13:58+00:00\" \/>\n<meta property=\"og:image\" content=\"https:\/\/www.budokampsport.se\/wp-content\/uploads\/2021\/06\/torsbyzoom1.jpg\" \/>\n\t<meta property=\"og:image:width\" content=\"847\" \/>\n\t<meta property=\"og:image:height\" content=\"556\" \/>\n\t<meta property=\"og:image:type\" content=\"image\/jpeg\" \/>\n<meta name=\"author\" content=\"Mats Lilja\" \/>\n<meta name=\"twitter:card\" content=\"summary_large_image\" \/>\n<meta name=\"twitter:label1\" content=\"Skriven av\" \/>\n\t<meta name=\"twitter:data1\" content=\"Mats Lilja\" \/>\n\t<meta name=\"twitter:label2\" content=\"Ber\u00e4knad l\u00e4stid\" \/>\n\t<meta name=\"twitter:data2\" content=\"4 minuter\" \/>\n<script type=\"application\/ld+json\" class=\"yoast-schema-graph\">{\"@context\":\"https:\/\/schema.org\",\"@graph\":[{\"@type\":\"Article\",\"@id\":\"https:\/\/www.budokampsport.se\/2021\/06\/02\/idrott-under-pandemin-torsby-aikidoklubb\/#article\",\"isPartOf\":{\"@id\":\"https:\/\/www.budokampsport.se\/2021\/06\/02\/idrott-under-pandemin-torsby-aikidoklubb\/\"},\"author\":{\"name\":\"Mats Lilja\",\"@id\":\"https:\/\/www.budokampsport.se\/#\/schema\/person\/d80c0bc61f1787703168fc250ce69522\"},\"headline\":\"Idrott under pandemin: Torsby Aikidoklubb\",\"datePublished\":\"2021-06-02T10:55:53+00:00\",\"dateModified\":\"2024-07-04T08:13:58+00:00\",\"mainEntityOfPage\":{\"@id\":\"https:\/\/www.budokampsport.se\/2021\/06\/02\/idrott-under-pandemin-torsby-aikidoklubb\/\"},\"wordCount\":795,\"commentCount\":0,\"image\":{\"@id\":\"https:\/\/www.budokampsport.se\/2021\/06\/02\/idrott-under-pandemin-torsby-aikidoklubb\/#primaryimage\"},\"thumbnailUrl\":\"https:\/\/www.budokampsport.se\/wp-content\/uploads\/2021\/06\/torsbyzoom1.jpg\",\"articleSection\":[\"Aikido\"],\"inLanguage\":\"sv-SE\",\"potentialAction\":[{\"@type\":\"CommentAction\",\"name\":\"Comment\",\"target\":[\"https:\/\/www.budokampsport.se\/2021\/06\/02\/idrott-under-pandemin-torsby-aikidoklubb\/#respond\"]}]},{\"@type\":\"WebPage\",\"@id\":\"https:\/\/www.budokampsport.se\/2021\/06\/02\/idrott-under-pandemin-torsby-aikidoklubb\/\",\"url\":\"https:\/\/www.budokampsport.se\/2021\/06\/02\/idrott-under-pandemin-torsby-aikidoklubb\/\",\"name\":\"Idrott under pandemin: Torsby Aikidoklubb - Svenska Budo &amp; Kampsportsf\u00f6rbundet\",\"isPartOf\":{\"@id\":\"https:\/\/www.budokampsport.se\/#website\"},\"primaryImageOfPage\":{\"@id\":\"https:\/\/www.budokampsport.se\/2021\/06\/02\/idrott-under-pandemin-torsby-aikidoklubb\/#primaryimage\"},\"image\":{\"@id\":\"https:\/\/www.budokampsport.se\/2021\/06\/02\/idrott-under-pandemin-torsby-aikidoklubb\/#primaryimage\"},\"thumbnailUrl\":\"https:\/\/www.budokampsport.se\/wp-content\/uploads\/2021\/06\/torsbyzoom1.jpg\",\"datePublished\":\"2021-06-02T10:55:53+00:00\",\"dateModified\":\"2024-07-04T08:13:58+00:00\",\"author\":{\"@id\":\"https:\/\/www.budokampsport.se\/#\/schema\/person\/d80c0bc61f1787703168fc250ce69522\"},\"description\":\"AIKIDO | Trots nedst\u00e4ngd tr\u00e4ningslokal s\u00e5 har eldsj\u00e4larna i Torsby h\u00e5llit tr\u00e4ningarna ig\u00e5ng. Och man har lockat deltagare fr\u00e5n en rad andra klubbar till sina digitala pass.\",\"breadcrumb\":{\"@id\":\"https:\/\/www.budokampsport.se\/2021\/06\/02\/idrott-under-pandemin-torsby-aikidoklubb\/#breadcrumb\"},\"inLanguage\":\"sv-SE\",\"potentialAction\":[{\"@type\":\"ReadAction\",\"target\":[\"https:\/\/www.budokampsport.se\/2021\/06\/02\/idrott-under-pandemin-torsby-aikidoklubb\/\"]}]},{\"@type\":\"ImageObject\",\"inLanguage\":\"sv-SE\",\"@id\":\"https:\/\/www.budokampsport.se\/2021\/06\/02\/idrott-under-pandemin-torsby-aikidoklubb\/#primaryimage\",\"url\":\"https:\/\/www.budokampsport.se\/wp-content\/uploads\/2021\/06\/torsbyzoom1.jpg\",\"contentUrl\":\"https:\/\/www.budokampsport.se\/wp-content\/uploads\/2021\/06\/torsbyzoom1.jpg\",\"width\":847,\"height\":556,\"caption\":\"Lasse Andersson, Torsby Aikidoklubb. Foto: Torsby Aikidoklubb.\"},{\"@type\":\"BreadcrumbList\",\"@id\":\"https:\/\/www.budokampsport.se\/2021\/06\/02\/idrott-under-pandemin-torsby-aikidoklubb\/#breadcrumb\",\"itemListElement\":[{\"@type\":\"ListItem\",\"position\":1,\"name\":\"Hem\",\"item\":\"https:\/\/www.budokampsport.se\/\"},{\"@type\":\"ListItem\",\"position\":2,\"name\":\"Idrott under pandemin: Torsby Aikidoklubb\"}]},{\"@type\":\"WebSite\",\"@id\":\"https:\/\/www.budokampsport.se\/#website\",\"url\":\"https:\/\/www.budokampsport.se\/\",\"name\":\"Svenska Budo &amp; Kampsportsf\u00f6rbundet\",\"description\":\"T\u00e4vling, Tr\u00e4ning, Tradition\",\"potentialAction\":[{\"@type\":\"SearchAction\",\"target\":{\"@type\":\"EntryPoint\",\"urlTemplate\":\"https:\/\/www.budokampsport.se\/?s={search_term_string}\"},\"query-input\":{\"@type\":\"PropertyValueSpecification\",\"valueRequired\":true,\"valueName\":\"search_term_string\"}}],\"inLanguage\":\"sv-SE\"},{\"@type\":\"Person\",\"@id\":\"https:\/\/www.budokampsport.se\/#\/schema\/person\/d80c0bc61f1787703168fc250ce69522\",\"name\":\"Mats Lilja\",\"image\":{\"@type\":\"ImageObject\",\"inLanguage\":\"sv-SE\",\"@id\":\"https:\/\/www.budokampsport.se\/#\/schema\/person\/image\/\",\"url\":\"https:\/\/secure.gravatar.com\/avatar\/607f84918e96abe1ebbd8611782fa57d?s=96&d=blank&r=g\",\"contentUrl\":\"https:\/\/secure.gravatar.com\/avatar\/607f84918e96abe1ebbd8611782fa57d?s=96&d=blank&r=g\",\"caption\":\"Mats Lilja\"},\"url\":\"https:\/\/www.budokampsport.se\/author\/mats-lilja\/\"}]}<\/script>\n<!-- \/ Yoast SEO plugin. -->","yoast_head_json":{"title":"Idrott under pandemin: Torsby Aikidoklubb - Svenska Budo &amp; Kampsportsf\u00f6rbundet","description":"AIKIDO | Trots nedst\u00e4ngd tr\u00e4ningslokal s\u00e5 har eldsj\u00e4larna i Torsby h\u00e5llit tr\u00e4ningarna ig\u00e5ng. Och man har lockat deltagare fr\u00e5n en rad andra klubbar till sina digitala pass.","robots":{"index":"index","follow":"follow","max-snippet":"max-snippet:-1","max-image-preview":"max-image-preview:large","max-video-preview":"max-video-preview:-1"},"canonical":"https:\/\/www.budokampsport.se\/2021\/06\/02\/idrott-under-pandemin-torsby-aikidoklubb\/","og_locale":"sv_SE","og_type":"article","og_title":"Idrott under pandemin: Torsby Aikidoklubb - Svenska Budo &amp; Kampsportsf\u00f6rbundet","og_description":"AIKIDO | Trots nedst\u00e4ngd tr\u00e4ningslokal s\u00e5 har eldsj\u00e4larna i Torsby h\u00e5llit tr\u00e4ningarna ig\u00e5ng. Och man har lockat deltagare fr\u00e5n en rad andra klubbar till sina digitala pass.","og_url":"https:\/\/www.budokampsport.se\/2021\/06\/02\/idrott-under-pandemin-torsby-aikidoklubb\/","og_site_name":"Svenska Budo &amp; Kampsportsf\u00f6rbundet","article_published_time":"2021-06-02T10:55:53+00:00","article_modified_time":"2024-07-04T08:13:58+00:00","og_image":[{"width":847,"height":556,"url":"https:\/\/www.budokampsport.se\/wp-content\/uploads\/2021\/06\/torsbyzoom1.jpg","type":"image\/jpeg"}],"author":"Mats Lilja","twitter_card":"summary_large_image","twitter_misc":{"Skriven av":"Mats Lilja","Ber\u00e4knad l\u00e4stid":"4 minuter"},"schema":{"@context":"https:\/\/schema.org","@graph":[{"@type":"Article","@id":"https:\/\/www.budokampsport.se\/2021\/06\/02\/idrott-under-pandemin-torsby-aikidoklubb\/#article","isPartOf":{"@id":"https:\/\/www.budokampsport.se\/2021\/06\/02\/idrott-under-pandemin-torsby-aikidoklubb\/"},"author":{"name":"Mats Lilja","@id":"https:\/\/www.budokampsport.se\/#\/schema\/person\/d80c0bc61f1787703168fc250ce69522"},"headline":"Idrott under pandemin: Torsby Aikidoklubb","datePublished":"2021-06-02T10:55:53+00:00","dateModified":"2024-07-04T08:13:58+00:00","mainEntityOfPage":{"@id":"https:\/\/www.budokampsport.se\/2021\/06\/02\/idrott-under-pandemin-torsby-aikidoklubb\/"},"wordCount":795,"commentCount":0,"image":{"@id":"https:\/\/www.budokampsport.se\/2021\/06\/02\/idrott-under-pandemin-torsby-aikidoklubb\/#primaryimage"},"thumbnailUrl":"https:\/\/www.budokampsport.se\/wp-content\/uploads\/2021\/06\/torsbyzoom1.jpg","articleSection":["Aikido"],"inLanguage":"sv-SE","potentialAction":[{"@type":"CommentAction","name":"Comment","target":["https:\/\/www.budokampsport.se\/2021\/06\/02\/idrott-under-pandemin-torsby-aikidoklubb\/#respond"]}]},{"@type":"WebPage","@id":"https:\/\/www.budokampsport.se\/2021\/06\/02\/idrott-under-pandemin-torsby-aikidoklubb\/","url":"https:\/\/www.budokampsport.se\/2021\/06\/02\/idrott-under-pandemin-torsby-aikidoklubb\/","name":"Idrott under pandemin: Torsby Aikidoklubb - Svenska Budo &amp; Kampsportsf\u00f6rbundet","isPartOf":{"@id":"https:\/\/www.budokampsport.se\/#website"},"primaryImageOfPage":{"@id":"https:\/\/www.budokampsport.se\/2021\/06\/02\/idrott-under-pandemin-torsby-aikidoklubb\/#primaryimage"},"image":{"@id":"https:\/\/www.budokampsport.se\/2021\/06\/02\/idrott-under-pandemin-torsby-aikidoklubb\/#primaryimage"},"thumbnailUrl":"https:\/\/www.budokampsport.se\/wp-content\/uploads\/2021\/06\/torsbyzoom1.jpg","datePublished":"2021-06-02T10:55:53+00:00","dateModified":"2024-07-04T08:13:58+00:00","author":{"@id":"https:\/\/www.budokampsport.se\/#\/schema\/person\/d80c0bc61f1787703168fc250ce69522"},"description":"AIKIDO | Trots nedst\u00e4ngd tr\u00e4ningslokal s\u00e5 har eldsj\u00e4larna i Torsby h\u00e5llit tr\u00e4ningarna ig\u00e5ng. Och man har lockat deltagare fr\u00e5n en rad andra klubbar till sina digitala pass.","breadcrumb":{"@id":"https:\/\/www.budokampsport.se\/2021\/06\/02\/idrott-under-pandemin-torsby-aikidoklubb\/#breadcrumb"},"inLanguage":"sv-SE","potentialAction":[{"@type":"ReadAction","target":["https:\/\/www.budokampsport.se\/2021\/06\/02\/idrott-under-pandemin-torsby-aikidoklubb\/"]}]},{"@type":"ImageObject","inLanguage":"sv-SE","@id":"https:\/\/www.budokampsport.se\/2021\/06\/02\/idrott-under-pandemin-torsby-aikidoklubb\/#primaryimage","url":"https:\/\/www.budokampsport.se\/wp-content\/uploads\/2021\/06\/torsbyzoom1.jpg","contentUrl":"https:\/\/www.budokampsport.se\/wp-content\/uploads\/2021\/06\/torsbyzoom1.jpg","width":847,"height":556,"caption":"Lasse Andersson, Torsby Aikidoklubb. Foto: Torsby Aikidoklubb."},{"@type":"BreadcrumbList","@id":"https:\/\/www.budokampsport.se\/2021\/06\/02\/idrott-under-pandemin-torsby-aikidoklubb\/#breadcrumb","itemListElement":[{"@type":"ListItem","position":1,"name":"Hem","item":"https:\/\/www.budokampsport.se\/"},{"@type":"ListItem","position":2,"name":"Idrott under pandemin: Torsby Aikidoklubb"}]},{"@type":"WebSite","@id":"https:\/\/www.budokampsport.se\/#website","url":"https:\/\/www.budokampsport.se\/","name":"Svenska Budo &amp; Kampsportsf\u00f6rbundet","description":"T\u00e4vling, Tr\u00e4ning, Tradition","potentialAction":[{"@type":"SearchAction","target":{"@type":"EntryPoint","urlTemplate":"https:\/\/www.budokampsport.se\/?s={search_term_string}"},"query-input":{"@type":"PropertyValueSpecification","valueRequired":true,"valueName":"search_term_string"}}],"inLanguage":"sv-SE"},{"@type":"Person","@id":"https:\/\/www.budokampsport.se\/#\/schema\/person\/d80c0bc61f1787703168fc250ce69522","name":"Mats Lilja","image":{"@type":"ImageObject","inLanguage":"sv-SE","@id":"https:\/\/www.budokampsport.se\/#\/schema\/person\/image\/","url":"https:\/\/secure.gravatar.com\/avatar\/607f84918e96abe1ebbd8611782fa57d?s=96&d=blank&r=g","contentUrl":"https:\/\/secure.gravatar.com\/avatar\/607f84918e96abe1ebbd8611782fa57d?s=96&d=blank&r=g","caption":"Mats Lilja"},"url":"https:\/\/www.budokampsport.se\/author\/mats-lilja\/"}]}},"_links":{"self":[{"href":"https:\/\/www.budokampsport.se\/api\/wp\/v2\/posts\/125985","targetHints":{"allow":["GET"]}}],"collection":[{"href":"https:\/\/www.budokampsport.se\/api\/wp\/v2\/posts"}],"about":[{"href":"https:\/\/www.budokampsport.se\/api\/wp\/v2\/types\/post"}],"author":[{"embeddable":true,"href":"https:\/\/www.budokampsport.se\/api\/wp\/v2\/users\/914"}],"replies":[{"embeddable":true,"href":"https:\/\/www.budokampsport.se\/api\/wp\/v2\/comments?post=125985"}],"version-history":[{"count":0,"href":"https:\/\/www.budokampsport.se\/api\/wp\/v2\/posts\/125985\/revisions"}],"wp:featuredmedia":[{"embeddable":true,"href":"https:\/\/www.budokampsport.se\/api\/wp\/v2\/media\/125999"}],"wp:attachment":[{"href":"https:\/\/www.budokampsport.se\/api\/wp\/v2\/media?parent=125985"}],"wp:term":[{"taxonomy":"category","embeddable":true,"href":"https:\/\/www.budokampsport.se\/api\/wp\/v2\/categories?post=125985"},{"taxonomy":"post_tag","embeddable":true,"href":"https:\/\/www.budokampsport.se\/api\/wp\/v2\/tags?post=125985"}],"curies":[{"name":"wp","href":"https:\/\/api.w.org\/{rel}","templated":true}]}}