{"id":126101,"date":"2021-06-08T15:01:53","date_gmt":"2021-06-08T13:01:53","guid":{"rendered":"https:\/\/www.budokampsport.se\/?p=126101"},"modified":"2022-09-14T10:37:53","modified_gmt":"2022-09-14T08:37:53","slug":"protokollet-fran-sbks-forbundsstamma-ar-publicerat","status":"publish","type":"post","link":"https:\/\/www.budokampsport.se\/2021\/06\/08\/protokollet-fran-sbks-forbundsstamma-ar-publicerat\/","title":{"rendered":"Protokollet fr\u00e5n SB&#038;K:s f\u00f6rbundsst\u00e4mma \u00e4r publicerat"},"content":{"rendered":"<p>Svenska Budo &amp; Kampsportsf\u00f6rbundets \u00e5rsm\u00f6te, f\u00f6rbundsst\u00e4mman, genomf\u00f6rdes digitalt den 27 mars i \u00e5r.<\/p>\n<p>En proposition fr\u00e5n f\u00f6rbundsstyrelsen g\u00e4llande redovisning av medlemmar i IdrottOnline (beskrivet fr\u00e5n sida 45 i <a href=\"https:\/\/www.budokampsport.se\/wp-content\/uploads\/2021\/03\/Arsmoteshandlingar-SBK-2021-1.0.pdf\" target=\"_blank\" rel=\"noopener noreferrer\">\u00c5rsm\u00f6teshandlingarna<\/a>) gav upphov till en hel del diskussioner under st\u00e4mman. Dessa turer finns beskrivna under punkt 12 i det nu publicerade <a href=\"https:\/\/www.budokampsport.se\/wp-content\/uploads\/2021\/06\/Arsmotesprotokoll-2021.pdf\" target=\"_blank\" rel=\"noopener noreferrer\">\u00c5rsm\u00f6tesprotokollet<\/a>.<\/p>\n<p>Styrelsens proposition r\u00f6stades ner av st\u00e4mman men ett modifierat f\u00f6rslag av propositionen vann d\u00e4remot st\u00e4mmans majoritet. Detta st\u00e4mmobeslut innebar ocks\u00e5 \u00e4ndring av SB&amp;K:s stadgar. Under 7 kapitlet 4\u00a7 tillf\u00f6rdes bland annat f\u00f6ljande formuleringar:<\/p>\n<p style=\"padding-left: 40px;\"><em>[F\u00f6rening ska] F\u00f6ra medlemsf\u00f6rteckning och minst en g\u00e5ng om \u00e5ret uppdatera den i RF:s IT-system IdrottOnline.<\/em><\/p>\n<p style=\"padding-left: 40px;\"><em>Om \u00e5rsrapporter och fastst\u00e4llda avgifter inte inkommit i tid \u00e4ger F\u00f6rbundet i samr\u00e5d med RF r\u00e4tt att minska LOK-st\u00f6det i enlighet med RF:s policy. En f\u00f6rening kan bli av med 25, 50, 75% av sitt LOK-st\u00f6d alternativt fr\u00e5ntas det helt vid utebliven betalning och redovisning.<\/em><\/p>\n<p>De nya stadgarna har d\u00e4refter skickats in till Riksidrottsf\u00f6rbundet f\u00f6r granskning. RF:s kanslis juridiska avdelning har nu \u00e5terkommit med f\u00f6ljande skrivelse g\u00e4llande det andra stycket ovan (SB&amp;K ben\u00e4mns som specialidrottsf\u00f6rbund, SF):<\/p>\n<p style=\"padding-left: 40px;\"><em>Enligt f\u00f6rordningen (1999:1177) om statsbidrag till Idrottsverksamhet har regeringen \u00f6verl\u00e4mnat uppgiften till RF att pr\u00f6va fr\u00e5gor om f\u00f6rdelning av statsbidrag till idrottsverksamhet. Med st\u00f6d av f\u00f6rordningen samt f\u00f6reskrifter fastst\u00e4llda av [Riksidrottsstyrelsen] beslutar RF om f\u00f6rdelning av bl.a. LOK-st\u00f6det. SF har inte av RF delegerats uppgiften att f\u00f6rdela och besluta om LOK-st\u00f6d. Det finns d\u00e4rmed varken st\u00f6d i f\u00f6rordningen, LOK-st\u00f6dsf\u00f6reskrifterna eller RF:s stadgar f\u00f6r att inf\u00f6ra en s\u00e5dan skrivning som [SB&amp;K] nu har beslutat om.<\/em><\/p>\n<p>S\u00e5ledes har st\u00e4mmobeslutet ingen praktisk inverkan g\u00e4llande SB&amp;K:s m\u00f6jlighet att p\u00e5verka storleken p\u00e5 f\u00f6reningars LOK-st\u00f6d. Det \u00e5ligger nu n\u00e4sta f\u00f6rbundsst\u00e4mma att r\u00f6sta om en ny lydelse och nya \u00e4ndringar i stadgarna.<\/p>\n<p>Den framr\u00f6stade stadge\u00e4ndringen \u00e4r inf\u00f6rd i de nu <a href=\"https:\/\/www.budokampsport.se\/wp-content\/uploads\/2021\/06\/SBK_Stadgar_2021-03-27.pdf\" target=\"_blank\" rel=\"noopener noreferrer\">reviderade stadgarna f\u00f6r f\u00f6rbundet<\/a> men delar av beslutet g\u00e5r allts\u00e5 enligt beskedet fr\u00e5n Riksidrottsf\u00f6rbundet inte att till\u00e4mpa i praktiken.<\/p>\n<p>Som vanligt s\u00e5 hittar ni alla viktiga dokument i v\u00e5r\u00a0<a href=\"https:\/\/www.budokampsport.se\/dokument\/\" target=\"_blank\" rel=\"noopener noreferrer\">Dokumentbank<\/a>.<\/p>\n<p>Text: Mats Lilja<\/p>\n","protected":false},"excerpt":{"rendered":"<p>SB&#038;K | Nu finns b\u00e5de protokoll och reviderade stadgar p\u00e5 hemsidan. Delar av st\u00e4mmobeslutet ej praktiskt genomf\u00f6rbart.<\/p><br>","protected":false},"author":914,"featured_media":122718,"comment_status":"open","ping_status":"open","sticky":false,"template":"","format":"standard","meta":{"_acf_changed":false,"footnotes":""},"categories":[410,1],"tags":[],"class_list":["post-126101","post","type-post","status-publish","format-standard","has-post-thumbnail","hentry","category-arsmote","category-okategoriserade"],"acf":[],"yoast_head":"<!-- This site is optimized with the Yoast SEO plugin v26.8 - https:\/\/yoast.com\/product\/yoast-seo-wordpress\/ -->\n<title>Protokollet fr\u00e5n SB&amp;K:s f\u00f6rbundsst\u00e4mma \u00e4r publicerat - Svenska Budo &amp; Kampsportsf\u00f6rbundet<\/title>\n<meta name=\"description\" content=\"SB&amp;K | Nu finns b\u00e5de protokoll och reviderade stadgar p\u00e5 hemsidan. Delar av st\u00e4mmobeslutet ej praktiskt genomf\u00f6rbart.\" \/>\n<meta name=\"robots\" content=\"index, follow, max-snippet:-1, max-image-preview:large, max-video-preview:-1\" \/>\n<link rel=\"canonical\" href=\"https:\/\/www.budokampsport.se\/2021\/06\/08\/protokollet-fran-sbks-forbundsstamma-ar-publicerat\/\" \/>\n<meta property=\"og:locale\" content=\"sv_SE\" \/>\n<meta property=\"og:type\" content=\"article\" \/>\n<meta property=\"og:title\" content=\"Protokollet fr\u00e5n SB&amp;K:s f\u00f6rbundsst\u00e4mma \u00e4r publicerat - Svenska Budo &amp; Kampsportsf\u00f6rbundet\" \/>\n<meta property=\"og:description\" content=\"SB&amp;K | Nu finns b\u00e5de protokoll och reviderade stadgar p\u00e5 hemsidan. Delar av st\u00e4mmobeslutet ej praktiskt genomf\u00f6rbart.\" \/>\n<meta property=\"og:url\" content=\"https:\/\/www.budokampsport.se\/2021\/06\/08\/protokollet-fran-sbks-forbundsstamma-ar-publicerat\/\" \/>\n<meta property=\"og:site_name\" content=\"Svenska Budo &amp; Kampsportsf\u00f6rbundet\" \/>\n<meta property=\"article:published_time\" content=\"2021-06-08T13:01:53+00:00\" \/>\n<meta property=\"article:modified_time\" content=\"2022-09-14T08:37:53+00:00\" \/>\n<meta property=\"og:image\" content=\"https:\/\/www.budokampsport.se\/wp-content\/uploads\/2020\/11\/sbok_tsuba_850px.jpg\" \/>\n\t<meta property=\"og:image:width\" content=\"850\" \/>\n\t<meta property=\"og:image:height\" content=\"440\" \/>\n\t<meta property=\"og:image:type\" content=\"image\/jpeg\" \/>\n<meta name=\"author\" content=\"Mats Lilja\" \/>\n<meta name=\"twitter:card\" content=\"summary_large_image\" \/>\n<meta name=\"twitter:label1\" content=\"Skriven av\" \/>\n\t<meta name=\"twitter:data1\" content=\"Mats Lilja\" \/>\n\t<meta name=\"twitter:label2\" content=\"Ber\u00e4knad l\u00e4stid\" \/>\n\t<meta name=\"twitter:data2\" content=\"2 minuter\" \/>\n<script type=\"application\/ld+json\" class=\"yoast-schema-graph\">{\"@context\":\"https:\/\/schema.org\",\"@graph\":[{\"@type\":\"Article\",\"@id\":\"https:\/\/www.budokampsport.se\/2021\/06\/08\/protokollet-fran-sbks-forbundsstamma-ar-publicerat\/#article\",\"isPartOf\":{\"@id\":\"https:\/\/www.budokampsport.se\/2021\/06\/08\/protokollet-fran-sbks-forbundsstamma-ar-publicerat\/\"},\"author\":{\"name\":\"Mats Lilja\",\"@id\":\"https:\/\/www.budokampsport.se\/#\/schema\/person\/d80c0bc61f1787703168fc250ce69522\"},\"headline\":\"Protokollet fr\u00e5n SB&#038;K:s f\u00f6rbundsst\u00e4mma \u00e4r publicerat\",\"datePublished\":\"2021-06-08T13:01:53+00:00\",\"dateModified\":\"2022-09-14T08:37:53+00:00\",\"mainEntityOfPage\":{\"@id\":\"https:\/\/www.budokampsport.se\/2021\/06\/08\/protokollet-fran-sbks-forbundsstamma-ar-publicerat\/\"},\"wordCount\":419,\"commentCount\":0,\"image\":{\"@id\":\"https:\/\/www.budokampsport.se\/2021\/06\/08\/protokollet-fran-sbks-forbundsstamma-ar-publicerat\/#primaryimage\"},\"thumbnailUrl\":\"https:\/\/www.budokampsport.se\/wp-content\/uploads\/2020\/11\/sbok_tsuba_850px.jpg\",\"articleSection\":[\"\u00c5rsm\u00f6te\"],\"inLanguage\":\"sv-SE\",\"potentialAction\":[{\"@type\":\"CommentAction\",\"name\":\"Comment\",\"target\":[\"https:\/\/www.budokampsport.se\/2021\/06\/08\/protokollet-fran-sbks-forbundsstamma-ar-publicerat\/#respond\"]}]},{\"@type\":\"WebPage\",\"@id\":\"https:\/\/www.budokampsport.se\/2021\/06\/08\/protokollet-fran-sbks-forbundsstamma-ar-publicerat\/\",\"url\":\"https:\/\/www.budokampsport.se\/2021\/06\/08\/protokollet-fran-sbks-forbundsstamma-ar-publicerat\/\",\"name\":\"Protokollet fr\u00e5n SB&K:s f\u00f6rbundsst\u00e4mma \u00e4r publicerat - Svenska Budo &amp; Kampsportsf\u00f6rbundet\",\"isPartOf\":{\"@id\":\"https:\/\/www.budokampsport.se\/#website\"},\"primaryImageOfPage\":{\"@id\":\"https:\/\/www.budokampsport.se\/2021\/06\/08\/protokollet-fran-sbks-forbundsstamma-ar-publicerat\/#primaryimage\"},\"image\":{\"@id\":\"https:\/\/www.budokampsport.se\/2021\/06\/08\/protokollet-fran-sbks-forbundsstamma-ar-publicerat\/#primaryimage\"},\"thumbnailUrl\":\"https:\/\/www.budokampsport.se\/wp-content\/uploads\/2020\/11\/sbok_tsuba_850px.jpg\",\"datePublished\":\"2021-06-08T13:01:53+00:00\",\"dateModified\":\"2022-09-14T08:37:53+00:00\",\"author\":{\"@id\":\"https:\/\/www.budokampsport.se\/#\/schema\/person\/d80c0bc61f1787703168fc250ce69522\"},\"description\":\"SB&K | Nu finns b\u00e5de protokoll och reviderade stadgar p\u00e5 hemsidan. Delar av st\u00e4mmobeslutet ej praktiskt genomf\u00f6rbart.\",\"breadcrumb\":{\"@id\":\"https:\/\/www.budokampsport.se\/2021\/06\/08\/protokollet-fran-sbks-forbundsstamma-ar-publicerat\/#breadcrumb\"},\"inLanguage\":\"sv-SE\",\"potentialAction\":[{\"@type\":\"ReadAction\",\"target\":[\"https:\/\/www.budokampsport.se\/2021\/06\/08\/protokollet-fran-sbks-forbundsstamma-ar-publicerat\/\"]}]},{\"@type\":\"ImageObject\",\"inLanguage\":\"sv-SE\",\"@id\":\"https:\/\/www.budokampsport.se\/2021\/06\/08\/protokollet-fran-sbks-forbundsstamma-ar-publicerat\/#primaryimage\",\"url\":\"https:\/\/www.budokampsport.se\/wp-content\/uploads\/2020\/11\/sbok_tsuba_850px.jpg\",\"contentUrl\":\"https:\/\/www.budokampsport.se\/wp-content\/uploads\/2020\/11\/sbok_tsuba_850px.jpg\",\"width\":850,\"height\":440,\"caption\":\"SB&K Logotype\"},{\"@type\":\"BreadcrumbList\",\"@id\":\"https:\/\/www.budokampsport.se\/2021\/06\/08\/protokollet-fran-sbks-forbundsstamma-ar-publicerat\/#breadcrumb\",\"itemListElement\":[{\"@type\":\"ListItem\",\"position\":1,\"name\":\"Hem\",\"item\":\"https:\/\/www.budokampsport.se\/\"},{\"@type\":\"ListItem\",\"position\":2,\"name\":\"Protokollet fr\u00e5n SB&#038;K:s f\u00f6rbundsst\u00e4mma \u00e4r publicerat\"}]},{\"@type\":\"WebSite\",\"@id\":\"https:\/\/www.budokampsport.se\/#website\",\"url\":\"https:\/\/www.budokampsport.se\/\",\"name\":\"Svenska Budo &amp; Kampsportsf\u00f6rbundet\",\"description\":\"T\u00e4vling, Tr\u00e4ning, Tradition\",\"potentialAction\":[{\"@type\":\"SearchAction\",\"target\":{\"@type\":\"EntryPoint\",\"urlTemplate\":\"https:\/\/www.budokampsport.se\/?s={search_term_string}\"},\"query-input\":{\"@type\":\"PropertyValueSpecification\",\"valueRequired\":true,\"valueName\":\"search_term_string\"}}],\"inLanguage\":\"sv-SE\"},{\"@type\":\"Person\",\"@id\":\"https:\/\/www.budokampsport.se\/#\/schema\/person\/d80c0bc61f1787703168fc250ce69522\",\"name\":\"Mats Lilja\",\"image\":{\"@type\":\"ImageObject\",\"inLanguage\":\"sv-SE\",\"@id\":\"https:\/\/www.budokampsport.se\/#\/schema\/person\/image\/\",\"url\":\"https:\/\/secure.gravatar.com\/avatar\/607f84918e96abe1ebbd8611782fa57d?s=96&d=blank&r=g\",\"contentUrl\":\"https:\/\/secure.gravatar.com\/avatar\/607f84918e96abe1ebbd8611782fa57d?s=96&d=blank&r=g\",\"caption\":\"Mats Lilja\"},\"url\":\"https:\/\/www.budokampsport.se\/author\/mats-lilja\/\"}]}<\/script>\n<!-- \/ Yoast SEO plugin. -->","yoast_head_json":{"title":"Protokollet fr\u00e5n SB&K:s f\u00f6rbundsst\u00e4mma \u00e4r publicerat - Svenska Budo &amp; Kampsportsf\u00f6rbundet","description":"SB&K | Nu finns b\u00e5de protokoll och reviderade stadgar p\u00e5 hemsidan. Delar av st\u00e4mmobeslutet ej praktiskt genomf\u00f6rbart.","robots":{"index":"index","follow":"follow","max-snippet":"max-snippet:-1","max-image-preview":"max-image-preview:large","max-video-preview":"max-video-preview:-1"},"canonical":"https:\/\/www.budokampsport.se\/2021\/06\/08\/protokollet-fran-sbks-forbundsstamma-ar-publicerat\/","og_locale":"sv_SE","og_type":"article","og_title":"Protokollet fr\u00e5n SB&K:s f\u00f6rbundsst\u00e4mma \u00e4r publicerat - Svenska Budo &amp; Kampsportsf\u00f6rbundet","og_description":"SB&K | Nu finns b\u00e5de protokoll och reviderade stadgar p\u00e5 hemsidan. Delar av st\u00e4mmobeslutet ej praktiskt genomf\u00f6rbart.","og_url":"https:\/\/www.budokampsport.se\/2021\/06\/08\/protokollet-fran-sbks-forbundsstamma-ar-publicerat\/","og_site_name":"Svenska Budo &amp; Kampsportsf\u00f6rbundet","article_published_time":"2021-06-08T13:01:53+00:00","article_modified_time":"2022-09-14T08:37:53+00:00","og_image":[{"width":850,"height":440,"url":"https:\/\/www.budokampsport.se\/wp-content\/uploads\/2020\/11\/sbok_tsuba_850px.jpg","type":"image\/jpeg"}],"author":"Mats Lilja","twitter_card":"summary_large_image","twitter_misc":{"Skriven av":"Mats Lilja","Ber\u00e4knad l\u00e4stid":"2 minuter"},"schema":{"@context":"https:\/\/schema.org","@graph":[{"@type":"Article","@id":"https:\/\/www.budokampsport.se\/2021\/06\/08\/protokollet-fran-sbks-forbundsstamma-ar-publicerat\/#article","isPartOf":{"@id":"https:\/\/www.budokampsport.se\/2021\/06\/08\/protokollet-fran-sbks-forbundsstamma-ar-publicerat\/"},"author":{"name":"Mats Lilja","@id":"https:\/\/www.budokampsport.se\/#\/schema\/person\/d80c0bc61f1787703168fc250ce69522"},"headline":"Protokollet fr\u00e5n SB&#038;K:s f\u00f6rbundsst\u00e4mma \u00e4r publicerat","datePublished":"2021-06-08T13:01:53+00:00","dateModified":"2022-09-14T08:37:53+00:00","mainEntityOfPage":{"@id":"https:\/\/www.budokampsport.se\/2021\/06\/08\/protokollet-fran-sbks-forbundsstamma-ar-publicerat\/"},"wordCount":419,"commentCount":0,"image":{"@id":"https:\/\/www.budokampsport.se\/2021\/06\/08\/protokollet-fran-sbks-forbundsstamma-ar-publicerat\/#primaryimage"},"thumbnailUrl":"https:\/\/www.budokampsport.se\/wp-content\/uploads\/2020\/11\/sbok_tsuba_850px.jpg","articleSection":["\u00c5rsm\u00f6te"],"inLanguage":"sv-SE","potentialAction":[{"@type":"CommentAction","name":"Comment","target":["https:\/\/www.budokampsport.se\/2021\/06\/08\/protokollet-fran-sbks-forbundsstamma-ar-publicerat\/#respond"]}]},{"@type":"WebPage","@id":"https:\/\/www.budokampsport.se\/2021\/06\/08\/protokollet-fran-sbks-forbundsstamma-ar-publicerat\/","url":"https:\/\/www.budokampsport.se\/2021\/06\/08\/protokollet-fran-sbks-forbundsstamma-ar-publicerat\/","name":"Protokollet fr\u00e5n SB&K:s f\u00f6rbundsst\u00e4mma \u00e4r publicerat - Svenska Budo &amp; Kampsportsf\u00f6rbundet","isPartOf":{"@id":"https:\/\/www.budokampsport.se\/#website"},"primaryImageOfPage":{"@id":"https:\/\/www.budokampsport.se\/2021\/06\/08\/protokollet-fran-sbks-forbundsstamma-ar-publicerat\/#primaryimage"},"image":{"@id":"https:\/\/www.budokampsport.se\/2021\/06\/08\/protokollet-fran-sbks-forbundsstamma-ar-publicerat\/#primaryimage"},"thumbnailUrl":"https:\/\/www.budokampsport.se\/wp-content\/uploads\/2020\/11\/sbok_tsuba_850px.jpg","datePublished":"2021-06-08T13:01:53+00:00","dateModified":"2022-09-14T08:37:53+00:00","author":{"@id":"https:\/\/www.budokampsport.se\/#\/schema\/person\/d80c0bc61f1787703168fc250ce69522"},"description":"SB&K | Nu finns b\u00e5de protokoll och reviderade stadgar p\u00e5 hemsidan. Delar av st\u00e4mmobeslutet ej praktiskt genomf\u00f6rbart.","breadcrumb":{"@id":"https:\/\/www.budokampsport.se\/2021\/06\/08\/protokollet-fran-sbks-forbundsstamma-ar-publicerat\/#breadcrumb"},"inLanguage":"sv-SE","potentialAction":[{"@type":"ReadAction","target":["https:\/\/www.budokampsport.se\/2021\/06\/08\/protokollet-fran-sbks-forbundsstamma-ar-publicerat\/"]}]},{"@type":"ImageObject","inLanguage":"sv-SE","@id":"https:\/\/www.budokampsport.se\/2021\/06\/08\/protokollet-fran-sbks-forbundsstamma-ar-publicerat\/#primaryimage","url":"https:\/\/www.budokampsport.se\/wp-content\/uploads\/2020\/11\/sbok_tsuba_850px.jpg","contentUrl":"https:\/\/www.budokampsport.se\/wp-content\/uploads\/2020\/11\/sbok_tsuba_850px.jpg","width":850,"height":440,"caption":"SB&K Logotype"},{"@type":"BreadcrumbList","@id":"https:\/\/www.budokampsport.se\/2021\/06\/08\/protokollet-fran-sbks-forbundsstamma-ar-publicerat\/#breadcrumb","itemListElement":[{"@type":"ListItem","position":1,"name":"Hem","item":"https:\/\/www.budokampsport.se\/"},{"@type":"ListItem","position":2,"name":"Protokollet fr\u00e5n SB&#038;K:s f\u00f6rbundsst\u00e4mma \u00e4r publicerat"}]},{"@type":"WebSite","@id":"https:\/\/www.budokampsport.se\/#website","url":"https:\/\/www.budokampsport.se\/","name":"Svenska Budo &amp; Kampsportsf\u00f6rbundet","description":"T\u00e4vling, Tr\u00e4ning, Tradition","potentialAction":[{"@type":"SearchAction","target":{"@type":"EntryPoint","urlTemplate":"https:\/\/www.budokampsport.se\/?s={search_term_string}"},"query-input":{"@type":"PropertyValueSpecification","valueRequired":true,"valueName":"search_term_string"}}],"inLanguage":"sv-SE"},{"@type":"Person","@id":"https:\/\/www.budokampsport.se\/#\/schema\/person\/d80c0bc61f1787703168fc250ce69522","name":"Mats Lilja","image":{"@type":"ImageObject","inLanguage":"sv-SE","@id":"https:\/\/www.budokampsport.se\/#\/schema\/person\/image\/","url":"https:\/\/secure.gravatar.com\/avatar\/607f84918e96abe1ebbd8611782fa57d?s=96&d=blank&r=g","contentUrl":"https:\/\/secure.gravatar.com\/avatar\/607f84918e96abe1ebbd8611782fa57d?s=96&d=blank&r=g","caption":"Mats Lilja"},"url":"https:\/\/www.budokampsport.se\/author\/mats-lilja\/"}]}},"_links":{"self":[{"href":"https:\/\/www.budokampsport.se\/api\/wp\/v2\/posts\/126101","targetHints":{"allow":["GET"]}}],"collection":[{"href":"https:\/\/www.budokampsport.se\/api\/wp\/v2\/posts"}],"about":[{"href":"https:\/\/www.budokampsport.se\/api\/wp\/v2\/types\/post"}],"author":[{"embeddable":true,"href":"https:\/\/www.budokampsport.se\/api\/wp\/v2\/users\/914"}],"replies":[{"embeddable":true,"href":"https:\/\/www.budokampsport.se\/api\/wp\/v2\/comments?post=126101"}],"version-history":[{"count":0,"href":"https:\/\/www.budokampsport.se\/api\/wp\/v2\/posts\/126101\/revisions"}],"wp:featuredmedia":[{"embeddable":true,"href":"https:\/\/www.budokampsport.se\/api\/wp\/v2\/media\/122718"}],"wp:attachment":[{"href":"https:\/\/www.budokampsport.se\/api\/wp\/v2\/media?parent=126101"}],"wp:term":[{"taxonomy":"category","embeddable":true,"href":"https:\/\/www.budokampsport.se\/api\/wp\/v2\/categories?post=126101"},{"taxonomy":"post_tag","embeddable":true,"href":"https:\/\/www.budokampsport.se\/api\/wp\/v2\/tags?post=126101"}],"curies":[{"name":"wp","href":"https:\/\/api.w.org\/{rel}","templated":true}]}}