{"id":126220,"date":"2021-06-28T10:23:09","date_gmt":"2021-06-28T08:23:09","guid":{"rendered":"https:\/\/www.budokampsport.se\/?p=126220"},"modified":"2021-06-28T10:29:04","modified_gmt":"2021-06-28T08:29:04","slug":"kyudolandslaget-redo-for-em","status":"publish","type":"post","link":"https:\/\/www.budokampsport.se\/2021\/06\/28\/kyudolandslaget-redo-for-em\/","title":{"rendered":"Kyudolandslaget redo f\u00f6r EM"},"content":{"rendered":"<p>Efter en l\u00e4ngre tids uppeh\u00e5ll av t\u00e4vlingar s\u00e5 \u00e4r det till den h\u00e4r veckan dags igen f\u00f6r skarpt l\u00e4ge inom <a href=\"https:\/\/www.budokampsport.se\/idrott\/kyudo\/\" target=\"_blank\" rel=\"noopener noreferrer\">kyudo<\/a>, detta d\u00e5 EM avg\u00f6rs i staden Bourges i centrala Frankrike. Arrang\u00f6rer \u00e4r det europeiska kyudof\u00f6rbundet EKF och det franska kampsportsf\u00f6rbundet FFJDA.<\/p>\n<p>Totalt \u00e4r 13 nationer anm\u00e4lda \u2013 f\u00f6rutom arrang\u00f6rslandet Frankrike s\u00e5 deltar Ryssland, Tyskland, Spanien, Belgien, \u00d6sterrike, Schweiz, Polen, Island, Rum\u00e4nien, Litauen och Luxemburg. Och s\u00e5 det svenska landslaget.<\/p>\n<p>\u2212 Vi skickar en landslagstrupp p\u00e5 tre personer, ber\u00e4ttar landslagsmanagern Linda Wohlin f\u00f6r budokampsport.se.<\/p>\n<p>Knut H\u00f6gvall, Kari Jansson och Christine Alveblad [bilden ovan] \u00e4r de som representerar Sverige i EM:s lagt\u00e4vling. Dessutom s\u00e5 kommer Linda Wohlin och Joe Meelis att st\u00e4lla upp i den individuella t\u00e4vlingen som avg\u00f6rs.<\/p>\n<p>M\u00e4sterskapet kommer f\u00f6rst\u00e5s att pr\u00e4glas av den p\u00e5g\u00e5ende pandemin. Antalet deltagande l\u00e4nder \u00e4r f\u00e4rre \u00e4n brukligt och som en del av restriktionerna p\u00e5 plats f\u00e5r idrottarna inte t\u00e4vla i b\u00e5de lag och individuellt. Dessutom s\u00e5 ska alla som deltar uppvisa ett f\u00e4rskt PCR-test som bevis f\u00f6r att man inte har covid-19.<\/p>\n<p>\u2212 Man kan ha haft andra m\u00e5ls\u00e4ttningar tidigare men nu f\u00e5r man hitta nya m\u00e5ls\u00e4ttningar helt enkelt. Och de erfarenheter vi har haft tidigare kan vi inte ta med oss till det h\u00e4r EM:et, det \u00e4r ju ett helt annat EM, s\u00e4ger Linda Wohlin.<\/p>\n<p>\u2212 Men \u00e4ven om mycket \u00e4r olikt s\u00e5 \u00e4r vissa f\u00f6rberedelser desamma som tidigare. Vi har \u00e4ven haft ett samarbete med Bos\u00f6n Idrottsfolkh\u00f6gskola d\u00e4r vi deltagit i en digital kurs i idrottspsykologi och stresshantering, detta f\u00f6r att kunna st\u00f6dja varandra under t\u00e4vlingen och st\u00e4rka lagandan.<\/p>\n<p>En stor fr\u00e5ga inf\u00f6r m\u00e4sterskapet \u00e4r hur Sverige och andra l\u00e4nder st\u00e5r sig formm\u00e4ssigt.<\/p>\n<p>\u2212 Det \u00e4r ju m\u00e5nga l\u00e4nder som har haft sv\u00e5rt nu med restriktionerna och inte kunnat tr\u00e4na ordentligt, bland annat vi i Sverige. Vi har inte kunnat tr\u00e4na p\u00e5 \u00f6ver fem m\u00e5nader s\u00e5 det kommer kanske att bli lite obalans mellan de olika l\u00e4nderna i det h\u00e4r EM:et. Vissa l\u00e4nder som har andra resurser, som Frankrike och Tyskland, har ju s\u00e5 stora och rika f\u00f6rbund s\u00e5 att de kan bygga egna skyttebanor. De har kunnat tr\u00e4na medan andra l\u00e4nder har haft helt nedst\u00e4ngt, ber\u00e4ttar Knut H\u00f6gvall, som kommer att inleda det svenska skyttet i lagt\u00e4vlingen.<\/p>\n<p>EM-veckan p\u00e5g\u00e5r m\u00e5ndag 29 juni\u2212s\u00f6ndag 4 juli med t\u00e4vlingar under torsdagen (individuellt) och fredagen (lag).<\/p>\n<p>F\u00f6r den franska staden Bourges, med knappt 65\u00a0000 inv\u00e5nare, blir det en intensiv t\u00e4vlingsvecka. Under fredagen kommer n\u00e4mligen den klassiska cykelt\u00e4vlingen Tour de France att dessutom <a href=\"https:\/\/www.letour.fr\/en\/stage-7\" target=\"_blank\" rel=\"noopener noreferrer\">passera<\/a> genom staden.<\/p>\n<p>Text: Mats Lilja<br \/>\nFoto: Svenska Kyudolandslaget<\/p>\n","protected":false},"excerpt":{"rendered":"<p>KYUDO | Sverige \u00e4r ett av l\u00e4nderna som st\u00e4ller upp i Europam\u00e4sterskapet. Stora skillnader mellan landslagens f\u00f6ruts\u00e4ttningar inf\u00f6r t\u00e4vlingarna.<\/p><br>","protected":false},"author":914,"featured_media":126298,"comment_status":"open","ping_status":"open","sticky":false,"template":"","format":"standard","meta":{"_acf_changed":false,"footnotes":""},"categories":[1],"tags":[],"class_list":["post-126220","post","type-post","status-publish","format-standard","has-post-thumbnail","hentry","category-okategoriserade"],"acf":[],"yoast_head":"<!-- This site is optimized with the Yoast SEO plugin v26.8 - https:\/\/yoast.com\/product\/yoast-seo-wordpress\/ -->\n<title>Kyudolandslaget redo f\u00f6r EM - Svenska Budo &amp; Kampsportsf\u00f6rbundet<\/title>\n<meta name=\"description\" content=\"KYUDO | Sverige \u00e4r ett av l\u00e4nderna som st\u00e4ller upp i Europam\u00e4sterskapet. Stora skillnader mellan landslagens f\u00f6ruts\u00e4ttningar inf\u00f6r t\u00e4vlingarna.\" \/>\n<meta name=\"robots\" content=\"index, follow, max-snippet:-1, max-image-preview:large, max-video-preview:-1\" \/>\n<link rel=\"canonical\" href=\"https:\/\/www.budokampsport.se\/2021\/06\/28\/kyudolandslaget-redo-for-em\/\" \/>\n<meta property=\"og:locale\" content=\"sv_SE\" \/>\n<meta property=\"og:type\" content=\"article\" \/>\n<meta property=\"og:title\" content=\"Kyudolandslaget redo f\u00f6r EM - Svenska Budo &amp; Kampsportsf\u00f6rbundet\" \/>\n<meta property=\"og:description\" content=\"KYUDO | Sverige \u00e4r ett av l\u00e4nderna som st\u00e4ller upp i Europam\u00e4sterskapet. Stora skillnader mellan landslagens f\u00f6ruts\u00e4ttningar inf\u00f6r t\u00e4vlingarna.\" \/>\n<meta property=\"og:url\" content=\"https:\/\/www.budokampsport.se\/2021\/06\/28\/kyudolandslaget-redo-for-em\/\" \/>\n<meta property=\"og:site_name\" content=\"Svenska Budo &amp; Kampsportsf\u00f6rbundet\" \/>\n<meta property=\"article:published_time\" content=\"2021-06-28T08:23:09+00:00\" \/>\n<meta property=\"article:modified_time\" content=\"2021-06-28T08:29:04+00:00\" \/>\n<meta property=\"og:image\" content=\"https:\/\/www.budokampsport.se\/wp-content\/uploads\/2021\/06\/kyudoem2021.jpg\" \/>\n\t<meta property=\"og:image:width\" content=\"847\" \/>\n\t<meta property=\"og:image:height\" content=\"583\" \/>\n\t<meta property=\"og:image:type\" content=\"image\/jpeg\" \/>\n<meta name=\"author\" content=\"Mats Lilja\" \/>\n<meta name=\"twitter:card\" content=\"summary_large_image\" \/>\n<meta name=\"twitter:label1\" content=\"Skriven av\" \/>\n\t<meta name=\"twitter:data1\" content=\"Mats Lilja\" \/>\n\t<meta name=\"twitter:label2\" content=\"Ber\u00e4knad l\u00e4stid\" \/>\n\t<meta name=\"twitter:data2\" content=\"2 minuter\" \/>\n<script type=\"application\/ld+json\" class=\"yoast-schema-graph\">{\"@context\":\"https:\/\/schema.org\",\"@graph\":[{\"@type\":\"Article\",\"@id\":\"https:\/\/www.budokampsport.se\/2021\/06\/28\/kyudolandslaget-redo-for-em\/#article\",\"isPartOf\":{\"@id\":\"https:\/\/www.budokampsport.se\/2021\/06\/28\/kyudolandslaget-redo-for-em\/\"},\"author\":{\"name\":\"Mats Lilja\",\"@id\":\"https:\/\/www.budokampsport.se\/#\/schema\/person\/d80c0bc61f1787703168fc250ce69522\"},\"headline\":\"Kyudolandslaget redo f\u00f6r EM\",\"datePublished\":\"2021-06-28T08:23:09+00:00\",\"dateModified\":\"2021-06-28T08:29:04+00:00\",\"mainEntityOfPage\":{\"@id\":\"https:\/\/www.budokampsport.se\/2021\/06\/28\/kyudolandslaget-redo-for-em\/\"},\"wordCount\":499,\"commentCount\":0,\"image\":{\"@id\":\"https:\/\/www.budokampsport.se\/2021\/06\/28\/kyudolandslaget-redo-for-em\/#primaryimage\"},\"thumbnailUrl\":\"https:\/\/www.budokampsport.se\/wp-content\/uploads\/2021\/06\/kyudoem2021.jpg\",\"inLanguage\":\"sv-SE\",\"potentialAction\":[{\"@type\":\"CommentAction\",\"name\":\"Comment\",\"target\":[\"https:\/\/www.budokampsport.se\/2021\/06\/28\/kyudolandslaget-redo-for-em\/#respond\"]}]},{\"@type\":\"WebPage\",\"@id\":\"https:\/\/www.budokampsport.se\/2021\/06\/28\/kyudolandslaget-redo-for-em\/\",\"url\":\"https:\/\/www.budokampsport.se\/2021\/06\/28\/kyudolandslaget-redo-for-em\/\",\"name\":\"Kyudolandslaget redo f\u00f6r EM - Svenska Budo &amp; Kampsportsf\u00f6rbundet\",\"isPartOf\":{\"@id\":\"https:\/\/www.budokampsport.se\/#website\"},\"primaryImageOfPage\":{\"@id\":\"https:\/\/www.budokampsport.se\/2021\/06\/28\/kyudolandslaget-redo-for-em\/#primaryimage\"},\"image\":{\"@id\":\"https:\/\/www.budokampsport.se\/2021\/06\/28\/kyudolandslaget-redo-for-em\/#primaryimage\"},\"thumbnailUrl\":\"https:\/\/www.budokampsport.se\/wp-content\/uploads\/2021\/06\/kyudoem2021.jpg\",\"datePublished\":\"2021-06-28T08:23:09+00:00\",\"dateModified\":\"2021-06-28T08:29:04+00:00\",\"author\":{\"@id\":\"https:\/\/www.budokampsport.se\/#\/schema\/person\/d80c0bc61f1787703168fc250ce69522\"},\"description\":\"KYUDO | Sverige \u00e4r ett av l\u00e4nderna som st\u00e4ller upp i Europam\u00e4sterskapet. Stora skillnader mellan landslagens f\u00f6ruts\u00e4ttningar inf\u00f6r t\u00e4vlingarna.\",\"breadcrumb\":{\"@id\":\"https:\/\/www.budokampsport.se\/2021\/06\/28\/kyudolandslaget-redo-for-em\/#breadcrumb\"},\"inLanguage\":\"sv-SE\",\"potentialAction\":[{\"@type\":\"ReadAction\",\"target\":[\"https:\/\/www.budokampsport.se\/2021\/06\/28\/kyudolandslaget-redo-for-em\/\"]}]},{\"@type\":\"ImageObject\",\"inLanguage\":\"sv-SE\",\"@id\":\"https:\/\/www.budokampsport.se\/2021\/06\/28\/kyudolandslaget-redo-for-em\/#primaryimage\",\"url\":\"https:\/\/www.budokampsport.se\/wp-content\/uploads\/2021\/06\/kyudoem2021.jpg\",\"contentUrl\":\"https:\/\/www.budokampsport.se\/wp-content\/uploads\/2021\/06\/kyudoem2021.jpg\",\"width\":847,\"height\":583,\"caption\":\"Laget i EM 2021. Foto: Svenska Kyudolandslaget.\"},{\"@type\":\"BreadcrumbList\",\"@id\":\"https:\/\/www.budokampsport.se\/2021\/06\/28\/kyudolandslaget-redo-for-em\/#breadcrumb\",\"itemListElement\":[{\"@type\":\"ListItem\",\"position\":1,\"name\":\"Hem\",\"item\":\"https:\/\/www.budokampsport.se\/\"},{\"@type\":\"ListItem\",\"position\":2,\"name\":\"Kyudolandslaget redo f\u00f6r EM\"}]},{\"@type\":\"WebSite\",\"@id\":\"https:\/\/www.budokampsport.se\/#website\",\"url\":\"https:\/\/www.budokampsport.se\/\",\"name\":\"Svenska Budo &amp; Kampsportsf\u00f6rbundet\",\"description\":\"T\u00e4vling, Tr\u00e4ning, Tradition\",\"potentialAction\":[{\"@type\":\"SearchAction\",\"target\":{\"@type\":\"EntryPoint\",\"urlTemplate\":\"https:\/\/www.budokampsport.se\/?s={search_term_string}\"},\"query-input\":{\"@type\":\"PropertyValueSpecification\",\"valueRequired\":true,\"valueName\":\"search_term_string\"}}],\"inLanguage\":\"sv-SE\"},{\"@type\":\"Person\",\"@id\":\"https:\/\/www.budokampsport.se\/#\/schema\/person\/d80c0bc61f1787703168fc250ce69522\",\"name\":\"Mats Lilja\",\"image\":{\"@type\":\"ImageObject\",\"inLanguage\":\"sv-SE\",\"@id\":\"https:\/\/www.budokampsport.se\/#\/schema\/person\/image\/\",\"url\":\"https:\/\/secure.gravatar.com\/avatar\/607f84918e96abe1ebbd8611782fa57d?s=96&d=blank&r=g\",\"contentUrl\":\"https:\/\/secure.gravatar.com\/avatar\/607f84918e96abe1ebbd8611782fa57d?s=96&d=blank&r=g\",\"caption\":\"Mats Lilja\"},\"url\":\"https:\/\/www.budokampsport.se\/author\/mats-lilja\/\"}]}<\/script>\n<!-- \/ Yoast SEO plugin. -->","yoast_head_json":{"title":"Kyudolandslaget redo f\u00f6r EM - Svenska Budo &amp; Kampsportsf\u00f6rbundet","description":"KYUDO | Sverige \u00e4r ett av l\u00e4nderna som st\u00e4ller upp i Europam\u00e4sterskapet. Stora skillnader mellan landslagens f\u00f6ruts\u00e4ttningar inf\u00f6r t\u00e4vlingarna.","robots":{"index":"index","follow":"follow","max-snippet":"max-snippet:-1","max-image-preview":"max-image-preview:large","max-video-preview":"max-video-preview:-1"},"canonical":"https:\/\/www.budokampsport.se\/2021\/06\/28\/kyudolandslaget-redo-for-em\/","og_locale":"sv_SE","og_type":"article","og_title":"Kyudolandslaget redo f\u00f6r EM - Svenska Budo &amp; Kampsportsf\u00f6rbundet","og_description":"KYUDO | Sverige \u00e4r ett av l\u00e4nderna som st\u00e4ller upp i Europam\u00e4sterskapet. Stora skillnader mellan landslagens f\u00f6ruts\u00e4ttningar inf\u00f6r t\u00e4vlingarna.","og_url":"https:\/\/www.budokampsport.se\/2021\/06\/28\/kyudolandslaget-redo-for-em\/","og_site_name":"Svenska Budo &amp; Kampsportsf\u00f6rbundet","article_published_time":"2021-06-28T08:23:09+00:00","article_modified_time":"2021-06-28T08:29:04+00:00","og_image":[{"width":847,"height":583,"url":"https:\/\/www.budokampsport.se\/wp-content\/uploads\/2021\/06\/kyudoem2021.jpg","type":"image\/jpeg"}],"author":"Mats Lilja","twitter_card":"summary_large_image","twitter_misc":{"Skriven av":"Mats Lilja","Ber\u00e4knad l\u00e4stid":"2 minuter"},"schema":{"@context":"https:\/\/schema.org","@graph":[{"@type":"Article","@id":"https:\/\/www.budokampsport.se\/2021\/06\/28\/kyudolandslaget-redo-for-em\/#article","isPartOf":{"@id":"https:\/\/www.budokampsport.se\/2021\/06\/28\/kyudolandslaget-redo-for-em\/"},"author":{"name":"Mats Lilja","@id":"https:\/\/www.budokampsport.se\/#\/schema\/person\/d80c0bc61f1787703168fc250ce69522"},"headline":"Kyudolandslaget redo f\u00f6r EM","datePublished":"2021-06-28T08:23:09+00:00","dateModified":"2021-06-28T08:29:04+00:00","mainEntityOfPage":{"@id":"https:\/\/www.budokampsport.se\/2021\/06\/28\/kyudolandslaget-redo-for-em\/"},"wordCount":499,"commentCount":0,"image":{"@id":"https:\/\/www.budokampsport.se\/2021\/06\/28\/kyudolandslaget-redo-for-em\/#primaryimage"},"thumbnailUrl":"https:\/\/www.budokampsport.se\/wp-content\/uploads\/2021\/06\/kyudoem2021.jpg","inLanguage":"sv-SE","potentialAction":[{"@type":"CommentAction","name":"Comment","target":["https:\/\/www.budokampsport.se\/2021\/06\/28\/kyudolandslaget-redo-for-em\/#respond"]}]},{"@type":"WebPage","@id":"https:\/\/www.budokampsport.se\/2021\/06\/28\/kyudolandslaget-redo-for-em\/","url":"https:\/\/www.budokampsport.se\/2021\/06\/28\/kyudolandslaget-redo-for-em\/","name":"Kyudolandslaget redo f\u00f6r EM - Svenska Budo &amp; Kampsportsf\u00f6rbundet","isPartOf":{"@id":"https:\/\/www.budokampsport.se\/#website"},"primaryImageOfPage":{"@id":"https:\/\/www.budokampsport.se\/2021\/06\/28\/kyudolandslaget-redo-for-em\/#primaryimage"},"image":{"@id":"https:\/\/www.budokampsport.se\/2021\/06\/28\/kyudolandslaget-redo-for-em\/#primaryimage"},"thumbnailUrl":"https:\/\/www.budokampsport.se\/wp-content\/uploads\/2021\/06\/kyudoem2021.jpg","datePublished":"2021-06-28T08:23:09+00:00","dateModified":"2021-06-28T08:29:04+00:00","author":{"@id":"https:\/\/www.budokampsport.se\/#\/schema\/person\/d80c0bc61f1787703168fc250ce69522"},"description":"KYUDO | Sverige \u00e4r ett av l\u00e4nderna som st\u00e4ller upp i Europam\u00e4sterskapet. Stora skillnader mellan landslagens f\u00f6ruts\u00e4ttningar inf\u00f6r t\u00e4vlingarna.","breadcrumb":{"@id":"https:\/\/www.budokampsport.se\/2021\/06\/28\/kyudolandslaget-redo-for-em\/#breadcrumb"},"inLanguage":"sv-SE","potentialAction":[{"@type":"ReadAction","target":["https:\/\/www.budokampsport.se\/2021\/06\/28\/kyudolandslaget-redo-for-em\/"]}]},{"@type":"ImageObject","inLanguage":"sv-SE","@id":"https:\/\/www.budokampsport.se\/2021\/06\/28\/kyudolandslaget-redo-for-em\/#primaryimage","url":"https:\/\/www.budokampsport.se\/wp-content\/uploads\/2021\/06\/kyudoem2021.jpg","contentUrl":"https:\/\/www.budokampsport.se\/wp-content\/uploads\/2021\/06\/kyudoem2021.jpg","width":847,"height":583,"caption":"Laget i EM 2021. Foto: Svenska Kyudolandslaget."},{"@type":"BreadcrumbList","@id":"https:\/\/www.budokampsport.se\/2021\/06\/28\/kyudolandslaget-redo-for-em\/#breadcrumb","itemListElement":[{"@type":"ListItem","position":1,"name":"Hem","item":"https:\/\/www.budokampsport.se\/"},{"@type":"ListItem","position":2,"name":"Kyudolandslaget redo f\u00f6r EM"}]},{"@type":"WebSite","@id":"https:\/\/www.budokampsport.se\/#website","url":"https:\/\/www.budokampsport.se\/","name":"Svenska Budo &amp; Kampsportsf\u00f6rbundet","description":"T\u00e4vling, Tr\u00e4ning, Tradition","potentialAction":[{"@type":"SearchAction","target":{"@type":"EntryPoint","urlTemplate":"https:\/\/www.budokampsport.se\/?s={search_term_string}"},"query-input":{"@type":"PropertyValueSpecification","valueRequired":true,"valueName":"search_term_string"}}],"inLanguage":"sv-SE"},{"@type":"Person","@id":"https:\/\/www.budokampsport.se\/#\/schema\/person\/d80c0bc61f1787703168fc250ce69522","name":"Mats Lilja","image":{"@type":"ImageObject","inLanguage":"sv-SE","@id":"https:\/\/www.budokampsport.se\/#\/schema\/person\/image\/","url":"https:\/\/secure.gravatar.com\/avatar\/607f84918e96abe1ebbd8611782fa57d?s=96&d=blank&r=g","contentUrl":"https:\/\/secure.gravatar.com\/avatar\/607f84918e96abe1ebbd8611782fa57d?s=96&d=blank&r=g","caption":"Mats Lilja"},"url":"https:\/\/www.budokampsport.se\/author\/mats-lilja\/"}]}},"_links":{"self":[{"href":"https:\/\/www.budokampsport.se\/api\/wp\/v2\/posts\/126220","targetHints":{"allow":["GET"]}}],"collection":[{"href":"https:\/\/www.budokampsport.se\/api\/wp\/v2\/posts"}],"about":[{"href":"https:\/\/www.budokampsport.se\/api\/wp\/v2\/types\/post"}],"author":[{"embeddable":true,"href":"https:\/\/www.budokampsport.se\/api\/wp\/v2\/users\/914"}],"replies":[{"embeddable":true,"href":"https:\/\/www.budokampsport.se\/api\/wp\/v2\/comments?post=126220"}],"version-history":[{"count":0,"href":"https:\/\/www.budokampsport.se\/api\/wp\/v2\/posts\/126220\/revisions"}],"wp:featuredmedia":[{"embeddable":true,"href":"https:\/\/www.budokampsport.se\/api\/wp\/v2\/media\/126298"}],"wp:attachment":[{"href":"https:\/\/www.budokampsport.se\/api\/wp\/v2\/media?parent=126220"}],"wp:term":[{"taxonomy":"category","embeddable":true,"href":"https:\/\/www.budokampsport.se\/api\/wp\/v2\/categories?post=126220"},{"taxonomy":"post_tag","embeddable":true,"href":"https:\/\/www.budokampsport.se\/api\/wp\/v2\/tags?post=126220"}],"curies":[{"name":"wp","href":"https:\/\/api.w.org\/{rel}","templated":true}]}}