{"id":126293,"date":"2021-06-24T21:29:23","date_gmt":"2021-06-24T19:29:23","guid":{"rendered":"https:\/\/www.budokampsport.se\/?p=126293"},"modified":"2021-06-25T16:19:45","modified_gmt":"2021-06-25T14:19:45","slug":"fredrik-gundmark-ser-tillbaka-pa-riksidrottsmotet-2021","status":"publish","type":"post","link":"https:\/\/www.budokampsport.se\/2021\/06\/24\/fredrik-gundmark-ser-tillbaka-pa-riksidrottsmotet-2021\/","title":{"rendered":"Fredrik Gundmark ser tillbaka p\u00e5 Riksidrottsm\u00f6tet 2021"},"content":{"rendered":"<p>Det har nu g\u00e5tt ett par veckor sedan <a href=\"https:\/\/www.budokampsport.se\/2021\/05\/28\/fredrik-gundmark-infor-riksidrottsmotet-2021\/\" target=\"_blank\" rel=\"noopener noreferrer\">Riksidrottsm\u00f6tet<\/a> och de k\u00e4nslor m\u00f6tet framkallade har lugnat sig n\u00e5got. Det var p\u00e5 m\u00e5nga s\u00e4tt ett intressant och sp\u00e4nnande m\u00f6te d\u00e4r n\u00e5gra v\u00e4ntade och n\u00e5gra kontroversiella beslut togs.<\/p>\n<p>Sj\u00e4lva m\u00f6tet, som precis som <a href=\"https:\/\/www.budokampsport.se\/2020\/11\/10\/sa-var-riksidrottsforum-2020\/\" target=\"_blank\" rel=\"noopener noreferrer\">RIF 2020<\/a> genomf\u00f6rdes helt digitalt, f\u00f6rfl\u00f6t p\u00e5 ett smidigt s\u00e4tt utan n\u00e5gra stora tekniska problem. Det blev ett n\u00e5got l\u00e4ngre m\u00f6te \u00e4n normalt men det verkar vara mer regel \u00e4n undantag n\u00e4r det kommer till digitala \u00e5rsm\u00f6ten. M\u00f6tet b\u00f6rjade efter lunch p\u00e5 fredagen och slutade vid 17 p\u00e5 s\u00f6ndagen. Det blev ca 8 timmar om dagen framf\u00f6r datorn och \u00e4ven om solen sken utanf\u00f6r f\u00f6nstret och sommaren var p\u00e5 int\u00e5g gick tiden \u00e4nd\u00e5 ganska snabbt.<\/p>\n<p>Det jag personligen saknade fr\u00e5n tidigare m\u00f6ten var de spontana tr\u00e4ffarna och samtalen som konstant p\u00e5g\u00e5r under m\u00f6tet, i pauserna och under middagarna. De brukar vara v\u00e4rdefulla tillf\u00e4llen att samtala om svensk idrotts v\u00e4g fram\u00e5t. I \u00e5r blev det annorlunda d\u00e5 vi som representanter fick samtala via Teams-m\u00f6te och chatt ist\u00e4llet. Dessutom hade TaeKwonDo-f\u00f6rbundet satt upp en Discord-kanal d\u00e4r samtal mellan olika f\u00f6rbund p\u00e5gick under hela helgen. Sammanfattningsvis kan jag konstatera att det fysiska m\u00f6tet \u00e4r att f\u00f6redra i detta fall.<\/p>\n<p>Under fredagen behandlades en del av de motioner som inkommit. H\u00e4r var det inget uppseendev\u00e4ckande som skedde utan de beslut som togs var f\u00f6rv\u00e4ntade och i linje med de svar som Riksidrottsstyrelsen avgivit.<\/p>\n<p>Under l\u00f6rdagen fortsatte motioner att behandlas d\u00e5 det var en diger lista att ta sig igenom. Till exempel debatterades sl\u00e4ktskapskriteriet som finns vid anslutning av nya specialidrottsf\u00f6rbund (SF). Vidare behandlades det nya elitidrottsprogrammet, som ocks\u00e5 antogs. Den stora kritiken och farh\u00e5gan med det programmet \u00e4r fortsatt att det f\u00f6rlitar sig till stor del p\u00e5 extern finansiering och om detta inte l\u00f6ses s\u00e5 riskerar hela programmet att bli ett luftslott. Nu \u00e5terst\u00e5r att se om Riksidrottsf\u00f6rbundet (RF) lyckas hitta finansieringen som \u00e4r n\u00f6dv\u00e4ndig. Annan kritik som finns mot programmet \u00e4r den uppdelning av idrotter som finns och att det inte \u00e4r klart vilka kriterier som finns f\u00f6r de olika \u201dl\u00e4gre\u201d kategorierna. Som jag tolkar det medf\u00f6r detta program ingen st\u00f6rre f\u00f6r\u00e4ndring mot idag. Olympiska idrotter med gott om pengar kommer att ha l\u00e4ttare att f\u00e5 st\u00f6d \u00e4n mindre idrotter d\u00e4r idrottarna i st\u00f6rre utstr\u00e4ckning betalar f\u00f6r sin egen elitsatsning.<\/p>\n<p>En av de p\u00e5 f\u00f6rhand stora fr\u00e5gorna som behandlades under l\u00f6rdagen var motionen fr\u00e5n n\u00e5gra av de stora f\u00f6rbunden om ett kraftigt st\u00e4rkt st\u00f6d till specialidrottsf\u00f6rbunden med idrotten i fokus. I korthet handlar det om att man vill styra om medel fr\u00e5n RF centralt till alla SF. Totalt handlar det om ca 100 miljoner kronor, vilket ser ut att vara en stor siffra men med tanke p\u00e5 antalet SF troligtvis kommer att g\u00f6ra varken fr\u00e5n eller till. Om pengarna ska f\u00f6rdelas i enlighet med f\u00f6rbundens storlek kommer det f\u00f6r de flesta f\u00f6rbund handla om v\u00e4ldigt lite pengar. Pengar ska SF kunna f\u00f6rfoga \u00f6ver p\u00e5 det s\u00e4tt de finner passa verksamheten b\u00e4st. Mot bakgrund av den kritik som finns mot att man inte kan p\u00e5visa n\u00e5gra positiva kvarvarande effekter av <a href=\"https:\/\/www.rf.se\/bidragochstod\/Idrottslyftet\" target=\"_blank\" rel=\"noopener noreferrer\">Idrottslyftet<\/a> finns farh\u00e5gor att dessa pengar i slut\u00e4nden inte kommer bidra till n\u00e5got positivt ute i f\u00f6rbunden. Vi f\u00e5r v\u00e4l hoppas att denna farh\u00e5ga inte infrias. Speciellt eftersom pengarna till st\u00f6rsta delen kommer fr\u00e5n den delen som \u00e4r RF-SISU:s distrikt och riskerar att kraftigt begr\u00e4nsa det jobb distrikten g\u00f6r lokalt i landet.<\/p>\n<p>Den kanske st\u00f6rsta snackisen efter\u00e5t blev Triathlonf\u00f6rbundets motion om att \u00e5terinf\u00f6ra ett 10%-igt tak f\u00f6r det centrala st\u00f6det fr\u00e5n RF till SF. Det inneb\u00e4r i korthet att om det totala st\u00f6det som betalas ut till alla SF \u00e4r 500 miljoner s\u00e5 ska inget enskilt SF kunna erh\u00e5lla mer \u00e4n 50 miljoner i st\u00f6d. I praktiken p\u00e5verkar detta bara fotbollen som menar att de f\u00f6rlorar runt 26 miljoner i st\u00f6d. D\u00e5 ska det p\u00e5pekas att detta \u00e4r utifr\u00e5n ett ber\u00e4knat st\u00f6d f\u00f6r kommande tv\u00e5\u00e5rsperiod och inte det st\u00f6d de idag har (som \u00e4r mindre \u00e4n s\u00e5). Som perspektiv kan n\u00e4mnas att fotbollen oms\u00e4tter ungef\u00e4r lika mycket som RF delar ut i st\u00f6d till alla f\u00f6rbund totalt. Det inneb\u00e4r att det minskade kommande st\u00f6det utg\u00f6r ca 4% av fotbollf\u00f6rbundets totala oms\u00e4ttning. Slutsatsen b\u00f6r bli att fotbollen kommer forts\u00e4ttningsvis f\u00e5 ungef\u00e4r lika mycket i st\u00f6d som det f\u00e5tt fram till idag och kommer med all s\u00e4kerhet klara sig alldeles utm\u00e4rkt \u00e4ven framledes. Det som \u00e4r intressant \u00e4r dock att detta beslut g\u00e5r stick i st\u00e4v med det beslut om nya f\u00f6rdelningsprinciper som togs f\u00f6r tv\u00e5 \u00e5r sedan. Det visar ocks\u00e5 att det var sv\u00e5rt att f\u00f6rutse effekterna av det beslutet, n\u00e5got som visar sig nu.<\/p>\n<p>Under s\u00f6ndagen var det s\u00e5 dags f\u00f6r inval av nya specialidrottsf\u00f6rbund. \u00c4ven h\u00e4r blev det en del diskussioner. \u00c4r Friskis &amp; Svettis en idrott som ska ha ett eget f\u00f6rbund eller ska de fortsatt vara en del av idrottsr\u00f6relsen via Friidrottsf\u00f6rbundet? Detta var den medlemsans\u00f6kan som r\u00f6rde upp mest k\u00e4nslor. Den allm\u00e4nna uppfattningen \u00e4r dock att de fortsatt f\u00e5r vara en del av friidrotten. Nya specialidrottsf\u00f6rbund i RF \u00e4r Islandsh\u00e4st och Padel. Diskussionerna h\u00e4r handlade om huruvida dessa idrotter har sl\u00e4ktskap med redan befintliga specialidrottsf\u00f6rbund. H\u00e4r kan man argumentera b\u00e5de f\u00f6r och emot men \u00e5rsm\u00f6tets mening \u00e4r att tillr\u00e4ckligt stora skillnader f\u00f6religger.<\/p>\n<p>M\u00f6tet avslutades med val av Riksidrottsstyrelsen. H\u00e4r blev Bj\u00f6rn Eriksson omvald som ordf\u00f6rande f\u00f6r ytterligare en period. I \u00f6vrigt gick m\u00f6tet p\u00e5 valberedningens f\u00f6rslag.<\/p>\n<p>Avslutningsvis kan jag konstatera att vi fick uppleva en intressant helg, vi fick v\u00e5r r\u00f6st h\u00f6rd i ett antal fr\u00e5gor kopplat till inval av nya f\u00f6rbund, motionen om LOK-st\u00f6d, motionen om sl\u00e4ktskapskriteriet samt \u00e4ven fr\u00e5gan om RFs verksamhetsplan 2022-2025.<\/p>\n<p>Nu \u00e5terst\u00e5r bara att njuta av sommaren och forts\u00e4tta jobba vidare f\u00f6r kampsporten i Sverige.<\/p>\n<hr \/>\n<p><strong>Fredrik Gundmark<\/strong><br \/>\n<strong>Ordf\u00f6rande<\/strong><br \/>\n<strong>Svenska Budo &amp; Kampsportsf\u00f6rbundet<\/strong><\/p>\n<p>Foto: Bildbyr\u00e5n<\/p>\n","protected":false},"excerpt":{"rendered":"<p>RF | I slutet av maj genomf\u00f6rdes ett l\u00e5ngt och stundtals intensivt RIM. Nu ser SB&#038;K:s ordf\u00f6rande tillbaka p\u00e5 idrottsr\u00f6relsens \u00e5rsm\u00f6te och de beslut som fattades d\u00e4r.<\/p><br>","protected":false},"author":914,"featured_media":126295,"comment_status":"open","ping_status":"open","sticky":false,"template":"","format":"standard","meta":{"_acf_changed":false,"footnotes":""},"categories":[1],"tags":[],"class_list":["post-126293","post","type-post","status-publish","format-standard","has-post-thumbnail","hentry","category-okategoriserade"],"acf":[],"yoast_head":"<!-- This site is optimized with the Yoast SEO plugin v26.8 - https:\/\/yoast.com\/product\/yoast-seo-wordpress\/ -->\n<title>Fredrik Gundmark ser tillbaka p\u00e5 Riksidrottsm\u00f6tet 2021 - Svenska Budo &amp; Kampsportsf\u00f6rbundet<\/title>\n<meta name=\"description\" content=\"RF | I slutet av maj genomf\u00f6rdes ett l\u00e5ngt och stundtals intensivt RIM. Nu ser SB&amp;K:s ordf\u00f6rande tillbaka p\u00e5 idrottsr\u00f6relsens \u00e5rsm\u00f6te och de beslut som fattades d\u00e4r.\" \/>\n<meta name=\"robots\" content=\"index, follow, max-snippet:-1, max-image-preview:large, max-video-preview:-1\" \/>\n<link rel=\"canonical\" href=\"https:\/\/www.budokampsport.se\/2021\/06\/24\/fredrik-gundmark-ser-tillbaka-pa-riksidrottsmotet-2021\/\" \/>\n<meta property=\"og:locale\" content=\"sv_SE\" \/>\n<meta property=\"og:type\" content=\"article\" \/>\n<meta property=\"og:title\" content=\"Fredrik Gundmark ser tillbaka p\u00e5 Riksidrottsm\u00f6tet 2021 - Svenska Budo &amp; Kampsportsf\u00f6rbundet\" \/>\n<meta property=\"og:description\" content=\"RF | I slutet av maj genomf\u00f6rdes ett l\u00e5ngt och stundtals intensivt RIM. Nu ser SB&amp;K:s ordf\u00f6rande tillbaka p\u00e5 idrottsr\u00f6relsens \u00e5rsm\u00f6te och de beslut som fattades d\u00e4r.\" \/>\n<meta property=\"og:url\" content=\"https:\/\/www.budokampsport.se\/2021\/06\/24\/fredrik-gundmark-ser-tillbaka-pa-riksidrottsmotet-2021\/\" \/>\n<meta property=\"og:site_name\" content=\"Svenska Budo &amp; Kampsportsf\u00f6rbundet\" \/>\n<meta property=\"article:published_time\" content=\"2021-06-24T19:29:23+00:00\" \/>\n<meta property=\"article:modified_time\" content=\"2021-06-25T14:19:45+00:00\" \/>\n<meta property=\"og:image\" content=\"https:\/\/www.budokampsport.se\/wp-content\/uploads\/2021\/06\/BB210528JL012-847px.jpg\" \/>\n\t<meta property=\"og:image:width\" content=\"847\" \/>\n\t<meta property=\"og:image:height\" content=\"548\" \/>\n\t<meta property=\"og:image:type\" content=\"image\/jpeg\" \/>\n<meta name=\"author\" content=\"Mats Lilja\" \/>\n<meta name=\"twitter:card\" content=\"summary_large_image\" \/>\n<meta name=\"twitter:label1\" content=\"Skriven av\" \/>\n\t<meta name=\"twitter:data1\" content=\"Mats Lilja\" \/>\n\t<meta name=\"twitter:label2\" content=\"Ber\u00e4knad l\u00e4stid\" \/>\n\t<meta name=\"twitter:data2\" content=\"6 minuter\" \/>\n<script type=\"application\/ld+json\" class=\"yoast-schema-graph\">{\"@context\":\"https:\/\/schema.org\",\"@graph\":[{\"@type\":\"Article\",\"@id\":\"https:\/\/www.budokampsport.se\/2021\/06\/24\/fredrik-gundmark-ser-tillbaka-pa-riksidrottsmotet-2021\/#article\",\"isPartOf\":{\"@id\":\"https:\/\/www.budokampsport.se\/2021\/06\/24\/fredrik-gundmark-ser-tillbaka-pa-riksidrottsmotet-2021\/\"},\"author\":{\"name\":\"Mats Lilja\",\"@id\":\"https:\/\/www.budokampsport.se\/#\/schema\/person\/d80c0bc61f1787703168fc250ce69522\"},\"headline\":\"Fredrik Gundmark ser tillbaka p\u00e5 Riksidrottsm\u00f6tet 2021\",\"datePublished\":\"2021-06-24T19:29:23+00:00\",\"dateModified\":\"2021-06-25T14:19:45+00:00\",\"mainEntityOfPage\":{\"@id\":\"https:\/\/www.budokampsport.se\/2021\/06\/24\/fredrik-gundmark-ser-tillbaka-pa-riksidrottsmotet-2021\/\"},\"wordCount\":1148,\"commentCount\":0,\"image\":{\"@id\":\"https:\/\/www.budokampsport.se\/2021\/06\/24\/fredrik-gundmark-ser-tillbaka-pa-riksidrottsmotet-2021\/#primaryimage\"},\"thumbnailUrl\":\"https:\/\/www.budokampsport.se\/wp-content\/uploads\/2021\/06\/BB210528JL012-847px.jpg\",\"inLanguage\":\"sv-SE\",\"potentialAction\":[{\"@type\":\"CommentAction\",\"name\":\"Comment\",\"target\":[\"https:\/\/www.budokampsport.se\/2021\/06\/24\/fredrik-gundmark-ser-tillbaka-pa-riksidrottsmotet-2021\/#respond\"]}]},{\"@type\":\"WebPage\",\"@id\":\"https:\/\/www.budokampsport.se\/2021\/06\/24\/fredrik-gundmark-ser-tillbaka-pa-riksidrottsmotet-2021\/\",\"url\":\"https:\/\/www.budokampsport.se\/2021\/06\/24\/fredrik-gundmark-ser-tillbaka-pa-riksidrottsmotet-2021\/\",\"name\":\"Fredrik Gundmark ser tillbaka p\u00e5 Riksidrottsm\u00f6tet 2021 - Svenska Budo &amp; Kampsportsf\u00f6rbundet\",\"isPartOf\":{\"@id\":\"https:\/\/www.budokampsport.se\/#website\"},\"primaryImageOfPage\":{\"@id\":\"https:\/\/www.budokampsport.se\/2021\/06\/24\/fredrik-gundmark-ser-tillbaka-pa-riksidrottsmotet-2021\/#primaryimage\"},\"image\":{\"@id\":\"https:\/\/www.budokampsport.se\/2021\/06\/24\/fredrik-gundmark-ser-tillbaka-pa-riksidrottsmotet-2021\/#primaryimage\"},\"thumbnailUrl\":\"https:\/\/www.budokampsport.se\/wp-content\/uploads\/2021\/06\/BB210528JL012-847px.jpg\",\"datePublished\":\"2021-06-24T19:29:23+00:00\",\"dateModified\":\"2021-06-25T14:19:45+00:00\",\"author\":{\"@id\":\"https:\/\/www.budokampsport.se\/#\/schema\/person\/d80c0bc61f1787703168fc250ce69522\"},\"description\":\"RF | I slutet av maj genomf\u00f6rdes ett l\u00e5ngt och stundtals intensivt RIM. Nu ser SB&K:s ordf\u00f6rande tillbaka p\u00e5 idrottsr\u00f6relsens \u00e5rsm\u00f6te och de beslut som fattades d\u00e4r.\",\"breadcrumb\":{\"@id\":\"https:\/\/www.budokampsport.se\/2021\/06\/24\/fredrik-gundmark-ser-tillbaka-pa-riksidrottsmotet-2021\/#breadcrumb\"},\"inLanguage\":\"sv-SE\",\"potentialAction\":[{\"@type\":\"ReadAction\",\"target\":[\"https:\/\/www.budokampsport.se\/2021\/06\/24\/fredrik-gundmark-ser-tillbaka-pa-riksidrottsmotet-2021\/\"]}]},{\"@type\":\"ImageObject\",\"inLanguage\":\"sv-SE\",\"@id\":\"https:\/\/www.budokampsport.se\/2021\/06\/24\/fredrik-gundmark-ser-tillbaka-pa-riksidrottsmotet-2021\/#primaryimage\",\"url\":\"https:\/\/www.budokampsport.se\/wp-content\/uploads\/2021\/06\/BB210528JL012-847px.jpg\",\"contentUrl\":\"https:\/\/www.budokampsport.se\/wp-content\/uploads\/2021\/06\/BB210528JL012-847px.jpg\",\"width\":847,\"height\":548,\"caption\":\"210528 Bj\u00f6rn Eriksson, ordf\u00f6rande i Riksidrottsf\u00f6rbundet, under dag ett av riksidrottsm\u00f6tet den 28 maj 2021 i Stockholm. Foto: Johanna Lundberg \/ BILDBYR\u00c5N \/ kod JL \/ JL0129\"},{\"@type\":\"BreadcrumbList\",\"@id\":\"https:\/\/www.budokampsport.se\/2021\/06\/24\/fredrik-gundmark-ser-tillbaka-pa-riksidrottsmotet-2021\/#breadcrumb\",\"itemListElement\":[{\"@type\":\"ListItem\",\"position\":1,\"name\":\"Hem\",\"item\":\"https:\/\/www.budokampsport.se\/\"},{\"@type\":\"ListItem\",\"position\":2,\"name\":\"Fredrik Gundmark ser tillbaka p\u00e5 Riksidrottsm\u00f6tet 2021\"}]},{\"@type\":\"WebSite\",\"@id\":\"https:\/\/www.budokampsport.se\/#website\",\"url\":\"https:\/\/www.budokampsport.se\/\",\"name\":\"Svenska Budo &amp; Kampsportsf\u00f6rbundet\",\"description\":\"T\u00e4vling, Tr\u00e4ning, Tradition\",\"potentialAction\":[{\"@type\":\"SearchAction\",\"target\":{\"@type\":\"EntryPoint\",\"urlTemplate\":\"https:\/\/www.budokampsport.se\/?s={search_term_string}\"},\"query-input\":{\"@type\":\"PropertyValueSpecification\",\"valueRequired\":true,\"valueName\":\"search_term_string\"}}],\"inLanguage\":\"sv-SE\"},{\"@type\":\"Person\",\"@id\":\"https:\/\/www.budokampsport.se\/#\/schema\/person\/d80c0bc61f1787703168fc250ce69522\",\"name\":\"Mats Lilja\",\"image\":{\"@type\":\"ImageObject\",\"inLanguage\":\"sv-SE\",\"@id\":\"https:\/\/www.budokampsport.se\/#\/schema\/person\/image\/\",\"url\":\"https:\/\/secure.gravatar.com\/avatar\/607f84918e96abe1ebbd8611782fa57d?s=96&d=blank&r=g\",\"contentUrl\":\"https:\/\/secure.gravatar.com\/avatar\/607f84918e96abe1ebbd8611782fa57d?s=96&d=blank&r=g\",\"caption\":\"Mats Lilja\"},\"url\":\"https:\/\/www.budokampsport.se\/author\/mats-lilja\/\"}]}<\/script>\n<!-- \/ Yoast SEO plugin. -->","yoast_head_json":{"title":"Fredrik Gundmark ser tillbaka p\u00e5 Riksidrottsm\u00f6tet 2021 - Svenska Budo &amp; Kampsportsf\u00f6rbundet","description":"RF | I slutet av maj genomf\u00f6rdes ett l\u00e5ngt och stundtals intensivt RIM. Nu ser SB&K:s ordf\u00f6rande tillbaka p\u00e5 idrottsr\u00f6relsens \u00e5rsm\u00f6te och de beslut som fattades d\u00e4r.","robots":{"index":"index","follow":"follow","max-snippet":"max-snippet:-1","max-image-preview":"max-image-preview:large","max-video-preview":"max-video-preview:-1"},"canonical":"https:\/\/www.budokampsport.se\/2021\/06\/24\/fredrik-gundmark-ser-tillbaka-pa-riksidrottsmotet-2021\/","og_locale":"sv_SE","og_type":"article","og_title":"Fredrik Gundmark ser tillbaka p\u00e5 Riksidrottsm\u00f6tet 2021 - Svenska Budo &amp; Kampsportsf\u00f6rbundet","og_description":"RF | I slutet av maj genomf\u00f6rdes ett l\u00e5ngt och stundtals intensivt RIM. Nu ser SB&K:s ordf\u00f6rande tillbaka p\u00e5 idrottsr\u00f6relsens \u00e5rsm\u00f6te och de beslut som fattades d\u00e4r.","og_url":"https:\/\/www.budokampsport.se\/2021\/06\/24\/fredrik-gundmark-ser-tillbaka-pa-riksidrottsmotet-2021\/","og_site_name":"Svenska Budo &amp; Kampsportsf\u00f6rbundet","article_published_time":"2021-06-24T19:29:23+00:00","article_modified_time":"2021-06-25T14:19:45+00:00","og_image":[{"width":847,"height":548,"url":"https:\/\/www.budokampsport.se\/wp-content\/uploads\/2021\/06\/BB210528JL012-847px.jpg","type":"image\/jpeg"}],"author":"Mats Lilja","twitter_card":"summary_large_image","twitter_misc":{"Skriven av":"Mats Lilja","Ber\u00e4knad l\u00e4stid":"6 minuter"},"schema":{"@context":"https:\/\/schema.org","@graph":[{"@type":"Article","@id":"https:\/\/www.budokampsport.se\/2021\/06\/24\/fredrik-gundmark-ser-tillbaka-pa-riksidrottsmotet-2021\/#article","isPartOf":{"@id":"https:\/\/www.budokampsport.se\/2021\/06\/24\/fredrik-gundmark-ser-tillbaka-pa-riksidrottsmotet-2021\/"},"author":{"name":"Mats Lilja","@id":"https:\/\/www.budokampsport.se\/#\/schema\/person\/d80c0bc61f1787703168fc250ce69522"},"headline":"Fredrik Gundmark ser tillbaka p\u00e5 Riksidrottsm\u00f6tet 2021","datePublished":"2021-06-24T19:29:23+00:00","dateModified":"2021-06-25T14:19:45+00:00","mainEntityOfPage":{"@id":"https:\/\/www.budokampsport.se\/2021\/06\/24\/fredrik-gundmark-ser-tillbaka-pa-riksidrottsmotet-2021\/"},"wordCount":1148,"commentCount":0,"image":{"@id":"https:\/\/www.budokampsport.se\/2021\/06\/24\/fredrik-gundmark-ser-tillbaka-pa-riksidrottsmotet-2021\/#primaryimage"},"thumbnailUrl":"https:\/\/www.budokampsport.se\/wp-content\/uploads\/2021\/06\/BB210528JL012-847px.jpg","inLanguage":"sv-SE","potentialAction":[{"@type":"CommentAction","name":"Comment","target":["https:\/\/www.budokampsport.se\/2021\/06\/24\/fredrik-gundmark-ser-tillbaka-pa-riksidrottsmotet-2021\/#respond"]}]},{"@type":"WebPage","@id":"https:\/\/www.budokampsport.se\/2021\/06\/24\/fredrik-gundmark-ser-tillbaka-pa-riksidrottsmotet-2021\/","url":"https:\/\/www.budokampsport.se\/2021\/06\/24\/fredrik-gundmark-ser-tillbaka-pa-riksidrottsmotet-2021\/","name":"Fredrik Gundmark ser tillbaka p\u00e5 Riksidrottsm\u00f6tet 2021 - Svenska Budo &amp; Kampsportsf\u00f6rbundet","isPartOf":{"@id":"https:\/\/www.budokampsport.se\/#website"},"primaryImageOfPage":{"@id":"https:\/\/www.budokampsport.se\/2021\/06\/24\/fredrik-gundmark-ser-tillbaka-pa-riksidrottsmotet-2021\/#primaryimage"},"image":{"@id":"https:\/\/www.budokampsport.se\/2021\/06\/24\/fredrik-gundmark-ser-tillbaka-pa-riksidrottsmotet-2021\/#primaryimage"},"thumbnailUrl":"https:\/\/www.budokampsport.se\/wp-content\/uploads\/2021\/06\/BB210528JL012-847px.jpg","datePublished":"2021-06-24T19:29:23+00:00","dateModified":"2021-06-25T14:19:45+00:00","author":{"@id":"https:\/\/www.budokampsport.se\/#\/schema\/person\/d80c0bc61f1787703168fc250ce69522"},"description":"RF | I slutet av maj genomf\u00f6rdes ett l\u00e5ngt och stundtals intensivt RIM. Nu ser SB&K:s ordf\u00f6rande tillbaka p\u00e5 idrottsr\u00f6relsens \u00e5rsm\u00f6te och de beslut som fattades d\u00e4r.","breadcrumb":{"@id":"https:\/\/www.budokampsport.se\/2021\/06\/24\/fredrik-gundmark-ser-tillbaka-pa-riksidrottsmotet-2021\/#breadcrumb"},"inLanguage":"sv-SE","potentialAction":[{"@type":"ReadAction","target":["https:\/\/www.budokampsport.se\/2021\/06\/24\/fredrik-gundmark-ser-tillbaka-pa-riksidrottsmotet-2021\/"]}]},{"@type":"ImageObject","inLanguage":"sv-SE","@id":"https:\/\/www.budokampsport.se\/2021\/06\/24\/fredrik-gundmark-ser-tillbaka-pa-riksidrottsmotet-2021\/#primaryimage","url":"https:\/\/www.budokampsport.se\/wp-content\/uploads\/2021\/06\/BB210528JL012-847px.jpg","contentUrl":"https:\/\/www.budokampsport.se\/wp-content\/uploads\/2021\/06\/BB210528JL012-847px.jpg","width":847,"height":548,"caption":"210528 Bj\u00f6rn Eriksson, ordf\u00f6rande i Riksidrottsf\u00f6rbundet, under dag ett av riksidrottsm\u00f6tet den 28 maj 2021 i Stockholm. Foto: Johanna Lundberg \/ BILDBYR\u00c5N \/ kod JL \/ JL0129"},{"@type":"BreadcrumbList","@id":"https:\/\/www.budokampsport.se\/2021\/06\/24\/fredrik-gundmark-ser-tillbaka-pa-riksidrottsmotet-2021\/#breadcrumb","itemListElement":[{"@type":"ListItem","position":1,"name":"Hem","item":"https:\/\/www.budokampsport.se\/"},{"@type":"ListItem","position":2,"name":"Fredrik Gundmark ser tillbaka p\u00e5 Riksidrottsm\u00f6tet 2021"}]},{"@type":"WebSite","@id":"https:\/\/www.budokampsport.se\/#website","url":"https:\/\/www.budokampsport.se\/","name":"Svenska Budo &amp; Kampsportsf\u00f6rbundet","description":"T\u00e4vling, Tr\u00e4ning, Tradition","potentialAction":[{"@type":"SearchAction","target":{"@type":"EntryPoint","urlTemplate":"https:\/\/www.budokampsport.se\/?s={search_term_string}"},"query-input":{"@type":"PropertyValueSpecification","valueRequired":true,"valueName":"search_term_string"}}],"inLanguage":"sv-SE"},{"@type":"Person","@id":"https:\/\/www.budokampsport.se\/#\/schema\/person\/d80c0bc61f1787703168fc250ce69522","name":"Mats Lilja","image":{"@type":"ImageObject","inLanguage":"sv-SE","@id":"https:\/\/www.budokampsport.se\/#\/schema\/person\/image\/","url":"https:\/\/secure.gravatar.com\/avatar\/607f84918e96abe1ebbd8611782fa57d?s=96&d=blank&r=g","contentUrl":"https:\/\/secure.gravatar.com\/avatar\/607f84918e96abe1ebbd8611782fa57d?s=96&d=blank&r=g","caption":"Mats Lilja"},"url":"https:\/\/www.budokampsport.se\/author\/mats-lilja\/"}]}},"_links":{"self":[{"href":"https:\/\/www.budokampsport.se\/api\/wp\/v2\/posts\/126293","targetHints":{"allow":["GET"]}}],"collection":[{"href":"https:\/\/www.budokampsport.se\/api\/wp\/v2\/posts"}],"about":[{"href":"https:\/\/www.budokampsport.se\/api\/wp\/v2\/types\/post"}],"author":[{"embeddable":true,"href":"https:\/\/www.budokampsport.se\/api\/wp\/v2\/users\/914"}],"replies":[{"embeddable":true,"href":"https:\/\/www.budokampsport.se\/api\/wp\/v2\/comments?post=126293"}],"version-history":[{"count":0,"href":"https:\/\/www.budokampsport.se\/api\/wp\/v2\/posts\/126293\/revisions"}],"wp:featuredmedia":[{"embeddable":true,"href":"https:\/\/www.budokampsport.se\/api\/wp\/v2\/media\/126295"}],"wp:attachment":[{"href":"https:\/\/www.budokampsport.se\/api\/wp\/v2\/media?parent=126293"}],"wp:term":[{"taxonomy":"category","embeddable":true,"href":"https:\/\/www.budokampsport.se\/api\/wp\/v2\/categories?post=126293"},{"taxonomy":"post_tag","embeddable":true,"href":"https:\/\/www.budokampsport.se\/api\/wp\/v2\/tags?post=126293"}],"curies":[{"name":"wp","href":"https:\/\/api.w.org\/{rel}","templated":true}]}}