{"id":126508,"date":"2021-07-15T09:00:16","date_gmt":"2021-07-15T07:00:16","guid":{"rendered":"https:\/\/www.budokampsport.se\/?p=126508"},"modified":"2021-07-15T09:00:01","modified_gmt":"2021-07-15T07:00:01","slug":"uppdaterade-riktlinjer-for-traning-tavling-och-utbildning-fran-15-juli","status":"publish","type":"post","link":"https:\/\/www.budokampsport.se\/2021\/07\/15\/uppdaterade-riktlinjer-for-traning-tavling-och-utbildning-fran-15-juli\/","title":{"rendered":"Uppdaterade riktlinjer f\u00f6r tr\u00e4ning, t\u00e4vling och utbildning fr\u00e5n 15 juli"},"content":{"rendered":"<p>Tv\u00e5 veckor har passerat sedan steg 2 av <a href=\"https:\/\/regeringen.se\/regeringens-politik\/regeringens-arbete-med-coronapandemin\/regeringens-plan-for-avveckling-av-restriktioner\/\" target=\"_blank\" rel=\"noopener noreferrer\">\u00f6ppningsplanen<\/a> aktualiserades. I m\u00e5ndags genomf\u00f6rdes en <a href=\"https:\/\/regeringen.se\/pressmeddelanden\/2021\/07\/anpassning-av-restriktioner-fran-15-juli\/\" target=\"_blank\" rel=\"noopener noreferrer\">presstr\u00e4ff<\/a> med f\u00f6retr\u00e4dare fr\u00e5n regeringen och Folkh\u00e4lsomyndigheten d\u00e4r det bekr\u00e4ftades att regeringen tagit beslut om ytterligare l\u00e4ttnader i enlighet med <a href=\"https:\/\/regeringen.se\/regeringens-politik\/regeringens-arbete-med-coronapandemin\/regeringens-plan-for-avveckling-av-restriktioner\/#steg3\" target=\"_blank\" rel=\"noopener noreferrer\">steg 3<\/a> av planen. Dessa tr\u00e4der i kraft den 15 juli.<\/p>\n<p>\u2013 Vi forts\u00e4tter att lyfta restriktionerna enligt regeringens plan och uppmanar folk att forts\u00e4tta f\u00f6lja regler och rekommendationer, men ocks\u00e5 ta m\u00f6jligheten att ta vaccinet n\u00e4r det erbjuds, sa n\u00e4ringsminister Ibrahim Baylan.<em><br \/>\n<\/em><\/p>\n<p>Exempel p\u00e5 l\u00e4ttnader \u00e4r att regleringen av antalet kvadratmeter per person f\u00f6r till exempel gym, idrottsanl\u00e4ggningar och badhus tas bort men Folkh\u00e4lsomyndigheten skriver ocks\u00e5 p\u00e5 <a href=\"https:\/\/www.folkhalsomyndigheten.se\/nyheter-och-press\/nyhetsarkiv\/2021\/juli\/ytterligare-anpassningar-av-smittskyddsatgarder-den-15-juli\/\" target=\"_blank\" rel=\"noopener noreferrer\">sin hemsida<\/a>:<\/p>\n<p style=\"padding-left: 40px;\"><em>Verksamheterna m\u00e5ste fortfarande vidta \u00e5tg\u00e4rder f\u00f6r att undvika tr\u00e4ngsel och s\u00e4llskap ska ha m\u00f6jlighet att h\u00e5lla avst\u00e5nd till varandra. Ansvaret f\u00f6r att detta f\u00f6ljs ligger b\u00e5de hos verksamheten och den enskilde individen.\u00a0<\/em><\/p>\n<p>Idrottsf\u00f6reningar ska i verksamheten f\u00f6r sina medlemmar fortsatt s\u00e4kerst\u00e4lla att de vidtar l\u00e4mpliga \u00e5tg\u00e4rder f\u00f6r att undvika spridning av coronaviruset.<\/p>\n<p>\u00bb Riktlinjerna f\u00f6r tr\u00e4ning finns <a href=\"https:\/\/www.budokampsport.se\/wp-content\/uploads\/2021\/07\/riktlinjer_traning_210715.pdf\" target=\"_blank\" rel=\"noopener noreferrer\">h\u00e4r<\/a>.<\/p>\n<p>\u00bb Riktlinjerna f\u00f6r t\u00e4vling finns <a href=\"https:\/\/www.budokampsport.se\/wp-content\/uploads\/2021\/07\/riktlinjer_for_tavling_med_restriktioner_210715.pdf\" target=\"_blank\" rel=\"noopener noreferrer\">h\u00e4r<\/a>.<\/p>\n<p>\u00bb Riktlinjerna f\u00f6r utbildning finns <a href=\"https:\/\/www.budokampsport.se\/wp-content\/uploads\/2021\/07\/riktlinjer_utbildning_210715.pdf\" target=\"_blank\" rel=\"noopener noreferrer\">h\u00e4r<\/a>.<\/p>\n<p>Riktlinjerna \u00e4r \u00e4ven publicerade l\u00e4ngst upp i v\u00e5r samlingsartikel <a href=\"https:\/\/www.budokampsport.se\/2020\/03\/12\/idrott-och-coronavirus-covid-19\/\" target=\"_blank\" rel=\"noopener noreferrer\">Coronaviruset \u2212 Nul\u00e4ge och samlad information<\/a>.<\/p>\n<p><strong>L\u00e4s mer p\u00e5 Folkh\u00e4lsomyndighetens hemsida:<br \/>\n<\/strong>\u00bb <a href=\"https:\/\/www.folkhalsomyndigheten.se\/smittskydd-beredskap\/utbrott\/aktuella-utbrott\/covid-19\/skydda-dig-och-andra\/rekommendationer-for-att-minska-spridningen-av-covid-19\/\" target=\"_blank\" rel=\"noopener noreferrer\">Nationella allm\u00e4nna r\u00e5d och rekommendationer&#8230;<\/a><\/p>\n<p>\u00bb <a href=\"https:\/\/www.folkhalsomyndigheten.se\/smittskydd-beredskap\/utbrott\/aktuella-utbrott\/covid-19\/verksamheter\/information-till-idrotts--och-traningsanlaggningar\/\" target=\"_blank\" rel=\"noopener noreferrer\">Information till idrottsf\u00f6reningar och tr\u00e4ningsanl\u00e4ggningar om covid-19<\/a><\/p>\n<p><strong>L\u00e4s mer p\u00e5 Riksidrottsf\u00f6rbundets hemsida:<\/strong><br \/>\n\u00bb <a href=\"https:\/\/www.rf.se\/coronavirusetochidrottsrorelsen\/\" target=\"_blank\" rel=\"noopener noreferrer\">Coronaviruset och idrottsr\u00f6relsen<\/a><\/p>\n<hr \/>\n<p><strong>Svenska Budo &amp; Kampsportsf\u00f6rbundet<\/strong><\/p>\n","protected":false},"excerpt":{"rendered":"<p>SB&#038;K | Regeringen g\u00e5r vidare med \u00e5ter\u00f6ppnandet av samh\u00e4llet vilket bland annat inneb\u00e4r att regler f\u00f6r hur m\u00e5nga personer som f\u00e5r visats p\u00e5 ytor av olika storlek inom- eller utomhus dras tillbaka. F\u00f6rbundets r\u00e5dgivande information har med anledning av detta uppdaterats.<\/p><br>","protected":false},"author":47,"featured_media":122718,"comment_status":"open","ping_status":"open","sticky":false,"template":"","format":"standard","meta":{"_acf_changed":false,"footnotes":""},"categories":[1],"tags":[],"class_list":["post-126508","post","type-post","status-publish","format-standard","has-post-thumbnail","hentry","category-okategoriserade"],"acf":[],"yoast_head":"<!-- This site is optimized with the Yoast SEO plugin v26.8 - https:\/\/yoast.com\/product\/yoast-seo-wordpress\/ -->\n<title>Uppdaterade riktlinjer f\u00f6r tr\u00e4ning, t\u00e4vling och utbildning fr\u00e5n 15 juli - Svenska Budo &amp; Kampsportsf\u00f6rbundet<\/title>\n<meta name=\"description\" content=\"SB&amp;K | Regeringen g\u00e5r vidare med \u00e5ter\u00f6ppnandet av samh\u00e4llet vilket bland annat inneb\u00e4r att regler f\u00f6r hur m\u00e5nga personer som f\u00e5r visats p\u00e5 ytor av olika storlek inom- eller utomhus dras tillbaka. F\u00f6rbundets r\u00e5dgivande information har med anledning av detta uppdaterats.\" \/>\n<meta name=\"robots\" content=\"index, follow, max-snippet:-1, max-image-preview:large, max-video-preview:-1\" \/>\n<link rel=\"canonical\" href=\"https:\/\/www.budokampsport.se\/2021\/07\/15\/uppdaterade-riktlinjer-for-traning-tavling-och-utbildning-fran-15-juli\/\" \/>\n<meta property=\"og:locale\" content=\"sv_SE\" \/>\n<meta property=\"og:type\" content=\"article\" \/>\n<meta property=\"og:title\" content=\"Uppdaterade riktlinjer f\u00f6r tr\u00e4ning, t\u00e4vling och utbildning fr\u00e5n 15 juli - Svenska Budo &amp; Kampsportsf\u00f6rbundet\" \/>\n<meta property=\"og:description\" content=\"SB&amp;K | Regeringen g\u00e5r vidare med \u00e5ter\u00f6ppnandet av samh\u00e4llet vilket bland annat inneb\u00e4r att regler f\u00f6r hur m\u00e5nga personer som f\u00e5r visats p\u00e5 ytor av olika storlek inom- eller utomhus dras tillbaka. F\u00f6rbundets r\u00e5dgivande information har med anledning av detta uppdaterats.\" \/>\n<meta property=\"og:url\" content=\"https:\/\/www.budokampsport.se\/2021\/07\/15\/uppdaterade-riktlinjer-for-traning-tavling-och-utbildning-fran-15-juli\/\" \/>\n<meta property=\"og:site_name\" content=\"Svenska Budo &amp; Kampsportsf\u00f6rbundet\" \/>\n<meta property=\"article:published_time\" content=\"2021-07-15T07:00:16+00:00\" \/>\n<meta property=\"og:image\" content=\"https:\/\/www.budokampsport.se\/wp-content\/uploads\/2020\/11\/sbok_tsuba_850px.jpg\" \/>\n\t<meta property=\"og:image:width\" content=\"850\" \/>\n\t<meta property=\"og:image:height\" content=\"440\" \/>\n\t<meta property=\"og:image:type\" content=\"image\/jpeg\" \/>\n<meta name=\"author\" content=\"Sofia Arnbom\" \/>\n<meta name=\"twitter:card\" content=\"summary_large_image\" \/>\n<meta name=\"twitter:label1\" content=\"Skriven av\" \/>\n\t<meta name=\"twitter:data1\" content=\"Sofia Arnbom\" \/>\n\t<meta name=\"twitter:label2\" content=\"Ber\u00e4knad l\u00e4stid\" \/>\n\t<meta name=\"twitter:data2\" content=\"1 minut\" \/>\n<script type=\"application\/ld+json\" class=\"yoast-schema-graph\">{\"@context\":\"https:\/\/schema.org\",\"@graph\":[{\"@type\":\"Article\",\"@id\":\"https:\/\/www.budokampsport.se\/2021\/07\/15\/uppdaterade-riktlinjer-for-traning-tavling-och-utbildning-fran-15-juli\/#article\",\"isPartOf\":{\"@id\":\"https:\/\/www.budokampsport.se\/2021\/07\/15\/uppdaterade-riktlinjer-for-traning-tavling-och-utbildning-fran-15-juli\/\"},\"author\":{\"name\":\"Sofia Arnbom\",\"@id\":\"https:\/\/www.budokampsport.se\/#\/schema\/person\/666f754cfbc6f9a83a8c253cd24ad660\"},\"headline\":\"Uppdaterade riktlinjer f\u00f6r tr\u00e4ning, t\u00e4vling och utbildning fr\u00e5n 15 juli\",\"datePublished\":\"2021-07-15T07:00:16+00:00\",\"mainEntityOfPage\":{\"@id\":\"https:\/\/www.budokampsport.se\/2021\/07\/15\/uppdaterade-riktlinjer-for-traning-tavling-och-utbildning-fran-15-juli\/\"},\"wordCount\":284,\"commentCount\":1,\"image\":{\"@id\":\"https:\/\/www.budokampsport.se\/2021\/07\/15\/uppdaterade-riktlinjer-for-traning-tavling-och-utbildning-fran-15-juli\/#primaryimage\"},\"thumbnailUrl\":\"https:\/\/www.budokampsport.se\/wp-content\/uploads\/2020\/11\/sbok_tsuba_850px.jpg\",\"inLanguage\":\"sv-SE\",\"potentialAction\":[{\"@type\":\"CommentAction\",\"name\":\"Comment\",\"target\":[\"https:\/\/www.budokampsport.se\/2021\/07\/15\/uppdaterade-riktlinjer-for-traning-tavling-och-utbildning-fran-15-juli\/#respond\"]}]},{\"@type\":\"WebPage\",\"@id\":\"https:\/\/www.budokampsport.se\/2021\/07\/15\/uppdaterade-riktlinjer-for-traning-tavling-och-utbildning-fran-15-juli\/\",\"url\":\"https:\/\/www.budokampsport.se\/2021\/07\/15\/uppdaterade-riktlinjer-for-traning-tavling-och-utbildning-fran-15-juli\/\",\"name\":\"Uppdaterade riktlinjer f\u00f6r tr\u00e4ning, t\u00e4vling och utbildning fr\u00e5n 15 juli - Svenska Budo &amp; Kampsportsf\u00f6rbundet\",\"isPartOf\":{\"@id\":\"https:\/\/www.budokampsport.se\/#website\"},\"primaryImageOfPage\":{\"@id\":\"https:\/\/www.budokampsport.se\/2021\/07\/15\/uppdaterade-riktlinjer-for-traning-tavling-och-utbildning-fran-15-juli\/#primaryimage\"},\"image\":{\"@id\":\"https:\/\/www.budokampsport.se\/2021\/07\/15\/uppdaterade-riktlinjer-for-traning-tavling-och-utbildning-fran-15-juli\/#primaryimage\"},\"thumbnailUrl\":\"https:\/\/www.budokampsport.se\/wp-content\/uploads\/2020\/11\/sbok_tsuba_850px.jpg\",\"datePublished\":\"2021-07-15T07:00:16+00:00\",\"author\":{\"@id\":\"https:\/\/www.budokampsport.se\/#\/schema\/person\/666f754cfbc6f9a83a8c253cd24ad660\"},\"description\":\"SB&K | Regeringen g\u00e5r vidare med \u00e5ter\u00f6ppnandet av samh\u00e4llet vilket bland annat inneb\u00e4r att regler f\u00f6r hur m\u00e5nga personer som f\u00e5r visats p\u00e5 ytor av olika storlek inom- eller utomhus dras tillbaka. F\u00f6rbundets r\u00e5dgivande information har med anledning av detta uppdaterats.\",\"breadcrumb\":{\"@id\":\"https:\/\/www.budokampsport.se\/2021\/07\/15\/uppdaterade-riktlinjer-for-traning-tavling-och-utbildning-fran-15-juli\/#breadcrumb\"},\"inLanguage\":\"sv-SE\",\"potentialAction\":[{\"@type\":\"ReadAction\",\"target\":[\"https:\/\/www.budokampsport.se\/2021\/07\/15\/uppdaterade-riktlinjer-for-traning-tavling-och-utbildning-fran-15-juli\/\"]}]},{\"@type\":\"ImageObject\",\"inLanguage\":\"sv-SE\",\"@id\":\"https:\/\/www.budokampsport.se\/2021\/07\/15\/uppdaterade-riktlinjer-for-traning-tavling-och-utbildning-fran-15-juli\/#primaryimage\",\"url\":\"https:\/\/www.budokampsport.se\/wp-content\/uploads\/2020\/11\/sbok_tsuba_850px.jpg\",\"contentUrl\":\"https:\/\/www.budokampsport.se\/wp-content\/uploads\/2020\/11\/sbok_tsuba_850px.jpg\",\"width\":850,\"height\":440,\"caption\":\"SB&K Logotype\"},{\"@type\":\"BreadcrumbList\",\"@id\":\"https:\/\/www.budokampsport.se\/2021\/07\/15\/uppdaterade-riktlinjer-for-traning-tavling-och-utbildning-fran-15-juli\/#breadcrumb\",\"itemListElement\":[{\"@type\":\"ListItem\",\"position\":1,\"name\":\"Hem\",\"item\":\"https:\/\/www.budokampsport.se\/\"},{\"@type\":\"ListItem\",\"position\":2,\"name\":\"Uppdaterade riktlinjer f\u00f6r tr\u00e4ning, t\u00e4vling och utbildning fr\u00e5n 15 juli\"}]},{\"@type\":\"WebSite\",\"@id\":\"https:\/\/www.budokampsport.se\/#website\",\"url\":\"https:\/\/www.budokampsport.se\/\",\"name\":\"Svenska Budo &amp; Kampsportsf\u00f6rbundet\",\"description\":\"T\u00e4vling, Tr\u00e4ning, Tradition\",\"potentialAction\":[{\"@type\":\"SearchAction\",\"target\":{\"@type\":\"EntryPoint\",\"urlTemplate\":\"https:\/\/www.budokampsport.se\/?s={search_term_string}\"},\"query-input\":{\"@type\":\"PropertyValueSpecification\",\"valueRequired\":true,\"valueName\":\"search_term_string\"}}],\"inLanguage\":\"sv-SE\"},{\"@type\":\"Person\",\"@id\":\"https:\/\/www.budokampsport.se\/#\/schema\/person\/666f754cfbc6f9a83a8c253cd24ad660\",\"name\":\"Sofia Arnbom\",\"image\":{\"@type\":\"ImageObject\",\"inLanguage\":\"sv-SE\",\"@id\":\"https:\/\/www.budokampsport.se\/#\/schema\/person\/image\/\",\"url\":\"https:\/\/secure.gravatar.com\/avatar\/a69f673c99635f06ea6cb1eb10ca7e92?s=96&d=blank&r=g\",\"contentUrl\":\"https:\/\/secure.gravatar.com\/avatar\/a69f673c99635f06ea6cb1eb10ca7e92?s=96&d=blank&r=g\",\"caption\":\"Sofia Arnbom\"},\"url\":\"https:\/\/www.budokampsport.se\/author\/sofia-arnbom\/\"}]}<\/script>\n<!-- \/ Yoast SEO plugin. -->","yoast_head_json":{"title":"Uppdaterade riktlinjer f\u00f6r tr\u00e4ning, t\u00e4vling och utbildning fr\u00e5n 15 juli - Svenska Budo &amp; Kampsportsf\u00f6rbundet","description":"SB&K | Regeringen g\u00e5r vidare med \u00e5ter\u00f6ppnandet av samh\u00e4llet vilket bland annat inneb\u00e4r att regler f\u00f6r hur m\u00e5nga personer som f\u00e5r visats p\u00e5 ytor av olika storlek inom- eller utomhus dras tillbaka. F\u00f6rbundets r\u00e5dgivande information har med anledning av detta uppdaterats.","robots":{"index":"index","follow":"follow","max-snippet":"max-snippet:-1","max-image-preview":"max-image-preview:large","max-video-preview":"max-video-preview:-1"},"canonical":"https:\/\/www.budokampsport.se\/2021\/07\/15\/uppdaterade-riktlinjer-for-traning-tavling-och-utbildning-fran-15-juli\/","og_locale":"sv_SE","og_type":"article","og_title":"Uppdaterade riktlinjer f\u00f6r tr\u00e4ning, t\u00e4vling och utbildning fr\u00e5n 15 juli - Svenska Budo &amp; Kampsportsf\u00f6rbundet","og_description":"SB&K | Regeringen g\u00e5r vidare med \u00e5ter\u00f6ppnandet av samh\u00e4llet vilket bland annat inneb\u00e4r att regler f\u00f6r hur m\u00e5nga personer som f\u00e5r visats p\u00e5 ytor av olika storlek inom- eller utomhus dras tillbaka. F\u00f6rbundets r\u00e5dgivande information har med anledning av detta uppdaterats.","og_url":"https:\/\/www.budokampsport.se\/2021\/07\/15\/uppdaterade-riktlinjer-for-traning-tavling-och-utbildning-fran-15-juli\/","og_site_name":"Svenska Budo &amp; Kampsportsf\u00f6rbundet","article_published_time":"2021-07-15T07:00:16+00:00","og_image":[{"width":850,"height":440,"url":"https:\/\/www.budokampsport.se\/wp-content\/uploads\/2020\/11\/sbok_tsuba_850px.jpg","type":"image\/jpeg"}],"author":"Sofia Arnbom","twitter_card":"summary_large_image","twitter_misc":{"Skriven av":"Sofia Arnbom","Ber\u00e4knad l\u00e4stid":"1 minut"},"schema":{"@context":"https:\/\/schema.org","@graph":[{"@type":"Article","@id":"https:\/\/www.budokampsport.se\/2021\/07\/15\/uppdaterade-riktlinjer-for-traning-tavling-och-utbildning-fran-15-juli\/#article","isPartOf":{"@id":"https:\/\/www.budokampsport.se\/2021\/07\/15\/uppdaterade-riktlinjer-for-traning-tavling-och-utbildning-fran-15-juli\/"},"author":{"name":"Sofia Arnbom","@id":"https:\/\/www.budokampsport.se\/#\/schema\/person\/666f754cfbc6f9a83a8c253cd24ad660"},"headline":"Uppdaterade riktlinjer f\u00f6r tr\u00e4ning, t\u00e4vling och utbildning fr\u00e5n 15 juli","datePublished":"2021-07-15T07:00:16+00:00","mainEntityOfPage":{"@id":"https:\/\/www.budokampsport.se\/2021\/07\/15\/uppdaterade-riktlinjer-for-traning-tavling-och-utbildning-fran-15-juli\/"},"wordCount":284,"commentCount":1,"image":{"@id":"https:\/\/www.budokampsport.se\/2021\/07\/15\/uppdaterade-riktlinjer-for-traning-tavling-och-utbildning-fran-15-juli\/#primaryimage"},"thumbnailUrl":"https:\/\/www.budokampsport.se\/wp-content\/uploads\/2020\/11\/sbok_tsuba_850px.jpg","inLanguage":"sv-SE","potentialAction":[{"@type":"CommentAction","name":"Comment","target":["https:\/\/www.budokampsport.se\/2021\/07\/15\/uppdaterade-riktlinjer-for-traning-tavling-och-utbildning-fran-15-juli\/#respond"]}]},{"@type":"WebPage","@id":"https:\/\/www.budokampsport.se\/2021\/07\/15\/uppdaterade-riktlinjer-for-traning-tavling-och-utbildning-fran-15-juli\/","url":"https:\/\/www.budokampsport.se\/2021\/07\/15\/uppdaterade-riktlinjer-for-traning-tavling-och-utbildning-fran-15-juli\/","name":"Uppdaterade riktlinjer f\u00f6r tr\u00e4ning, t\u00e4vling och utbildning fr\u00e5n 15 juli - Svenska Budo &amp; Kampsportsf\u00f6rbundet","isPartOf":{"@id":"https:\/\/www.budokampsport.se\/#website"},"primaryImageOfPage":{"@id":"https:\/\/www.budokampsport.se\/2021\/07\/15\/uppdaterade-riktlinjer-for-traning-tavling-och-utbildning-fran-15-juli\/#primaryimage"},"image":{"@id":"https:\/\/www.budokampsport.se\/2021\/07\/15\/uppdaterade-riktlinjer-for-traning-tavling-och-utbildning-fran-15-juli\/#primaryimage"},"thumbnailUrl":"https:\/\/www.budokampsport.se\/wp-content\/uploads\/2020\/11\/sbok_tsuba_850px.jpg","datePublished":"2021-07-15T07:00:16+00:00","author":{"@id":"https:\/\/www.budokampsport.se\/#\/schema\/person\/666f754cfbc6f9a83a8c253cd24ad660"},"description":"SB&K | Regeringen g\u00e5r vidare med \u00e5ter\u00f6ppnandet av samh\u00e4llet vilket bland annat inneb\u00e4r att regler f\u00f6r hur m\u00e5nga personer som f\u00e5r visats p\u00e5 ytor av olika storlek inom- eller utomhus dras tillbaka. F\u00f6rbundets r\u00e5dgivande information har med anledning av detta uppdaterats.","breadcrumb":{"@id":"https:\/\/www.budokampsport.se\/2021\/07\/15\/uppdaterade-riktlinjer-for-traning-tavling-och-utbildning-fran-15-juli\/#breadcrumb"},"inLanguage":"sv-SE","potentialAction":[{"@type":"ReadAction","target":["https:\/\/www.budokampsport.se\/2021\/07\/15\/uppdaterade-riktlinjer-for-traning-tavling-och-utbildning-fran-15-juli\/"]}]},{"@type":"ImageObject","inLanguage":"sv-SE","@id":"https:\/\/www.budokampsport.se\/2021\/07\/15\/uppdaterade-riktlinjer-for-traning-tavling-och-utbildning-fran-15-juli\/#primaryimage","url":"https:\/\/www.budokampsport.se\/wp-content\/uploads\/2020\/11\/sbok_tsuba_850px.jpg","contentUrl":"https:\/\/www.budokampsport.se\/wp-content\/uploads\/2020\/11\/sbok_tsuba_850px.jpg","width":850,"height":440,"caption":"SB&K Logotype"},{"@type":"BreadcrumbList","@id":"https:\/\/www.budokampsport.se\/2021\/07\/15\/uppdaterade-riktlinjer-for-traning-tavling-och-utbildning-fran-15-juli\/#breadcrumb","itemListElement":[{"@type":"ListItem","position":1,"name":"Hem","item":"https:\/\/www.budokampsport.se\/"},{"@type":"ListItem","position":2,"name":"Uppdaterade riktlinjer f\u00f6r tr\u00e4ning, t\u00e4vling och utbildning fr\u00e5n 15 juli"}]},{"@type":"WebSite","@id":"https:\/\/www.budokampsport.se\/#website","url":"https:\/\/www.budokampsport.se\/","name":"Svenska Budo &amp; Kampsportsf\u00f6rbundet","description":"T\u00e4vling, Tr\u00e4ning, Tradition","potentialAction":[{"@type":"SearchAction","target":{"@type":"EntryPoint","urlTemplate":"https:\/\/www.budokampsport.se\/?s={search_term_string}"},"query-input":{"@type":"PropertyValueSpecification","valueRequired":true,"valueName":"search_term_string"}}],"inLanguage":"sv-SE"},{"@type":"Person","@id":"https:\/\/www.budokampsport.se\/#\/schema\/person\/666f754cfbc6f9a83a8c253cd24ad660","name":"Sofia Arnbom","image":{"@type":"ImageObject","inLanguage":"sv-SE","@id":"https:\/\/www.budokampsport.se\/#\/schema\/person\/image\/","url":"https:\/\/secure.gravatar.com\/avatar\/a69f673c99635f06ea6cb1eb10ca7e92?s=96&d=blank&r=g","contentUrl":"https:\/\/secure.gravatar.com\/avatar\/a69f673c99635f06ea6cb1eb10ca7e92?s=96&d=blank&r=g","caption":"Sofia Arnbom"},"url":"https:\/\/www.budokampsport.se\/author\/sofia-arnbom\/"}]}},"_links":{"self":[{"href":"https:\/\/www.budokampsport.se\/api\/wp\/v2\/posts\/126508","targetHints":{"allow":["GET"]}}],"collection":[{"href":"https:\/\/www.budokampsport.se\/api\/wp\/v2\/posts"}],"about":[{"href":"https:\/\/www.budokampsport.se\/api\/wp\/v2\/types\/post"}],"author":[{"embeddable":true,"href":"https:\/\/www.budokampsport.se\/api\/wp\/v2\/users\/47"}],"replies":[{"embeddable":true,"href":"https:\/\/www.budokampsport.se\/api\/wp\/v2\/comments?post=126508"}],"version-history":[{"count":0,"href":"https:\/\/www.budokampsport.se\/api\/wp\/v2\/posts\/126508\/revisions"}],"wp:featuredmedia":[{"embeddable":true,"href":"https:\/\/www.budokampsport.se\/api\/wp\/v2\/media\/122718"}],"wp:attachment":[{"href":"https:\/\/www.budokampsport.se\/api\/wp\/v2\/media?parent=126508"}],"wp:term":[{"taxonomy":"category","embeddable":true,"href":"https:\/\/www.budokampsport.se\/api\/wp\/v2\/categories?post=126508"},{"taxonomy":"post_tag","embeddable":true,"href":"https:\/\/www.budokampsport.se\/api\/wp\/v2\/tags?post=126508"}],"curies":[{"name":"wp","href":"https:\/\/api.w.org\/{rel}","templated":true}]}}