{"id":127851,"date":"2021-09-10T09:13:14","date_gmt":"2021-09-10T07:13:14","guid":{"rendered":"https:\/\/www.budokampsport.se\/?p=127851"},"modified":"2021-09-15T17:12:42","modified_gmt":"2021-09-15T15:12:42","slug":"natverkstraff-for-kvinnor-i-landslagsledning","status":"publish","type":"post","link":"https:\/\/www.budokampsport.se\/2021\/09\/10\/natverkstraff-for-kvinnor-i-landslagsledning\/","title":{"rendered":"N\u00e4tverkstr\u00e4ff f\u00f6r kvinnor i landslagsledning"},"content":{"rendered":"<p>Riksidrottsf\u00f6rbundet bjuder in till tv\u00e5 dagars kompetensutveckling och erfarenhetsutbyte 19\u201320 oktober p\u00e5 Bos\u00f6n.<\/p>\n<p>Utbildningen \u00e4r till f\u00f6r kvinnliga landslags- och elittr\u00e4nare p\u00e5 junior- och seniorniv\u00e5 i SF samt RIG\/NIU eller motsvarande.<\/p>\n<p>N\u00e4tverkstr\u00e4ffen \u00e4r den f\u00f6rsta fysiska samlingen sedan h\u00f6sten 2019 (\u00e4ven om digitala diton har arrangerats sedan dess).<\/p>\n<p>Utbildningen \u00e4r gratis men resa och logi bekostas av deltagarna eller deras underf\u00f6rbund. Kontakta d\u00e4rf\u00f6r ditt UF om du \u00e4r intresserad av att delta.<\/p>\n<p>Mer information finns p\u00e5 <a href=\"https:\/\/www.boson.se\/utbildning\/omrade\/natverk-for-kvinnor-i-landslagsledning\/\" target=\"_blank\" rel=\"noopener noreferrer\">Bos\u00f6ns hemsida<\/a>, d\u00e4r \u00e4ven anm\u00e4lan g\u00f6rs senast den 19 september.<\/p>\n<p>Text: Mats Lilja<br \/>\nFoto: Bildbyr\u00e5n<\/p>\n","protected":false},"excerpt":{"rendered":"<p>UTBILDNING | Nu bjuds landslags- och elittr\u00e4nare \u00e5ter in till Bos\u00f6n.<\/p><br>","protected":false},"author":914,"featured_media":105799,"comment_status":"open","ping_status":"open","sticky":false,"template":"","format":"standard","meta":{"_acf_changed":false,"footnotes":""},"categories":[451,1,266,273],"tags":[],"class_list":["post-127851","post","type-post","status-publish","format-standard","has-post-thumbnail","hentry","category-elit","category-okategoriserade","category-tavling","category-utbildning"],"acf":[],"yoast_head":"<!-- This site is optimized with the Yoast SEO plugin v26.8 - https:\/\/yoast.com\/product\/yoast-seo-wordpress\/ -->\n<title>N\u00e4tverkstr\u00e4ff f\u00f6r kvinnor i landslagsledning - Svenska Budo &amp; Kampsportsf\u00f6rbundet<\/title>\n<meta name=\"description\" content=\"UTBILDNING | Nu bjuds landslags- och elittr\u00e4nare \u00e5ter in till Bos\u00f6n.\" \/>\n<meta name=\"robots\" content=\"index, follow, max-snippet:-1, max-image-preview:large, max-video-preview:-1\" \/>\n<link rel=\"canonical\" href=\"https:\/\/www.budokampsport.se\/2021\/09\/10\/natverkstraff-for-kvinnor-i-landslagsledning\/\" \/>\n<meta property=\"og:locale\" content=\"sv_SE\" \/>\n<meta property=\"og:type\" content=\"article\" \/>\n<meta property=\"og:title\" content=\"N\u00e4tverkstr\u00e4ff f\u00f6r kvinnor i landslagsledning - Svenska Budo &amp; Kampsportsf\u00f6rbundet\" \/>\n<meta property=\"og:description\" content=\"UTBILDNING | Nu bjuds landslags- och elittr\u00e4nare \u00e5ter in till Bos\u00f6n.\" \/>\n<meta property=\"og:url\" content=\"https:\/\/www.budokampsport.se\/2021\/09\/10\/natverkstraff-for-kvinnor-i-landslagsledning\/\" \/>\n<meta property=\"og:site_name\" content=\"Svenska Budo &amp; Kampsportsf\u00f6rbundet\" \/>\n<meta property=\"article:published_time\" content=\"2021-09-10T07:13:14+00:00\" \/>\n<meta property=\"article:modified_time\" content=\"2021-09-15T15:12:42+00:00\" \/>\n<meta property=\"og:image\" content=\"https:\/\/www.budokampsport.se\/wp-content\/uploads\/2019\/09\/Kvinnor-i-landslagsledning-Nils-Joakobsson-Bildbyran-e1625212069895.jpg\" \/>\n\t<meta property=\"og:image:width\" content=\"850\" \/>\n\t<meta property=\"og:image:height\" content=\"556\" \/>\n\t<meta property=\"og:image:type\" content=\"image\/jpeg\" \/>\n<meta name=\"author\" content=\"Mats Lilja\" \/>\n<meta name=\"twitter:card\" content=\"summary_large_image\" \/>\n<meta name=\"twitter:label1\" content=\"Skriven av\" \/>\n\t<meta name=\"twitter:data1\" content=\"Mats Lilja\" \/>\n\t<meta name=\"twitter:label2\" content=\"Ber\u00e4knad l\u00e4stid\" \/>\n\t<meta name=\"twitter:data2\" content=\"1 minut\" \/>\n<script type=\"application\/ld+json\" class=\"yoast-schema-graph\">{\"@context\":\"https:\/\/schema.org\",\"@graph\":[{\"@type\":\"Article\",\"@id\":\"https:\/\/www.budokampsport.se\/2021\/09\/10\/natverkstraff-for-kvinnor-i-landslagsledning\/#article\",\"isPartOf\":{\"@id\":\"https:\/\/www.budokampsport.se\/2021\/09\/10\/natverkstraff-for-kvinnor-i-landslagsledning\/\"},\"author\":{\"name\":\"Mats Lilja\",\"@id\":\"https:\/\/www.budokampsport.se\/#\/schema\/person\/d80c0bc61f1787703168fc250ce69522\"},\"headline\":\"N\u00e4tverkstr\u00e4ff f\u00f6r kvinnor i landslagsledning\",\"datePublished\":\"2021-09-10T07:13:14+00:00\",\"dateModified\":\"2021-09-15T15:12:42+00:00\",\"mainEntityOfPage\":{\"@id\":\"https:\/\/www.budokampsport.se\/2021\/09\/10\/natverkstraff-for-kvinnor-i-landslagsledning\/\"},\"wordCount\":113,\"commentCount\":1,\"image\":{\"@id\":\"https:\/\/www.budokampsport.se\/2021\/09\/10\/natverkstraff-for-kvinnor-i-landslagsledning\/#primaryimage\"},\"thumbnailUrl\":\"https:\/\/www.budokampsport.se\/wp-content\/uploads\/2019\/09\/Kvinnor-i-landslagsledning-Nils-Joakobsson-Bildbyran-e1625212069895.jpg\",\"articleSection\":{\"0\":\"Elit\",\"2\":\"T\u00e4vling\",\"3\":\"Utbildning\"},\"inLanguage\":\"sv-SE\",\"potentialAction\":[{\"@type\":\"CommentAction\",\"name\":\"Comment\",\"target\":[\"https:\/\/www.budokampsport.se\/2021\/09\/10\/natverkstraff-for-kvinnor-i-landslagsledning\/#respond\"]}]},{\"@type\":\"WebPage\",\"@id\":\"https:\/\/www.budokampsport.se\/2021\/09\/10\/natverkstraff-for-kvinnor-i-landslagsledning\/\",\"url\":\"https:\/\/www.budokampsport.se\/2021\/09\/10\/natverkstraff-for-kvinnor-i-landslagsledning\/\",\"name\":\"N\u00e4tverkstr\u00e4ff f\u00f6r kvinnor i landslagsledning - Svenska Budo &amp; Kampsportsf\u00f6rbundet\",\"isPartOf\":{\"@id\":\"https:\/\/www.budokampsport.se\/#website\"},\"primaryImageOfPage\":{\"@id\":\"https:\/\/www.budokampsport.se\/2021\/09\/10\/natverkstraff-for-kvinnor-i-landslagsledning\/#primaryimage\"},\"image\":{\"@id\":\"https:\/\/www.budokampsport.se\/2021\/09\/10\/natverkstraff-for-kvinnor-i-landslagsledning\/#primaryimage\"},\"thumbnailUrl\":\"https:\/\/www.budokampsport.se\/wp-content\/uploads\/2019\/09\/Kvinnor-i-landslagsledning-Nils-Joakobsson-Bildbyran-e1625212069895.jpg\",\"datePublished\":\"2021-09-10T07:13:14+00:00\",\"dateModified\":\"2021-09-15T15:12:42+00:00\",\"author\":{\"@id\":\"https:\/\/www.budokampsport.se\/#\/schema\/person\/d80c0bc61f1787703168fc250ce69522\"},\"description\":\"UTBILDNING | Nu bjuds landslags- och elittr\u00e4nare \u00e5ter in till Bos\u00f6n.\",\"breadcrumb\":{\"@id\":\"https:\/\/www.budokampsport.se\/2021\/09\/10\/natverkstraff-for-kvinnor-i-landslagsledning\/#breadcrumb\"},\"inLanguage\":\"sv-SE\",\"potentialAction\":[{\"@type\":\"ReadAction\",\"target\":[\"https:\/\/www.budokampsport.se\/2021\/09\/10\/natverkstraff-for-kvinnor-i-landslagsledning\/\"]}]},{\"@type\":\"ImageObject\",\"inLanguage\":\"sv-SE\",\"@id\":\"https:\/\/www.budokampsport.se\/2021\/09\/10\/natverkstraff-for-kvinnor-i-landslagsledning\/#primaryimage\",\"url\":\"https:\/\/www.budokampsport.se\/wp-content\/uploads\/2019\/09\/Kvinnor-i-landslagsledning-Nils-Joakobsson-Bildbyran-e1625212069895.jpg\",\"contentUrl\":\"https:\/\/www.budokampsport.se\/wp-content\/uploads\/2019\/09\/Kvinnor-i-landslagsledning-Nils-Joakobsson-Bildbyran-e1625212069895.jpg\",\"width\":850,\"height\":556,\"caption\":\"131109 Uppvisning av kickboxning den 9 november 2013 i Malm\u00f6. Foto: NILS JAKOBSSON \/ BILDBYR\u00c5N \/ kod NJ \/ 73872\"},{\"@type\":\"BreadcrumbList\",\"@id\":\"https:\/\/www.budokampsport.se\/2021\/09\/10\/natverkstraff-for-kvinnor-i-landslagsledning\/#breadcrumb\",\"itemListElement\":[{\"@type\":\"ListItem\",\"position\":1,\"name\":\"Hem\",\"item\":\"https:\/\/www.budokampsport.se\/\"},{\"@type\":\"ListItem\",\"position\":2,\"name\":\"N\u00e4tverkstr\u00e4ff f\u00f6r kvinnor i landslagsledning\"}]},{\"@type\":\"WebSite\",\"@id\":\"https:\/\/www.budokampsport.se\/#website\",\"url\":\"https:\/\/www.budokampsport.se\/\",\"name\":\"Svenska Budo &amp; Kampsportsf\u00f6rbundet\",\"description\":\"T\u00e4vling, Tr\u00e4ning, Tradition\",\"potentialAction\":[{\"@type\":\"SearchAction\",\"target\":{\"@type\":\"EntryPoint\",\"urlTemplate\":\"https:\/\/www.budokampsport.se\/?s={search_term_string}\"},\"query-input\":{\"@type\":\"PropertyValueSpecification\",\"valueRequired\":true,\"valueName\":\"search_term_string\"}}],\"inLanguage\":\"sv-SE\"},{\"@type\":\"Person\",\"@id\":\"https:\/\/www.budokampsport.se\/#\/schema\/person\/d80c0bc61f1787703168fc250ce69522\",\"name\":\"Mats Lilja\",\"image\":{\"@type\":\"ImageObject\",\"inLanguage\":\"sv-SE\",\"@id\":\"https:\/\/www.budokampsport.se\/#\/schema\/person\/image\/\",\"url\":\"https:\/\/secure.gravatar.com\/avatar\/607f84918e96abe1ebbd8611782fa57d?s=96&d=blank&r=g\",\"contentUrl\":\"https:\/\/secure.gravatar.com\/avatar\/607f84918e96abe1ebbd8611782fa57d?s=96&d=blank&r=g\",\"caption\":\"Mats Lilja\"},\"url\":\"https:\/\/www.budokampsport.se\/author\/mats-lilja\/\"}]}<\/script>\n<!-- \/ Yoast SEO plugin. -->","yoast_head_json":{"title":"N\u00e4tverkstr\u00e4ff f\u00f6r kvinnor i landslagsledning - Svenska Budo &amp; Kampsportsf\u00f6rbundet","description":"UTBILDNING | Nu bjuds landslags- och elittr\u00e4nare \u00e5ter in till Bos\u00f6n.","robots":{"index":"index","follow":"follow","max-snippet":"max-snippet:-1","max-image-preview":"max-image-preview:large","max-video-preview":"max-video-preview:-1"},"canonical":"https:\/\/www.budokampsport.se\/2021\/09\/10\/natverkstraff-for-kvinnor-i-landslagsledning\/","og_locale":"sv_SE","og_type":"article","og_title":"N\u00e4tverkstr\u00e4ff f\u00f6r kvinnor i landslagsledning - Svenska Budo &amp; Kampsportsf\u00f6rbundet","og_description":"UTBILDNING | Nu bjuds landslags- och elittr\u00e4nare \u00e5ter in till Bos\u00f6n.","og_url":"https:\/\/www.budokampsport.se\/2021\/09\/10\/natverkstraff-for-kvinnor-i-landslagsledning\/","og_site_name":"Svenska Budo &amp; Kampsportsf\u00f6rbundet","article_published_time":"2021-09-10T07:13:14+00:00","article_modified_time":"2021-09-15T15:12:42+00:00","og_image":[{"width":850,"height":556,"url":"https:\/\/www.budokampsport.se\/wp-content\/uploads\/2019\/09\/Kvinnor-i-landslagsledning-Nils-Joakobsson-Bildbyran-e1625212069895.jpg","type":"image\/jpeg"}],"author":"Mats Lilja","twitter_card":"summary_large_image","twitter_misc":{"Skriven av":"Mats Lilja","Ber\u00e4knad l\u00e4stid":"1 minut"},"schema":{"@context":"https:\/\/schema.org","@graph":[{"@type":"Article","@id":"https:\/\/www.budokampsport.se\/2021\/09\/10\/natverkstraff-for-kvinnor-i-landslagsledning\/#article","isPartOf":{"@id":"https:\/\/www.budokampsport.se\/2021\/09\/10\/natverkstraff-for-kvinnor-i-landslagsledning\/"},"author":{"name":"Mats Lilja","@id":"https:\/\/www.budokampsport.se\/#\/schema\/person\/d80c0bc61f1787703168fc250ce69522"},"headline":"N\u00e4tverkstr\u00e4ff f\u00f6r kvinnor i landslagsledning","datePublished":"2021-09-10T07:13:14+00:00","dateModified":"2021-09-15T15:12:42+00:00","mainEntityOfPage":{"@id":"https:\/\/www.budokampsport.se\/2021\/09\/10\/natverkstraff-for-kvinnor-i-landslagsledning\/"},"wordCount":113,"commentCount":1,"image":{"@id":"https:\/\/www.budokampsport.se\/2021\/09\/10\/natverkstraff-for-kvinnor-i-landslagsledning\/#primaryimage"},"thumbnailUrl":"https:\/\/www.budokampsport.se\/wp-content\/uploads\/2019\/09\/Kvinnor-i-landslagsledning-Nils-Joakobsson-Bildbyran-e1625212069895.jpg","articleSection":{"0":"Elit","2":"T\u00e4vling","3":"Utbildning"},"inLanguage":"sv-SE","potentialAction":[{"@type":"CommentAction","name":"Comment","target":["https:\/\/www.budokampsport.se\/2021\/09\/10\/natverkstraff-for-kvinnor-i-landslagsledning\/#respond"]}]},{"@type":"WebPage","@id":"https:\/\/www.budokampsport.se\/2021\/09\/10\/natverkstraff-for-kvinnor-i-landslagsledning\/","url":"https:\/\/www.budokampsport.se\/2021\/09\/10\/natverkstraff-for-kvinnor-i-landslagsledning\/","name":"N\u00e4tverkstr\u00e4ff f\u00f6r kvinnor i landslagsledning - Svenska Budo &amp; Kampsportsf\u00f6rbundet","isPartOf":{"@id":"https:\/\/www.budokampsport.se\/#website"},"primaryImageOfPage":{"@id":"https:\/\/www.budokampsport.se\/2021\/09\/10\/natverkstraff-for-kvinnor-i-landslagsledning\/#primaryimage"},"image":{"@id":"https:\/\/www.budokampsport.se\/2021\/09\/10\/natverkstraff-for-kvinnor-i-landslagsledning\/#primaryimage"},"thumbnailUrl":"https:\/\/www.budokampsport.se\/wp-content\/uploads\/2019\/09\/Kvinnor-i-landslagsledning-Nils-Joakobsson-Bildbyran-e1625212069895.jpg","datePublished":"2021-09-10T07:13:14+00:00","dateModified":"2021-09-15T15:12:42+00:00","author":{"@id":"https:\/\/www.budokampsport.se\/#\/schema\/person\/d80c0bc61f1787703168fc250ce69522"},"description":"UTBILDNING | Nu bjuds landslags- och elittr\u00e4nare \u00e5ter in till Bos\u00f6n.","breadcrumb":{"@id":"https:\/\/www.budokampsport.se\/2021\/09\/10\/natverkstraff-for-kvinnor-i-landslagsledning\/#breadcrumb"},"inLanguage":"sv-SE","potentialAction":[{"@type":"ReadAction","target":["https:\/\/www.budokampsport.se\/2021\/09\/10\/natverkstraff-for-kvinnor-i-landslagsledning\/"]}]},{"@type":"ImageObject","inLanguage":"sv-SE","@id":"https:\/\/www.budokampsport.se\/2021\/09\/10\/natverkstraff-for-kvinnor-i-landslagsledning\/#primaryimage","url":"https:\/\/www.budokampsport.se\/wp-content\/uploads\/2019\/09\/Kvinnor-i-landslagsledning-Nils-Joakobsson-Bildbyran-e1625212069895.jpg","contentUrl":"https:\/\/www.budokampsport.se\/wp-content\/uploads\/2019\/09\/Kvinnor-i-landslagsledning-Nils-Joakobsson-Bildbyran-e1625212069895.jpg","width":850,"height":556,"caption":"131109 Uppvisning av kickboxning den 9 november 2013 i Malm\u00f6. Foto: NILS JAKOBSSON \/ BILDBYR\u00c5N \/ kod NJ \/ 73872"},{"@type":"BreadcrumbList","@id":"https:\/\/www.budokampsport.se\/2021\/09\/10\/natverkstraff-for-kvinnor-i-landslagsledning\/#breadcrumb","itemListElement":[{"@type":"ListItem","position":1,"name":"Hem","item":"https:\/\/www.budokampsport.se\/"},{"@type":"ListItem","position":2,"name":"N\u00e4tverkstr\u00e4ff f\u00f6r kvinnor i landslagsledning"}]},{"@type":"WebSite","@id":"https:\/\/www.budokampsport.se\/#website","url":"https:\/\/www.budokampsport.se\/","name":"Svenska Budo &amp; Kampsportsf\u00f6rbundet","description":"T\u00e4vling, Tr\u00e4ning, Tradition","potentialAction":[{"@type":"SearchAction","target":{"@type":"EntryPoint","urlTemplate":"https:\/\/www.budokampsport.se\/?s={search_term_string}"},"query-input":{"@type":"PropertyValueSpecification","valueRequired":true,"valueName":"search_term_string"}}],"inLanguage":"sv-SE"},{"@type":"Person","@id":"https:\/\/www.budokampsport.se\/#\/schema\/person\/d80c0bc61f1787703168fc250ce69522","name":"Mats Lilja","image":{"@type":"ImageObject","inLanguage":"sv-SE","@id":"https:\/\/www.budokampsport.se\/#\/schema\/person\/image\/","url":"https:\/\/secure.gravatar.com\/avatar\/607f84918e96abe1ebbd8611782fa57d?s=96&d=blank&r=g","contentUrl":"https:\/\/secure.gravatar.com\/avatar\/607f84918e96abe1ebbd8611782fa57d?s=96&d=blank&r=g","caption":"Mats Lilja"},"url":"https:\/\/www.budokampsport.se\/author\/mats-lilja\/"}]}},"_links":{"self":[{"href":"https:\/\/www.budokampsport.se\/api\/wp\/v2\/posts\/127851","targetHints":{"allow":["GET"]}}],"collection":[{"href":"https:\/\/www.budokampsport.se\/api\/wp\/v2\/posts"}],"about":[{"href":"https:\/\/www.budokampsport.se\/api\/wp\/v2\/types\/post"}],"author":[{"embeddable":true,"href":"https:\/\/www.budokampsport.se\/api\/wp\/v2\/users\/914"}],"replies":[{"embeddable":true,"href":"https:\/\/www.budokampsport.se\/api\/wp\/v2\/comments?post=127851"}],"version-history":[{"count":0,"href":"https:\/\/www.budokampsport.se\/api\/wp\/v2\/posts\/127851\/revisions"}],"wp:featuredmedia":[{"embeddable":true,"href":"https:\/\/www.budokampsport.se\/api\/wp\/v2\/media\/105799"}],"wp:attachment":[{"href":"https:\/\/www.budokampsport.se\/api\/wp\/v2\/media?parent=127851"}],"wp:term":[{"taxonomy":"category","embeddable":true,"href":"https:\/\/www.budokampsport.se\/api\/wp\/v2\/categories?post=127851"},{"taxonomy":"post_tag","embeddable":true,"href":"https:\/\/www.budokampsport.se\/api\/wp\/v2\/tags?post=127851"}],"curies":[{"name":"wp","href":"https:\/\/api.w.org\/{rel}","templated":true}]}}