{"id":128197,"date":"2021-09-15T15:39:26","date_gmt":"2021-09-15T13:39:26","guid":{"rendered":"https:\/\/www.budokampsport.se\/?p=128197"},"modified":"2021-09-15T17:22:06","modified_gmt":"2021-09-15T15:22:06","slug":"hemsidor-i-idrottonline-avvecklas","status":"publish","type":"post","link":"https:\/\/www.budokampsport.se\/2021\/09\/15\/hemsidor-i-idrottonline-avvecklas\/","title":{"rendered":"Hemsidor i IdrottOnline avvecklas"},"content":{"rendered":"<p>Riksidrottsf\u00f6rbundet meddelar att hemsideverktyget Episerver kommer att l\u00e4ggas ner. Som fr\u00e4msta f\u00f6rklaring anges ekonomiska sk\u00e4l.<\/p>\n<p>Detta \u00e4r allts\u00e5 n\u00e5got som endast p\u00e5verkar de f\u00f6reningar som har valt att ha sin egna hemsida via Episerver p\u00e5 IdrottOnline. \u00d6vriga administrativa delar i IdrottOnline kommer att finnas kvar.<\/p>\n<p>Avvecklingen sker f\u00f6rst vid \u00e5rsskiftet 2022\/23. Mer information om avvecklingen finns p\u00e5 <a href=\"https:\/\/support.idrottonline.se\/support\/solutions\/folders\/11000018229\" target=\"_blank\" rel=\"noopener noreferrer\">IdrottOnlines hemsida<\/a>.<\/p>\n<p>Har ni n\u00e5gra fr\u00e5gor kring detta s\u00e5 kontaktar ni <a href=\"https:\/\/support.idrottonline.se\/support\/home\" target=\"_blank\" rel=\"noopener noreferrer\">IdrottOnlines support<\/a>.<\/p>\n<p>Text: Mats Lilja<br \/>\nFoto: Bildbyr\u00e5n<\/p>\n","protected":false},"excerpt":{"rendered":"<p>De f\u00f6reningar som har egna hemsidor via IdrottOnline m\u00e5ste hitta andra l\u00f6sningar fram\u00f6ver. Men man har mer \u00e4n ett \u00e5r p\u00e5 sig.<\/p><br>","protected":false},"author":914,"featured_media":128216,"comment_status":"open","ping_status":"open","sticky":false,"template":"","format":"standard","meta":{"_acf_changed":false,"footnotes":""},"categories":[481,1],"tags":[],"class_list":["post-128197","post","type-post","status-publish","format-standard","has-post-thumbnail","hentry","category-forening","category-okategoriserade"],"acf":[],"yoast_head":"<!-- This site is optimized with the Yoast SEO plugin v26.8 - https:\/\/yoast.com\/product\/yoast-seo-wordpress\/ -->\n<title>Hemsidor i IdrottOnline avvecklas - Svenska Budo &amp; Kampsportsf\u00f6rbundet<\/title>\n<meta name=\"description\" content=\"De f\u00f6reningar som har egna hemsidor via IdrottOnline m\u00e5ste hitta andra l\u00f6sningar fram\u00f6ver. Men man har mer \u00e4n ett \u00e5r p\u00e5 sig.\" \/>\n<meta name=\"robots\" content=\"index, follow, max-snippet:-1, max-image-preview:large, max-video-preview:-1\" \/>\n<link rel=\"canonical\" href=\"https:\/\/www.budokampsport.se\/2021\/09\/15\/hemsidor-i-idrottonline-avvecklas\/\" \/>\n<meta property=\"og:locale\" content=\"sv_SE\" \/>\n<meta property=\"og:type\" content=\"article\" \/>\n<meta property=\"og:title\" content=\"Hemsidor i IdrottOnline avvecklas - Svenska Budo &amp; Kampsportsf\u00f6rbundet\" \/>\n<meta property=\"og:description\" content=\"De f\u00f6reningar som har egna hemsidor via IdrottOnline m\u00e5ste hitta andra l\u00f6sningar fram\u00f6ver. Men man har mer \u00e4n ett \u00e5r p\u00e5 sig.\" \/>\n<meta property=\"og:url\" content=\"https:\/\/www.budokampsport.se\/2021\/09\/15\/hemsidor-i-idrottonline-avvecklas\/\" \/>\n<meta property=\"og:site_name\" content=\"Svenska Budo &amp; Kampsportsf\u00f6rbundet\" \/>\n<meta property=\"article:published_time\" content=\"2021-09-15T13:39:26+00:00\" \/>\n<meta property=\"article:modified_time\" content=\"2021-09-15T15:22:06+00:00\" \/>\n<meta property=\"og:image\" content=\"https:\/\/www.budokampsport.se\/wp-content\/uploads\/2021\/09\/BB200323MB006-847px.jpg\" \/>\n\t<meta property=\"og:image:width\" content=\"847\" \/>\n\t<meta property=\"og:image:height\" content=\"565\" \/>\n\t<meta property=\"og:image:type\" content=\"image\/jpeg\" \/>\n<meta name=\"author\" content=\"Mats Lilja\" \/>\n<meta name=\"twitter:card\" content=\"summary_large_image\" \/>\n<meta name=\"twitter:label1\" content=\"Skriven av\" \/>\n\t<meta name=\"twitter:data1\" content=\"Mats Lilja\" \/>\n<script type=\"application\/ld+json\" class=\"yoast-schema-graph\">{\"@context\":\"https:\/\/schema.org\",\"@graph\":[{\"@type\":\"Article\",\"@id\":\"https:\/\/www.budokampsport.se\/2021\/09\/15\/hemsidor-i-idrottonline-avvecklas\/#article\",\"isPartOf\":{\"@id\":\"https:\/\/www.budokampsport.se\/2021\/09\/15\/hemsidor-i-idrottonline-avvecklas\/\"},\"author\":{\"name\":\"Mats Lilja\",\"@id\":\"https:\/\/www.budokampsport.se\/#\/schema\/person\/d80c0bc61f1787703168fc250ce69522\"},\"headline\":\"Hemsidor i IdrottOnline avvecklas\",\"datePublished\":\"2021-09-15T13:39:26+00:00\",\"dateModified\":\"2021-09-15T15:22:06+00:00\",\"mainEntityOfPage\":{\"@id\":\"https:\/\/www.budokampsport.se\/2021\/09\/15\/hemsidor-i-idrottonline-avvecklas\/\"},\"wordCount\":90,\"commentCount\":0,\"image\":{\"@id\":\"https:\/\/www.budokampsport.se\/2021\/09\/15\/hemsidor-i-idrottonline-avvecklas\/#primaryimage\"},\"thumbnailUrl\":\"https:\/\/www.budokampsport.se\/wp-content\/uploads\/2021\/09\/BB200323MB006-847px.jpg\",\"articleSection\":[\"F\u00f6rening\"],\"inLanguage\":\"sv-SE\",\"potentialAction\":[{\"@type\":\"CommentAction\",\"name\":\"Comment\",\"target\":[\"https:\/\/www.budokampsport.se\/2021\/09\/15\/hemsidor-i-idrottonline-avvecklas\/#respond\"]}]},{\"@type\":\"WebPage\",\"@id\":\"https:\/\/www.budokampsport.se\/2021\/09\/15\/hemsidor-i-idrottonline-avvecklas\/\",\"url\":\"https:\/\/www.budokampsport.se\/2021\/09\/15\/hemsidor-i-idrottonline-avvecklas\/\",\"name\":\"Hemsidor i IdrottOnline avvecklas - Svenska Budo &amp; Kampsportsf\u00f6rbundet\",\"isPartOf\":{\"@id\":\"https:\/\/www.budokampsport.se\/#website\"},\"primaryImageOfPage\":{\"@id\":\"https:\/\/www.budokampsport.se\/2021\/09\/15\/hemsidor-i-idrottonline-avvecklas\/#primaryimage\"},\"image\":{\"@id\":\"https:\/\/www.budokampsport.se\/2021\/09\/15\/hemsidor-i-idrottonline-avvecklas\/#primaryimage\"},\"thumbnailUrl\":\"https:\/\/www.budokampsport.se\/wp-content\/uploads\/2021\/09\/BB200323MB006-847px.jpg\",\"datePublished\":\"2021-09-15T13:39:26+00:00\",\"dateModified\":\"2021-09-15T15:22:06+00:00\",\"author\":{\"@id\":\"https:\/\/www.budokampsport.se\/#\/schema\/person\/d80c0bc61f1787703168fc250ce69522\"},\"description\":\"De f\u00f6reningar som har egna hemsidor via IdrottOnline m\u00e5ste hitta andra l\u00f6sningar fram\u00f6ver. Men man har mer \u00e4n ett \u00e5r p\u00e5 sig.\",\"breadcrumb\":{\"@id\":\"https:\/\/www.budokampsport.se\/2021\/09\/15\/hemsidor-i-idrottonline-avvecklas\/#breadcrumb\"},\"inLanguage\":\"sv-SE\",\"potentialAction\":[{\"@type\":\"ReadAction\",\"target\":[\"https:\/\/www.budokampsport.se\/2021\/09\/15\/hemsidor-i-idrottonline-avvecklas\/\"]}]},{\"@type\":\"ImageObject\",\"inLanguage\":\"sv-SE\",\"@id\":\"https:\/\/www.budokampsport.se\/2021\/09\/15\/hemsidor-i-idrottonline-avvecklas\/#primaryimage\",\"url\":\"https:\/\/www.budokampsport.se\/wp-content\/uploads\/2021\/09\/BB200323MB006-847px.jpg\",\"contentUrl\":\"https:\/\/www.budokampsport.se\/wp-content\/uploads\/2021\/09\/BB200323MB006-847px.jpg\",\"width\":847,\"height\":565,\"caption\":\"200323 En gymnasieelev studerar p\u00e5 distans d\u00e5 skolan st\u00e4ngt p\u00e5 grund av coronaviruset covid-19 den 23 mars 2020 i Torestorp. Foto: Mathias Bergeld \/ BILDBYR\u00c5N \/ Cop 200\"},{\"@type\":\"BreadcrumbList\",\"@id\":\"https:\/\/www.budokampsport.se\/2021\/09\/15\/hemsidor-i-idrottonline-avvecklas\/#breadcrumb\",\"itemListElement\":[{\"@type\":\"ListItem\",\"position\":1,\"name\":\"Hem\",\"item\":\"https:\/\/www.budokampsport.se\/\"},{\"@type\":\"ListItem\",\"position\":2,\"name\":\"Hemsidor i IdrottOnline avvecklas\"}]},{\"@type\":\"WebSite\",\"@id\":\"https:\/\/www.budokampsport.se\/#website\",\"url\":\"https:\/\/www.budokampsport.se\/\",\"name\":\"Svenska Budo &amp; Kampsportsf\u00f6rbundet\",\"description\":\"T\u00e4vling, Tr\u00e4ning, Tradition\",\"potentialAction\":[{\"@type\":\"SearchAction\",\"target\":{\"@type\":\"EntryPoint\",\"urlTemplate\":\"https:\/\/www.budokampsport.se\/?s={search_term_string}\"},\"query-input\":{\"@type\":\"PropertyValueSpecification\",\"valueRequired\":true,\"valueName\":\"search_term_string\"}}],\"inLanguage\":\"sv-SE\"},{\"@type\":\"Person\",\"@id\":\"https:\/\/www.budokampsport.se\/#\/schema\/person\/d80c0bc61f1787703168fc250ce69522\",\"name\":\"Mats Lilja\",\"image\":{\"@type\":\"ImageObject\",\"inLanguage\":\"sv-SE\",\"@id\":\"https:\/\/www.budokampsport.se\/#\/schema\/person\/image\/\",\"url\":\"https:\/\/secure.gravatar.com\/avatar\/607f84918e96abe1ebbd8611782fa57d?s=96&d=blank&r=g\",\"contentUrl\":\"https:\/\/secure.gravatar.com\/avatar\/607f84918e96abe1ebbd8611782fa57d?s=96&d=blank&r=g\",\"caption\":\"Mats Lilja\"},\"url\":\"https:\/\/www.budokampsport.se\/author\/mats-lilja\/\"}]}<\/script>\n<!-- \/ Yoast SEO plugin. -->","yoast_head_json":{"title":"Hemsidor i IdrottOnline avvecklas - Svenska Budo &amp; Kampsportsf\u00f6rbundet","description":"De f\u00f6reningar som har egna hemsidor via IdrottOnline m\u00e5ste hitta andra l\u00f6sningar fram\u00f6ver. Men man har mer \u00e4n ett \u00e5r p\u00e5 sig.","robots":{"index":"index","follow":"follow","max-snippet":"max-snippet:-1","max-image-preview":"max-image-preview:large","max-video-preview":"max-video-preview:-1"},"canonical":"https:\/\/www.budokampsport.se\/2021\/09\/15\/hemsidor-i-idrottonline-avvecklas\/","og_locale":"sv_SE","og_type":"article","og_title":"Hemsidor i IdrottOnline avvecklas - Svenska Budo &amp; Kampsportsf\u00f6rbundet","og_description":"De f\u00f6reningar som har egna hemsidor via IdrottOnline m\u00e5ste hitta andra l\u00f6sningar fram\u00f6ver. Men man har mer \u00e4n ett \u00e5r p\u00e5 sig.","og_url":"https:\/\/www.budokampsport.se\/2021\/09\/15\/hemsidor-i-idrottonline-avvecklas\/","og_site_name":"Svenska Budo &amp; Kampsportsf\u00f6rbundet","article_published_time":"2021-09-15T13:39:26+00:00","article_modified_time":"2021-09-15T15:22:06+00:00","og_image":[{"width":847,"height":565,"url":"https:\/\/www.budokampsport.se\/wp-content\/uploads\/2021\/09\/BB200323MB006-847px.jpg","type":"image\/jpeg"}],"author":"Mats Lilja","twitter_card":"summary_large_image","twitter_misc":{"Skriven av":"Mats Lilja"},"schema":{"@context":"https:\/\/schema.org","@graph":[{"@type":"Article","@id":"https:\/\/www.budokampsport.se\/2021\/09\/15\/hemsidor-i-idrottonline-avvecklas\/#article","isPartOf":{"@id":"https:\/\/www.budokampsport.se\/2021\/09\/15\/hemsidor-i-idrottonline-avvecklas\/"},"author":{"name":"Mats Lilja","@id":"https:\/\/www.budokampsport.se\/#\/schema\/person\/d80c0bc61f1787703168fc250ce69522"},"headline":"Hemsidor i IdrottOnline avvecklas","datePublished":"2021-09-15T13:39:26+00:00","dateModified":"2021-09-15T15:22:06+00:00","mainEntityOfPage":{"@id":"https:\/\/www.budokampsport.se\/2021\/09\/15\/hemsidor-i-idrottonline-avvecklas\/"},"wordCount":90,"commentCount":0,"image":{"@id":"https:\/\/www.budokampsport.se\/2021\/09\/15\/hemsidor-i-idrottonline-avvecklas\/#primaryimage"},"thumbnailUrl":"https:\/\/www.budokampsport.se\/wp-content\/uploads\/2021\/09\/BB200323MB006-847px.jpg","articleSection":["F\u00f6rening"],"inLanguage":"sv-SE","potentialAction":[{"@type":"CommentAction","name":"Comment","target":["https:\/\/www.budokampsport.se\/2021\/09\/15\/hemsidor-i-idrottonline-avvecklas\/#respond"]}]},{"@type":"WebPage","@id":"https:\/\/www.budokampsport.se\/2021\/09\/15\/hemsidor-i-idrottonline-avvecklas\/","url":"https:\/\/www.budokampsport.se\/2021\/09\/15\/hemsidor-i-idrottonline-avvecklas\/","name":"Hemsidor i IdrottOnline avvecklas - Svenska Budo &amp; Kampsportsf\u00f6rbundet","isPartOf":{"@id":"https:\/\/www.budokampsport.se\/#website"},"primaryImageOfPage":{"@id":"https:\/\/www.budokampsport.se\/2021\/09\/15\/hemsidor-i-idrottonline-avvecklas\/#primaryimage"},"image":{"@id":"https:\/\/www.budokampsport.se\/2021\/09\/15\/hemsidor-i-idrottonline-avvecklas\/#primaryimage"},"thumbnailUrl":"https:\/\/www.budokampsport.se\/wp-content\/uploads\/2021\/09\/BB200323MB006-847px.jpg","datePublished":"2021-09-15T13:39:26+00:00","dateModified":"2021-09-15T15:22:06+00:00","author":{"@id":"https:\/\/www.budokampsport.se\/#\/schema\/person\/d80c0bc61f1787703168fc250ce69522"},"description":"De f\u00f6reningar som har egna hemsidor via IdrottOnline m\u00e5ste hitta andra l\u00f6sningar fram\u00f6ver. Men man har mer \u00e4n ett \u00e5r p\u00e5 sig.","breadcrumb":{"@id":"https:\/\/www.budokampsport.se\/2021\/09\/15\/hemsidor-i-idrottonline-avvecklas\/#breadcrumb"},"inLanguage":"sv-SE","potentialAction":[{"@type":"ReadAction","target":["https:\/\/www.budokampsport.se\/2021\/09\/15\/hemsidor-i-idrottonline-avvecklas\/"]}]},{"@type":"ImageObject","inLanguage":"sv-SE","@id":"https:\/\/www.budokampsport.se\/2021\/09\/15\/hemsidor-i-idrottonline-avvecklas\/#primaryimage","url":"https:\/\/www.budokampsport.se\/wp-content\/uploads\/2021\/09\/BB200323MB006-847px.jpg","contentUrl":"https:\/\/www.budokampsport.se\/wp-content\/uploads\/2021\/09\/BB200323MB006-847px.jpg","width":847,"height":565,"caption":"200323 En gymnasieelev studerar p\u00e5 distans d\u00e5 skolan st\u00e4ngt p\u00e5 grund av coronaviruset covid-19 den 23 mars 2020 i Torestorp. Foto: Mathias Bergeld \/ BILDBYR\u00c5N \/ Cop 200"},{"@type":"BreadcrumbList","@id":"https:\/\/www.budokampsport.se\/2021\/09\/15\/hemsidor-i-idrottonline-avvecklas\/#breadcrumb","itemListElement":[{"@type":"ListItem","position":1,"name":"Hem","item":"https:\/\/www.budokampsport.se\/"},{"@type":"ListItem","position":2,"name":"Hemsidor i IdrottOnline avvecklas"}]},{"@type":"WebSite","@id":"https:\/\/www.budokampsport.se\/#website","url":"https:\/\/www.budokampsport.se\/","name":"Svenska Budo &amp; Kampsportsf\u00f6rbundet","description":"T\u00e4vling, Tr\u00e4ning, Tradition","potentialAction":[{"@type":"SearchAction","target":{"@type":"EntryPoint","urlTemplate":"https:\/\/www.budokampsport.se\/?s={search_term_string}"},"query-input":{"@type":"PropertyValueSpecification","valueRequired":true,"valueName":"search_term_string"}}],"inLanguage":"sv-SE"},{"@type":"Person","@id":"https:\/\/www.budokampsport.se\/#\/schema\/person\/d80c0bc61f1787703168fc250ce69522","name":"Mats Lilja","image":{"@type":"ImageObject","inLanguage":"sv-SE","@id":"https:\/\/www.budokampsport.se\/#\/schema\/person\/image\/","url":"https:\/\/secure.gravatar.com\/avatar\/607f84918e96abe1ebbd8611782fa57d?s=96&d=blank&r=g","contentUrl":"https:\/\/secure.gravatar.com\/avatar\/607f84918e96abe1ebbd8611782fa57d?s=96&d=blank&r=g","caption":"Mats Lilja"},"url":"https:\/\/www.budokampsport.se\/author\/mats-lilja\/"}]}},"_links":{"self":[{"href":"https:\/\/www.budokampsport.se\/api\/wp\/v2\/posts\/128197","targetHints":{"allow":["GET"]}}],"collection":[{"href":"https:\/\/www.budokampsport.se\/api\/wp\/v2\/posts"}],"about":[{"href":"https:\/\/www.budokampsport.se\/api\/wp\/v2\/types\/post"}],"author":[{"embeddable":true,"href":"https:\/\/www.budokampsport.se\/api\/wp\/v2\/users\/914"}],"replies":[{"embeddable":true,"href":"https:\/\/www.budokampsport.se\/api\/wp\/v2\/comments?post=128197"}],"version-history":[{"count":0,"href":"https:\/\/www.budokampsport.se\/api\/wp\/v2\/posts\/128197\/revisions"}],"wp:featuredmedia":[{"embeddable":true,"href":"https:\/\/www.budokampsport.se\/api\/wp\/v2\/media\/128216"}],"wp:attachment":[{"href":"https:\/\/www.budokampsport.se\/api\/wp\/v2\/media?parent=128197"}],"wp:term":[{"taxonomy":"category","embeddable":true,"href":"https:\/\/www.budokampsport.se\/api\/wp\/v2\/categories?post=128197"},{"taxonomy":"post_tag","embeddable":true,"href":"https:\/\/www.budokampsport.se\/api\/wp\/v2\/tags?post=128197"}],"curies":[{"name":"wp","href":"https:\/\/api.w.org\/{rel}","templated":true}]}}