{"id":128295,"date":"2021-09-24T07:17:17","date_gmt":"2021-09-24T05:17:17","guid":{"rendered":"https:\/\/www.budokampsport.se\/?p=128295"},"modified":"2021-09-25T09:20:18","modified_gmt":"2021-09-25T07:20:18","slug":"idrottens-dag","status":"publish","type":"post","link":"https:\/\/www.budokampsport.se\/2021\/09\/24\/idrottens-dag\/","title":{"rendered":"Idag uppm\u00e4rksammas Idrottens dag"},"content":{"rendered":"<p>Riksidrottsf\u00f6rbundet arrangerar idag Idrottens dag i cirka 400 skolor \u00f6ver hela Sverige. Detta i samarbete med RF-SISU-distrikten.<\/p>\n<p>Dagen har arrangerats sedan 2017 och beskrivs s\u00e5 h\u00e4r p\u00e5 RF:s <a href=\"https:\/\/www.rf.se\/RFarbetarmed\/Aktuellaprojekt\/Idrottensdag\" target=\"_blank\" rel=\"noopener noreferrer\">hemsida<\/a>:<\/p>\n<p style=\"padding-left: 40px;\"><em>Idrottens dag i skolan \u00e4r en kul dag med aktiviteter f\u00f6r att h\u00f6ja kunskapen om barns idrottande och bygga broar mellan skolan, barnen och idrottsr\u00f6relsen. M\u00e5let \u00e4r att fler ska kunna och vilja idrotta hela livet.<\/em><\/p>\n<p>Idrottens dag \u00e4r ocks\u00e5 en del av <a title=\"Sida European School Sports Day\" href=\"https:\/\/www.essd.eu\/sv\/\" target=\"_blank\" rel=\"noopener noreferrer\">European School Sports Day<\/a>\u00a0och EU-projektet\u00a0<a title=\"Sida European Week of Sports\" href=\"https:\/\/ec.europa.eu\/sport\/week_en\" target=\"_blank\" rel=\"noopener noreferrer\">European Week of Sports<\/a>.<\/p>\n<p>Ett antal av SB&amp;K:s idrottsf\u00f6reningar deltar p\u00e5 olika orter i landet. L\u00e4s vad n\u00e5gra av v\u00e5ra f\u00f6reningar har att s\u00e4ga om projektet h\u00e4r nedanf\u00f6r.<\/p>\n<p>&nbsp;<\/p>\n<h2>021 Grappling, V\u00e4ster\u00e5s<\/h2>\n<p><strong> Jesper Zels:\u00a0<\/strong><\/p>\n<p><strong>&#8220;<\/strong>Vi fick fr\u00e5gan av RF-SISU V\u00e4stmanland om vi ville vara med och visa upp brasiliansk jiu jitsu p\u00e5 Idrottens dag som en del av deras R\u00f6relsesatsning i skolan. Sj\u00e4lvklart svarade vi ja. V\u00e5r f\u00f6rening satsar v\u00e4ldigt mycket p\u00e5 v\u00e5ra barn- och ungdomsgrupper och vi k\u00e4nde att det h\u00e4r var en fantastisk m\u00f6jlighet att f\u00e5 visa upp vad vi g\u00f6r f\u00f6r \u00e4nnu fler barn i V\u00e4ster\u00e5s. V\u00e5rt m\u00e5l med varje tr\u00e4ning hos oss \u00e4r att barnen ska g\u00e5 d\u00e4rifr\u00e5n med ett leende p\u00e5 l\u00e4pparna.<\/p>\n<p>D\u00e4rf\u00f6r anpassar vi tr\u00e4ningen, som brukar best\u00e5 av teknikgenomg\u00e5ngar, lek och sparring, efter vad gruppen just d\u00e5 verkar beh\u00f6va. Fokuset p\u00e5 Idrottens dag kommer d\u00e4rf\u00f6r att ligga p\u00e5 r\u00f6relsegl\u00e4dje s\u00e5 att alla barn vi tr\u00e4ffar f\u00e5r en rolig tr\u00e4ning med hj\u00e4lp av \u00f6vningar och tekniker fr\u00e5n v\u00e5r kampsport. Vi \u00e4r v\u00e4ldigt glada \u00f6ver att vi f\u00e5r vara med och bidra med det vi kan p\u00e5 den h\u00e4r dagen d\u00e5 den\u00a0\u00e4r v\u00e4ldigt viktig f\u00f6r arbetet med att inspirera barn till ett livsl\u00e5ngt idrottande.<strong>&#8220;<\/strong><\/p>\n<p>&nbsp;<\/p>\n<h2>Tullinge Muay Thai, Botkyrka<\/h2>\n<p><strong>Johan Bjarnestad:<\/strong><\/p>\n<p><strong>&#8220;<\/strong>Vi \u00e4r med p\u00e5 Idrottens dag d\u00e4rf\u00f6r att vi tror p\u00e5 att alla barn beh\u00f6ver aktiveras. Vi vill f\u00e5 barn och ungdomar att testa en fantastisk kampsport som f\u00e5r ig\u00e5ng hela kroppen. Det g\u00f6r kommunen men ocks\u00e5 varje individ tryggare d\u00e5 de kommer att f\u00e5 jobba med disciplin, koordination, sj\u00e4lvf\u00f6rsvar, f\u00e5 l\u00e4ra sig teamanda och uppleva en familj\u00e4r gemenskap.<\/p>\n<p>Vi vill alltid finnas med som ett ansikte ut\u00e5t f\u00f6r att st\u00f6tta s\u00e5 m\u00e5nga barn och ungdomar som m\u00f6jligt. V\u00e5r planering f\u00f6r den h\u00e4r dagen \u00e4r att att k\u00f6ra en heldag f\u00f6r barn 6-11 \u00e5r d\u00e4r de f\u00e5r testa thaiboxning med tv\u00e5 av v\u00e5ra huvudinstrukt\u00f6rer.<strong>&#8220;<\/strong><\/p>\n<p>&nbsp;<\/p>\n<h2>S\u00f6lvesborgs Budos\u00e4llskap<\/h2>\n<p><strong>Tobias Kandenberg:<\/strong><\/p>\n<p><strong>&#8220;<\/strong>Vi har varit verksamma i \u00f6ver 30 \u00e5r och bedriver i v\u00e5r verksamhet de traditionella budoarterna jujutsu och iaido. Vi \u00e4r stolta \u00f6ver att f\u00e5 vara med och delta p\u00e5 Idrottens dag och f\u00e5 chansen att f\u00f6rmedla vad det \u00e4r f\u00f6r sorts aktivitet vi bedriver. Vi tycker att alla skall ha chansen att r\u00f6ra p\u00e5 sig och d\u00e4rf\u00f6r<br \/>\nanpassar vi alltid tr\u00e4ningen efter de egna f\u00f6ruts\u00e4ttningarna.<\/p>\n<p>Vi tycker det \u00e4r enormt viktigt att just ungdomar r\u00f6r p\u00e5 sig och hoppas att vi kan inspirera till detta. Under Idrottens dag \u00e4mnar vi att dela med oss av grunderna inom v\u00e5r tr\u00e4ning och l\u00e5ta deltagarna f\u00e5 prova p\u00e5.<strong>&#8220;<\/strong><\/p>\n<p>Text: Mats Lilja<br \/>\nFoto: 021 Grappling<\/p>\n","protected":false},"excerpt":{"rendered":"<p>\u00d6ver hela Sverige f\u00e5r skolungdomar prova p\u00e5 olika idrotter. Svenska Budo &#038; Kampsportsf\u00f6rbundets f\u00f6reningar medverkar p\u00e5 flera orter.<\/p><br>","protected":false},"author":914,"featured_media":128671,"comment_status":"open","ping_status":"open","sticky":false,"template":"","format":"standard","meta":{"_acf_changed":false,"footnotes":""},"categories":[481,1,273],"tags":[],"class_list":["post-128295","post","type-post","status-publish","format-standard","has-post-thumbnail","hentry","category-forening","category-okategoriserade","category-utbildning"],"acf":[],"yoast_head":"<!-- This site is optimized with the Yoast SEO plugin v26.8 - https:\/\/yoast.com\/product\/yoast-seo-wordpress\/ -->\n<title>Idag uppm\u00e4rksammas Idrottens dag - Svenska Budo &amp; Kampsportsf\u00f6rbundet<\/title>\n<meta name=\"description\" content=\"\u00d6ver hela Sverige f\u00e5r skolungdomar prova p\u00e5 olika idrotter. Svenska Budo &amp; Kampsportsf\u00f6rbundets f\u00f6reningar medverkar p\u00e5 flera orter.\" \/>\n<meta name=\"robots\" content=\"index, follow, max-snippet:-1, max-image-preview:large, max-video-preview:-1\" \/>\n<link rel=\"canonical\" href=\"https:\/\/www.budokampsport.se\/2021\/09\/24\/idrottens-dag\/\" \/>\n<meta property=\"og:locale\" content=\"sv_SE\" \/>\n<meta property=\"og:type\" content=\"article\" \/>\n<meta property=\"og:title\" content=\"Idag uppm\u00e4rksammas Idrottens dag - Svenska Budo &amp; Kampsportsf\u00f6rbundet\" \/>\n<meta property=\"og:description\" content=\"\u00d6ver hela Sverige f\u00e5r skolungdomar prova p\u00e5 olika idrotter. Svenska Budo &amp; Kampsportsf\u00f6rbundets f\u00f6reningar medverkar p\u00e5 flera orter.\" \/>\n<meta property=\"og:url\" content=\"https:\/\/www.budokampsport.se\/2021\/09\/24\/idrottens-dag\/\" \/>\n<meta property=\"og:site_name\" content=\"Svenska Budo &amp; Kampsportsf\u00f6rbundet\" \/>\n<meta property=\"article:published_time\" content=\"2021-09-24T05:17:17+00:00\" \/>\n<meta property=\"article:modified_time\" content=\"2021-09-25T07:20:18+00:00\" \/>\n<meta property=\"og:image\" content=\"https:\/\/www.budokampsport.se\/wp-content\/uploads\/2021\/09\/021grappling.jpg\" \/>\n\t<meta property=\"og:image:width\" content=\"847\" \/>\n\t<meta property=\"og:image:height\" content=\"565\" \/>\n\t<meta property=\"og:image:type\" content=\"image\/jpeg\" \/>\n<meta name=\"author\" content=\"Mats Lilja\" \/>\n<meta name=\"twitter:card\" content=\"summary_large_image\" \/>\n<meta name=\"twitter:label1\" content=\"Skriven av\" \/>\n\t<meta name=\"twitter:data1\" content=\"Mats Lilja\" \/>\n\t<meta name=\"twitter:label2\" content=\"Ber\u00e4knad l\u00e4stid\" \/>\n\t<meta name=\"twitter:data2\" content=\"3 minuter\" \/>\n<script type=\"application\/ld+json\" class=\"yoast-schema-graph\">{\"@context\":\"https:\/\/schema.org\",\"@graph\":[{\"@type\":\"Article\",\"@id\":\"https:\/\/www.budokampsport.se\/2021\/09\/24\/idrottens-dag\/#article\",\"isPartOf\":{\"@id\":\"https:\/\/www.budokampsport.se\/2021\/09\/24\/idrottens-dag\/\"},\"author\":{\"name\":\"Mats Lilja\",\"@id\":\"https:\/\/www.budokampsport.se\/#\/schema\/person\/d80c0bc61f1787703168fc250ce69522\"},\"headline\":\"Idag uppm\u00e4rksammas Idrottens dag\",\"datePublished\":\"2021-09-24T05:17:17+00:00\",\"dateModified\":\"2021-09-25T07:20:18+00:00\",\"mainEntityOfPage\":{\"@id\":\"https:\/\/www.budokampsport.se\/2021\/09\/24\/idrottens-dag\/\"},\"wordCount\":607,\"commentCount\":0,\"image\":{\"@id\":\"https:\/\/www.budokampsport.se\/2021\/09\/24\/idrottens-dag\/#primaryimage\"},\"thumbnailUrl\":\"https:\/\/www.budokampsport.se\/wp-content\/uploads\/2021\/09\/021grappling.jpg\",\"articleSection\":{\"0\":\"F\u00f6rening\",\"2\":\"Utbildning\"},\"inLanguage\":\"sv-SE\",\"potentialAction\":[{\"@type\":\"CommentAction\",\"name\":\"Comment\",\"target\":[\"https:\/\/www.budokampsport.se\/2021\/09\/24\/idrottens-dag\/#respond\"]}]},{\"@type\":\"WebPage\",\"@id\":\"https:\/\/www.budokampsport.se\/2021\/09\/24\/idrottens-dag\/\",\"url\":\"https:\/\/www.budokampsport.se\/2021\/09\/24\/idrottens-dag\/\",\"name\":\"Idag uppm\u00e4rksammas Idrottens dag - Svenska Budo &amp; Kampsportsf\u00f6rbundet\",\"isPartOf\":{\"@id\":\"https:\/\/www.budokampsport.se\/#website\"},\"primaryImageOfPage\":{\"@id\":\"https:\/\/www.budokampsport.se\/2021\/09\/24\/idrottens-dag\/#primaryimage\"},\"image\":{\"@id\":\"https:\/\/www.budokampsport.se\/2021\/09\/24\/idrottens-dag\/#primaryimage\"},\"thumbnailUrl\":\"https:\/\/www.budokampsport.se\/wp-content\/uploads\/2021\/09\/021grappling.jpg\",\"datePublished\":\"2021-09-24T05:17:17+00:00\",\"dateModified\":\"2021-09-25T07:20:18+00:00\",\"author\":{\"@id\":\"https:\/\/www.budokampsport.se\/#\/schema\/person\/d80c0bc61f1787703168fc250ce69522\"},\"description\":\"\u00d6ver hela Sverige f\u00e5r skolungdomar prova p\u00e5 olika idrotter. Svenska Budo & Kampsportsf\u00f6rbundets f\u00f6reningar medverkar p\u00e5 flera orter.\",\"breadcrumb\":{\"@id\":\"https:\/\/www.budokampsport.se\/2021\/09\/24\/idrottens-dag\/#breadcrumb\"},\"inLanguage\":\"sv-SE\",\"potentialAction\":[{\"@type\":\"ReadAction\",\"target\":[\"https:\/\/www.budokampsport.se\/2021\/09\/24\/idrottens-dag\/\"]}]},{\"@type\":\"ImageObject\",\"inLanguage\":\"sv-SE\",\"@id\":\"https:\/\/www.budokampsport.se\/2021\/09\/24\/idrottens-dag\/#primaryimage\",\"url\":\"https:\/\/www.budokampsport.se\/wp-content\/uploads\/2021\/09\/021grappling.jpg\",\"contentUrl\":\"https:\/\/www.budokampsport.se\/wp-content\/uploads\/2021\/09\/021grappling.jpg\",\"width\":847,\"height\":565,\"caption\":\"BJJ p\u00e5 021 Grappling, V\u00e4ster\u00e5s.\"},{\"@type\":\"BreadcrumbList\",\"@id\":\"https:\/\/www.budokampsport.se\/2021\/09\/24\/idrottens-dag\/#breadcrumb\",\"itemListElement\":[{\"@type\":\"ListItem\",\"position\":1,\"name\":\"Hem\",\"item\":\"https:\/\/www.budokampsport.se\/\"},{\"@type\":\"ListItem\",\"position\":2,\"name\":\"Idag uppm\u00e4rksammas Idrottens dag\"}]},{\"@type\":\"WebSite\",\"@id\":\"https:\/\/www.budokampsport.se\/#website\",\"url\":\"https:\/\/www.budokampsport.se\/\",\"name\":\"Svenska Budo &amp; Kampsportsf\u00f6rbundet\",\"description\":\"T\u00e4vling, Tr\u00e4ning, Tradition\",\"potentialAction\":[{\"@type\":\"SearchAction\",\"target\":{\"@type\":\"EntryPoint\",\"urlTemplate\":\"https:\/\/www.budokampsport.se\/?s={search_term_string}\"},\"query-input\":{\"@type\":\"PropertyValueSpecification\",\"valueRequired\":true,\"valueName\":\"search_term_string\"}}],\"inLanguage\":\"sv-SE\"},{\"@type\":\"Person\",\"@id\":\"https:\/\/www.budokampsport.se\/#\/schema\/person\/d80c0bc61f1787703168fc250ce69522\",\"name\":\"Mats Lilja\",\"image\":{\"@type\":\"ImageObject\",\"inLanguage\":\"sv-SE\",\"@id\":\"https:\/\/www.budokampsport.se\/#\/schema\/person\/image\/\",\"url\":\"https:\/\/secure.gravatar.com\/avatar\/607f84918e96abe1ebbd8611782fa57d?s=96&d=blank&r=g\",\"contentUrl\":\"https:\/\/secure.gravatar.com\/avatar\/607f84918e96abe1ebbd8611782fa57d?s=96&d=blank&r=g\",\"caption\":\"Mats Lilja\"},\"url\":\"https:\/\/www.budokampsport.se\/author\/mats-lilja\/\"}]}<\/script>\n<!-- \/ Yoast SEO plugin. -->","yoast_head_json":{"title":"Idag uppm\u00e4rksammas Idrottens dag - Svenska Budo &amp; Kampsportsf\u00f6rbundet","description":"\u00d6ver hela Sverige f\u00e5r skolungdomar prova p\u00e5 olika idrotter. Svenska Budo & Kampsportsf\u00f6rbundets f\u00f6reningar medverkar p\u00e5 flera orter.","robots":{"index":"index","follow":"follow","max-snippet":"max-snippet:-1","max-image-preview":"max-image-preview:large","max-video-preview":"max-video-preview:-1"},"canonical":"https:\/\/www.budokampsport.se\/2021\/09\/24\/idrottens-dag\/","og_locale":"sv_SE","og_type":"article","og_title":"Idag uppm\u00e4rksammas Idrottens dag - Svenska Budo &amp; Kampsportsf\u00f6rbundet","og_description":"\u00d6ver hela Sverige f\u00e5r skolungdomar prova p\u00e5 olika idrotter. Svenska Budo & Kampsportsf\u00f6rbundets f\u00f6reningar medverkar p\u00e5 flera orter.","og_url":"https:\/\/www.budokampsport.se\/2021\/09\/24\/idrottens-dag\/","og_site_name":"Svenska Budo &amp; Kampsportsf\u00f6rbundet","article_published_time":"2021-09-24T05:17:17+00:00","article_modified_time":"2021-09-25T07:20:18+00:00","og_image":[{"width":847,"height":565,"url":"https:\/\/www.budokampsport.se\/wp-content\/uploads\/2021\/09\/021grappling.jpg","type":"image\/jpeg"}],"author":"Mats Lilja","twitter_card":"summary_large_image","twitter_misc":{"Skriven av":"Mats Lilja","Ber\u00e4knad l\u00e4stid":"3 minuter"},"schema":{"@context":"https:\/\/schema.org","@graph":[{"@type":"Article","@id":"https:\/\/www.budokampsport.se\/2021\/09\/24\/idrottens-dag\/#article","isPartOf":{"@id":"https:\/\/www.budokampsport.se\/2021\/09\/24\/idrottens-dag\/"},"author":{"name":"Mats Lilja","@id":"https:\/\/www.budokampsport.se\/#\/schema\/person\/d80c0bc61f1787703168fc250ce69522"},"headline":"Idag uppm\u00e4rksammas Idrottens dag","datePublished":"2021-09-24T05:17:17+00:00","dateModified":"2021-09-25T07:20:18+00:00","mainEntityOfPage":{"@id":"https:\/\/www.budokampsport.se\/2021\/09\/24\/idrottens-dag\/"},"wordCount":607,"commentCount":0,"image":{"@id":"https:\/\/www.budokampsport.se\/2021\/09\/24\/idrottens-dag\/#primaryimage"},"thumbnailUrl":"https:\/\/www.budokampsport.se\/wp-content\/uploads\/2021\/09\/021grappling.jpg","articleSection":{"0":"F\u00f6rening","2":"Utbildning"},"inLanguage":"sv-SE","potentialAction":[{"@type":"CommentAction","name":"Comment","target":["https:\/\/www.budokampsport.se\/2021\/09\/24\/idrottens-dag\/#respond"]}]},{"@type":"WebPage","@id":"https:\/\/www.budokampsport.se\/2021\/09\/24\/idrottens-dag\/","url":"https:\/\/www.budokampsport.se\/2021\/09\/24\/idrottens-dag\/","name":"Idag uppm\u00e4rksammas Idrottens dag - Svenska Budo &amp; Kampsportsf\u00f6rbundet","isPartOf":{"@id":"https:\/\/www.budokampsport.se\/#website"},"primaryImageOfPage":{"@id":"https:\/\/www.budokampsport.se\/2021\/09\/24\/idrottens-dag\/#primaryimage"},"image":{"@id":"https:\/\/www.budokampsport.se\/2021\/09\/24\/idrottens-dag\/#primaryimage"},"thumbnailUrl":"https:\/\/www.budokampsport.se\/wp-content\/uploads\/2021\/09\/021grappling.jpg","datePublished":"2021-09-24T05:17:17+00:00","dateModified":"2021-09-25T07:20:18+00:00","author":{"@id":"https:\/\/www.budokampsport.se\/#\/schema\/person\/d80c0bc61f1787703168fc250ce69522"},"description":"\u00d6ver hela Sverige f\u00e5r skolungdomar prova p\u00e5 olika idrotter. Svenska Budo & Kampsportsf\u00f6rbundets f\u00f6reningar medverkar p\u00e5 flera orter.","breadcrumb":{"@id":"https:\/\/www.budokampsport.se\/2021\/09\/24\/idrottens-dag\/#breadcrumb"},"inLanguage":"sv-SE","potentialAction":[{"@type":"ReadAction","target":["https:\/\/www.budokampsport.se\/2021\/09\/24\/idrottens-dag\/"]}]},{"@type":"ImageObject","inLanguage":"sv-SE","@id":"https:\/\/www.budokampsport.se\/2021\/09\/24\/idrottens-dag\/#primaryimage","url":"https:\/\/www.budokampsport.se\/wp-content\/uploads\/2021\/09\/021grappling.jpg","contentUrl":"https:\/\/www.budokampsport.se\/wp-content\/uploads\/2021\/09\/021grappling.jpg","width":847,"height":565,"caption":"BJJ p\u00e5 021 Grappling, V\u00e4ster\u00e5s."},{"@type":"BreadcrumbList","@id":"https:\/\/www.budokampsport.se\/2021\/09\/24\/idrottens-dag\/#breadcrumb","itemListElement":[{"@type":"ListItem","position":1,"name":"Hem","item":"https:\/\/www.budokampsport.se\/"},{"@type":"ListItem","position":2,"name":"Idag uppm\u00e4rksammas Idrottens dag"}]},{"@type":"WebSite","@id":"https:\/\/www.budokampsport.se\/#website","url":"https:\/\/www.budokampsport.se\/","name":"Svenska Budo &amp; Kampsportsf\u00f6rbundet","description":"T\u00e4vling, Tr\u00e4ning, Tradition","potentialAction":[{"@type":"SearchAction","target":{"@type":"EntryPoint","urlTemplate":"https:\/\/www.budokampsport.se\/?s={search_term_string}"},"query-input":{"@type":"PropertyValueSpecification","valueRequired":true,"valueName":"search_term_string"}}],"inLanguage":"sv-SE"},{"@type":"Person","@id":"https:\/\/www.budokampsport.se\/#\/schema\/person\/d80c0bc61f1787703168fc250ce69522","name":"Mats Lilja","image":{"@type":"ImageObject","inLanguage":"sv-SE","@id":"https:\/\/www.budokampsport.se\/#\/schema\/person\/image\/","url":"https:\/\/secure.gravatar.com\/avatar\/607f84918e96abe1ebbd8611782fa57d?s=96&d=blank&r=g","contentUrl":"https:\/\/secure.gravatar.com\/avatar\/607f84918e96abe1ebbd8611782fa57d?s=96&d=blank&r=g","caption":"Mats Lilja"},"url":"https:\/\/www.budokampsport.se\/author\/mats-lilja\/"}]}},"_links":{"self":[{"href":"https:\/\/www.budokampsport.se\/api\/wp\/v2\/posts\/128295","targetHints":{"allow":["GET"]}}],"collection":[{"href":"https:\/\/www.budokampsport.se\/api\/wp\/v2\/posts"}],"about":[{"href":"https:\/\/www.budokampsport.se\/api\/wp\/v2\/types\/post"}],"author":[{"embeddable":true,"href":"https:\/\/www.budokampsport.se\/api\/wp\/v2\/users\/914"}],"replies":[{"embeddable":true,"href":"https:\/\/www.budokampsport.se\/api\/wp\/v2\/comments?post=128295"}],"version-history":[{"count":0,"href":"https:\/\/www.budokampsport.se\/api\/wp\/v2\/posts\/128295\/revisions"}],"wp:featuredmedia":[{"embeddable":true,"href":"https:\/\/www.budokampsport.se\/api\/wp\/v2\/media\/128671"}],"wp:attachment":[{"href":"https:\/\/www.budokampsport.se\/api\/wp\/v2\/media?parent=128295"}],"wp:term":[{"taxonomy":"category","embeddable":true,"href":"https:\/\/www.budokampsport.se\/api\/wp\/v2\/categories?post=128295"},{"taxonomy":"post_tag","embeddable":true,"href":"https:\/\/www.budokampsport.se\/api\/wp\/v2\/tags?post=128295"}],"curies":[{"name":"wp","href":"https:\/\/api.w.org\/{rel}","templated":true}]}}