{"id":128540,"date":"2021-09-21T16:11:18","date_gmt":"2021-09-21T14:11:18","guid":{"rendered":"https:\/\/www.budokampsport.se\/?p=128540"},"modified":"2024-07-04T10:13:44","modified_gmt":"2024-07-04T08:13:44","slug":"goteborgsklubben-riai-aikido-dojo-uppmarksammad-i-sveriges-radio","status":"publish","type":"post","link":"https:\/\/www.budokampsport.se\/2021\/09\/21\/goteborgsklubben-riai-aikido-dojo-uppmarksammad-i-sveriges-radio\/","title":{"rendered":"G\u00f6teborgsklubben Riai Aikido Dojo uppm\u00e4rksammad i Sveriges Radio"},"content":{"rendered":"<p>Det var i helgens <a href=\"https:\/\/sverigesradio.se\/juniorsporten\" target=\"_blank\" rel=\"noopener noreferrer\">Juniorsporten<\/a>, som v\u00e4nder sig till en yngre publik, som f\u00f6reningen <a href=\"https:\/\/riai.se\" target=\"_blank\" rel=\"noopener noreferrer\">Riai Aikido Dojo<\/a> fick bes\u00f6k av Radiosportens reporter Jonas Enarsson.<\/p>\n<p>I det 15 minuter l\u00e5nga reportaget medverkade flera av f\u00f6reningens unga ut\u00f6vare. Bland annat fick de ber\u00e4tta om varf\u00f6r aikido \u00e4r s\u00e5 roligt samt f\u00f6rklara n\u00e5gra av \u00f6vningarna.<\/p>\n<p>En annan som intervjuas \u00e4r Pia Moberg, klubbens grundare och huvudinstrukt\u00f6r.<\/p>\n<p>\u2013 Inslaget betyder mycket f\u00f6r oss som f\u00f6rening, men ocks\u00e5 f\u00f6r aikido rent generellt. D\u00e5 jag talade med reportern ins\u00e5g jag att det vi g\u00f6r inom aikidon \u00e4r helt i linje med vad all forskning visar, att de allra flesta vill tr\u00e4na f\u00f6r att det \u00e4r kul och ingen vill sitta p\u00e5 b\u00e4nken. De medverkande barnen svarade s\u00e5 spontant bra och uppriktigt. Jag funderar p\u00e5 om det inte \u00e4r barnen som ska ber\u00e4tta varf\u00f6r de tr\u00e4nar ist\u00e4llet f\u00f6r att vi vuxna ska ber\u00e4tta och f\u00f6rklara, s\u00e4ger hon.<\/p>\n<p>Hon tycker ocks\u00e5 att f\u00f6reningens filosofi framgick.<\/p>\n<p>\u2013 Inslaget speglar v\u00e5r verksamhet bra, d\u00e4r vi tr\u00e4nar \u00f6ver k\u00f6ns- och \u00e5ldersgr\u00e4nser och d\u00e4r alla alltid f\u00e5r vara med och alla har roligt. Att just hitta motivation till r\u00f6relsegl\u00e4dje fritt fr\u00e5n t\u00e4vling i de olika \u00e5ldersgrupperna \u00e4r den st\u00e4ndiga utmaningen. Verktyget att n\u00e5 m\u00e5len \u00e4r aikido, och allt vi g\u00f6r p\u00e5 tr\u00e4ningen. Genom att lyfta bort prestationen fr\u00e5n instrukt\u00f6rerna att &#8220;l\u00e4ra barnen aikido&#8221; kan ingen misslyckas, vare sig barn eller instrukt\u00f6rer.<\/p>\n<p><span style=\"font-size: 14pt;\"><strong>\u00bb <a href=\"https:\/\/sverigesradio.se\/avsnitt\/kampsporten-aikido-starker-sjalvkanslan\" target=\"_blank\" rel=\"noopener noreferrer\">Lyssna p\u00e5 inslaget<\/a><\/strong><\/span><\/p>\n<p>Text: Mats Lilja<br \/>\nFoto: Jonas Enarson\/Sveriges Radio<\/p>\n","protected":false},"excerpt":{"rendered":"<p>AIKIDO | F\u00f6reningens unga med i reportage fr\u00e5n dojon.<\/p><br>","protected":false},"author":914,"featured_media":128541,"comment_status":"open","ping_status":"open","sticky":false,"template":"","format":"standard","meta":{"_acf_changed":false,"footnotes":""},"categories":[562],"tags":[],"class_list":["post-128540","post","type-post","status-publish","format-standard","has-post-thumbnail","hentry","category-aikido"],"acf":[],"yoast_head":"<!-- This site is optimized with the Yoast SEO plugin v26.8 - https:\/\/yoast.com\/product\/yoast-seo-wordpress\/ -->\n<title>G\u00f6teborgsklubben Riai Aikido Dojo uppm\u00e4rksammad i Sveriges Radio - Svenska Budo &amp; Kampsportsf\u00f6rbundet<\/title>\n<meta name=\"description\" content=\"AIKIDO | F\u00f6reningens unga med i reportage fr\u00e5n dojon.\" \/>\n<meta name=\"robots\" content=\"index, follow, max-snippet:-1, max-image-preview:large, max-video-preview:-1\" \/>\n<link rel=\"canonical\" href=\"https:\/\/www.budokampsport.se\/2021\/09\/21\/goteborgsklubben-riai-aikido-dojo-uppmarksammad-i-sveriges-radio\/\" \/>\n<meta property=\"og:locale\" content=\"sv_SE\" \/>\n<meta property=\"og:type\" content=\"article\" \/>\n<meta property=\"og:title\" content=\"G\u00f6teborgsklubben Riai Aikido Dojo uppm\u00e4rksammad i Sveriges Radio - Svenska Budo &amp; Kampsportsf\u00f6rbundet\" \/>\n<meta property=\"og:description\" content=\"AIKIDO | F\u00f6reningens unga med i reportage fr\u00e5n dojon.\" \/>\n<meta property=\"og:url\" content=\"https:\/\/www.budokampsport.se\/2021\/09\/21\/goteborgsklubben-riai-aikido-dojo-uppmarksammad-i-sveriges-radio\/\" \/>\n<meta property=\"og:site_name\" content=\"Svenska Budo &amp; Kampsportsf\u00f6rbundet\" \/>\n<meta property=\"article:published_time\" content=\"2021-09-21T14:11:18+00:00\" \/>\n<meta property=\"article:modified_time\" content=\"2024-07-04T08:13:44+00:00\" \/>\n<meta property=\"og:image\" content=\"https:\/\/www.budokampsport.se\/wp-content\/uploads\/2021\/09\/riaiaikidosr.jpg\" \/>\n\t<meta property=\"og:image:width\" content=\"847\" \/>\n\t<meta property=\"og:image:height\" content=\"565\" \/>\n\t<meta property=\"og:image:type\" content=\"image\/jpeg\" \/>\n<meta name=\"author\" content=\"Mats Lilja\" \/>\n<meta name=\"twitter:card\" content=\"summary_large_image\" \/>\n<meta name=\"twitter:label1\" content=\"Skriven av\" \/>\n\t<meta name=\"twitter:data1\" content=\"Mats Lilja\" \/>\n\t<meta name=\"twitter:label2\" content=\"Ber\u00e4knad l\u00e4stid\" \/>\n\t<meta name=\"twitter:data2\" content=\"2 minuter\" \/>\n<script type=\"application\/ld+json\" class=\"yoast-schema-graph\">{\"@context\":\"https:\/\/schema.org\",\"@graph\":[{\"@type\":\"Article\",\"@id\":\"https:\/\/www.budokampsport.se\/2021\/09\/21\/goteborgsklubben-riai-aikido-dojo-uppmarksammad-i-sveriges-radio\/#article\",\"isPartOf\":{\"@id\":\"https:\/\/www.budokampsport.se\/2021\/09\/21\/goteborgsklubben-riai-aikido-dojo-uppmarksammad-i-sveriges-radio\/\"},\"author\":{\"name\":\"Mats Lilja\",\"@id\":\"https:\/\/www.budokampsport.se\/#\/schema\/person\/d80c0bc61f1787703168fc250ce69522\"},\"headline\":\"G\u00f6teborgsklubben Riai Aikido Dojo uppm\u00e4rksammad i Sveriges Radio\",\"datePublished\":\"2021-09-21T14:11:18+00:00\",\"dateModified\":\"2024-07-04T08:13:44+00:00\",\"mainEntityOfPage\":{\"@id\":\"https:\/\/www.budokampsport.se\/2021\/09\/21\/goteborgsklubben-riai-aikido-dojo-uppmarksammad-i-sveriges-radio\/\"},\"wordCount\":294,\"commentCount\":0,\"image\":{\"@id\":\"https:\/\/www.budokampsport.se\/2021\/09\/21\/goteborgsklubben-riai-aikido-dojo-uppmarksammad-i-sveriges-radio\/#primaryimage\"},\"thumbnailUrl\":\"https:\/\/www.budokampsport.se\/wp-content\/uploads\/2021\/09\/riaiaikidosr.jpg\",\"articleSection\":[\"Aikido\"],\"inLanguage\":\"sv-SE\",\"potentialAction\":[{\"@type\":\"CommentAction\",\"name\":\"Comment\",\"target\":[\"https:\/\/www.budokampsport.se\/2021\/09\/21\/goteborgsklubben-riai-aikido-dojo-uppmarksammad-i-sveriges-radio\/#respond\"]}]},{\"@type\":\"WebPage\",\"@id\":\"https:\/\/www.budokampsport.se\/2021\/09\/21\/goteborgsklubben-riai-aikido-dojo-uppmarksammad-i-sveriges-radio\/\",\"url\":\"https:\/\/www.budokampsport.se\/2021\/09\/21\/goteborgsklubben-riai-aikido-dojo-uppmarksammad-i-sveriges-radio\/\",\"name\":\"G\u00f6teborgsklubben Riai Aikido Dojo uppm\u00e4rksammad i Sveriges Radio - Svenska Budo &amp; Kampsportsf\u00f6rbundet\",\"isPartOf\":{\"@id\":\"https:\/\/www.budokampsport.se\/#website\"},\"primaryImageOfPage\":{\"@id\":\"https:\/\/www.budokampsport.se\/2021\/09\/21\/goteborgsklubben-riai-aikido-dojo-uppmarksammad-i-sveriges-radio\/#primaryimage\"},\"image\":{\"@id\":\"https:\/\/www.budokampsport.se\/2021\/09\/21\/goteborgsklubben-riai-aikido-dojo-uppmarksammad-i-sveriges-radio\/#primaryimage\"},\"thumbnailUrl\":\"https:\/\/www.budokampsport.se\/wp-content\/uploads\/2021\/09\/riaiaikidosr.jpg\",\"datePublished\":\"2021-09-21T14:11:18+00:00\",\"dateModified\":\"2024-07-04T08:13:44+00:00\",\"author\":{\"@id\":\"https:\/\/www.budokampsport.se\/#\/schema\/person\/d80c0bc61f1787703168fc250ce69522\"},\"description\":\"AIKIDO | F\u00f6reningens unga med i reportage fr\u00e5n dojon.\",\"breadcrumb\":{\"@id\":\"https:\/\/www.budokampsport.se\/2021\/09\/21\/goteborgsklubben-riai-aikido-dojo-uppmarksammad-i-sveriges-radio\/#breadcrumb\"},\"inLanguage\":\"sv-SE\",\"potentialAction\":[{\"@type\":\"ReadAction\",\"target\":[\"https:\/\/www.budokampsport.se\/2021\/09\/21\/goteborgsklubben-riai-aikido-dojo-uppmarksammad-i-sveriges-radio\/\"]}]},{\"@type\":\"ImageObject\",\"inLanguage\":\"sv-SE\",\"@id\":\"https:\/\/www.budokampsport.se\/2021\/09\/21\/goteborgsklubben-riai-aikido-dojo-uppmarksammad-i-sveriges-radio\/#primaryimage\",\"url\":\"https:\/\/www.budokampsport.se\/wp-content\/uploads\/2021\/09\/riaiaikidosr.jpg\",\"contentUrl\":\"https:\/\/www.budokampsport.se\/wp-content\/uploads\/2021\/09\/riaiaikidosr.jpg\",\"width\":847,\"height\":565,\"caption\":\"Riai Aikido, G\u00f6teborg. Foto: Jonas Enarson\/Sveriges Radio\"},{\"@type\":\"BreadcrumbList\",\"@id\":\"https:\/\/www.budokampsport.se\/2021\/09\/21\/goteborgsklubben-riai-aikido-dojo-uppmarksammad-i-sveriges-radio\/#breadcrumb\",\"itemListElement\":[{\"@type\":\"ListItem\",\"position\":1,\"name\":\"Hem\",\"item\":\"https:\/\/www.budokampsport.se\/\"},{\"@type\":\"ListItem\",\"position\":2,\"name\":\"G\u00f6teborgsklubben Riai Aikido Dojo uppm\u00e4rksammad i Sveriges Radio\"}]},{\"@type\":\"WebSite\",\"@id\":\"https:\/\/www.budokampsport.se\/#website\",\"url\":\"https:\/\/www.budokampsport.se\/\",\"name\":\"Svenska Budo &amp; Kampsportsf\u00f6rbundet\",\"description\":\"T\u00e4vling, Tr\u00e4ning, Tradition\",\"potentialAction\":[{\"@type\":\"SearchAction\",\"target\":{\"@type\":\"EntryPoint\",\"urlTemplate\":\"https:\/\/www.budokampsport.se\/?s={search_term_string}\"},\"query-input\":{\"@type\":\"PropertyValueSpecification\",\"valueRequired\":true,\"valueName\":\"search_term_string\"}}],\"inLanguage\":\"sv-SE\"},{\"@type\":\"Person\",\"@id\":\"https:\/\/www.budokampsport.se\/#\/schema\/person\/d80c0bc61f1787703168fc250ce69522\",\"name\":\"Mats Lilja\",\"image\":{\"@type\":\"ImageObject\",\"inLanguage\":\"sv-SE\",\"@id\":\"https:\/\/www.budokampsport.se\/#\/schema\/person\/image\/\",\"url\":\"https:\/\/secure.gravatar.com\/avatar\/607f84918e96abe1ebbd8611782fa57d?s=96&d=blank&r=g\",\"contentUrl\":\"https:\/\/secure.gravatar.com\/avatar\/607f84918e96abe1ebbd8611782fa57d?s=96&d=blank&r=g\",\"caption\":\"Mats Lilja\"},\"url\":\"https:\/\/www.budokampsport.se\/author\/mats-lilja\/\"}]}<\/script>\n<!-- \/ Yoast SEO plugin. -->","yoast_head_json":{"title":"G\u00f6teborgsklubben Riai Aikido Dojo uppm\u00e4rksammad i Sveriges Radio - Svenska Budo &amp; Kampsportsf\u00f6rbundet","description":"AIKIDO | F\u00f6reningens unga med i reportage fr\u00e5n dojon.","robots":{"index":"index","follow":"follow","max-snippet":"max-snippet:-1","max-image-preview":"max-image-preview:large","max-video-preview":"max-video-preview:-1"},"canonical":"https:\/\/www.budokampsport.se\/2021\/09\/21\/goteborgsklubben-riai-aikido-dojo-uppmarksammad-i-sveriges-radio\/","og_locale":"sv_SE","og_type":"article","og_title":"G\u00f6teborgsklubben Riai Aikido Dojo uppm\u00e4rksammad i Sveriges Radio - Svenska Budo &amp; Kampsportsf\u00f6rbundet","og_description":"AIKIDO | F\u00f6reningens unga med i reportage fr\u00e5n dojon.","og_url":"https:\/\/www.budokampsport.se\/2021\/09\/21\/goteborgsklubben-riai-aikido-dojo-uppmarksammad-i-sveriges-radio\/","og_site_name":"Svenska Budo &amp; Kampsportsf\u00f6rbundet","article_published_time":"2021-09-21T14:11:18+00:00","article_modified_time":"2024-07-04T08:13:44+00:00","og_image":[{"width":847,"height":565,"url":"https:\/\/www.budokampsport.se\/wp-content\/uploads\/2021\/09\/riaiaikidosr.jpg","type":"image\/jpeg"}],"author":"Mats Lilja","twitter_card":"summary_large_image","twitter_misc":{"Skriven av":"Mats Lilja","Ber\u00e4knad l\u00e4stid":"2 minuter"},"schema":{"@context":"https:\/\/schema.org","@graph":[{"@type":"Article","@id":"https:\/\/www.budokampsport.se\/2021\/09\/21\/goteborgsklubben-riai-aikido-dojo-uppmarksammad-i-sveriges-radio\/#article","isPartOf":{"@id":"https:\/\/www.budokampsport.se\/2021\/09\/21\/goteborgsklubben-riai-aikido-dojo-uppmarksammad-i-sveriges-radio\/"},"author":{"name":"Mats Lilja","@id":"https:\/\/www.budokampsport.se\/#\/schema\/person\/d80c0bc61f1787703168fc250ce69522"},"headline":"G\u00f6teborgsklubben Riai Aikido Dojo uppm\u00e4rksammad i Sveriges Radio","datePublished":"2021-09-21T14:11:18+00:00","dateModified":"2024-07-04T08:13:44+00:00","mainEntityOfPage":{"@id":"https:\/\/www.budokampsport.se\/2021\/09\/21\/goteborgsklubben-riai-aikido-dojo-uppmarksammad-i-sveriges-radio\/"},"wordCount":294,"commentCount":0,"image":{"@id":"https:\/\/www.budokampsport.se\/2021\/09\/21\/goteborgsklubben-riai-aikido-dojo-uppmarksammad-i-sveriges-radio\/#primaryimage"},"thumbnailUrl":"https:\/\/www.budokampsport.se\/wp-content\/uploads\/2021\/09\/riaiaikidosr.jpg","articleSection":["Aikido"],"inLanguage":"sv-SE","potentialAction":[{"@type":"CommentAction","name":"Comment","target":["https:\/\/www.budokampsport.se\/2021\/09\/21\/goteborgsklubben-riai-aikido-dojo-uppmarksammad-i-sveriges-radio\/#respond"]}]},{"@type":"WebPage","@id":"https:\/\/www.budokampsport.se\/2021\/09\/21\/goteborgsklubben-riai-aikido-dojo-uppmarksammad-i-sveriges-radio\/","url":"https:\/\/www.budokampsport.se\/2021\/09\/21\/goteborgsklubben-riai-aikido-dojo-uppmarksammad-i-sveriges-radio\/","name":"G\u00f6teborgsklubben Riai Aikido Dojo uppm\u00e4rksammad i Sveriges Radio - Svenska Budo &amp; Kampsportsf\u00f6rbundet","isPartOf":{"@id":"https:\/\/www.budokampsport.se\/#website"},"primaryImageOfPage":{"@id":"https:\/\/www.budokampsport.se\/2021\/09\/21\/goteborgsklubben-riai-aikido-dojo-uppmarksammad-i-sveriges-radio\/#primaryimage"},"image":{"@id":"https:\/\/www.budokampsport.se\/2021\/09\/21\/goteborgsklubben-riai-aikido-dojo-uppmarksammad-i-sveriges-radio\/#primaryimage"},"thumbnailUrl":"https:\/\/www.budokampsport.se\/wp-content\/uploads\/2021\/09\/riaiaikidosr.jpg","datePublished":"2021-09-21T14:11:18+00:00","dateModified":"2024-07-04T08:13:44+00:00","author":{"@id":"https:\/\/www.budokampsport.se\/#\/schema\/person\/d80c0bc61f1787703168fc250ce69522"},"description":"AIKIDO | F\u00f6reningens unga med i reportage fr\u00e5n dojon.","breadcrumb":{"@id":"https:\/\/www.budokampsport.se\/2021\/09\/21\/goteborgsklubben-riai-aikido-dojo-uppmarksammad-i-sveriges-radio\/#breadcrumb"},"inLanguage":"sv-SE","potentialAction":[{"@type":"ReadAction","target":["https:\/\/www.budokampsport.se\/2021\/09\/21\/goteborgsklubben-riai-aikido-dojo-uppmarksammad-i-sveriges-radio\/"]}]},{"@type":"ImageObject","inLanguage":"sv-SE","@id":"https:\/\/www.budokampsport.se\/2021\/09\/21\/goteborgsklubben-riai-aikido-dojo-uppmarksammad-i-sveriges-radio\/#primaryimage","url":"https:\/\/www.budokampsport.se\/wp-content\/uploads\/2021\/09\/riaiaikidosr.jpg","contentUrl":"https:\/\/www.budokampsport.se\/wp-content\/uploads\/2021\/09\/riaiaikidosr.jpg","width":847,"height":565,"caption":"Riai Aikido, G\u00f6teborg. Foto: Jonas Enarson\/Sveriges Radio"},{"@type":"BreadcrumbList","@id":"https:\/\/www.budokampsport.se\/2021\/09\/21\/goteborgsklubben-riai-aikido-dojo-uppmarksammad-i-sveriges-radio\/#breadcrumb","itemListElement":[{"@type":"ListItem","position":1,"name":"Hem","item":"https:\/\/www.budokampsport.se\/"},{"@type":"ListItem","position":2,"name":"G\u00f6teborgsklubben Riai Aikido Dojo uppm\u00e4rksammad i Sveriges Radio"}]},{"@type":"WebSite","@id":"https:\/\/www.budokampsport.se\/#website","url":"https:\/\/www.budokampsport.se\/","name":"Svenska Budo &amp; Kampsportsf\u00f6rbundet","description":"T\u00e4vling, Tr\u00e4ning, Tradition","potentialAction":[{"@type":"SearchAction","target":{"@type":"EntryPoint","urlTemplate":"https:\/\/www.budokampsport.se\/?s={search_term_string}"},"query-input":{"@type":"PropertyValueSpecification","valueRequired":true,"valueName":"search_term_string"}}],"inLanguage":"sv-SE"},{"@type":"Person","@id":"https:\/\/www.budokampsport.se\/#\/schema\/person\/d80c0bc61f1787703168fc250ce69522","name":"Mats Lilja","image":{"@type":"ImageObject","inLanguage":"sv-SE","@id":"https:\/\/www.budokampsport.se\/#\/schema\/person\/image\/","url":"https:\/\/secure.gravatar.com\/avatar\/607f84918e96abe1ebbd8611782fa57d?s=96&d=blank&r=g","contentUrl":"https:\/\/secure.gravatar.com\/avatar\/607f84918e96abe1ebbd8611782fa57d?s=96&d=blank&r=g","caption":"Mats Lilja"},"url":"https:\/\/www.budokampsport.se\/author\/mats-lilja\/"}]}},"_links":{"self":[{"href":"https:\/\/www.budokampsport.se\/api\/wp\/v2\/posts\/128540","targetHints":{"allow":["GET"]}}],"collection":[{"href":"https:\/\/www.budokampsport.se\/api\/wp\/v2\/posts"}],"about":[{"href":"https:\/\/www.budokampsport.se\/api\/wp\/v2\/types\/post"}],"author":[{"embeddable":true,"href":"https:\/\/www.budokampsport.se\/api\/wp\/v2\/users\/914"}],"replies":[{"embeddable":true,"href":"https:\/\/www.budokampsport.se\/api\/wp\/v2\/comments?post=128540"}],"version-history":[{"count":0,"href":"https:\/\/www.budokampsport.se\/api\/wp\/v2\/posts\/128540\/revisions"}],"wp:featuredmedia":[{"embeddable":true,"href":"https:\/\/www.budokampsport.se\/api\/wp\/v2\/media\/128541"}],"wp:attachment":[{"href":"https:\/\/www.budokampsport.se\/api\/wp\/v2\/media?parent=128540"}],"wp:term":[{"taxonomy":"category","embeddable":true,"href":"https:\/\/www.budokampsport.se\/api\/wp\/v2\/categories?post=128540"},{"taxonomy":"post_tag","embeddable":true,"href":"https:\/\/www.budokampsport.se\/api\/wp\/v2\/tags?post=128540"}],"curies":[{"name":"wp","href":"https:\/\/api.w.org\/{rel}","templated":true}]}}