{"id":128641,"date":"2021-10-01T11:36:46","date_gmt":"2021-10-01T09:36:46","guid":{"rendered":"https:\/\/www.budokampsport.se\/?p=128641"},"modified":"2021-10-01T11:37:28","modified_gmt":"2021-10-01T09:37:28","slug":"kompensationsstod-maj-september-2021","status":"publish","type":"post","link":"https:\/\/www.budokampsport.se\/2021\/10\/01\/kompensationsstod-maj-september-2021\/","title":{"rendered":"Kompensationsst\u00f6d f\u00f6r perioden maj\u2013september 2021"},"content":{"rendered":"<p>Snart \u00e4r det dags f\u00f6r idrottsf\u00f6reningarna (IF) att ans\u00f6ka om det statliga kompensationsst\u00f6det f\u00f6r perioden <strong>1 maj till 28 september 2021<\/strong>.<\/p>\n<p>S\u00e5 h\u00e4r beskriver Riksidrottsf\u00f6rbundet st\u00f6dpengarna:<\/p>\n<p style=\"padding-left: 40px;\"><em>Syftet med st\u00f6det \u00e4r att ge IF f\u00f6ruts\u00e4ttningar att \u00f6verleva samt fortsatt kunna bedriva idrottsverksamhet och evenemang. S\u00e4rskilt viktigt \u00e4r att v\u00e4rna idrottsverksamhet och evenemang som bedrivs f\u00f6r och till f\u00f6rm\u00e5n f\u00f6r barn- och ungdomsidrotten.<\/em><\/p>\n<p>F\u00f6rfarandet \u00e4r i grunden det samma som tidigare. Allm\u00e4n information om st\u00f6det finns p\u00e5 <a href=\"https:\/\/www.rf.se\/bidragochstod\/Bidrag\/kompensationsstodtillidrottsforeningar\/\" target=\"_blank\" rel=\"noopener noreferrer\">Riksidrottsf\u00f6rbundets hemsida<\/a> och det finns \u00e4ven <a href=\"https:\/\/www.budokampsport.se\/2021\/10\/01\/sa-ansoker-ni-om-kompensationsstod\/\">ett videoklipp<\/a><strong>\u00a0<\/strong>om hur ni som idrottsf\u00f6rening genomf\u00f6r ans\u00f6kan.<\/p>\n<p>En grundf\u00f6ruts\u00e4ttning f\u00f6r att kunna erh\u00e5lla pengar \u00e4r att den ideella idrottsf\u00f6reningen \u00e4r medlem i Svenska Budo &amp; Kampsportsf\u00f6rbundet eller n\u00e5got annat specialidrottsf\u00f6rbund som tillh\u00f6r RF. F\u00f6reningen m\u00e5ste ocks\u00e5 ha gjort en ekonomisk f\u00f6rlust p\u00e5 minst 1 000 kronor under perioden 1 maj till 28 september 2021.<\/p>\n<p>Ans\u00f6kningsomg\u00e5ngen \u00e4r \u00f6ppen <strong>mellan 15 oktober och 26 oktober klockan 12:00<\/strong>. Ans\u00f6kan sker i <a href=\"https:\/\/www.idrottonline.se\" target=\"_blank\" rel=\"noopener noreferrer\">IdrottOnline<\/a>.<\/p>\n<p><strong>Vad idrottsf\u00f6reningar f\u00e5r st\u00f6d f\u00f6r och hur ber\u00e4kningarna g\u00f6rs:<\/strong><\/p>\n<ul>\n<li>St\u00f6d utg\u00e5r f\u00f6r kompensation f\u00f6r faktiska merkostnader som uppst\u00e5tt under perioden f\u00f6r IF med anledning av coronaviruset.<\/li>\n<li>St\u00f6d utg\u00e5r f\u00f6r f\u00f6rlorade int\u00e4kter till IF p.g.a. inst\u00e4lld, reducerad eller uppskjuten verksamhet och evenemang.<\/li>\n<li>Prioritering g\u00f6rs utifr\u00e5n IF:s omfattning av int\u00e4ktsbortfall och direkta kostnader med anledning av coronaviruset i relation till IF:s oms\u00e4ttning, om st\u00f6dets totalsumma inte r\u00e4cker till.<\/li>\n<li>IF som tappar st\u00f6rre andel av sin totala \u00e5rliga oms\u00e4ttning kompenseras med ett h\u00f6gre kompensationsst\u00f6d relativt till ans\u00f6kt st\u00f6d.<\/li>\n<li>Niv\u00e5n p\u00e5 IF:s kompensationsst\u00f6d fastst\u00e4lls efter avr\u00e4kning av IF:s sparade kostnader f\u00f6r samma period samt eventuell kommunal och regional kompensation eller st\u00f6d direkt eller indirekt fr\u00e5n myndighet f\u00f6r samma verksamhet eller evenemang.<\/li>\n<\/ul>\n<p>F\u00f6r fr\u00e5gor kring st\u00f6det har RF-SISU en s\u00e4rskild e-postadress: <a href=\"mailto:kompensation@rfsisu.se\">kompensation@rfsisu.se<\/a>.<\/p>\n<p>Beslut fr\u00e5n Riksidrottsstyrelsen g\u00e4llande kompensationsst\u00f6dets storlek till varje idrottsf\u00f6rening v\u00e4ntas i november.<\/p>\n<p><strong>L\u00e4s mer:<\/strong><br \/>\n\u00bb <a href=\"https:\/\/www.rf.se\/bidragochstod\/Bidrag\/kompensationsstodtillidrottsforeningar\/\" target=\"_blank\" rel=\"noopener noreferrer\">Kompensationsst\u00f6d till idrottsf\u00f6reningar<br \/>\n<\/a>\u00bb <a href=\"https:\/\/www.rf.se\/globalassets\/riksidrottsforbundet\/nya-dokument\/mediearkiv\/bidrag-och-stod\/tilldelade-stod\/regelverk\/regelverk-kompensationsstod-if-2021-omgang-5.pdf\" target=\"_blank\" rel=\"noopener noreferrer\">Regelverk f\u00f6r kompensationsst\u00f6det<\/a><br \/>\n\u00bb <a href=\"https:\/\/www.rf.se\/globalassets\/riksidrottsforbundet\/nya-dokument\/mediearkiv\/bidrag-och-stod\/tilldelade-stod\/regelverk\/riktlinjer-kompensationsstod-if-2021.pdf\" target=\"_blank\" rel=\"noopener noreferrer\">Riktlinjer f\u00f6r kompensationsst\u00f6det f\u00f6r v\u00e5ren 2021<\/a><br \/>\n\u00bb <a href=\"https:\/\/www.budokampsport.se\/2021\/10\/01\/sa-ansoker-ni-om-kompensationsstod\/\" rel=\"noopener noreferrer\">S\u00e5 ans\u00f6ker du om kompensationsst\u00f6d f\u00f6r f\u00f6rening<\/a> <span style=\"color: #000000;\">(video)<\/span><\/p>\n<p>Text: Mats Lilja<\/p>\n","protected":false},"excerpt":{"rendered":"<p>CORONA | Information fr\u00e5n Riksidrottsf\u00f6rbundet om m\u00f6jligheten att s\u00f6ka pengar fr\u00e5n regeringens st\u00f6dpaket f\u00f6r de senaste fem m\u00e5naderna.<\/p><br>","protected":false},"author":914,"featured_media":122850,"comment_status":"open","ping_status":"open","sticky":false,"template":"","format":"standard","meta":{"_acf_changed":false,"footnotes":""},"categories":[1],"tags":[],"class_list":["post-128641","post","type-post","status-publish","format-standard","has-post-thumbnail","hentry","category-okategoriserade"],"acf":[],"yoast_head":"<!-- This site is optimized with the Yoast SEO plugin v26.8 - https:\/\/yoast.com\/product\/yoast-seo-wordpress\/ -->\n<title>Kompensationsst\u00f6d f\u00f6r perioden maj\u2013september 2021 - Svenska Budo &amp; Kampsportsf\u00f6rbundet<\/title>\n<meta name=\"description\" content=\"CORONA | Information fr\u00e5n Riksidrottsf\u00f6rbundet om m\u00f6jligheten att s\u00f6ka pengar fr\u00e5n regeringens st\u00f6dpaket f\u00f6r de senaste fem m\u00e5naderna.\" \/>\n<meta name=\"robots\" content=\"index, follow, max-snippet:-1, max-image-preview:large, max-video-preview:-1\" \/>\n<link rel=\"canonical\" href=\"https:\/\/www.budokampsport.se\/2021\/10\/01\/kompensationsstod-maj-september-2021\/\" \/>\n<meta property=\"og:locale\" content=\"sv_SE\" \/>\n<meta property=\"og:type\" content=\"article\" \/>\n<meta property=\"og:title\" content=\"Kompensationsst\u00f6d f\u00f6r perioden maj\u2013september 2021 - Svenska Budo &amp; Kampsportsf\u00f6rbundet\" \/>\n<meta property=\"og:description\" content=\"CORONA | Information fr\u00e5n Riksidrottsf\u00f6rbundet om m\u00f6jligheten att s\u00f6ka pengar fr\u00e5n regeringens st\u00f6dpaket f\u00f6r de senaste fem m\u00e5naderna.\" \/>\n<meta property=\"og:url\" content=\"https:\/\/www.budokampsport.se\/2021\/10\/01\/kompensationsstod-maj-september-2021\/\" \/>\n<meta property=\"og:site_name\" content=\"Svenska Budo &amp; Kampsportsf\u00f6rbundet\" \/>\n<meta property=\"article:published_time\" content=\"2021-10-01T09:36:46+00:00\" \/>\n<meta property=\"article:modified_time\" content=\"2021-10-01T09:37:28+00:00\" \/>\n<meta property=\"og:image\" content=\"https:\/\/www.budokampsport.se\/wp-content\/uploads\/2020\/11\/rflogonotext.jpg\" \/>\n\t<meta property=\"og:image:width\" content=\"850\" \/>\n\t<meta property=\"og:image:height\" content=\"437\" \/>\n\t<meta property=\"og:image:type\" content=\"image\/jpeg\" \/>\n<meta name=\"author\" content=\"Mats Lilja\" \/>\n<meta name=\"twitter:card\" content=\"summary_large_image\" \/>\n<meta name=\"twitter:label1\" content=\"Skriven av\" \/>\n\t<meta name=\"twitter:data1\" content=\"Mats Lilja\" \/>\n\t<meta name=\"twitter:label2\" content=\"Ber\u00e4knad l\u00e4stid\" \/>\n\t<meta name=\"twitter:data2\" content=\"2 minuter\" \/>\n<script type=\"application\/ld+json\" class=\"yoast-schema-graph\">{\"@context\":\"https:\/\/schema.org\",\"@graph\":[{\"@type\":\"Article\",\"@id\":\"https:\/\/www.budokampsport.se\/2021\/10\/01\/kompensationsstod-maj-september-2021\/#article\",\"isPartOf\":{\"@id\":\"https:\/\/www.budokampsport.se\/2021\/10\/01\/kompensationsstod-maj-september-2021\/\"},\"author\":{\"name\":\"Mats Lilja\",\"@id\":\"https:\/\/www.budokampsport.se\/#\/schema\/person\/d80c0bc61f1787703168fc250ce69522\"},\"headline\":\"Kompensationsst\u00f6d f\u00f6r perioden maj\u2013september 2021\",\"datePublished\":\"2021-10-01T09:36:46+00:00\",\"dateModified\":\"2021-10-01T09:37:28+00:00\",\"mainEntityOfPage\":{\"@id\":\"https:\/\/www.budokampsport.se\/2021\/10\/01\/kompensationsstod-maj-september-2021\/\"},\"wordCount\":418,\"commentCount\":1,\"image\":{\"@id\":\"https:\/\/www.budokampsport.se\/2021\/10\/01\/kompensationsstod-maj-september-2021\/#primaryimage\"},\"thumbnailUrl\":\"https:\/\/www.budokampsport.se\/wp-content\/uploads\/2020\/11\/rflogonotext.jpg\",\"inLanguage\":\"sv-SE\",\"potentialAction\":[{\"@type\":\"CommentAction\",\"name\":\"Comment\",\"target\":[\"https:\/\/www.budokampsport.se\/2021\/10\/01\/kompensationsstod-maj-september-2021\/#respond\"]}]},{\"@type\":\"WebPage\",\"@id\":\"https:\/\/www.budokampsport.se\/2021\/10\/01\/kompensationsstod-maj-september-2021\/\",\"url\":\"https:\/\/www.budokampsport.se\/2021\/10\/01\/kompensationsstod-maj-september-2021\/\",\"name\":\"Kompensationsst\u00f6d f\u00f6r perioden maj\u2013september 2021 - Svenska Budo &amp; Kampsportsf\u00f6rbundet\",\"isPartOf\":{\"@id\":\"https:\/\/www.budokampsport.se\/#website\"},\"primaryImageOfPage\":{\"@id\":\"https:\/\/www.budokampsport.se\/2021\/10\/01\/kompensationsstod-maj-september-2021\/#primaryimage\"},\"image\":{\"@id\":\"https:\/\/www.budokampsport.se\/2021\/10\/01\/kompensationsstod-maj-september-2021\/#primaryimage\"},\"thumbnailUrl\":\"https:\/\/www.budokampsport.se\/wp-content\/uploads\/2020\/11\/rflogonotext.jpg\",\"datePublished\":\"2021-10-01T09:36:46+00:00\",\"dateModified\":\"2021-10-01T09:37:28+00:00\",\"author\":{\"@id\":\"https:\/\/www.budokampsport.se\/#\/schema\/person\/d80c0bc61f1787703168fc250ce69522\"},\"description\":\"CORONA | Information fr\u00e5n Riksidrottsf\u00f6rbundet om m\u00f6jligheten att s\u00f6ka pengar fr\u00e5n regeringens st\u00f6dpaket f\u00f6r de senaste fem m\u00e5naderna.\",\"breadcrumb\":{\"@id\":\"https:\/\/www.budokampsport.se\/2021\/10\/01\/kompensationsstod-maj-september-2021\/#breadcrumb\"},\"inLanguage\":\"sv-SE\",\"potentialAction\":[{\"@type\":\"ReadAction\",\"target\":[\"https:\/\/www.budokampsport.se\/2021\/10\/01\/kompensationsstod-maj-september-2021\/\"]}]},{\"@type\":\"ImageObject\",\"inLanguage\":\"sv-SE\",\"@id\":\"https:\/\/www.budokampsport.se\/2021\/10\/01\/kompensationsstod-maj-september-2021\/#primaryimage\",\"url\":\"https:\/\/www.budokampsport.se\/wp-content\/uploads\/2020\/11\/rflogonotext.jpg\",\"contentUrl\":\"https:\/\/www.budokampsport.se\/wp-content\/uploads\/2020\/11\/rflogonotext.jpg\",\"width\":850,\"height\":437},{\"@type\":\"BreadcrumbList\",\"@id\":\"https:\/\/www.budokampsport.se\/2021\/10\/01\/kompensationsstod-maj-september-2021\/#breadcrumb\",\"itemListElement\":[{\"@type\":\"ListItem\",\"position\":1,\"name\":\"Hem\",\"item\":\"https:\/\/www.budokampsport.se\/\"},{\"@type\":\"ListItem\",\"position\":2,\"name\":\"Kompensationsst\u00f6d f\u00f6r perioden maj\u2013september 2021\"}]},{\"@type\":\"WebSite\",\"@id\":\"https:\/\/www.budokampsport.se\/#website\",\"url\":\"https:\/\/www.budokampsport.se\/\",\"name\":\"Svenska Budo &amp; Kampsportsf\u00f6rbundet\",\"description\":\"T\u00e4vling, Tr\u00e4ning, Tradition\",\"potentialAction\":[{\"@type\":\"SearchAction\",\"target\":{\"@type\":\"EntryPoint\",\"urlTemplate\":\"https:\/\/www.budokampsport.se\/?s={search_term_string}\"},\"query-input\":{\"@type\":\"PropertyValueSpecification\",\"valueRequired\":true,\"valueName\":\"search_term_string\"}}],\"inLanguage\":\"sv-SE\"},{\"@type\":\"Person\",\"@id\":\"https:\/\/www.budokampsport.se\/#\/schema\/person\/d80c0bc61f1787703168fc250ce69522\",\"name\":\"Mats Lilja\",\"image\":{\"@type\":\"ImageObject\",\"inLanguage\":\"sv-SE\",\"@id\":\"https:\/\/www.budokampsport.se\/#\/schema\/person\/image\/\",\"url\":\"https:\/\/secure.gravatar.com\/avatar\/607f84918e96abe1ebbd8611782fa57d?s=96&d=blank&r=g\",\"contentUrl\":\"https:\/\/secure.gravatar.com\/avatar\/607f84918e96abe1ebbd8611782fa57d?s=96&d=blank&r=g\",\"caption\":\"Mats Lilja\"},\"url\":\"https:\/\/www.budokampsport.se\/author\/mats-lilja\/\"}]}<\/script>\n<!-- \/ Yoast SEO plugin. -->","yoast_head_json":{"title":"Kompensationsst\u00f6d f\u00f6r perioden maj\u2013september 2021 - Svenska Budo &amp; Kampsportsf\u00f6rbundet","description":"CORONA | Information fr\u00e5n Riksidrottsf\u00f6rbundet om m\u00f6jligheten att s\u00f6ka pengar fr\u00e5n regeringens st\u00f6dpaket f\u00f6r de senaste fem m\u00e5naderna.","robots":{"index":"index","follow":"follow","max-snippet":"max-snippet:-1","max-image-preview":"max-image-preview:large","max-video-preview":"max-video-preview:-1"},"canonical":"https:\/\/www.budokampsport.se\/2021\/10\/01\/kompensationsstod-maj-september-2021\/","og_locale":"sv_SE","og_type":"article","og_title":"Kompensationsst\u00f6d f\u00f6r perioden maj\u2013september 2021 - Svenska Budo &amp; Kampsportsf\u00f6rbundet","og_description":"CORONA | Information fr\u00e5n Riksidrottsf\u00f6rbundet om m\u00f6jligheten att s\u00f6ka pengar fr\u00e5n regeringens st\u00f6dpaket f\u00f6r de senaste fem m\u00e5naderna.","og_url":"https:\/\/www.budokampsport.se\/2021\/10\/01\/kompensationsstod-maj-september-2021\/","og_site_name":"Svenska Budo &amp; Kampsportsf\u00f6rbundet","article_published_time":"2021-10-01T09:36:46+00:00","article_modified_time":"2021-10-01T09:37:28+00:00","og_image":[{"width":850,"height":437,"url":"https:\/\/www.budokampsport.se\/wp-content\/uploads\/2020\/11\/rflogonotext.jpg","type":"image\/jpeg"}],"author":"Mats Lilja","twitter_card":"summary_large_image","twitter_misc":{"Skriven av":"Mats Lilja","Ber\u00e4knad l\u00e4stid":"2 minuter"},"schema":{"@context":"https:\/\/schema.org","@graph":[{"@type":"Article","@id":"https:\/\/www.budokampsport.se\/2021\/10\/01\/kompensationsstod-maj-september-2021\/#article","isPartOf":{"@id":"https:\/\/www.budokampsport.se\/2021\/10\/01\/kompensationsstod-maj-september-2021\/"},"author":{"name":"Mats Lilja","@id":"https:\/\/www.budokampsport.se\/#\/schema\/person\/d80c0bc61f1787703168fc250ce69522"},"headline":"Kompensationsst\u00f6d f\u00f6r perioden maj\u2013september 2021","datePublished":"2021-10-01T09:36:46+00:00","dateModified":"2021-10-01T09:37:28+00:00","mainEntityOfPage":{"@id":"https:\/\/www.budokampsport.se\/2021\/10\/01\/kompensationsstod-maj-september-2021\/"},"wordCount":418,"commentCount":1,"image":{"@id":"https:\/\/www.budokampsport.se\/2021\/10\/01\/kompensationsstod-maj-september-2021\/#primaryimage"},"thumbnailUrl":"https:\/\/www.budokampsport.se\/wp-content\/uploads\/2020\/11\/rflogonotext.jpg","inLanguage":"sv-SE","potentialAction":[{"@type":"CommentAction","name":"Comment","target":["https:\/\/www.budokampsport.se\/2021\/10\/01\/kompensationsstod-maj-september-2021\/#respond"]}]},{"@type":"WebPage","@id":"https:\/\/www.budokampsport.se\/2021\/10\/01\/kompensationsstod-maj-september-2021\/","url":"https:\/\/www.budokampsport.se\/2021\/10\/01\/kompensationsstod-maj-september-2021\/","name":"Kompensationsst\u00f6d f\u00f6r perioden maj\u2013september 2021 - Svenska Budo &amp; Kampsportsf\u00f6rbundet","isPartOf":{"@id":"https:\/\/www.budokampsport.se\/#website"},"primaryImageOfPage":{"@id":"https:\/\/www.budokampsport.se\/2021\/10\/01\/kompensationsstod-maj-september-2021\/#primaryimage"},"image":{"@id":"https:\/\/www.budokampsport.se\/2021\/10\/01\/kompensationsstod-maj-september-2021\/#primaryimage"},"thumbnailUrl":"https:\/\/www.budokampsport.se\/wp-content\/uploads\/2020\/11\/rflogonotext.jpg","datePublished":"2021-10-01T09:36:46+00:00","dateModified":"2021-10-01T09:37:28+00:00","author":{"@id":"https:\/\/www.budokampsport.se\/#\/schema\/person\/d80c0bc61f1787703168fc250ce69522"},"description":"CORONA | Information fr\u00e5n Riksidrottsf\u00f6rbundet om m\u00f6jligheten att s\u00f6ka pengar fr\u00e5n regeringens st\u00f6dpaket f\u00f6r de senaste fem m\u00e5naderna.","breadcrumb":{"@id":"https:\/\/www.budokampsport.se\/2021\/10\/01\/kompensationsstod-maj-september-2021\/#breadcrumb"},"inLanguage":"sv-SE","potentialAction":[{"@type":"ReadAction","target":["https:\/\/www.budokampsport.se\/2021\/10\/01\/kompensationsstod-maj-september-2021\/"]}]},{"@type":"ImageObject","inLanguage":"sv-SE","@id":"https:\/\/www.budokampsport.se\/2021\/10\/01\/kompensationsstod-maj-september-2021\/#primaryimage","url":"https:\/\/www.budokampsport.se\/wp-content\/uploads\/2020\/11\/rflogonotext.jpg","contentUrl":"https:\/\/www.budokampsport.se\/wp-content\/uploads\/2020\/11\/rflogonotext.jpg","width":850,"height":437},{"@type":"BreadcrumbList","@id":"https:\/\/www.budokampsport.se\/2021\/10\/01\/kompensationsstod-maj-september-2021\/#breadcrumb","itemListElement":[{"@type":"ListItem","position":1,"name":"Hem","item":"https:\/\/www.budokampsport.se\/"},{"@type":"ListItem","position":2,"name":"Kompensationsst\u00f6d f\u00f6r perioden maj\u2013september 2021"}]},{"@type":"WebSite","@id":"https:\/\/www.budokampsport.se\/#website","url":"https:\/\/www.budokampsport.se\/","name":"Svenska Budo &amp; Kampsportsf\u00f6rbundet","description":"T\u00e4vling, Tr\u00e4ning, Tradition","potentialAction":[{"@type":"SearchAction","target":{"@type":"EntryPoint","urlTemplate":"https:\/\/www.budokampsport.se\/?s={search_term_string}"},"query-input":{"@type":"PropertyValueSpecification","valueRequired":true,"valueName":"search_term_string"}}],"inLanguage":"sv-SE"},{"@type":"Person","@id":"https:\/\/www.budokampsport.se\/#\/schema\/person\/d80c0bc61f1787703168fc250ce69522","name":"Mats Lilja","image":{"@type":"ImageObject","inLanguage":"sv-SE","@id":"https:\/\/www.budokampsport.se\/#\/schema\/person\/image\/","url":"https:\/\/secure.gravatar.com\/avatar\/607f84918e96abe1ebbd8611782fa57d?s=96&d=blank&r=g","contentUrl":"https:\/\/secure.gravatar.com\/avatar\/607f84918e96abe1ebbd8611782fa57d?s=96&d=blank&r=g","caption":"Mats Lilja"},"url":"https:\/\/www.budokampsport.se\/author\/mats-lilja\/"}]}},"_links":{"self":[{"href":"https:\/\/www.budokampsport.se\/api\/wp\/v2\/posts\/128641","targetHints":{"allow":["GET"]}}],"collection":[{"href":"https:\/\/www.budokampsport.se\/api\/wp\/v2\/posts"}],"about":[{"href":"https:\/\/www.budokampsport.se\/api\/wp\/v2\/types\/post"}],"author":[{"embeddable":true,"href":"https:\/\/www.budokampsport.se\/api\/wp\/v2\/users\/914"}],"replies":[{"embeddable":true,"href":"https:\/\/www.budokampsport.se\/api\/wp\/v2\/comments?post=128641"}],"version-history":[{"count":0,"href":"https:\/\/www.budokampsport.se\/api\/wp\/v2\/posts\/128641\/revisions"}],"wp:featuredmedia":[{"embeddable":true,"href":"https:\/\/www.budokampsport.se\/api\/wp\/v2\/media\/122850"}],"wp:attachment":[{"href":"https:\/\/www.budokampsport.se\/api\/wp\/v2\/media?parent=128641"}],"wp:term":[{"taxonomy":"category","embeddable":true,"href":"https:\/\/www.budokampsport.se\/api\/wp\/v2\/categories?post=128641"},{"taxonomy":"post_tag","embeddable":true,"href":"https:\/\/www.budokampsport.se\/api\/wp\/v2\/tags?post=128641"}],"curies":[{"name":"wp","href":"https:\/\/api.w.org\/{rel}","templated":true}]}}