{"id":128751,"date":"2021-09-26T11:40:35","date_gmt":"2021-09-26T09:40:35","guid":{"rendered":"https:\/\/www.budokampsport.se\/?p=128751"},"modified":"2021-09-26T11:40:35","modified_gmt":"2021-09-26T09:40:35","slug":"sa-gick-det-i-superior-challenge-23","status":"publish","type":"post","link":"https:\/\/www.budokampsport.se\/2021\/09\/26\/sa-gick-det-i-superior-challenge-23\/","title":{"rendered":"S\u00e5 gick det i Superior Challenge 23"},"content":{"rendered":"<p>Superior Challenge anordnade ig\u00e5r sin 23:e MMA-gala i ordningen. Den h\u00e4r g\u00e5ngen hade man valt att flytta tillbaka dit allting b\u00f6rjade en g\u00e5ng i tiden.<\/p>\n<p>\u2013 Den h\u00e4r galan kallar vi f\u00f6r\u00a0<em>Back to the roots<\/em> och vi flyttar tillbaka till Fryshuset. Det blir en nostalgigala! Det var d\u00e4r vi anordnade v\u00e5r f\u00f6rsta gala 2008. Nu tar vi tillf\u00e4llet i akt och anordnar en gala d\u00e4r igen, ber\u00e4ttade arrang\u00f6ren Babak Ashti i en <a href=\"https:\/\/www.budokampsport.se\/2021\/09\/03\/fyra-svenska-mma-galor-anordnas-den-narmaste-manaden\/\" target=\"_blank\" rel=\"noopener noreferrer\">tidigare artikel<\/a>.<\/p>\n<p>Det tillt\u00e4nkta huvudkortet till Superior Challenge 22 i maj var Kenneth Bergh\u2013Antonio Trocoli, som st\u00e4lldes in efter en <a href=\"https:\/\/www.budokampsport.se\/2021\/05\/31\/sa-gick-det-i-superior-challenge-22\/\" target=\"_blank\" rel=\"noopener noreferrer\">hel del strul<\/a>.\u00a0Nu var norrmannen Bergh bokad igen och skulle st\u00e4llas mot Trocolis brasilianske landsman Ederson Macedo i galans huvudkort, tillika titelmatch i l\u00e4tt tungvikt. Den h\u00e4r g\u00e5ngen var det dock Kenneth Bergh som fick st\u00e4lla in matchen pga skada.<\/p>\n<p>Andreas St\u00e5hl (bilden ovan) gjorde comeback efter tv\u00e5 \u00e5rs uppeh\u00e5ll och vann sin match mot polacken Alan Langer.<\/p>\n<p>F\u00f6r \u00f6vriga fem svenskar gick det s\u00e4mre \u2013 samtliga f\u00f6rlorade n\u00e4mligen sina matcher.<\/p>\n<p><span style=\"font-size: 18pt;\"><strong>Fullst\u00e4ndiga resultat:<\/strong><\/span><\/p>\n<table style=\"border-collapse: collapse; width: 100%; height: 322px;\">\n<tbody>\n<tr style=\"height: 23px;\">\n<td style=\"height: 23px; width: 45%;\"><del><img loading=\"lazy\" decoding=\"async\" class=\"alignnone size-full wp-image-125018\" src=\"https:\/\/www.budokampsport.se\/wp-content\/uploads\/2021\/03\/norway_flag-png-icon-16.png\" alt=\"Norges flagga\" width=\"16\" height=\"12\" \/> Kenneth Bergh<\/del><\/td>\n<td style=\"text-align: center; height: 23px; width: 10%;\"><del>vs<\/del><\/td>\n<td style=\"height: 23px; width: 45%;\"><del><img loading=\"lazy\" decoding=\"async\" class=\"alignnone size-full wp-image-122884\" src=\"https:\/\/www.budokampsport.se\/wp-content\/uploads\/2020\/11\/brazil-flag-icon-16.png\" alt=\"Brasiliens flagga\" width=\"16\" height=\"11\" \/> Ederson Macedo<\/del><\/td>\n<\/tr>\n<tr style=\"height: 23px;\">\n<td style=\"width: 100%; height: 23px;\" colspan=\"3\"><span style=\"font-size: 10pt;\">Matchen blev inst\u00e4lld.<\/span><\/td>\n<\/tr>\n<tr style=\"height: 23px;\">\n<td style=\"height: 23px; width: 45%;\"><img loading=\"lazy\" decoding=\"async\" class=\"alignnone size-full wp-image-122883\" src=\"https:\/\/www.budokampsport.se\/wp-content\/uploads\/2020\/11\/sweden-flag-icon-16.png\" alt=\"Sveriges flagga\" width=\"16\" height=\"10\" \/> Andreas St\u00e5hl<\/td>\n<td style=\"text-align: center; height: 23px; width: 10%;\">besegrade<\/td>\n<td style=\"height: 23px; width: 45%;\"><img loading=\"lazy\" decoding=\"async\" class=\"alignnone size-full wp-image-128752\" src=\"https:\/\/www.budokampsport.se\/wp-content\/uploads\/2021\/09\/poland_flag-png-icon-16.png\" alt=\"\" width=\"16\" height=\"10\" \/> Alan Langer<\/td>\n<\/tr>\n<tr style=\"height: 23px;\">\n<td style=\"width: 100%; height: 23px;\" colspan=\"3\"><span style=\"font-size: 10pt;\">Enh\u00e4lligt domslut.<\/span><\/td>\n<\/tr>\n<tr style=\"height: 23px;\">\n<td style=\"height: 23px; width: 45%;\"><img loading=\"lazy\" decoding=\"async\" class=\"alignnone size-full wp-image-128754\" src=\"https:\/\/www.budokampsport.se\/wp-content\/uploads\/2021\/09\/switzerland_flag-png-icon-16-b.png\" alt=\"\" width=\"16\" height=\"10\" \/>\u00a0Kenji Bortoluzzi<\/td>\n<td style=\"text-align: center; height: 23px; width: 10%;\">besegrade<\/td>\n<td style=\"height: 23px; width: 45%;\"><img loading=\"lazy\" decoding=\"async\" class=\"alignnone size-full wp-image-122883\" src=\"https:\/\/www.budokampsport.se\/wp-content\/uploads\/2020\/11\/sweden-flag-icon-16.png\" alt=\"Sveriges flagga\" width=\"16\" height=\"10\" \/> Bartosz W\u00f3jcikiewicz<\/td>\n<\/tr>\n<tr style=\"height: 23px;\">\n<td style=\"width: 100%; height: 23px;\" colspan=\"3\"><span style=\"font-size: 10pt;\">Enh\u00e4lligt domslut.<\/span><\/td>\n<\/tr>\n<tr style=\"height: 23px;\">\n<td style=\"height: 23px; width: 45%;\"><img loading=\"lazy\" decoding=\"async\" class=\"alignnone size-full wp-image-122884\" src=\"https:\/\/www.budokampsport.se\/wp-content\/uploads\/2020\/11\/brazil-flag-icon-16.png\" alt=\"Brasiliens flagga\" width=\"16\" height=\"11\" \/> Iamik Furtado<\/td>\n<td style=\"text-align: center; height: 23px; width: 10%;\">besegrade<\/td>\n<td style=\"height: 23px; width: 45%;\"><img loading=\"lazy\" decoding=\"async\" class=\"alignnone size-full wp-image-122883\" src=\"https:\/\/www.budokampsport.se\/wp-content\/uploads\/2020\/11\/sweden-flag-icon-16.png\" alt=\"Sveriges flagga\" width=\"16\" height=\"10\" \/> Adam Westlund<\/td>\n<\/tr>\n<tr style=\"height: 23px;\">\n<td style=\"width: 100%; height: 23px;\" colspan=\"3\"><span style=\"font-size: 10pt;\">Enh\u00e4lligt domslut.<\/span><\/td>\n<\/tr>\n<tr style=\"height: 23px;\">\n<td style=\"height: 23px; width: 45%;\"><img loading=\"lazy\" decoding=\"async\" class=\"alignnone size-full wp-image-125023\" src=\"https:\/\/www.budokampsport.se\/wp-content\/uploads\/2021\/03\/finland_flag-png-icon-16.png\" alt=\"Finlands flagga\" width=\"16\" height=\"10\" \/> Jerry Kvarnstr\u00f6m<\/td>\n<td style=\"text-align: center; height: 23px; width: 10%;\">besegrade<\/td>\n<td style=\"height: 23px; width: 45%;\"><img loading=\"lazy\" decoding=\"async\" class=\"alignnone size-full wp-image-122883\" src=\"https:\/\/www.budokampsport.se\/wp-content\/uploads\/2020\/11\/sweden-flag-icon-16.png\" alt=\"Sveriges flagga\" width=\"16\" height=\"10\" \/> Fernando Flores<\/td>\n<\/tr>\n<tr style=\"height: 23px;\">\n<td style=\"width: 100%; height: 23px;\" colspan=\"3\"><span style=\"font-size: 10pt;\">Rond 2 | Submission (rear-naked choke).<\/span><\/td>\n<\/tr>\n<tr style=\"height: 23px;\">\n<td style=\"width: 45%; height: 23px;\"><img loading=\"lazy\" decoding=\"async\" class=\"alignnone size-full wp-image-128755\" src=\"https:\/\/www.budokampsport.se\/wp-content\/uploads\/2021\/09\/lithuania_flag-png-icon-16.png\" alt=\"\" width=\"16\" height=\"10\" \/> Raimondas Krilavicius<\/td>\n<td style=\"text-align: center; width: 10%; height: 23px;\">besegrade<\/td>\n<td style=\"width: 45%; height: 23px;\"><img loading=\"lazy\" decoding=\"async\" class=\"alignnone size-full wp-image-122883\" src=\"https:\/\/www.budokampsport.se\/wp-content\/uploads\/2020\/11\/sweden-flag-icon-16.png\" alt=\"Sveriges flagga\" width=\"16\" height=\"10\" \/> Moraad Moreno<\/td>\n<\/tr>\n<tr style=\"height: 23px;\">\n<td style=\"width: 100%; height: 23px;\" colspan=\"3\"><span style=\"font-size: 10pt;\">Rond 1 | Submission (rear-naked choke).<\/span><\/td>\n<\/tr>\n<tr style=\"height: 23px;\">\n<td style=\"width: 45%; height: 23px;\"><img loading=\"lazy\" decoding=\"async\" class=\"alignnone size-full wp-image-125023\" src=\"https:\/\/www.budokampsport.se\/wp-content\/uploads\/2021\/03\/finland_flag-png-icon-16.png\" alt=\"Finlands flagga\" width=\"16\" height=\"10\" \/> Niko Skonb\u00e4ck<\/td>\n<td style=\"text-align: center; width: 10%; height: 23px;\">besegrade<\/td>\n<td style=\"width: 45%; height: 23px;\"><img loading=\"lazy\" decoding=\"async\" class=\"alignnone size-full wp-image-122883\" src=\"https:\/\/www.budokampsport.se\/wp-content\/uploads\/2020\/11\/sweden-flag-icon-16.png\" alt=\"Sveriges flagga\" width=\"16\" height=\"10\" \/> Christian Stigenberg<\/td>\n<\/tr>\n<tr style=\"height: 23px;\">\n<td style=\"width: 100%; height: 23px;\" colspan=\"3\"><span style=\"font-size: 10pt;\">Enh\u00e4lligt domslut.<\/span><\/td>\n<\/tr>\n<\/tbody>\n<\/table>\n<p>&nbsp;<\/p>\n<p>N\u00e4sta upplaga, Superior Challenge 24, kommer att arrangeras den 4 december.<\/p>\n<p>Text: Mats Lilja<br \/>\nMatchfakta: <a href=\"https:\/\/frontkick.online\" target=\"_blank\" rel=\"noopener noreferrer\">frontkick.online<\/a><br \/>\nFoto: Bildbyr\u00e5n<\/p>\n","protected":false},"excerpt":{"rendered":"<p>MMA | Andreas St\u00e5hl vann i \u00e5terkomsten men tufft f\u00f6r \u00f6vriga svenskar.<\/p><br>","protected":false},"author":914,"featured_media":128880,"comment_status":"open","ping_status":"open","sticky":false,"template":"","format":"standard","meta":{"_acf_changed":false,"footnotes":""},"categories":[1],"tags":[],"class_list":["post-128751","post","type-post","status-publish","format-standard","has-post-thumbnail","hentry","category-okategoriserade"],"acf":[],"yoast_head":"<!-- This site is optimized with the Yoast SEO plugin v26.8 - https:\/\/yoast.com\/product\/yoast-seo-wordpress\/ -->\n<title>S\u00e5 gick det i Superior Challenge 23 - Svenska Budo &amp; Kampsportsf\u00f6rbundet<\/title>\n<meta name=\"description\" content=\"MMA | Andreas St\u00e5hl vann i \u00e5terkomsten men tufft f\u00f6r \u00f6vriga svenskar.\" \/>\n<meta name=\"robots\" content=\"index, follow, max-snippet:-1, max-image-preview:large, max-video-preview:-1\" \/>\n<link rel=\"canonical\" href=\"https:\/\/www.budokampsport.se\/2021\/09\/26\/sa-gick-det-i-superior-challenge-23\/\" \/>\n<meta property=\"og:locale\" content=\"sv_SE\" \/>\n<meta property=\"og:type\" content=\"article\" \/>\n<meta property=\"og:title\" content=\"S\u00e5 gick det i Superior Challenge 23 - Svenska Budo &amp; Kampsportsf\u00f6rbundet\" \/>\n<meta property=\"og:description\" content=\"MMA | Andreas St\u00e5hl vann i \u00e5terkomsten men tufft f\u00f6r \u00f6vriga svenskar.\" \/>\n<meta property=\"og:url\" content=\"https:\/\/www.budokampsport.se\/2021\/09\/26\/sa-gick-det-i-superior-challenge-23\/\" \/>\n<meta property=\"og:site_name\" content=\"Svenska Budo &amp; Kampsportsf\u00f6rbundet\" \/>\n<meta property=\"article:published_time\" content=\"2021-09-26T09:40:35+00:00\" \/>\n<meta property=\"og:image\" content=\"https:\/\/www.budokampsport.se\/wp-content\/uploads\/2021\/09\/BB210925JZ092-847px.jpg\" \/>\n\t<meta property=\"og:image:width\" content=\"847\" \/>\n\t<meta property=\"og:image:height\" content=\"565\" \/>\n\t<meta property=\"og:image:type\" content=\"image\/jpeg\" \/>\n<meta name=\"author\" content=\"Mats Lilja\" \/>\n<meta name=\"twitter:card\" content=\"summary_large_image\" \/>\n<meta name=\"twitter:label1\" content=\"Skriven av\" \/>\n\t<meta name=\"twitter:data1\" content=\"Mats Lilja\" \/>\n\t<meta name=\"twitter:label2\" content=\"Ber\u00e4knad l\u00e4stid\" \/>\n\t<meta name=\"twitter:data2\" content=\"1 minut\" \/>\n<script type=\"application\/ld+json\" class=\"yoast-schema-graph\">{\"@context\":\"https:\/\/schema.org\",\"@graph\":[{\"@type\":\"Article\",\"@id\":\"https:\/\/www.budokampsport.se\/2021\/09\/26\/sa-gick-det-i-superior-challenge-23\/#article\",\"isPartOf\":{\"@id\":\"https:\/\/www.budokampsport.se\/2021\/09\/26\/sa-gick-det-i-superior-challenge-23\/\"},\"author\":{\"name\":\"Mats Lilja\",\"@id\":\"https:\/\/www.budokampsport.se\/#\/schema\/person\/d80c0bc61f1787703168fc250ce69522\"},\"headline\":\"S\u00e5 gick det i Superior Challenge 23\",\"datePublished\":\"2021-09-26T09:40:35+00:00\",\"mainEntityOfPage\":{\"@id\":\"https:\/\/www.budokampsport.se\/2021\/09\/26\/sa-gick-det-i-superior-challenge-23\/\"},\"wordCount\":281,\"commentCount\":0,\"image\":{\"@id\":\"https:\/\/www.budokampsport.se\/2021\/09\/26\/sa-gick-det-i-superior-challenge-23\/#primaryimage\"},\"thumbnailUrl\":\"https:\/\/www.budokampsport.se\/wp-content\/uploads\/2021\/09\/BB210925JZ092-847px.jpg\",\"inLanguage\":\"sv-SE\",\"potentialAction\":[{\"@type\":\"CommentAction\",\"name\":\"Comment\",\"target\":[\"https:\/\/www.budokampsport.se\/2021\/09\/26\/sa-gick-det-i-superior-challenge-23\/#respond\"]}]},{\"@type\":\"WebPage\",\"@id\":\"https:\/\/www.budokampsport.se\/2021\/09\/26\/sa-gick-det-i-superior-challenge-23\/\",\"url\":\"https:\/\/www.budokampsport.se\/2021\/09\/26\/sa-gick-det-i-superior-challenge-23\/\",\"name\":\"S\u00e5 gick det i Superior Challenge 23 - Svenska Budo &amp; Kampsportsf\u00f6rbundet\",\"isPartOf\":{\"@id\":\"https:\/\/www.budokampsport.se\/#website\"},\"primaryImageOfPage\":{\"@id\":\"https:\/\/www.budokampsport.se\/2021\/09\/26\/sa-gick-det-i-superior-challenge-23\/#primaryimage\"},\"image\":{\"@id\":\"https:\/\/www.budokampsport.se\/2021\/09\/26\/sa-gick-det-i-superior-challenge-23\/#primaryimage\"},\"thumbnailUrl\":\"https:\/\/www.budokampsport.se\/wp-content\/uploads\/2021\/09\/BB210925JZ092-847px.jpg\",\"datePublished\":\"2021-09-26T09:40:35+00:00\",\"author\":{\"@id\":\"https:\/\/www.budokampsport.se\/#\/schema\/person\/d80c0bc61f1787703168fc250ce69522\"},\"description\":\"MMA | Andreas St\u00e5hl vann i \u00e5terkomsten men tufft f\u00f6r \u00f6vriga svenskar.\",\"breadcrumb\":{\"@id\":\"https:\/\/www.budokampsport.se\/2021\/09\/26\/sa-gick-det-i-superior-challenge-23\/#breadcrumb\"},\"inLanguage\":\"sv-SE\",\"potentialAction\":[{\"@type\":\"ReadAction\",\"target\":[\"https:\/\/www.budokampsport.se\/2021\/09\/26\/sa-gick-det-i-superior-challenge-23\/\"]}]},{\"@type\":\"ImageObject\",\"inLanguage\":\"sv-SE\",\"@id\":\"https:\/\/www.budokampsport.se\/2021\/09\/26\/sa-gick-det-i-superior-challenge-23\/#primaryimage\",\"url\":\"https:\/\/www.budokampsport.se\/wp-content\/uploads\/2021\/09\/BB210925JZ092-847px.jpg\",\"contentUrl\":\"https:\/\/www.budokampsport.se\/wp-content\/uploads\/2021\/09\/BB210925JZ092-847px.jpg\",\"width\":847,\"height\":565,\"caption\":\"210925 Sveriges Andreas St\u00e5hl under Superior Challenge 23 den 25 september 2021 i Stockholm. Foto: Jesper Zerman \/ BILDBYR\u00c5N \/ COP 234 \/ JZ0139\"},{\"@type\":\"BreadcrumbList\",\"@id\":\"https:\/\/www.budokampsport.se\/2021\/09\/26\/sa-gick-det-i-superior-challenge-23\/#breadcrumb\",\"itemListElement\":[{\"@type\":\"ListItem\",\"position\":1,\"name\":\"Hem\",\"item\":\"https:\/\/www.budokampsport.se\/\"},{\"@type\":\"ListItem\",\"position\":2,\"name\":\"S\u00e5 gick det i Superior Challenge 23\"}]},{\"@type\":\"WebSite\",\"@id\":\"https:\/\/www.budokampsport.se\/#website\",\"url\":\"https:\/\/www.budokampsport.se\/\",\"name\":\"Svenska Budo &amp; Kampsportsf\u00f6rbundet\",\"description\":\"T\u00e4vling, Tr\u00e4ning, Tradition\",\"potentialAction\":[{\"@type\":\"SearchAction\",\"target\":{\"@type\":\"EntryPoint\",\"urlTemplate\":\"https:\/\/www.budokampsport.se\/?s={search_term_string}\"},\"query-input\":{\"@type\":\"PropertyValueSpecification\",\"valueRequired\":true,\"valueName\":\"search_term_string\"}}],\"inLanguage\":\"sv-SE\"},{\"@type\":\"Person\",\"@id\":\"https:\/\/www.budokampsport.se\/#\/schema\/person\/d80c0bc61f1787703168fc250ce69522\",\"name\":\"Mats Lilja\",\"image\":{\"@type\":\"ImageObject\",\"inLanguage\":\"sv-SE\",\"@id\":\"https:\/\/www.budokampsport.se\/#\/schema\/person\/image\/\",\"url\":\"https:\/\/secure.gravatar.com\/avatar\/607f84918e96abe1ebbd8611782fa57d?s=96&d=blank&r=g\",\"contentUrl\":\"https:\/\/secure.gravatar.com\/avatar\/607f84918e96abe1ebbd8611782fa57d?s=96&d=blank&r=g\",\"caption\":\"Mats Lilja\"},\"url\":\"https:\/\/www.budokampsport.se\/author\/mats-lilja\/\"}]}<\/script>\n<!-- \/ Yoast SEO plugin. -->","yoast_head_json":{"title":"S\u00e5 gick det i Superior Challenge 23 - Svenska Budo &amp; Kampsportsf\u00f6rbundet","description":"MMA | Andreas St\u00e5hl vann i \u00e5terkomsten men tufft f\u00f6r \u00f6vriga svenskar.","robots":{"index":"index","follow":"follow","max-snippet":"max-snippet:-1","max-image-preview":"max-image-preview:large","max-video-preview":"max-video-preview:-1"},"canonical":"https:\/\/www.budokampsport.se\/2021\/09\/26\/sa-gick-det-i-superior-challenge-23\/","og_locale":"sv_SE","og_type":"article","og_title":"S\u00e5 gick det i Superior Challenge 23 - Svenska Budo &amp; Kampsportsf\u00f6rbundet","og_description":"MMA | Andreas St\u00e5hl vann i \u00e5terkomsten men tufft f\u00f6r \u00f6vriga svenskar.","og_url":"https:\/\/www.budokampsport.se\/2021\/09\/26\/sa-gick-det-i-superior-challenge-23\/","og_site_name":"Svenska Budo &amp; Kampsportsf\u00f6rbundet","article_published_time":"2021-09-26T09:40:35+00:00","og_image":[{"width":847,"height":565,"url":"https:\/\/www.budokampsport.se\/wp-content\/uploads\/2021\/09\/BB210925JZ092-847px.jpg","type":"image\/jpeg"}],"author":"Mats Lilja","twitter_card":"summary_large_image","twitter_misc":{"Skriven av":"Mats Lilja","Ber\u00e4knad l\u00e4stid":"1 minut"},"schema":{"@context":"https:\/\/schema.org","@graph":[{"@type":"Article","@id":"https:\/\/www.budokampsport.se\/2021\/09\/26\/sa-gick-det-i-superior-challenge-23\/#article","isPartOf":{"@id":"https:\/\/www.budokampsport.se\/2021\/09\/26\/sa-gick-det-i-superior-challenge-23\/"},"author":{"name":"Mats Lilja","@id":"https:\/\/www.budokampsport.se\/#\/schema\/person\/d80c0bc61f1787703168fc250ce69522"},"headline":"S\u00e5 gick det i Superior Challenge 23","datePublished":"2021-09-26T09:40:35+00:00","mainEntityOfPage":{"@id":"https:\/\/www.budokampsport.se\/2021\/09\/26\/sa-gick-det-i-superior-challenge-23\/"},"wordCount":281,"commentCount":0,"image":{"@id":"https:\/\/www.budokampsport.se\/2021\/09\/26\/sa-gick-det-i-superior-challenge-23\/#primaryimage"},"thumbnailUrl":"https:\/\/www.budokampsport.se\/wp-content\/uploads\/2021\/09\/BB210925JZ092-847px.jpg","inLanguage":"sv-SE","potentialAction":[{"@type":"CommentAction","name":"Comment","target":["https:\/\/www.budokampsport.se\/2021\/09\/26\/sa-gick-det-i-superior-challenge-23\/#respond"]}]},{"@type":"WebPage","@id":"https:\/\/www.budokampsport.se\/2021\/09\/26\/sa-gick-det-i-superior-challenge-23\/","url":"https:\/\/www.budokampsport.se\/2021\/09\/26\/sa-gick-det-i-superior-challenge-23\/","name":"S\u00e5 gick det i Superior Challenge 23 - Svenska Budo &amp; Kampsportsf\u00f6rbundet","isPartOf":{"@id":"https:\/\/www.budokampsport.se\/#website"},"primaryImageOfPage":{"@id":"https:\/\/www.budokampsport.se\/2021\/09\/26\/sa-gick-det-i-superior-challenge-23\/#primaryimage"},"image":{"@id":"https:\/\/www.budokampsport.se\/2021\/09\/26\/sa-gick-det-i-superior-challenge-23\/#primaryimage"},"thumbnailUrl":"https:\/\/www.budokampsport.se\/wp-content\/uploads\/2021\/09\/BB210925JZ092-847px.jpg","datePublished":"2021-09-26T09:40:35+00:00","author":{"@id":"https:\/\/www.budokampsport.se\/#\/schema\/person\/d80c0bc61f1787703168fc250ce69522"},"description":"MMA | Andreas St\u00e5hl vann i \u00e5terkomsten men tufft f\u00f6r \u00f6vriga svenskar.","breadcrumb":{"@id":"https:\/\/www.budokampsport.se\/2021\/09\/26\/sa-gick-det-i-superior-challenge-23\/#breadcrumb"},"inLanguage":"sv-SE","potentialAction":[{"@type":"ReadAction","target":["https:\/\/www.budokampsport.se\/2021\/09\/26\/sa-gick-det-i-superior-challenge-23\/"]}]},{"@type":"ImageObject","inLanguage":"sv-SE","@id":"https:\/\/www.budokampsport.se\/2021\/09\/26\/sa-gick-det-i-superior-challenge-23\/#primaryimage","url":"https:\/\/www.budokampsport.se\/wp-content\/uploads\/2021\/09\/BB210925JZ092-847px.jpg","contentUrl":"https:\/\/www.budokampsport.se\/wp-content\/uploads\/2021\/09\/BB210925JZ092-847px.jpg","width":847,"height":565,"caption":"210925 Sveriges Andreas St\u00e5hl under Superior Challenge 23 den 25 september 2021 i Stockholm. Foto: Jesper Zerman \/ BILDBYR\u00c5N \/ COP 234 \/ JZ0139"},{"@type":"BreadcrumbList","@id":"https:\/\/www.budokampsport.se\/2021\/09\/26\/sa-gick-det-i-superior-challenge-23\/#breadcrumb","itemListElement":[{"@type":"ListItem","position":1,"name":"Hem","item":"https:\/\/www.budokampsport.se\/"},{"@type":"ListItem","position":2,"name":"S\u00e5 gick det i Superior Challenge 23"}]},{"@type":"WebSite","@id":"https:\/\/www.budokampsport.se\/#website","url":"https:\/\/www.budokampsport.se\/","name":"Svenska Budo &amp; Kampsportsf\u00f6rbundet","description":"T\u00e4vling, Tr\u00e4ning, Tradition","potentialAction":[{"@type":"SearchAction","target":{"@type":"EntryPoint","urlTemplate":"https:\/\/www.budokampsport.se\/?s={search_term_string}"},"query-input":{"@type":"PropertyValueSpecification","valueRequired":true,"valueName":"search_term_string"}}],"inLanguage":"sv-SE"},{"@type":"Person","@id":"https:\/\/www.budokampsport.se\/#\/schema\/person\/d80c0bc61f1787703168fc250ce69522","name":"Mats Lilja","image":{"@type":"ImageObject","inLanguage":"sv-SE","@id":"https:\/\/www.budokampsport.se\/#\/schema\/person\/image\/","url":"https:\/\/secure.gravatar.com\/avatar\/607f84918e96abe1ebbd8611782fa57d?s=96&d=blank&r=g","contentUrl":"https:\/\/secure.gravatar.com\/avatar\/607f84918e96abe1ebbd8611782fa57d?s=96&d=blank&r=g","caption":"Mats Lilja"},"url":"https:\/\/www.budokampsport.se\/author\/mats-lilja\/"}]}},"_links":{"self":[{"href":"https:\/\/www.budokampsport.se\/api\/wp\/v2\/posts\/128751","targetHints":{"allow":["GET"]}}],"collection":[{"href":"https:\/\/www.budokampsport.se\/api\/wp\/v2\/posts"}],"about":[{"href":"https:\/\/www.budokampsport.se\/api\/wp\/v2\/types\/post"}],"author":[{"embeddable":true,"href":"https:\/\/www.budokampsport.se\/api\/wp\/v2\/users\/914"}],"replies":[{"embeddable":true,"href":"https:\/\/www.budokampsport.se\/api\/wp\/v2\/comments?post=128751"}],"version-history":[{"count":0,"href":"https:\/\/www.budokampsport.se\/api\/wp\/v2\/posts\/128751\/revisions"}],"wp:featuredmedia":[{"embeddable":true,"href":"https:\/\/www.budokampsport.se\/api\/wp\/v2\/media\/128880"}],"wp:attachment":[{"href":"https:\/\/www.budokampsport.se\/api\/wp\/v2\/media?parent=128751"}],"wp:term":[{"taxonomy":"category","embeddable":true,"href":"https:\/\/www.budokampsport.se\/api\/wp\/v2\/categories?post=128751"},{"taxonomy":"post_tag","embeddable":true,"href":"https:\/\/www.budokampsport.se\/api\/wp\/v2\/tags?post=128751"}],"curies":[{"name":"wp","href":"https:\/\/api.w.org\/{rel}","templated":true}]}}