{"id":129018,"date":"2021-09-28T13:50:06","date_gmt":"2021-09-28T11:50:06","guid":{"rendered":"https:\/\/www.budokampsport.se\/?p=129018"},"modified":"2021-09-28T14:07:55","modified_gmt":"2021-09-28T12:07:55","slug":"junior-em-i-jujutsu","status":"publish","type":"post","link":"https:\/\/www.budokampsport.se\/2021\/09\/28\/junior-em-i-jujutsu\/","title":{"rendered":"Guld och tv\u00e5 silver till Sverige vid junior-EM i jujutsu"},"content":{"rendered":"<p>Efter l\u00e5ngt uppeh\u00e5ll s\u00e5 var den svenska juniortruppen p\u00e5 m\u00e4sterskap igen. I helgen t\u00e4vlade sju stycken fighters i disciplinen JJIF Fighting vid junior-EM i tyska Maintal.<\/p>\n<figure id=\"attachment_129020\" aria-describedby=\"caption-attachment-129020\" style=\"width: 847px\" class=\"wp-caption aligncenter\"><img loading=\"lazy\" decoding=\"async\" class=\"size-full wp-image-129020\" src=\"https:\/\/www.budokampsport.se\/wp-content\/uploads\/2021\/09\/jujutsujem2.jpg\" alt=\"\" width=\"847\" height=\"565\" srcset=\"https:\/\/www.budokampsport.se\/wp-content\/uploads\/2021\/09\/jujutsujem2.jpg 847w, https:\/\/www.budokampsport.se\/wp-content\/uploads\/2021\/09\/jujutsujem2-600x400.jpg 600w, https:\/\/www.budokampsport.se\/wp-content\/uploads\/2021\/09\/jujutsujem2-376x251.jpg 376w, https:\/\/www.budokampsport.se\/wp-content\/uploads\/2021\/09\/jujutsujem2-278x185.jpg 278w, https:\/\/www.budokampsport.se\/wp-content\/uploads\/2021\/09\/jujutsujem2-572x382.jpg 572w\" sizes=\"auto, (max-width: 847px) 100vw, 847px\" \/><figcaption id=\"caption-attachment-129020\" class=\"wp-caption-text\"><span style=\"font-size: 10pt;\"><em>Lovisa Schmidt och Joakim Vistam.<\/em><\/span><\/figcaption><\/figure>\n<p><strong>Lovisa Schmidt<\/strong> fr\u00e5n Nacka Dojo stod f\u00f6r ett fantastiskt resultat med EM-guld i U21 -52 kg efter fyra v\u00e4ldigt starka matcher. Lovisa har utvecklats och fick ihop b\u00e5de slag- och sparkdelen och var sv\u00e5r att rubba i kast. Hon utnyttjade sin r\u00e4ckvidd och satte m\u00e5nga fina ipponsparkar. Efter vinst mot Marie Vellguth fr\u00e5n Tyskland i sista matchen s\u00e5 s\u00e4krade Lovisa guldet.<\/p>\n<figure id=\"attachment_129053\" aria-describedby=\"caption-attachment-129053\" style=\"width: 722px\" class=\"wp-caption aligncenter\"><img loading=\"lazy\" decoding=\"async\" class=\"size-full wp-image-129053\" src=\"https:\/\/www.budokampsport.se\/wp-content\/uploads\/2021\/09\/jujutsujem3-e1632828546745.jpg\" alt=\"\" width=\"722\" height=\"423\" srcset=\"https:\/\/www.budokampsport.se\/wp-content\/uploads\/2021\/09\/jujutsujem3-e1632828546745.jpg 722w, https:\/\/www.budokampsport.se\/wp-content\/uploads\/2021\/09\/jujutsujem3-e1632828546745-600x352.jpg 600w, https:\/\/www.budokampsport.se\/wp-content\/uploads\/2021\/09\/jujutsujem3-e1632828546745-376x220.jpg 376w, https:\/\/www.budokampsport.se\/wp-content\/uploads\/2021\/09\/jujutsujem3-e1632828546745-278x163.jpg 278w, https:\/\/www.budokampsport.se\/wp-content\/uploads\/2021\/09\/jujutsujem3-e1632828546745-572x335.jpg 572w\" sizes=\"auto, (max-width: 722px) 100vw, 722px\" \/><figcaption id=\"caption-attachment-129053\" class=\"wp-caption-text\"><span style=\"font-size: 10pt;\"><em>Emma Lette och Ella Jacobsen.<\/em><\/span><\/figcaption><\/figure>\n<p>Det blev dessutom silvermedaljer till <strong>Emma Lette<\/strong> och <strong>Ella Jacobsen<\/strong>, b\u00e5da fr\u00e5n Nacka Dojo.<\/p>\n<p>Emma, som \u00e4r regerande v\u00e4rldsm\u00e4stare i U21 -70 kg, startade lite ofokuserat i f\u00f6rsta matchen och f\u00f6rlorade mot Lena Kostanjok fr\u00e5n Slovenien (som vann guldet). Emma vann sina \u00e5terst\u00e5ende fyra matcher och visade lite mer av sin normala niv\u00e5 som \u00e4r skyh\u00f6g.<\/p>\n<p>Ella, som \u00e4r v\u00e4rldsm\u00e4stare i U18 -70 kg, t\u00e4vlade nu i U21 -63kg och startade EM utm\u00e4rkt. Vinst i kvartsfinal och semifinal efter smart och riktigt bra jujutsu d\u00e4r hon dominerade p\u00e5 golvet. I finalen k\u00e4ndes det som hon skulle kunna ge Lisa Fuhrman fr\u00e5n \u00d6sterrike en rej\u00e4l match. Tyv\u00e4rr s\u00e5 h\u00e4ngde inte benen med riktigt i finalen s\u00e5 Ella fick n\u00f6ja sig med ett silver den h\u00e4r g\u00e5ngen.<\/p>\n<figure id=\"attachment_129054\" aria-describedby=\"caption-attachment-129054\" style=\"width: 722px\" class=\"wp-caption aligncenter\"><img loading=\"lazy\" decoding=\"async\" class=\"size-full wp-image-129054\" src=\"https:\/\/www.budokampsport.se\/wp-content\/uploads\/2021\/09\/jujutsujem4.jpg\" alt=\"\" width=\"722\" height=\"423\" srcset=\"https:\/\/www.budokampsport.se\/wp-content\/uploads\/2021\/09\/jujutsujem4.jpg 722w, https:\/\/www.budokampsport.se\/wp-content\/uploads\/2021\/09\/jujutsujem4-600x352.jpg 600w, https:\/\/www.budokampsport.se\/wp-content\/uploads\/2021\/09\/jujutsujem4-376x220.jpg 376w, https:\/\/www.budokampsport.se\/wp-content\/uploads\/2021\/09\/jujutsujem4-278x163.jpg 278w, https:\/\/www.budokampsport.se\/wp-content\/uploads\/2021\/09\/jujutsujem4-572x335.jpg 572w\" sizes=\"auto, (max-width: 722px) 100vw, 722px\" \/><figcaption id=\"caption-attachment-129054\" class=\"wp-caption-text\"><span style=\"font-size: 10pt;\"><em>Nisse Lindberg och Robin Vistam.<\/em><\/span><\/figcaption><\/figure>\n<p><strong>Nisse Lindberg<\/strong> och <strong>Robin Vistam<\/strong> t\u00e4vlade i U21 -62kg och hade tufft motst\u00e5nd.<\/p>\n<p>Nisse tog sig till bronsfinal efter en seger och en f\u00f6rlust men f\u00f6rlorade tyv\u00e4rr den mot en rum\u00e4n. Nisse, som har en helt egen stil n\u00e4r han fightas, k\u00e4ndes v\u00e4ldigt lugn och fokuserad och hade lika bra kunnat ta sig till final.<\/p>\n<p>Robin Vistam fick en bra f\u00f6rsta match mot en fransman, som senare tog sig till final. Han ledde matchen som vanligt p\u00e5 po\u00e4ng men f\u00f6rlorade \u00e4nd\u00e5 p\u00e5 fullt hus efter ett kast och fasth\u00e5llning fr\u00e5n fransmannen.<\/p>\n<figure id=\"attachment_129055\" aria-describedby=\"caption-attachment-129055\" style=\"width: 722px\" class=\"wp-caption aligncenter\"><img loading=\"lazy\" decoding=\"async\" class=\"size-full wp-image-129055\" src=\"https:\/\/www.budokampsport.se\/wp-content\/uploads\/2021\/09\/jujutsujem5.jpg\" alt=\"\" width=\"722\" height=\"423\" srcset=\"https:\/\/www.budokampsport.se\/wp-content\/uploads\/2021\/09\/jujutsujem5.jpg 722w, https:\/\/www.budokampsport.se\/wp-content\/uploads\/2021\/09\/jujutsujem5-600x352.jpg 600w, https:\/\/www.budokampsport.se\/wp-content\/uploads\/2021\/09\/jujutsujem5-376x220.jpg 376w, https:\/\/www.budokampsport.se\/wp-content\/uploads\/2021\/09\/jujutsujem5-278x163.jpg 278w, https:\/\/www.budokampsport.se\/wp-content\/uploads\/2021\/09\/jujutsujem5-572x335.jpg 572w\" sizes=\"auto, (max-width: 722px) 100vw, 722px\" \/><figcaption id=\"caption-attachment-129055\" class=\"wp-caption-text\"><span style=\"font-size: 10pt;\"><em>Toni Beljo och Noel Petterson.<\/em><\/span><\/figcaption><\/figure>\n<p>Landslagsdebutanterna i U18, <strong>Toni Beljo<\/strong> fr\u00e5n Jujutsu-Ryo V\u00e4rnamo samt <strong>Noel Petterson<\/strong> fr\u00e5n Hiyama Dojo, t\u00e4vlade p\u00e5 l\u00f6rdagen och gjorde fina matcher.<\/p>\n<p>Toni tog sig till semifinal men f\u00f6rlorade tyv\u00e4rr den och fick d\u00e4refter g\u00e5 bronsfinal mot Markos Fournarakis fr\u00e5n Grekland. Toni f\u00f6rlorade tyv\u00e4rr den ocks\u00e5 men gjorde ett v\u00e4ldigt bra m\u00e4sterskap.<\/p>\n<p>Noel, som jag hade h\u00f6ga f\u00f6rv\u00e4ntningar p\u00e5, fick en tuff start och hann inte riktigt komma ig\u00e5ng i sina matcher. Han fightades bra med sina slag och sparkar men blev kastad och fasth\u00e5llen. Noel kommer att synas i fler m\u00e4sterskap och med h\u00e5rt arbete s\u00e5 kommer ocks\u00e5 vinsterna.<\/p>\n<p><strong>Alva Lette<\/strong> och <strong>Hugo Blommaskog<\/strong> fick stanna hemma p\u00e5 grund av skador. D\u00e4r hade vi absolut ett par medaljchanser som vi ist\u00e4llet f\u00e5r p\u00e5 ett annat m\u00e4sterskap.<\/p>\n<p>Sammanfattningsvis var det ett bra f\u00f6rsta m\u00e4sterskap med tanke p\u00e5 att det var f\u00f6rsta t\u00e4vlingen sen v\u00e5ren 2020. Nu ser vi fram emot senior- och junior-VM i Abu Dhabi i b\u00f6rjan p\u00e5 november.<\/p>\n<p><strong>Resultat U21<\/strong><br \/>\nLovisa Schmidt -52, Nacka, Guld<br \/>\nElla Jakobsen -63, Nacka, Silver<br \/>\nEmma Lette -70, Nacka, Silver<br \/>\nNisse Lindberg -62, Nacka, 5:a<br \/>\nRobin Vistam -62, Nacka, 9:a<\/p>\n<p><strong>Resultat U18<\/strong><br \/>\nToni Beljo -81, V\u00e4rnamo, 5:a<br \/>\nNoel Pettersson -66, Hiyama, 9:a<br \/>\nHugo Blommaskog -73, Shindo, skadad och deltog ej<br \/>\nAlva Lette -70, Nacka, skadad och deltog ej<\/p>\n<p><em>H\u00e4lsningar fr\u00e5n Maintal!<\/em><\/p>\n<hr \/>\n<p><strong>Joakim Vistam<\/strong><br \/>\n<strong>Coach Jujutsulandslaget<\/strong><\/p>\n<p>Foto: Svenska Jujutsufederationen<br \/>\nRedigering: Mats Lilja<\/p>\n","protected":false},"excerpt":{"rendered":"<p>JUJUTSU | Sju svenska fighters var i hetluften vid europam\u00e4sterskapen f\u00f6r juniorer i Tyskland, d\u00e4r Lovisa Schmidt vann EM-guld! Landslagscoachen Joakim Vistam l\u00e4mnar h\u00e4r en rapport.<\/p><br>","protected":false},"author":914,"featured_media":129019,"comment_status":"open","ping_status":"open","sticky":false,"template":"","format":"standard","meta":{"_acf_changed":false,"footnotes":""},"categories":[1],"tags":[],"class_list":["post-129018","post","type-post","status-publish","format-standard","has-post-thumbnail","hentry","category-okategoriserade"],"acf":[],"yoast_head":"<!-- This site is optimized with the Yoast SEO plugin v26.8 - https:\/\/yoast.com\/product\/yoast-seo-wordpress\/ -->\n<title>Guld och tv\u00e5 silver till Sverige vid junior-EM i jujutsu - Svenska Budo &amp; Kampsportsf\u00f6rbundet<\/title>\n<meta name=\"description\" content=\"JUJUTSU | Sju svenska fighters var i hetluften vid europam\u00e4sterskapen f\u00f6r juniorer i Tyskland, d\u00e4r Lovisa Schmidt vann EM-guld! Landslagscoachen Joakim Vistam l\u00e4mnar h\u00e4r en rapport.\" \/>\n<meta name=\"robots\" content=\"index, follow, max-snippet:-1, max-image-preview:large, max-video-preview:-1\" \/>\n<link rel=\"canonical\" href=\"https:\/\/www.budokampsport.se\/2021\/09\/28\/junior-em-i-jujutsu\/\" \/>\n<meta property=\"og:locale\" content=\"sv_SE\" \/>\n<meta property=\"og:type\" content=\"article\" \/>\n<meta property=\"og:title\" content=\"Guld och tv\u00e5 silver till Sverige vid junior-EM i jujutsu - Svenska Budo &amp; Kampsportsf\u00f6rbundet\" \/>\n<meta property=\"og:description\" content=\"JUJUTSU | Sju svenska fighters var i hetluften vid europam\u00e4sterskapen f\u00f6r juniorer i Tyskland, d\u00e4r Lovisa Schmidt vann EM-guld! Landslagscoachen Joakim Vistam l\u00e4mnar h\u00e4r en rapport.\" \/>\n<meta property=\"og:url\" content=\"https:\/\/www.budokampsport.se\/2021\/09\/28\/junior-em-i-jujutsu\/\" \/>\n<meta property=\"og:site_name\" content=\"Svenska Budo &amp; Kampsportsf\u00f6rbundet\" \/>\n<meta property=\"article:published_time\" content=\"2021-09-28T11:50:06+00:00\" \/>\n<meta property=\"article:modified_time\" content=\"2021-09-28T12:07:55+00:00\" \/>\n<meta property=\"og:image\" content=\"https:\/\/www.budokampsport.se\/wp-content\/uploads\/2021\/09\/jujutsujem1.jpg\" \/>\n\t<meta property=\"og:image:width\" content=\"847\" \/>\n\t<meta property=\"og:image:height\" content=\"565\" \/>\n\t<meta property=\"og:image:type\" content=\"image\/jpeg\" \/>\n<meta name=\"author\" content=\"Mats Lilja\" \/>\n<meta name=\"twitter:card\" content=\"summary_large_image\" \/>\n<meta name=\"twitter:label1\" content=\"Skriven av\" \/>\n\t<meta name=\"twitter:data1\" content=\"Mats Lilja\" \/>\n\t<meta name=\"twitter:label2\" content=\"Ber\u00e4knad l\u00e4stid\" \/>\n\t<meta name=\"twitter:data2\" content=\"3 minuter\" \/>\n<script type=\"application\/ld+json\" class=\"yoast-schema-graph\">{\"@context\":\"https:\/\/schema.org\",\"@graph\":[{\"@type\":\"Article\",\"@id\":\"https:\/\/www.budokampsport.se\/2021\/09\/28\/junior-em-i-jujutsu\/#article\",\"isPartOf\":{\"@id\":\"https:\/\/www.budokampsport.se\/2021\/09\/28\/junior-em-i-jujutsu\/\"},\"author\":{\"name\":\"Mats Lilja\",\"@id\":\"https:\/\/www.budokampsport.se\/#\/schema\/person\/d80c0bc61f1787703168fc250ce69522\"},\"headline\":\"Guld och tv\u00e5 silver till Sverige vid junior-EM i jujutsu\",\"datePublished\":\"2021-09-28T11:50:06+00:00\",\"dateModified\":\"2021-09-28T12:07:55+00:00\",\"mainEntityOfPage\":{\"@id\":\"https:\/\/www.budokampsport.se\/2021\/09\/28\/junior-em-i-jujutsu\/\"},\"wordCount\":671,\"commentCount\":0,\"image\":{\"@id\":\"https:\/\/www.budokampsport.se\/2021\/09\/28\/junior-em-i-jujutsu\/#primaryimage\"},\"thumbnailUrl\":\"https:\/\/www.budokampsport.se\/wp-content\/uploads\/2021\/09\/jujutsujem1.jpg\",\"inLanguage\":\"sv-SE\",\"potentialAction\":[{\"@type\":\"CommentAction\",\"name\":\"Comment\",\"target\":[\"https:\/\/www.budokampsport.se\/2021\/09\/28\/junior-em-i-jujutsu\/#respond\"]}]},{\"@type\":\"WebPage\",\"@id\":\"https:\/\/www.budokampsport.se\/2021\/09\/28\/junior-em-i-jujutsu\/\",\"url\":\"https:\/\/www.budokampsport.se\/2021\/09\/28\/junior-em-i-jujutsu\/\",\"name\":\"Guld och tv\u00e5 silver till Sverige vid junior-EM i jujutsu - Svenska Budo &amp; Kampsportsf\u00f6rbundet\",\"isPartOf\":{\"@id\":\"https:\/\/www.budokampsport.se\/#website\"},\"primaryImageOfPage\":{\"@id\":\"https:\/\/www.budokampsport.se\/2021\/09\/28\/junior-em-i-jujutsu\/#primaryimage\"},\"image\":{\"@id\":\"https:\/\/www.budokampsport.se\/2021\/09\/28\/junior-em-i-jujutsu\/#primaryimage\"},\"thumbnailUrl\":\"https:\/\/www.budokampsport.se\/wp-content\/uploads\/2021\/09\/jujutsujem1.jpg\",\"datePublished\":\"2021-09-28T11:50:06+00:00\",\"dateModified\":\"2021-09-28T12:07:55+00:00\",\"author\":{\"@id\":\"https:\/\/www.budokampsport.se\/#\/schema\/person\/d80c0bc61f1787703168fc250ce69522\"},\"description\":\"JUJUTSU | Sju svenska fighters var i hetluften vid europam\u00e4sterskapen f\u00f6r juniorer i Tyskland, d\u00e4r Lovisa Schmidt vann EM-guld! Landslagscoachen Joakim Vistam l\u00e4mnar h\u00e4r en rapport.\",\"breadcrumb\":{\"@id\":\"https:\/\/www.budokampsport.se\/2021\/09\/28\/junior-em-i-jujutsu\/#breadcrumb\"},\"inLanguage\":\"sv-SE\",\"potentialAction\":[{\"@type\":\"ReadAction\",\"target\":[\"https:\/\/www.budokampsport.se\/2021\/09\/28\/junior-em-i-jujutsu\/\"]}]},{\"@type\":\"ImageObject\",\"inLanguage\":\"sv-SE\",\"@id\":\"https:\/\/www.budokampsport.se\/2021\/09\/28\/junior-em-i-jujutsu\/#primaryimage\",\"url\":\"https:\/\/www.budokampsport.se\/wp-content\/uploads\/2021\/09\/jujutsujem1.jpg\",\"contentUrl\":\"https:\/\/www.budokampsport.se\/wp-content\/uploads\/2021\/09\/jujutsujem1.jpg\",\"width\":847,\"height\":565},{\"@type\":\"BreadcrumbList\",\"@id\":\"https:\/\/www.budokampsport.se\/2021\/09\/28\/junior-em-i-jujutsu\/#breadcrumb\",\"itemListElement\":[{\"@type\":\"ListItem\",\"position\":1,\"name\":\"Hem\",\"item\":\"https:\/\/www.budokampsport.se\/\"},{\"@type\":\"ListItem\",\"position\":2,\"name\":\"Guld och tv\u00e5 silver till Sverige vid junior-EM i jujutsu\"}]},{\"@type\":\"WebSite\",\"@id\":\"https:\/\/www.budokampsport.se\/#website\",\"url\":\"https:\/\/www.budokampsport.se\/\",\"name\":\"Svenska Budo &amp; Kampsportsf\u00f6rbundet\",\"description\":\"T\u00e4vling, Tr\u00e4ning, Tradition\",\"potentialAction\":[{\"@type\":\"SearchAction\",\"target\":{\"@type\":\"EntryPoint\",\"urlTemplate\":\"https:\/\/www.budokampsport.se\/?s={search_term_string}\"},\"query-input\":{\"@type\":\"PropertyValueSpecification\",\"valueRequired\":true,\"valueName\":\"search_term_string\"}}],\"inLanguage\":\"sv-SE\"},{\"@type\":\"Person\",\"@id\":\"https:\/\/www.budokampsport.se\/#\/schema\/person\/d80c0bc61f1787703168fc250ce69522\",\"name\":\"Mats Lilja\",\"image\":{\"@type\":\"ImageObject\",\"inLanguage\":\"sv-SE\",\"@id\":\"https:\/\/www.budokampsport.se\/#\/schema\/person\/image\/\",\"url\":\"https:\/\/secure.gravatar.com\/avatar\/607f84918e96abe1ebbd8611782fa57d?s=96&d=blank&r=g\",\"contentUrl\":\"https:\/\/secure.gravatar.com\/avatar\/607f84918e96abe1ebbd8611782fa57d?s=96&d=blank&r=g\",\"caption\":\"Mats Lilja\"},\"url\":\"https:\/\/www.budokampsport.se\/author\/mats-lilja\/\"}]}<\/script>\n<!-- \/ Yoast SEO plugin. -->","yoast_head_json":{"title":"Guld och tv\u00e5 silver till Sverige vid junior-EM i jujutsu - Svenska Budo &amp; Kampsportsf\u00f6rbundet","description":"JUJUTSU | Sju svenska fighters var i hetluften vid europam\u00e4sterskapen f\u00f6r juniorer i Tyskland, d\u00e4r Lovisa Schmidt vann EM-guld! Landslagscoachen Joakim Vistam l\u00e4mnar h\u00e4r en rapport.","robots":{"index":"index","follow":"follow","max-snippet":"max-snippet:-1","max-image-preview":"max-image-preview:large","max-video-preview":"max-video-preview:-1"},"canonical":"https:\/\/www.budokampsport.se\/2021\/09\/28\/junior-em-i-jujutsu\/","og_locale":"sv_SE","og_type":"article","og_title":"Guld och tv\u00e5 silver till Sverige vid junior-EM i jujutsu - Svenska Budo &amp; Kampsportsf\u00f6rbundet","og_description":"JUJUTSU | Sju svenska fighters var i hetluften vid europam\u00e4sterskapen f\u00f6r juniorer i Tyskland, d\u00e4r Lovisa Schmidt vann EM-guld! Landslagscoachen Joakim Vistam l\u00e4mnar h\u00e4r en rapport.","og_url":"https:\/\/www.budokampsport.se\/2021\/09\/28\/junior-em-i-jujutsu\/","og_site_name":"Svenska Budo &amp; Kampsportsf\u00f6rbundet","article_published_time":"2021-09-28T11:50:06+00:00","article_modified_time":"2021-09-28T12:07:55+00:00","og_image":[{"width":847,"height":565,"url":"https:\/\/www.budokampsport.se\/wp-content\/uploads\/2021\/09\/jujutsujem1.jpg","type":"image\/jpeg"}],"author":"Mats Lilja","twitter_card":"summary_large_image","twitter_misc":{"Skriven av":"Mats Lilja","Ber\u00e4knad l\u00e4stid":"3 minuter"},"schema":{"@context":"https:\/\/schema.org","@graph":[{"@type":"Article","@id":"https:\/\/www.budokampsport.se\/2021\/09\/28\/junior-em-i-jujutsu\/#article","isPartOf":{"@id":"https:\/\/www.budokampsport.se\/2021\/09\/28\/junior-em-i-jujutsu\/"},"author":{"name":"Mats Lilja","@id":"https:\/\/www.budokampsport.se\/#\/schema\/person\/d80c0bc61f1787703168fc250ce69522"},"headline":"Guld och tv\u00e5 silver till Sverige vid junior-EM i jujutsu","datePublished":"2021-09-28T11:50:06+00:00","dateModified":"2021-09-28T12:07:55+00:00","mainEntityOfPage":{"@id":"https:\/\/www.budokampsport.se\/2021\/09\/28\/junior-em-i-jujutsu\/"},"wordCount":671,"commentCount":0,"image":{"@id":"https:\/\/www.budokampsport.se\/2021\/09\/28\/junior-em-i-jujutsu\/#primaryimage"},"thumbnailUrl":"https:\/\/www.budokampsport.se\/wp-content\/uploads\/2021\/09\/jujutsujem1.jpg","inLanguage":"sv-SE","potentialAction":[{"@type":"CommentAction","name":"Comment","target":["https:\/\/www.budokampsport.se\/2021\/09\/28\/junior-em-i-jujutsu\/#respond"]}]},{"@type":"WebPage","@id":"https:\/\/www.budokampsport.se\/2021\/09\/28\/junior-em-i-jujutsu\/","url":"https:\/\/www.budokampsport.se\/2021\/09\/28\/junior-em-i-jujutsu\/","name":"Guld och tv\u00e5 silver till Sverige vid junior-EM i jujutsu - Svenska Budo &amp; Kampsportsf\u00f6rbundet","isPartOf":{"@id":"https:\/\/www.budokampsport.se\/#website"},"primaryImageOfPage":{"@id":"https:\/\/www.budokampsport.se\/2021\/09\/28\/junior-em-i-jujutsu\/#primaryimage"},"image":{"@id":"https:\/\/www.budokampsport.se\/2021\/09\/28\/junior-em-i-jujutsu\/#primaryimage"},"thumbnailUrl":"https:\/\/www.budokampsport.se\/wp-content\/uploads\/2021\/09\/jujutsujem1.jpg","datePublished":"2021-09-28T11:50:06+00:00","dateModified":"2021-09-28T12:07:55+00:00","author":{"@id":"https:\/\/www.budokampsport.se\/#\/schema\/person\/d80c0bc61f1787703168fc250ce69522"},"description":"JUJUTSU | Sju svenska fighters var i hetluften vid europam\u00e4sterskapen f\u00f6r juniorer i Tyskland, d\u00e4r Lovisa Schmidt vann EM-guld! Landslagscoachen Joakim Vistam l\u00e4mnar h\u00e4r en rapport.","breadcrumb":{"@id":"https:\/\/www.budokampsport.se\/2021\/09\/28\/junior-em-i-jujutsu\/#breadcrumb"},"inLanguage":"sv-SE","potentialAction":[{"@type":"ReadAction","target":["https:\/\/www.budokampsport.se\/2021\/09\/28\/junior-em-i-jujutsu\/"]}]},{"@type":"ImageObject","inLanguage":"sv-SE","@id":"https:\/\/www.budokampsport.se\/2021\/09\/28\/junior-em-i-jujutsu\/#primaryimage","url":"https:\/\/www.budokampsport.se\/wp-content\/uploads\/2021\/09\/jujutsujem1.jpg","contentUrl":"https:\/\/www.budokampsport.se\/wp-content\/uploads\/2021\/09\/jujutsujem1.jpg","width":847,"height":565},{"@type":"BreadcrumbList","@id":"https:\/\/www.budokampsport.se\/2021\/09\/28\/junior-em-i-jujutsu\/#breadcrumb","itemListElement":[{"@type":"ListItem","position":1,"name":"Hem","item":"https:\/\/www.budokampsport.se\/"},{"@type":"ListItem","position":2,"name":"Guld och tv\u00e5 silver till Sverige vid junior-EM i jujutsu"}]},{"@type":"WebSite","@id":"https:\/\/www.budokampsport.se\/#website","url":"https:\/\/www.budokampsport.se\/","name":"Svenska Budo &amp; Kampsportsf\u00f6rbundet","description":"T\u00e4vling, Tr\u00e4ning, Tradition","potentialAction":[{"@type":"SearchAction","target":{"@type":"EntryPoint","urlTemplate":"https:\/\/www.budokampsport.se\/?s={search_term_string}"},"query-input":{"@type":"PropertyValueSpecification","valueRequired":true,"valueName":"search_term_string"}}],"inLanguage":"sv-SE"},{"@type":"Person","@id":"https:\/\/www.budokampsport.se\/#\/schema\/person\/d80c0bc61f1787703168fc250ce69522","name":"Mats Lilja","image":{"@type":"ImageObject","inLanguage":"sv-SE","@id":"https:\/\/www.budokampsport.se\/#\/schema\/person\/image\/","url":"https:\/\/secure.gravatar.com\/avatar\/607f84918e96abe1ebbd8611782fa57d?s=96&d=blank&r=g","contentUrl":"https:\/\/secure.gravatar.com\/avatar\/607f84918e96abe1ebbd8611782fa57d?s=96&d=blank&r=g","caption":"Mats Lilja"},"url":"https:\/\/www.budokampsport.se\/author\/mats-lilja\/"}]}},"_links":{"self":[{"href":"https:\/\/www.budokampsport.se\/api\/wp\/v2\/posts\/129018","targetHints":{"allow":["GET"]}}],"collection":[{"href":"https:\/\/www.budokampsport.se\/api\/wp\/v2\/posts"}],"about":[{"href":"https:\/\/www.budokampsport.se\/api\/wp\/v2\/types\/post"}],"author":[{"embeddable":true,"href":"https:\/\/www.budokampsport.se\/api\/wp\/v2\/users\/914"}],"replies":[{"embeddable":true,"href":"https:\/\/www.budokampsport.se\/api\/wp\/v2\/comments?post=129018"}],"version-history":[{"count":0,"href":"https:\/\/www.budokampsport.se\/api\/wp\/v2\/posts\/129018\/revisions"}],"wp:featuredmedia":[{"embeddable":true,"href":"https:\/\/www.budokampsport.se\/api\/wp\/v2\/media\/129019"}],"wp:attachment":[{"href":"https:\/\/www.budokampsport.se\/api\/wp\/v2\/media?parent=129018"}],"wp:term":[{"taxonomy":"category","embeddable":true,"href":"https:\/\/www.budokampsport.se\/api\/wp\/v2\/categories?post=129018"},{"taxonomy":"post_tag","embeddable":true,"href":"https:\/\/www.budokampsport.se\/api\/wp\/v2\/tags?post=129018"}],"curies":[{"name":"wp","href":"https:\/\/api.w.org\/{rel}","templated":true}]}}