{"id":129188,"date":"2021-10-01T11:35:27","date_gmt":"2021-10-01T09:35:27","guid":{"rendered":"https:\/\/www.budokampsport.se\/?p=129188"},"modified":"2021-10-05T16:09:19","modified_gmt":"2021-10-05T14:09:19","slug":"sa-ansoker-ni-om-kompensationsstod","status":"publish","type":"post","link":"https:\/\/www.budokampsport.se\/2021\/10\/01\/sa-ansoker-ni-om-kompensationsstod\/","title":{"rendered":"S\u00e5 ans\u00f6ker ni om kompensationsst\u00f6d"},"content":{"rendered":"<p>Riksidrottsf\u00f6rbundet har sedan f\u00f6rra \u00e5ret en video publicerad p\u00e5 Youtube med instruktioner kring hur man ans\u00f6ker om kompensationsst\u00f6det. Denna har vi tidigare publicerat och \u00e4ven l\u00e4nkat till flera g\u00e5nger.<\/p>\n<p>Videon publicerades i oktober 2020 och detaljer i ans\u00f6kningsf\u00f6rfarandet kan skilja sig \u00e5t.<\/p>\n<p>Mer information om kompensationsst\u00f6det till idrottsf\u00f6reningar f\u00f6r perioden 1 maj till 28 september 2021 finns i e<span style=\"color: #000000;\">n <a href=\"https:\/\/www.budokampsport.se\/2021\/10\/01\/kompensationsstod-maj-september-2021\/\">separat artikel<\/a>.<\/span><\/p>\n<p>Text: Mats Lilja<\/p>\n","protected":false},"excerpt":{"rendered":"<p>CORONA | Videoklippet visar hur man ans\u00f6ker om kompensationsst\u00f6d f\u00f6r idrottsf\u00f6reningar.<\/p><br>","protected":false},"author":914,"featured_media":129442,"comment_status":"open","ping_status":"open","sticky":false,"template":"","format":"standard","meta":{"_acf_changed":false,"footnotes":""},"categories":[1],"tags":[],"class_list":["post-129188","post","type-post","status-publish","format-standard","has-post-thumbnail","hentry","category-okategoriserade"],"acf":[],"yoast_head":"<!-- This site is optimized with the Yoast SEO plugin v26.8 - https:\/\/yoast.com\/product\/yoast-seo-wordpress\/ -->\n<title>S\u00e5 ans\u00f6ker ni om kompensationsst\u00f6d - Svenska Budo &amp; Kampsportsf\u00f6rbundet<\/title>\n<meta name=\"description\" content=\"CORONA | Videoklippet visar hur man ans\u00f6ker om kompensationsst\u00f6d f\u00f6r idrottsf\u00f6reningar.\" \/>\n<meta name=\"robots\" content=\"index, follow, max-snippet:-1, max-image-preview:large, max-video-preview:-1\" \/>\n<link rel=\"canonical\" href=\"https:\/\/www.budokampsport.se\/2021\/10\/01\/sa-ansoker-ni-om-kompensationsstod\/\" \/>\n<meta property=\"og:locale\" content=\"sv_SE\" \/>\n<meta property=\"og:type\" content=\"article\" \/>\n<meta property=\"og:title\" content=\"S\u00e5 ans\u00f6ker ni om kompensationsst\u00f6d - Svenska Budo &amp; Kampsportsf\u00f6rbundet\" \/>\n<meta property=\"og:description\" content=\"CORONA | Videoklippet visar hur man ans\u00f6ker om kompensationsst\u00f6d f\u00f6r idrottsf\u00f6reningar.\" \/>\n<meta property=\"og:url\" content=\"https:\/\/www.budokampsport.se\/2021\/10\/01\/sa-ansoker-ni-om-kompensationsstod\/\" \/>\n<meta property=\"og:site_name\" content=\"Svenska Budo &amp; Kampsportsf\u00f6rbundet\" \/>\n<meta property=\"article:published_time\" content=\"2021-10-01T09:35:27+00:00\" \/>\n<meta property=\"article:modified_time\" content=\"2021-10-05T14:09:19+00:00\" \/>\n<meta property=\"og:image\" content=\"https:\/\/www.budokampsport.se\/wp-content\/uploads\/2021\/10\/ansokankompensation.jpg\" \/>\n\t<meta property=\"og:image:width\" content=\"847\" \/>\n\t<meta property=\"og:image:height\" content=\"516\" \/>\n\t<meta property=\"og:image:type\" content=\"image\/jpeg\" \/>\n<meta name=\"author\" content=\"Mats Lilja\" \/>\n<meta name=\"twitter:card\" content=\"summary_large_image\" \/>\n<meta name=\"twitter:label1\" content=\"Skriven av\" \/>\n\t<meta name=\"twitter:data1\" content=\"Mats Lilja\" \/>\n<script type=\"application\/ld+json\" class=\"yoast-schema-graph\">{\"@context\":\"https:\/\/schema.org\",\"@graph\":[{\"@type\":\"Article\",\"@id\":\"https:\/\/www.budokampsport.se\/2021\/10\/01\/sa-ansoker-ni-om-kompensationsstod\/#article\",\"isPartOf\":{\"@id\":\"https:\/\/www.budokampsport.se\/2021\/10\/01\/sa-ansoker-ni-om-kompensationsstod\/\"},\"author\":{\"name\":\"Mats Lilja\",\"@id\":\"https:\/\/www.budokampsport.se\/#\/schema\/person\/d80c0bc61f1787703168fc250ce69522\"},\"headline\":\"S\u00e5 ans\u00f6ker ni om kompensationsst\u00f6d\",\"datePublished\":\"2021-10-01T09:35:27+00:00\",\"dateModified\":\"2021-10-05T14:09:19+00:00\",\"mainEntityOfPage\":{\"@id\":\"https:\/\/www.budokampsport.se\/2021\/10\/01\/sa-ansoker-ni-om-kompensationsstod\/\"},\"wordCount\":78,\"commentCount\":1,\"image\":{\"@id\":\"https:\/\/www.budokampsport.se\/2021\/10\/01\/sa-ansoker-ni-om-kompensationsstod\/#primaryimage\"},\"thumbnailUrl\":\"https:\/\/www.budokampsport.se\/wp-content\/uploads\/2021\/10\/ansokankompensation.jpg\",\"inLanguage\":\"sv-SE\",\"potentialAction\":[{\"@type\":\"CommentAction\",\"name\":\"Comment\",\"target\":[\"https:\/\/www.budokampsport.se\/2021\/10\/01\/sa-ansoker-ni-om-kompensationsstod\/#respond\"]}]},{\"@type\":\"WebPage\",\"@id\":\"https:\/\/www.budokampsport.se\/2021\/10\/01\/sa-ansoker-ni-om-kompensationsstod\/\",\"url\":\"https:\/\/www.budokampsport.se\/2021\/10\/01\/sa-ansoker-ni-om-kompensationsstod\/\",\"name\":\"S\u00e5 ans\u00f6ker ni om kompensationsst\u00f6d - Svenska Budo &amp; Kampsportsf\u00f6rbundet\",\"isPartOf\":{\"@id\":\"https:\/\/www.budokampsport.se\/#website\"},\"primaryImageOfPage\":{\"@id\":\"https:\/\/www.budokampsport.se\/2021\/10\/01\/sa-ansoker-ni-om-kompensationsstod\/#primaryimage\"},\"image\":{\"@id\":\"https:\/\/www.budokampsport.se\/2021\/10\/01\/sa-ansoker-ni-om-kompensationsstod\/#primaryimage\"},\"thumbnailUrl\":\"https:\/\/www.budokampsport.se\/wp-content\/uploads\/2021\/10\/ansokankompensation.jpg\",\"datePublished\":\"2021-10-01T09:35:27+00:00\",\"dateModified\":\"2021-10-05T14:09:19+00:00\",\"author\":{\"@id\":\"https:\/\/www.budokampsport.se\/#\/schema\/person\/d80c0bc61f1787703168fc250ce69522\"},\"description\":\"CORONA | Videoklippet visar hur man ans\u00f6ker om kompensationsst\u00f6d f\u00f6r idrottsf\u00f6reningar.\",\"breadcrumb\":{\"@id\":\"https:\/\/www.budokampsport.se\/2021\/10\/01\/sa-ansoker-ni-om-kompensationsstod\/#breadcrumb\"},\"inLanguage\":\"sv-SE\",\"potentialAction\":[{\"@type\":\"ReadAction\",\"target\":[\"https:\/\/www.budokampsport.se\/2021\/10\/01\/sa-ansoker-ni-om-kompensationsstod\/\"]}]},{\"@type\":\"ImageObject\",\"inLanguage\":\"sv-SE\",\"@id\":\"https:\/\/www.budokampsport.se\/2021\/10\/01\/sa-ansoker-ni-om-kompensationsstod\/#primaryimage\",\"url\":\"https:\/\/www.budokampsport.se\/wp-content\/uploads\/2021\/10\/ansokankompensation.jpg\",\"contentUrl\":\"https:\/\/www.budokampsport.se\/wp-content\/uploads\/2021\/10\/ansokankompensation.jpg\",\"width\":847,\"height\":516,\"caption\":\"Ans\u00f6kan om kompensationsst\u00f6d. Bild fr\u00e5n videoklipp.\"},{\"@type\":\"BreadcrumbList\",\"@id\":\"https:\/\/www.budokampsport.se\/2021\/10\/01\/sa-ansoker-ni-om-kompensationsstod\/#breadcrumb\",\"itemListElement\":[{\"@type\":\"ListItem\",\"position\":1,\"name\":\"Hem\",\"item\":\"https:\/\/www.budokampsport.se\/\"},{\"@type\":\"ListItem\",\"position\":2,\"name\":\"S\u00e5 ans\u00f6ker ni om kompensationsst\u00f6d\"}]},{\"@type\":\"WebSite\",\"@id\":\"https:\/\/www.budokampsport.se\/#website\",\"url\":\"https:\/\/www.budokampsport.se\/\",\"name\":\"Svenska Budo &amp; Kampsportsf\u00f6rbundet\",\"description\":\"T\u00e4vling, Tr\u00e4ning, Tradition\",\"potentialAction\":[{\"@type\":\"SearchAction\",\"target\":{\"@type\":\"EntryPoint\",\"urlTemplate\":\"https:\/\/www.budokampsport.se\/?s={search_term_string}\"},\"query-input\":{\"@type\":\"PropertyValueSpecification\",\"valueRequired\":true,\"valueName\":\"search_term_string\"}}],\"inLanguage\":\"sv-SE\"},{\"@type\":\"Person\",\"@id\":\"https:\/\/www.budokampsport.se\/#\/schema\/person\/d80c0bc61f1787703168fc250ce69522\",\"name\":\"Mats Lilja\",\"image\":{\"@type\":\"ImageObject\",\"inLanguage\":\"sv-SE\",\"@id\":\"https:\/\/www.budokampsport.se\/#\/schema\/person\/image\/\",\"url\":\"https:\/\/secure.gravatar.com\/avatar\/607f84918e96abe1ebbd8611782fa57d?s=96&d=blank&r=g\",\"contentUrl\":\"https:\/\/secure.gravatar.com\/avatar\/607f84918e96abe1ebbd8611782fa57d?s=96&d=blank&r=g\",\"caption\":\"Mats Lilja\"},\"url\":\"https:\/\/www.budokampsport.se\/author\/mats-lilja\/\"}]}<\/script>\n<!-- \/ Yoast SEO plugin. -->","yoast_head_json":{"title":"S\u00e5 ans\u00f6ker ni om kompensationsst\u00f6d - Svenska Budo &amp; Kampsportsf\u00f6rbundet","description":"CORONA | Videoklippet visar hur man ans\u00f6ker om kompensationsst\u00f6d f\u00f6r idrottsf\u00f6reningar.","robots":{"index":"index","follow":"follow","max-snippet":"max-snippet:-1","max-image-preview":"max-image-preview:large","max-video-preview":"max-video-preview:-1"},"canonical":"https:\/\/www.budokampsport.se\/2021\/10\/01\/sa-ansoker-ni-om-kompensationsstod\/","og_locale":"sv_SE","og_type":"article","og_title":"S\u00e5 ans\u00f6ker ni om kompensationsst\u00f6d - Svenska Budo &amp; Kampsportsf\u00f6rbundet","og_description":"CORONA | Videoklippet visar hur man ans\u00f6ker om kompensationsst\u00f6d f\u00f6r idrottsf\u00f6reningar.","og_url":"https:\/\/www.budokampsport.se\/2021\/10\/01\/sa-ansoker-ni-om-kompensationsstod\/","og_site_name":"Svenska Budo &amp; Kampsportsf\u00f6rbundet","article_published_time":"2021-10-01T09:35:27+00:00","article_modified_time":"2021-10-05T14:09:19+00:00","og_image":[{"width":847,"height":516,"url":"https:\/\/www.budokampsport.se\/wp-content\/uploads\/2021\/10\/ansokankompensation.jpg","type":"image\/jpeg"}],"author":"Mats Lilja","twitter_card":"summary_large_image","twitter_misc":{"Skriven av":"Mats Lilja"},"schema":{"@context":"https:\/\/schema.org","@graph":[{"@type":"Article","@id":"https:\/\/www.budokampsport.se\/2021\/10\/01\/sa-ansoker-ni-om-kompensationsstod\/#article","isPartOf":{"@id":"https:\/\/www.budokampsport.se\/2021\/10\/01\/sa-ansoker-ni-om-kompensationsstod\/"},"author":{"name":"Mats Lilja","@id":"https:\/\/www.budokampsport.se\/#\/schema\/person\/d80c0bc61f1787703168fc250ce69522"},"headline":"S\u00e5 ans\u00f6ker ni om kompensationsst\u00f6d","datePublished":"2021-10-01T09:35:27+00:00","dateModified":"2021-10-05T14:09:19+00:00","mainEntityOfPage":{"@id":"https:\/\/www.budokampsport.se\/2021\/10\/01\/sa-ansoker-ni-om-kompensationsstod\/"},"wordCount":78,"commentCount":1,"image":{"@id":"https:\/\/www.budokampsport.se\/2021\/10\/01\/sa-ansoker-ni-om-kompensationsstod\/#primaryimage"},"thumbnailUrl":"https:\/\/www.budokampsport.se\/wp-content\/uploads\/2021\/10\/ansokankompensation.jpg","inLanguage":"sv-SE","potentialAction":[{"@type":"CommentAction","name":"Comment","target":["https:\/\/www.budokampsport.se\/2021\/10\/01\/sa-ansoker-ni-om-kompensationsstod\/#respond"]}]},{"@type":"WebPage","@id":"https:\/\/www.budokampsport.se\/2021\/10\/01\/sa-ansoker-ni-om-kompensationsstod\/","url":"https:\/\/www.budokampsport.se\/2021\/10\/01\/sa-ansoker-ni-om-kompensationsstod\/","name":"S\u00e5 ans\u00f6ker ni om kompensationsst\u00f6d - Svenska Budo &amp; Kampsportsf\u00f6rbundet","isPartOf":{"@id":"https:\/\/www.budokampsport.se\/#website"},"primaryImageOfPage":{"@id":"https:\/\/www.budokampsport.se\/2021\/10\/01\/sa-ansoker-ni-om-kompensationsstod\/#primaryimage"},"image":{"@id":"https:\/\/www.budokampsport.se\/2021\/10\/01\/sa-ansoker-ni-om-kompensationsstod\/#primaryimage"},"thumbnailUrl":"https:\/\/www.budokampsport.se\/wp-content\/uploads\/2021\/10\/ansokankompensation.jpg","datePublished":"2021-10-01T09:35:27+00:00","dateModified":"2021-10-05T14:09:19+00:00","author":{"@id":"https:\/\/www.budokampsport.se\/#\/schema\/person\/d80c0bc61f1787703168fc250ce69522"},"description":"CORONA | Videoklippet visar hur man ans\u00f6ker om kompensationsst\u00f6d f\u00f6r idrottsf\u00f6reningar.","breadcrumb":{"@id":"https:\/\/www.budokampsport.se\/2021\/10\/01\/sa-ansoker-ni-om-kompensationsstod\/#breadcrumb"},"inLanguage":"sv-SE","potentialAction":[{"@type":"ReadAction","target":["https:\/\/www.budokampsport.se\/2021\/10\/01\/sa-ansoker-ni-om-kompensationsstod\/"]}]},{"@type":"ImageObject","inLanguage":"sv-SE","@id":"https:\/\/www.budokampsport.se\/2021\/10\/01\/sa-ansoker-ni-om-kompensationsstod\/#primaryimage","url":"https:\/\/www.budokampsport.se\/wp-content\/uploads\/2021\/10\/ansokankompensation.jpg","contentUrl":"https:\/\/www.budokampsport.se\/wp-content\/uploads\/2021\/10\/ansokankompensation.jpg","width":847,"height":516,"caption":"Ans\u00f6kan om kompensationsst\u00f6d. Bild fr\u00e5n videoklipp."},{"@type":"BreadcrumbList","@id":"https:\/\/www.budokampsport.se\/2021\/10\/01\/sa-ansoker-ni-om-kompensationsstod\/#breadcrumb","itemListElement":[{"@type":"ListItem","position":1,"name":"Hem","item":"https:\/\/www.budokampsport.se\/"},{"@type":"ListItem","position":2,"name":"S\u00e5 ans\u00f6ker ni om kompensationsst\u00f6d"}]},{"@type":"WebSite","@id":"https:\/\/www.budokampsport.se\/#website","url":"https:\/\/www.budokampsport.se\/","name":"Svenska Budo &amp; Kampsportsf\u00f6rbundet","description":"T\u00e4vling, Tr\u00e4ning, Tradition","potentialAction":[{"@type":"SearchAction","target":{"@type":"EntryPoint","urlTemplate":"https:\/\/www.budokampsport.se\/?s={search_term_string}"},"query-input":{"@type":"PropertyValueSpecification","valueRequired":true,"valueName":"search_term_string"}}],"inLanguage":"sv-SE"},{"@type":"Person","@id":"https:\/\/www.budokampsport.se\/#\/schema\/person\/d80c0bc61f1787703168fc250ce69522","name":"Mats Lilja","image":{"@type":"ImageObject","inLanguage":"sv-SE","@id":"https:\/\/www.budokampsport.se\/#\/schema\/person\/image\/","url":"https:\/\/secure.gravatar.com\/avatar\/607f84918e96abe1ebbd8611782fa57d?s=96&d=blank&r=g","contentUrl":"https:\/\/secure.gravatar.com\/avatar\/607f84918e96abe1ebbd8611782fa57d?s=96&d=blank&r=g","caption":"Mats Lilja"},"url":"https:\/\/www.budokampsport.se\/author\/mats-lilja\/"}]}},"_links":{"self":[{"href":"https:\/\/www.budokampsport.se\/api\/wp\/v2\/posts\/129188","targetHints":{"allow":["GET"]}}],"collection":[{"href":"https:\/\/www.budokampsport.se\/api\/wp\/v2\/posts"}],"about":[{"href":"https:\/\/www.budokampsport.se\/api\/wp\/v2\/types\/post"}],"author":[{"embeddable":true,"href":"https:\/\/www.budokampsport.se\/api\/wp\/v2\/users\/914"}],"replies":[{"embeddable":true,"href":"https:\/\/www.budokampsport.se\/api\/wp\/v2\/comments?post=129188"}],"version-history":[{"count":0,"href":"https:\/\/www.budokampsport.se\/api\/wp\/v2\/posts\/129188\/revisions"}],"wp:featuredmedia":[{"embeddable":true,"href":"https:\/\/www.budokampsport.se\/api\/wp\/v2\/media\/129442"}],"wp:attachment":[{"href":"https:\/\/www.budokampsport.se\/api\/wp\/v2\/media?parent=129188"}],"wp:term":[{"taxonomy":"category","embeddable":true,"href":"https:\/\/www.budokampsport.se\/api\/wp\/v2\/categories?post=129188"},{"taxonomy":"post_tag","embeddable":true,"href":"https:\/\/www.budokampsport.se\/api\/wp\/v2\/tags?post=129188"}],"curies":[{"name":"wp","href":"https:\/\/api.w.org\/{rel}","templated":true}]}}