{"id":129340,"date":"2021-10-15T08:04:10","date_gmt":"2021-10-15T06:04:10","guid":{"rendered":"https:\/\/www.budokampsport.se\/?p=129340"},"modified":"2021-10-21T09:41:39","modified_gmt":"2021-10-21T07:41:39","slug":"ansoka-om-kompensationsstod","status":"publish","type":"post","link":"https:\/\/www.budokampsport.se\/2021\/10\/15\/ansoka-om-kompensationsstod\/","title":{"rendered":"Nu \u00e4r det m\u00f6jligt att ans\u00f6ka om kompensationsst\u00f6d"},"content":{"rendered":"<p>Fr\u00e5n och med idag \u00e4r det m\u00f6jligt f\u00f6r SB&amp;K:s idrottsf\u00f6reningar att ans\u00f6ka om det statliga kompensationsst\u00f6det f\u00f6r perioden <strong>1 maj till 28 september 2021<\/strong>.<\/p>\n<p>Mer information om st\u00f6det finns i <a href=\"https:\/\/www.budokampsport.se\/2021\/10\/01\/kompensationsstod-maj-september-2021\/\" target=\"_blank\" rel=\"noopener noreferrer\">en tidigare artikel<\/a>.<\/p>\n<p>En grundf\u00f6ruts\u00e4ttning f\u00f6r att kunna erh\u00e5lla pengar \u00e4r att den ideella idrottsf\u00f6reningen \u00e4r medlem i Svenska Budo &amp; Kampsportsf\u00f6rbundet eller n\u00e5got annat specialidrottsf\u00f6rbund som tillh\u00f6r RF. F\u00f6reningen m\u00e5ste ocks\u00e5 ha gjort en ekonomisk f\u00f6rlust p\u00e5 minst 1 000 kronor under perioden 1 maj till 28 september 2021.<\/p>\n<p>En nyhet denna g\u00e5ng \u00e4r att det finns tv\u00e5 olika formul\u00e4r f\u00f6r ans\u00f6kan, f\u00f6renklat och ordinarie.<\/p>\n<ul>\n<li>Om f\u00f6reningens f\u00f6rluster under perioden 1 maj\u201328 sep \u00e4r p\u00e5 mellan 1 000 kronor och 25 000 kronor \u2013 anv\u00e4nd det f\u00f6renklade formul\u00e4ret (<a href=\"https:\/\/youtu.be\/rDNEw4X_Aok\" target=\"_blank\" rel=\"noopener noreferrer\">instruktionsfilm<\/a>).<\/li>\n<li>Om f\u00f6reningens f\u00f6rluster under perioden 1 maj\u201328 sep \u00f6verstiger 25 000 kronor \u2013 anv\u00e4nd det ordinarie formul\u00e4ret (<a href=\"https:\/\/www.youtube.com\/watch?v=VOyMYuon2Qk\" target=\"_blank\" rel=\"noopener noreferrer\">instruktionsfilm<\/a>).<\/li>\n<\/ul>\n<p>Ans\u00f6kningsomg\u00e5ngen \u00e4r \u00f6ppen <strong>mellan 15 oktober och 26 oktober klockan 12:00<\/strong>.<\/p>\n<p>Ans\u00f6kan sker i <a href=\"https:\/\/www.idrottonline.se\" target=\"_blank\" rel=\"noopener noreferrer\">IdrottOnline<\/a>, under fliken Idrottsmedel. Beh\u00f6riga att ans\u00f6ka \u00e4r de i de angivna rollerna Ordf\u00f6rande, Kass\u00f6r och Idrottsmedel firmatecknare.<\/p>\n<p>Text: Mats Lilja<\/p>\n","protected":false},"excerpt":{"rendered":"<p>CORONA | Riksidrottsf\u00f6rbundet tar nu emot ans\u00f6kningar g\u00e4llande ekonomiskt st\u00f6d f\u00f6r de senaste fem m\u00e5naderna.<\/p><br>","protected":false},"author":914,"featured_media":122850,"comment_status":"open","ping_status":"open","sticky":false,"template":"","format":"standard","meta":{"_acf_changed":false,"footnotes":""},"categories":[1],"tags":[],"class_list":["post-129340","post","type-post","status-publish","format-standard","has-post-thumbnail","hentry","category-okategoriserade"],"acf":[],"yoast_head":"<!-- This site is optimized with the Yoast SEO plugin v26.8 - https:\/\/yoast.com\/product\/yoast-seo-wordpress\/ -->\n<title>Nu \u00e4r det m\u00f6jligt att ans\u00f6ka om kompensationsst\u00f6d - Svenska Budo &amp; Kampsportsf\u00f6rbundet<\/title>\n<meta name=\"description\" content=\"CORONA | Riksidrottsf\u00f6rbundet tar nu emot ans\u00f6kningar g\u00e4llande ekonomiskt st\u00f6d f\u00f6r de senaste fem m\u00e5naderna.\" \/>\n<meta name=\"robots\" content=\"index, follow, max-snippet:-1, max-image-preview:large, max-video-preview:-1\" \/>\n<link rel=\"canonical\" href=\"https:\/\/www.budokampsport.se\/2021\/10\/15\/ansoka-om-kompensationsstod\/\" \/>\n<meta property=\"og:locale\" content=\"sv_SE\" \/>\n<meta property=\"og:type\" content=\"article\" \/>\n<meta property=\"og:title\" content=\"Nu \u00e4r det m\u00f6jligt att ans\u00f6ka om kompensationsst\u00f6d - Svenska Budo &amp; Kampsportsf\u00f6rbundet\" \/>\n<meta property=\"og:description\" content=\"CORONA | Riksidrottsf\u00f6rbundet tar nu emot ans\u00f6kningar g\u00e4llande ekonomiskt st\u00f6d f\u00f6r de senaste fem m\u00e5naderna.\" \/>\n<meta property=\"og:url\" content=\"https:\/\/www.budokampsport.se\/2021\/10\/15\/ansoka-om-kompensationsstod\/\" \/>\n<meta property=\"og:site_name\" content=\"Svenska Budo &amp; Kampsportsf\u00f6rbundet\" \/>\n<meta property=\"article:published_time\" content=\"2021-10-15T06:04:10+00:00\" \/>\n<meta property=\"article:modified_time\" content=\"2021-10-21T07:41:39+00:00\" \/>\n<meta property=\"og:image\" content=\"https:\/\/www.budokampsport.se\/wp-content\/uploads\/2020\/11\/rflogonotext.jpg\" \/>\n\t<meta property=\"og:image:width\" content=\"850\" \/>\n\t<meta property=\"og:image:height\" content=\"437\" \/>\n\t<meta property=\"og:image:type\" content=\"image\/jpeg\" \/>\n<meta name=\"author\" content=\"Mats Lilja\" \/>\n<meta name=\"twitter:card\" content=\"summary_large_image\" \/>\n<meta name=\"twitter:label1\" content=\"Skriven av\" \/>\n\t<meta name=\"twitter:data1\" content=\"Mats Lilja\" \/>\n\t<meta name=\"twitter:label2\" content=\"Ber\u00e4knad l\u00e4stid\" \/>\n\t<meta name=\"twitter:data2\" content=\"1 minut\" \/>\n<script type=\"application\/ld+json\" class=\"yoast-schema-graph\">{\"@context\":\"https:\/\/schema.org\",\"@graph\":[{\"@type\":\"Article\",\"@id\":\"https:\/\/www.budokampsport.se\/2021\/10\/15\/ansoka-om-kompensationsstod\/#article\",\"isPartOf\":{\"@id\":\"https:\/\/www.budokampsport.se\/2021\/10\/15\/ansoka-om-kompensationsstod\/\"},\"author\":{\"name\":\"Mats Lilja\",\"@id\":\"https:\/\/www.budokampsport.se\/#\/schema\/person\/d80c0bc61f1787703168fc250ce69522\"},\"headline\":\"Nu \u00e4r det m\u00f6jligt att ans\u00f6ka om kompensationsst\u00f6d\",\"datePublished\":\"2021-10-15T06:04:10+00:00\",\"dateModified\":\"2021-10-21T07:41:39+00:00\",\"mainEntityOfPage\":{\"@id\":\"https:\/\/www.budokampsport.se\/2021\/10\/15\/ansoka-om-kompensationsstod\/\"},\"wordCount\":207,\"commentCount\":0,\"image\":{\"@id\":\"https:\/\/www.budokampsport.se\/2021\/10\/15\/ansoka-om-kompensationsstod\/#primaryimage\"},\"thumbnailUrl\":\"https:\/\/www.budokampsport.se\/wp-content\/uploads\/2020\/11\/rflogonotext.jpg\",\"inLanguage\":\"sv-SE\",\"potentialAction\":[{\"@type\":\"CommentAction\",\"name\":\"Comment\",\"target\":[\"https:\/\/www.budokampsport.se\/2021\/10\/15\/ansoka-om-kompensationsstod\/#respond\"]}]},{\"@type\":\"WebPage\",\"@id\":\"https:\/\/www.budokampsport.se\/2021\/10\/15\/ansoka-om-kompensationsstod\/\",\"url\":\"https:\/\/www.budokampsport.se\/2021\/10\/15\/ansoka-om-kompensationsstod\/\",\"name\":\"Nu \u00e4r det m\u00f6jligt att ans\u00f6ka om kompensationsst\u00f6d - Svenska Budo &amp; Kampsportsf\u00f6rbundet\",\"isPartOf\":{\"@id\":\"https:\/\/www.budokampsport.se\/#website\"},\"primaryImageOfPage\":{\"@id\":\"https:\/\/www.budokampsport.se\/2021\/10\/15\/ansoka-om-kompensationsstod\/#primaryimage\"},\"image\":{\"@id\":\"https:\/\/www.budokampsport.se\/2021\/10\/15\/ansoka-om-kompensationsstod\/#primaryimage\"},\"thumbnailUrl\":\"https:\/\/www.budokampsport.se\/wp-content\/uploads\/2020\/11\/rflogonotext.jpg\",\"datePublished\":\"2021-10-15T06:04:10+00:00\",\"dateModified\":\"2021-10-21T07:41:39+00:00\",\"author\":{\"@id\":\"https:\/\/www.budokampsport.se\/#\/schema\/person\/d80c0bc61f1787703168fc250ce69522\"},\"description\":\"CORONA | Riksidrottsf\u00f6rbundet tar nu emot ans\u00f6kningar g\u00e4llande ekonomiskt st\u00f6d f\u00f6r de senaste fem m\u00e5naderna.\",\"breadcrumb\":{\"@id\":\"https:\/\/www.budokampsport.se\/2021\/10\/15\/ansoka-om-kompensationsstod\/#breadcrumb\"},\"inLanguage\":\"sv-SE\",\"potentialAction\":[{\"@type\":\"ReadAction\",\"target\":[\"https:\/\/www.budokampsport.se\/2021\/10\/15\/ansoka-om-kompensationsstod\/\"]}]},{\"@type\":\"ImageObject\",\"inLanguage\":\"sv-SE\",\"@id\":\"https:\/\/www.budokampsport.se\/2021\/10\/15\/ansoka-om-kompensationsstod\/#primaryimage\",\"url\":\"https:\/\/www.budokampsport.se\/wp-content\/uploads\/2020\/11\/rflogonotext.jpg\",\"contentUrl\":\"https:\/\/www.budokampsport.se\/wp-content\/uploads\/2020\/11\/rflogonotext.jpg\",\"width\":850,\"height\":437},{\"@type\":\"BreadcrumbList\",\"@id\":\"https:\/\/www.budokampsport.se\/2021\/10\/15\/ansoka-om-kompensationsstod\/#breadcrumb\",\"itemListElement\":[{\"@type\":\"ListItem\",\"position\":1,\"name\":\"Hem\",\"item\":\"https:\/\/www.budokampsport.se\/\"},{\"@type\":\"ListItem\",\"position\":2,\"name\":\"Nu \u00e4r det m\u00f6jligt att ans\u00f6ka om kompensationsst\u00f6d\"}]},{\"@type\":\"WebSite\",\"@id\":\"https:\/\/www.budokampsport.se\/#website\",\"url\":\"https:\/\/www.budokampsport.se\/\",\"name\":\"Svenska Budo &amp; Kampsportsf\u00f6rbundet\",\"description\":\"T\u00e4vling, Tr\u00e4ning, Tradition\",\"potentialAction\":[{\"@type\":\"SearchAction\",\"target\":{\"@type\":\"EntryPoint\",\"urlTemplate\":\"https:\/\/www.budokampsport.se\/?s={search_term_string}\"},\"query-input\":{\"@type\":\"PropertyValueSpecification\",\"valueRequired\":true,\"valueName\":\"search_term_string\"}}],\"inLanguage\":\"sv-SE\"},{\"@type\":\"Person\",\"@id\":\"https:\/\/www.budokampsport.se\/#\/schema\/person\/d80c0bc61f1787703168fc250ce69522\",\"name\":\"Mats Lilja\",\"image\":{\"@type\":\"ImageObject\",\"inLanguage\":\"sv-SE\",\"@id\":\"https:\/\/www.budokampsport.se\/#\/schema\/person\/image\/\",\"url\":\"https:\/\/secure.gravatar.com\/avatar\/607f84918e96abe1ebbd8611782fa57d?s=96&d=blank&r=g\",\"contentUrl\":\"https:\/\/secure.gravatar.com\/avatar\/607f84918e96abe1ebbd8611782fa57d?s=96&d=blank&r=g\",\"caption\":\"Mats Lilja\"},\"url\":\"https:\/\/www.budokampsport.se\/author\/mats-lilja\/\"}]}<\/script>\n<!-- \/ Yoast SEO plugin. -->","yoast_head_json":{"title":"Nu \u00e4r det m\u00f6jligt att ans\u00f6ka om kompensationsst\u00f6d - Svenska Budo &amp; Kampsportsf\u00f6rbundet","description":"CORONA | Riksidrottsf\u00f6rbundet tar nu emot ans\u00f6kningar g\u00e4llande ekonomiskt st\u00f6d f\u00f6r de senaste fem m\u00e5naderna.","robots":{"index":"index","follow":"follow","max-snippet":"max-snippet:-1","max-image-preview":"max-image-preview:large","max-video-preview":"max-video-preview:-1"},"canonical":"https:\/\/www.budokampsport.se\/2021\/10\/15\/ansoka-om-kompensationsstod\/","og_locale":"sv_SE","og_type":"article","og_title":"Nu \u00e4r det m\u00f6jligt att ans\u00f6ka om kompensationsst\u00f6d - Svenska Budo &amp; Kampsportsf\u00f6rbundet","og_description":"CORONA | Riksidrottsf\u00f6rbundet tar nu emot ans\u00f6kningar g\u00e4llande ekonomiskt st\u00f6d f\u00f6r de senaste fem m\u00e5naderna.","og_url":"https:\/\/www.budokampsport.se\/2021\/10\/15\/ansoka-om-kompensationsstod\/","og_site_name":"Svenska Budo &amp; Kampsportsf\u00f6rbundet","article_published_time":"2021-10-15T06:04:10+00:00","article_modified_time":"2021-10-21T07:41:39+00:00","og_image":[{"width":850,"height":437,"url":"https:\/\/www.budokampsport.se\/wp-content\/uploads\/2020\/11\/rflogonotext.jpg","type":"image\/jpeg"}],"author":"Mats Lilja","twitter_card":"summary_large_image","twitter_misc":{"Skriven av":"Mats Lilja","Ber\u00e4knad l\u00e4stid":"1 minut"},"schema":{"@context":"https:\/\/schema.org","@graph":[{"@type":"Article","@id":"https:\/\/www.budokampsport.se\/2021\/10\/15\/ansoka-om-kompensationsstod\/#article","isPartOf":{"@id":"https:\/\/www.budokampsport.se\/2021\/10\/15\/ansoka-om-kompensationsstod\/"},"author":{"name":"Mats Lilja","@id":"https:\/\/www.budokampsport.se\/#\/schema\/person\/d80c0bc61f1787703168fc250ce69522"},"headline":"Nu \u00e4r det m\u00f6jligt att ans\u00f6ka om kompensationsst\u00f6d","datePublished":"2021-10-15T06:04:10+00:00","dateModified":"2021-10-21T07:41:39+00:00","mainEntityOfPage":{"@id":"https:\/\/www.budokampsport.se\/2021\/10\/15\/ansoka-om-kompensationsstod\/"},"wordCount":207,"commentCount":0,"image":{"@id":"https:\/\/www.budokampsport.se\/2021\/10\/15\/ansoka-om-kompensationsstod\/#primaryimage"},"thumbnailUrl":"https:\/\/www.budokampsport.se\/wp-content\/uploads\/2020\/11\/rflogonotext.jpg","inLanguage":"sv-SE","potentialAction":[{"@type":"CommentAction","name":"Comment","target":["https:\/\/www.budokampsport.se\/2021\/10\/15\/ansoka-om-kompensationsstod\/#respond"]}]},{"@type":"WebPage","@id":"https:\/\/www.budokampsport.se\/2021\/10\/15\/ansoka-om-kompensationsstod\/","url":"https:\/\/www.budokampsport.se\/2021\/10\/15\/ansoka-om-kompensationsstod\/","name":"Nu \u00e4r det m\u00f6jligt att ans\u00f6ka om kompensationsst\u00f6d - Svenska Budo &amp; Kampsportsf\u00f6rbundet","isPartOf":{"@id":"https:\/\/www.budokampsport.se\/#website"},"primaryImageOfPage":{"@id":"https:\/\/www.budokampsport.se\/2021\/10\/15\/ansoka-om-kompensationsstod\/#primaryimage"},"image":{"@id":"https:\/\/www.budokampsport.se\/2021\/10\/15\/ansoka-om-kompensationsstod\/#primaryimage"},"thumbnailUrl":"https:\/\/www.budokampsport.se\/wp-content\/uploads\/2020\/11\/rflogonotext.jpg","datePublished":"2021-10-15T06:04:10+00:00","dateModified":"2021-10-21T07:41:39+00:00","author":{"@id":"https:\/\/www.budokampsport.se\/#\/schema\/person\/d80c0bc61f1787703168fc250ce69522"},"description":"CORONA | Riksidrottsf\u00f6rbundet tar nu emot ans\u00f6kningar g\u00e4llande ekonomiskt st\u00f6d f\u00f6r de senaste fem m\u00e5naderna.","breadcrumb":{"@id":"https:\/\/www.budokampsport.se\/2021\/10\/15\/ansoka-om-kompensationsstod\/#breadcrumb"},"inLanguage":"sv-SE","potentialAction":[{"@type":"ReadAction","target":["https:\/\/www.budokampsport.se\/2021\/10\/15\/ansoka-om-kompensationsstod\/"]}]},{"@type":"ImageObject","inLanguage":"sv-SE","@id":"https:\/\/www.budokampsport.se\/2021\/10\/15\/ansoka-om-kompensationsstod\/#primaryimage","url":"https:\/\/www.budokampsport.se\/wp-content\/uploads\/2020\/11\/rflogonotext.jpg","contentUrl":"https:\/\/www.budokampsport.se\/wp-content\/uploads\/2020\/11\/rflogonotext.jpg","width":850,"height":437},{"@type":"BreadcrumbList","@id":"https:\/\/www.budokampsport.se\/2021\/10\/15\/ansoka-om-kompensationsstod\/#breadcrumb","itemListElement":[{"@type":"ListItem","position":1,"name":"Hem","item":"https:\/\/www.budokampsport.se\/"},{"@type":"ListItem","position":2,"name":"Nu \u00e4r det m\u00f6jligt att ans\u00f6ka om kompensationsst\u00f6d"}]},{"@type":"WebSite","@id":"https:\/\/www.budokampsport.se\/#website","url":"https:\/\/www.budokampsport.se\/","name":"Svenska Budo &amp; Kampsportsf\u00f6rbundet","description":"T\u00e4vling, Tr\u00e4ning, Tradition","potentialAction":[{"@type":"SearchAction","target":{"@type":"EntryPoint","urlTemplate":"https:\/\/www.budokampsport.se\/?s={search_term_string}"},"query-input":{"@type":"PropertyValueSpecification","valueRequired":true,"valueName":"search_term_string"}}],"inLanguage":"sv-SE"},{"@type":"Person","@id":"https:\/\/www.budokampsport.se\/#\/schema\/person\/d80c0bc61f1787703168fc250ce69522","name":"Mats Lilja","image":{"@type":"ImageObject","inLanguage":"sv-SE","@id":"https:\/\/www.budokampsport.se\/#\/schema\/person\/image\/","url":"https:\/\/secure.gravatar.com\/avatar\/607f84918e96abe1ebbd8611782fa57d?s=96&d=blank&r=g","contentUrl":"https:\/\/secure.gravatar.com\/avatar\/607f84918e96abe1ebbd8611782fa57d?s=96&d=blank&r=g","caption":"Mats Lilja"},"url":"https:\/\/www.budokampsport.se\/author\/mats-lilja\/"}]}},"_links":{"self":[{"href":"https:\/\/www.budokampsport.se\/api\/wp\/v2\/posts\/129340","targetHints":{"allow":["GET"]}}],"collection":[{"href":"https:\/\/www.budokampsport.se\/api\/wp\/v2\/posts"}],"about":[{"href":"https:\/\/www.budokampsport.se\/api\/wp\/v2\/types\/post"}],"author":[{"embeddable":true,"href":"https:\/\/www.budokampsport.se\/api\/wp\/v2\/users\/914"}],"replies":[{"embeddable":true,"href":"https:\/\/www.budokampsport.se\/api\/wp\/v2\/comments?post=129340"}],"version-history":[{"count":0,"href":"https:\/\/www.budokampsport.se\/api\/wp\/v2\/posts\/129340\/revisions"}],"wp:featuredmedia":[{"embeddable":true,"href":"https:\/\/www.budokampsport.se\/api\/wp\/v2\/media\/122850"}],"wp:attachment":[{"href":"https:\/\/www.budokampsport.se\/api\/wp\/v2\/media?parent=129340"}],"wp:term":[{"taxonomy":"category","embeddable":true,"href":"https:\/\/www.budokampsport.se\/api\/wp\/v2\/categories?post=129340"},{"taxonomy":"post_tag","embeddable":true,"href":"https:\/\/www.budokampsport.se\/api\/wp\/v2\/tags?post=129340"}],"curies":[{"name":"wp","href":"https:\/\/api.w.org\/{rel}","templated":true}]}}