{"id":129520,"date":"2021-10-26T10:08:13","date_gmt":"2021-10-26T08:08:13","guid":{"rendered":"https:\/\/www.budokampsport.se\/?p=129520"},"modified":"2021-10-26T10:08:13","modified_gmt":"2021-10-26T08:08:13","slug":"sbk-bakom-vetenskaplig-artikel-om-braklek","status":"publish","type":"post","link":"https:\/\/www.budokampsport.se\/2021\/10\/26\/sbk-bakom-vetenskaplig-artikel-om-braklek\/","title":{"rendered":"SB&#038;K bakom vetenskaplig artikel om br\u00e5klek"},"content":{"rendered":"<p>Svenska Budo &amp; Kampsportsf\u00f6rbundets idrottskonsulent <strong>Pilo Stylin<\/strong> \u00e4r en av f\u00f6rfattarna till en artikel publicerad i <a href=\"https:\/\/www.frontiersin.org\/journals\/psychology\/sections\/movement-science-and-sport-psychology#articles\" target=\"_blank\" rel=\"noopener noreferrer\">Frontiers in Psychology<\/a>, en ansedd vetenskaplig tidskrift baserad i schweiziska Lausanne.<\/p>\n<p>\u2212 J\u00e4ttekul och sp\u00e4nnande att vi fr\u00e5n SB&amp;K:s sida medverkar till att f\u00e5 en vetenskaplig artikel publicerad i ett s\u00e5 erk\u00e4nt forum, s\u00e4ger han till budokampsport.se.<\/p>\n<p>Den engelskspr\u00e5kiga artikeln med titeln <em>Integrating Rough-and-Tumble Play in Martial Arts: A Practitioner\u2019s Model<\/em> \u00e4r p\u00e5 n\u00e4stan 70 000 tecken och \u00e4r i praktiken snarare en akademisk uppsats. Pilo Stylin har skrivit den tillsammans med <strong>Tony Blomqvist Mickelsson<\/strong>, doktorand i socialt arbete vid S\u00f6dert\u00f6rns h\u00f6gskola.<\/p>\n<p>\u2212 Tony har en bakgrund inom kampsporten genom MMA. Idag forskar han om idrott och social integration, med ett naturligt fokus p\u00e5 kampsport. Tony kontaktade SB&amp;K med fr\u00e5gan om det fanns n\u00e5got med anknytning till f\u00f6rbundets verksamhet som vi var intresserade av att studera. Det mest naturliga var arbetet som bedrivs inom <a href=\"https:\/\/www.budokampsport.se\/forbund\/motoriq-physical-literacy\/\" target=\"_blank\" rel=\"noopener noreferrer\">MotoriQ<\/a> och det fattade Tony ocks\u00e5 tycke f\u00f6r.<\/p>\n<p>Den sedan n\u00e5gra veckor tillbaka publicerade artikeln kretsar kring det som kallas f\u00f6r &#8220;kamplek&#8221; eller \u201dbr\u00e5klek\u201d. Det vill s\u00e4ga lekar som bygger p\u00e5 kampmoment s\u00e5 som brottning, att jaga varandra, skojbr\u00e5ka, f\u00e4ktas, Herren p\u00e5 t\u00e4ppan och liknande lekar d\u00e4r en eller flera k\u00e4mpar med varandra.<\/p>\n<p>\u2212 Artikeln handlar om sambandet mellan kampsport och <em>rough and tumble play<\/em>, och hur detta kan bidra till att utveckla individen b\u00e5de psykiskt och socialt. Och att detta p\u00e5 m\u00e5nga s\u00e4tt kan ses som n\u00e5got som \u00e4r unikt f\u00f6r kampsport, ber\u00e4ttar Pilo Stylin.<\/p>\n<p><strong>Varf\u00f6r ville ni skriva just den h\u00e4r artikeln?<\/strong><\/p>\n<p>\u2212 Vi p\u00e5 SB&amp;K som arbetar med MotoriQ har lagt ner mycket tid och energi p\u00e5 att ta fram utbildningar och koncept likt Kampsportsskolan. Allt detta arbete har sitt ursprung i vetenskapligt f\u00f6rankrad kunskap. Den h\u00e4r artikeln \u00e4r ett s\u00e4tt att sj\u00e4lva vara med och skapa en \u00f6kad kunskap om den koppling vi ser mellan kampsport och individens utveckling.<\/p>\n<p><strong>Hur kan Svenska Budo &amp; Kampsportsf\u00f6rbundet dra nytta av den?<\/strong><\/p>\n<p>\u2212 F\u00f6rst och fr\u00e4mst s\u00e5 skapar artikeln grundade argument f\u00f6r att kampsportstr\u00e4ning kan bidra till positivt individuell utveckling p\u00e5 ett s\u00e4tt som \u00e4r unikt f\u00f6r kampsport. Detta ger oss en kunskap att v\u00e4va in i utbildningar riktade mot f\u00f6reningar och underf\u00f6rbund. Vilket g\u00f6r att vi kan f\u00f6resl\u00e5 en mall f\u00f6r hur vi kan styra kampsport till att ge dessa positiva effekter.<\/p>\n<p><strong>Vad h\u00e4nder med artikeln nu?<\/strong><\/p>\n<p>\u2212 Den kommer f\u00f6rhoppningsvis l\u00e4sas av andra, b\u00e5de av forskare inom \u00e4mnen som idrott, kampsport och br\u00e5klek samt \u00e4ven av personer inom idrotten som jobbar inom liknande omr\u00e5den. Vi hoppas att intresset blir st\u00f6rre \u00e4n bara inom kampsportens v\u00e4rld, s\u00e4ger Pilo Stylin.<\/p>\n<p>Artikeln har i nul\u00e4get haft ett tusental bes\u00f6k p\u00e5 frontiersin.org och har redan b\u00f6rjat att anv\u00e4nds i akademiska utbildningar. Kontakta <a href=\"mailto:pilo@budo.se\">pilo@budo.se<\/a> om ni vill veta mer.<\/p>\n<table style=\"border-collapse: collapse; width: 100%;\">\n<tbody>\n<tr>\n<td style=\"width: 20%; vertical-align: middle;\"><img loading=\"lazy\" decoding=\"async\" class=\"alignnone size-full wp-image-129522\" src=\"https:\/\/www.budokampsport.se\/wp-content\/uploads\/2021\/10\/fpsyg-12-731000-1.jpg\" alt=\"\" width=\"100\" height=\"137\" \/><\/td>\n<td style=\"width: 80%; vertical-align: middle;\"><span style=\"font-size: 14pt;\"><strong><a href=\"https:\/\/www.frontiersin.org\/articles\/10.3389\/fpsyg.2021.731000\/full\" target=\"_blank\" rel=\"noopener noreferrer\">L\u00e4s eller ladda ner artikeln h\u00e4r<\/a><\/strong><\/span><\/td>\n<\/tr>\n<\/tbody>\n<\/table>\n<p>&nbsp;<\/p>\n<p>Text: Mats Lilja<br \/>\nFoto: Bildbyr\u00e5n<\/p>\n","protected":false},"excerpt":{"rendered":"<p>UTBILDNING | Akademisk unders\u00f6kning av kamplekens betydelse f\u00f6r individen.<\/p><br>","protected":false},"author":914,"featured_media":130190,"comment_status":"open","ping_status":"open","sticky":false,"template":"","format":"standard","meta":{"_acf_changed":false,"footnotes":""},"categories":[481,413,1,273],"tags":[],"class_list":["post-129520","post","type-post","status-publish","format-standard","has-post-thumbnail","hentry","category-forening","category-motoriq","category-okategoriserade","category-utbildning"],"acf":[],"yoast_head":"<!-- This site is optimized with the Yoast SEO plugin v26.8 - https:\/\/yoast.com\/product\/yoast-seo-wordpress\/ -->\n<title>SB&amp;K bakom vetenskaplig artikel om br\u00e5klek - Svenska Budo &amp; Kampsportsf\u00f6rbundet<\/title>\n<meta name=\"description\" content=\"UTBILDNING | Akademisk unders\u00f6kning av kamplekens betydelse f\u00f6r individen.\" \/>\n<meta name=\"robots\" content=\"index, follow, max-snippet:-1, max-image-preview:large, max-video-preview:-1\" \/>\n<link rel=\"canonical\" href=\"https:\/\/www.budokampsport.se\/2021\/10\/26\/sbk-bakom-vetenskaplig-artikel-om-braklek\/\" \/>\n<meta property=\"og:locale\" content=\"sv_SE\" \/>\n<meta property=\"og:type\" content=\"article\" \/>\n<meta property=\"og:title\" content=\"SB&amp;K bakom vetenskaplig artikel om br\u00e5klek - Svenska Budo &amp; Kampsportsf\u00f6rbundet\" \/>\n<meta property=\"og:description\" content=\"UTBILDNING | Akademisk unders\u00f6kning av kamplekens betydelse f\u00f6r individen.\" \/>\n<meta property=\"og:url\" content=\"https:\/\/www.budokampsport.se\/2021\/10\/26\/sbk-bakom-vetenskaplig-artikel-om-braklek\/\" \/>\n<meta property=\"og:site_name\" content=\"Svenska Budo &amp; Kampsportsf\u00f6rbundet\" \/>\n<meta property=\"article:published_time\" content=\"2021-10-26T08:08:13+00:00\" \/>\n<meta property=\"og:image\" content=\"https:\/\/www.budokampsport.se\/wp-content\/uploads\/2021\/10\/BB180915ZH064-847px.jpg\" \/>\n\t<meta property=\"og:image:width\" content=\"847\" \/>\n\t<meta property=\"og:image:height\" content=\"565\" \/>\n\t<meta property=\"og:image:type\" content=\"image\/jpeg\" \/>\n<meta name=\"author\" content=\"Mats Lilja\" \/>\n<meta name=\"twitter:card\" content=\"summary_large_image\" \/>\n<meta name=\"twitter:label1\" content=\"Skriven av\" \/>\n\t<meta name=\"twitter:data1\" content=\"Mats Lilja\" \/>\n\t<meta name=\"twitter:label2\" content=\"Ber\u00e4knad l\u00e4stid\" \/>\n\t<meta name=\"twitter:data2\" content=\"3 minuter\" \/>\n<script type=\"application\/ld+json\" class=\"yoast-schema-graph\">{\"@context\":\"https:\/\/schema.org\",\"@graph\":[{\"@type\":\"Article\",\"@id\":\"https:\/\/www.budokampsport.se\/2021\/10\/26\/sbk-bakom-vetenskaplig-artikel-om-braklek\/#article\",\"isPartOf\":{\"@id\":\"https:\/\/www.budokampsport.se\/2021\/10\/26\/sbk-bakom-vetenskaplig-artikel-om-braklek\/\"},\"author\":{\"name\":\"Mats Lilja\",\"@id\":\"https:\/\/www.budokampsport.se\/#\/schema\/person\/d80c0bc61f1787703168fc250ce69522\"},\"headline\":\"SB&#038;K bakom vetenskaplig artikel om br\u00e5klek\",\"datePublished\":\"2021-10-26T08:08:13+00:00\",\"mainEntityOfPage\":{\"@id\":\"https:\/\/www.budokampsport.se\/2021\/10\/26\/sbk-bakom-vetenskaplig-artikel-om-braklek\/\"},\"wordCount\":547,\"commentCount\":0,\"image\":{\"@id\":\"https:\/\/www.budokampsport.se\/2021\/10\/26\/sbk-bakom-vetenskaplig-artikel-om-braklek\/#primaryimage\"},\"thumbnailUrl\":\"https:\/\/www.budokampsport.se\/wp-content\/uploads\/2021\/10\/BB180915ZH064-847px.jpg\",\"articleSection\":{\"0\":\"F\u00f6rening\",\"1\":\"MotoriQ\",\"3\":\"Utbildning\"},\"inLanguage\":\"sv-SE\",\"potentialAction\":[{\"@type\":\"CommentAction\",\"name\":\"Comment\",\"target\":[\"https:\/\/www.budokampsport.se\/2021\/10\/26\/sbk-bakom-vetenskaplig-artikel-om-braklek\/#respond\"]}]},{\"@type\":\"WebPage\",\"@id\":\"https:\/\/www.budokampsport.se\/2021\/10\/26\/sbk-bakom-vetenskaplig-artikel-om-braklek\/\",\"url\":\"https:\/\/www.budokampsport.se\/2021\/10\/26\/sbk-bakom-vetenskaplig-artikel-om-braklek\/\",\"name\":\"SB&K bakom vetenskaplig artikel om br\u00e5klek - Svenska Budo &amp; Kampsportsf\u00f6rbundet\",\"isPartOf\":{\"@id\":\"https:\/\/www.budokampsport.se\/#website\"},\"primaryImageOfPage\":{\"@id\":\"https:\/\/www.budokampsport.se\/2021\/10\/26\/sbk-bakom-vetenskaplig-artikel-om-braklek\/#primaryimage\"},\"image\":{\"@id\":\"https:\/\/www.budokampsport.se\/2021\/10\/26\/sbk-bakom-vetenskaplig-artikel-om-braklek\/#primaryimage\"},\"thumbnailUrl\":\"https:\/\/www.budokampsport.se\/wp-content\/uploads\/2021\/10\/BB180915ZH064-847px.jpg\",\"datePublished\":\"2021-10-26T08:08:13+00:00\",\"author\":{\"@id\":\"https:\/\/www.budokampsport.se\/#\/schema\/person\/d80c0bc61f1787703168fc250ce69522\"},\"description\":\"UTBILDNING | Akademisk unders\u00f6kning av kamplekens betydelse f\u00f6r individen.\",\"breadcrumb\":{\"@id\":\"https:\/\/www.budokampsport.se\/2021\/10\/26\/sbk-bakom-vetenskaplig-artikel-om-braklek\/#breadcrumb\"},\"inLanguage\":\"sv-SE\",\"potentialAction\":[{\"@type\":\"ReadAction\",\"target\":[\"https:\/\/www.budokampsport.se\/2021\/10\/26\/sbk-bakom-vetenskaplig-artikel-om-braklek\/\"]}]},{\"@type\":\"ImageObject\",\"inLanguage\":\"sv-SE\",\"@id\":\"https:\/\/www.budokampsport.se\/2021\/10\/26\/sbk-bakom-vetenskaplig-artikel-om-braklek\/#primaryimage\",\"url\":\"https:\/\/www.budokampsport.se\/wp-content\/uploads\/2021\/10\/BB180915ZH064-847px.jpg\",\"contentUrl\":\"https:\/\/www.budokampsport.se\/wp-content\/uploads\/2021\/10\/BB180915ZH064-847px.jpg\",\"width\":847,\"height\":565,\"caption\":\"180915 Barn och ungdomar provar brottning under Idrottens Dag arrangerat av J\u00e4mtland-H\u00e4rjedalens Idrottsf\u00f6rbund p\u00e5 Campus i \u00d6stersund den 15 september 2018 Foto: Johan Axelsson \/ BILDBYR\u00c5N \/ Cop 245\"},{\"@type\":\"BreadcrumbList\",\"@id\":\"https:\/\/www.budokampsport.se\/2021\/10\/26\/sbk-bakom-vetenskaplig-artikel-om-braklek\/#breadcrumb\",\"itemListElement\":[{\"@type\":\"ListItem\",\"position\":1,\"name\":\"Hem\",\"item\":\"https:\/\/www.budokampsport.se\/\"},{\"@type\":\"ListItem\",\"position\":2,\"name\":\"SB&#038;K bakom vetenskaplig artikel om br\u00e5klek\"}]},{\"@type\":\"WebSite\",\"@id\":\"https:\/\/www.budokampsport.se\/#website\",\"url\":\"https:\/\/www.budokampsport.se\/\",\"name\":\"Svenska Budo &amp; Kampsportsf\u00f6rbundet\",\"description\":\"T\u00e4vling, Tr\u00e4ning, Tradition\",\"potentialAction\":[{\"@type\":\"SearchAction\",\"target\":{\"@type\":\"EntryPoint\",\"urlTemplate\":\"https:\/\/www.budokampsport.se\/?s={search_term_string}\"},\"query-input\":{\"@type\":\"PropertyValueSpecification\",\"valueRequired\":true,\"valueName\":\"search_term_string\"}}],\"inLanguage\":\"sv-SE\"},{\"@type\":\"Person\",\"@id\":\"https:\/\/www.budokampsport.se\/#\/schema\/person\/d80c0bc61f1787703168fc250ce69522\",\"name\":\"Mats Lilja\",\"image\":{\"@type\":\"ImageObject\",\"inLanguage\":\"sv-SE\",\"@id\":\"https:\/\/www.budokampsport.se\/#\/schema\/person\/image\/\",\"url\":\"https:\/\/secure.gravatar.com\/avatar\/607f84918e96abe1ebbd8611782fa57d?s=96&d=blank&r=g\",\"contentUrl\":\"https:\/\/secure.gravatar.com\/avatar\/607f84918e96abe1ebbd8611782fa57d?s=96&d=blank&r=g\",\"caption\":\"Mats Lilja\"},\"url\":\"https:\/\/www.budokampsport.se\/author\/mats-lilja\/\"}]}<\/script>\n<!-- \/ Yoast SEO plugin. -->","yoast_head_json":{"title":"SB&K bakom vetenskaplig artikel om br\u00e5klek - Svenska Budo &amp; Kampsportsf\u00f6rbundet","description":"UTBILDNING | Akademisk unders\u00f6kning av kamplekens betydelse f\u00f6r individen.","robots":{"index":"index","follow":"follow","max-snippet":"max-snippet:-1","max-image-preview":"max-image-preview:large","max-video-preview":"max-video-preview:-1"},"canonical":"https:\/\/www.budokampsport.se\/2021\/10\/26\/sbk-bakom-vetenskaplig-artikel-om-braklek\/","og_locale":"sv_SE","og_type":"article","og_title":"SB&K bakom vetenskaplig artikel om br\u00e5klek - Svenska Budo &amp; Kampsportsf\u00f6rbundet","og_description":"UTBILDNING | Akademisk unders\u00f6kning av kamplekens betydelse f\u00f6r individen.","og_url":"https:\/\/www.budokampsport.se\/2021\/10\/26\/sbk-bakom-vetenskaplig-artikel-om-braklek\/","og_site_name":"Svenska Budo &amp; Kampsportsf\u00f6rbundet","article_published_time":"2021-10-26T08:08:13+00:00","og_image":[{"width":847,"height":565,"url":"https:\/\/www.budokampsport.se\/wp-content\/uploads\/2021\/10\/BB180915ZH064-847px.jpg","type":"image\/jpeg"}],"author":"Mats Lilja","twitter_card":"summary_large_image","twitter_misc":{"Skriven av":"Mats Lilja","Ber\u00e4knad l\u00e4stid":"3 minuter"},"schema":{"@context":"https:\/\/schema.org","@graph":[{"@type":"Article","@id":"https:\/\/www.budokampsport.se\/2021\/10\/26\/sbk-bakom-vetenskaplig-artikel-om-braklek\/#article","isPartOf":{"@id":"https:\/\/www.budokampsport.se\/2021\/10\/26\/sbk-bakom-vetenskaplig-artikel-om-braklek\/"},"author":{"name":"Mats Lilja","@id":"https:\/\/www.budokampsport.se\/#\/schema\/person\/d80c0bc61f1787703168fc250ce69522"},"headline":"SB&#038;K bakom vetenskaplig artikel om br\u00e5klek","datePublished":"2021-10-26T08:08:13+00:00","mainEntityOfPage":{"@id":"https:\/\/www.budokampsport.se\/2021\/10\/26\/sbk-bakom-vetenskaplig-artikel-om-braklek\/"},"wordCount":547,"commentCount":0,"image":{"@id":"https:\/\/www.budokampsport.se\/2021\/10\/26\/sbk-bakom-vetenskaplig-artikel-om-braklek\/#primaryimage"},"thumbnailUrl":"https:\/\/www.budokampsport.se\/wp-content\/uploads\/2021\/10\/BB180915ZH064-847px.jpg","articleSection":{"0":"F\u00f6rening","1":"MotoriQ","3":"Utbildning"},"inLanguage":"sv-SE","potentialAction":[{"@type":"CommentAction","name":"Comment","target":["https:\/\/www.budokampsport.se\/2021\/10\/26\/sbk-bakom-vetenskaplig-artikel-om-braklek\/#respond"]}]},{"@type":"WebPage","@id":"https:\/\/www.budokampsport.se\/2021\/10\/26\/sbk-bakom-vetenskaplig-artikel-om-braklek\/","url":"https:\/\/www.budokampsport.se\/2021\/10\/26\/sbk-bakom-vetenskaplig-artikel-om-braklek\/","name":"SB&K bakom vetenskaplig artikel om br\u00e5klek - Svenska Budo &amp; Kampsportsf\u00f6rbundet","isPartOf":{"@id":"https:\/\/www.budokampsport.se\/#website"},"primaryImageOfPage":{"@id":"https:\/\/www.budokampsport.se\/2021\/10\/26\/sbk-bakom-vetenskaplig-artikel-om-braklek\/#primaryimage"},"image":{"@id":"https:\/\/www.budokampsport.se\/2021\/10\/26\/sbk-bakom-vetenskaplig-artikel-om-braklek\/#primaryimage"},"thumbnailUrl":"https:\/\/www.budokampsport.se\/wp-content\/uploads\/2021\/10\/BB180915ZH064-847px.jpg","datePublished":"2021-10-26T08:08:13+00:00","author":{"@id":"https:\/\/www.budokampsport.se\/#\/schema\/person\/d80c0bc61f1787703168fc250ce69522"},"description":"UTBILDNING | Akademisk unders\u00f6kning av kamplekens betydelse f\u00f6r individen.","breadcrumb":{"@id":"https:\/\/www.budokampsport.se\/2021\/10\/26\/sbk-bakom-vetenskaplig-artikel-om-braklek\/#breadcrumb"},"inLanguage":"sv-SE","potentialAction":[{"@type":"ReadAction","target":["https:\/\/www.budokampsport.se\/2021\/10\/26\/sbk-bakom-vetenskaplig-artikel-om-braklek\/"]}]},{"@type":"ImageObject","inLanguage":"sv-SE","@id":"https:\/\/www.budokampsport.se\/2021\/10\/26\/sbk-bakom-vetenskaplig-artikel-om-braklek\/#primaryimage","url":"https:\/\/www.budokampsport.se\/wp-content\/uploads\/2021\/10\/BB180915ZH064-847px.jpg","contentUrl":"https:\/\/www.budokampsport.se\/wp-content\/uploads\/2021\/10\/BB180915ZH064-847px.jpg","width":847,"height":565,"caption":"180915 Barn och ungdomar provar brottning under Idrottens Dag arrangerat av J\u00e4mtland-H\u00e4rjedalens Idrottsf\u00f6rbund p\u00e5 Campus i \u00d6stersund den 15 september 2018 Foto: Johan Axelsson \/ BILDBYR\u00c5N \/ Cop 245"},{"@type":"BreadcrumbList","@id":"https:\/\/www.budokampsport.se\/2021\/10\/26\/sbk-bakom-vetenskaplig-artikel-om-braklek\/#breadcrumb","itemListElement":[{"@type":"ListItem","position":1,"name":"Hem","item":"https:\/\/www.budokampsport.se\/"},{"@type":"ListItem","position":2,"name":"SB&#038;K bakom vetenskaplig artikel om br\u00e5klek"}]},{"@type":"WebSite","@id":"https:\/\/www.budokampsport.se\/#website","url":"https:\/\/www.budokampsport.se\/","name":"Svenska Budo &amp; Kampsportsf\u00f6rbundet","description":"T\u00e4vling, Tr\u00e4ning, Tradition","potentialAction":[{"@type":"SearchAction","target":{"@type":"EntryPoint","urlTemplate":"https:\/\/www.budokampsport.se\/?s={search_term_string}"},"query-input":{"@type":"PropertyValueSpecification","valueRequired":true,"valueName":"search_term_string"}}],"inLanguage":"sv-SE"},{"@type":"Person","@id":"https:\/\/www.budokampsport.se\/#\/schema\/person\/d80c0bc61f1787703168fc250ce69522","name":"Mats Lilja","image":{"@type":"ImageObject","inLanguage":"sv-SE","@id":"https:\/\/www.budokampsport.se\/#\/schema\/person\/image\/","url":"https:\/\/secure.gravatar.com\/avatar\/607f84918e96abe1ebbd8611782fa57d?s=96&d=blank&r=g","contentUrl":"https:\/\/secure.gravatar.com\/avatar\/607f84918e96abe1ebbd8611782fa57d?s=96&d=blank&r=g","caption":"Mats Lilja"},"url":"https:\/\/www.budokampsport.se\/author\/mats-lilja\/"}]}},"_links":{"self":[{"href":"https:\/\/www.budokampsport.se\/api\/wp\/v2\/posts\/129520","targetHints":{"allow":["GET"]}}],"collection":[{"href":"https:\/\/www.budokampsport.se\/api\/wp\/v2\/posts"}],"about":[{"href":"https:\/\/www.budokampsport.se\/api\/wp\/v2\/types\/post"}],"author":[{"embeddable":true,"href":"https:\/\/www.budokampsport.se\/api\/wp\/v2\/users\/914"}],"replies":[{"embeddable":true,"href":"https:\/\/www.budokampsport.se\/api\/wp\/v2\/comments?post=129520"}],"version-history":[{"count":0,"href":"https:\/\/www.budokampsport.se\/api\/wp\/v2\/posts\/129520\/revisions"}],"wp:featuredmedia":[{"embeddable":true,"href":"https:\/\/www.budokampsport.se\/api\/wp\/v2\/media\/130190"}],"wp:attachment":[{"href":"https:\/\/www.budokampsport.se\/api\/wp\/v2\/media?parent=129520"}],"wp:term":[{"taxonomy":"category","embeddable":true,"href":"https:\/\/www.budokampsport.se\/api\/wp\/v2\/categories?post=129520"},{"taxonomy":"post_tag","embeddable":true,"href":"https:\/\/www.budokampsport.se\/api\/wp\/v2\/tags?post=129520"}],"curies":[{"name":"wp","href":"https:\/\/api.w.org\/{rel}","templated":true}]}}