{"id":130864,"date":"2021-11-02T14:42:20","date_gmt":"2021-11-02T13:42:20","guid":{"rendered":"https:\/\/www.budokampsport.se\/?p=130864"},"modified":"2024-07-25T16:06:45","modified_gmt":"2024-07-25T14:06:45","slug":"sbk-startar-forelasningsserien-tar-grepp-om","status":"publish","type":"post","link":"https:\/\/www.budokampsport.se\/2021\/11\/02\/sbk-startar-forelasningsserien-tar-grepp-om\/","title":{"rendered":"SB&#038;K startar f\u00f6rel\u00e4sningsserien \u201dTar grepp om\u201d"},"content":{"rendered":"<p><a href=\"https:\/\/www.budokampsport.se\/forbund\/demokratidrott\/\">Demokratidrott<\/a> \u00e4r SB&amp;K:s projekt kring f\u00f6reningsdemokrati. Projektet syftar till att se \u00f6ver och utveckla\u00a0<span data-contrast=\"auto\">f\u00f6reningsl\u00e4ran och f\u00f6reningsdemokratin inom f\u00f6rbunde<\/span><span data-contrast=\"auto\">n, f\u00f6reningarna<\/span><span data-contrast=\"auto\">\u00a0och bland dess medlemmar.<br \/>\n<\/span><br \/>\nUnder h\u00f6sten kommer f\u00f6rbundet att lansera f\u00f6rel\u00e4sningsserien Tar grepp om. Tanken \u00e4r att den ska ta upp \u00e4mnen som r\u00f6r f\u00f6reningsidrott.<br \/>\n&#8211; Vi hoppas att det blir ett kul, enkelt och bra s\u00e4tt f\u00f6r v\u00e5ra medlemmar att kunna skaffa mer information.<\/p>\n<p><strong><a href=\"https:\/\/www.budokampsport.se\/wp-content\/uploads\/2021\/03\/astridhs1.jpg\"><img loading=\"lazy\" decoding=\"async\" class=\"alignright size-thumbnail wp-image-125064\" src=\"https:\/\/www.budokampsport.se\/wp-content\/uploads\/2021\/03\/astridhs1-278x201.jpg\" alt=\"\" width=\"278\" height=\"201\" srcset=\"https:\/\/www.budokampsport.se\/wp-content\/uploads\/2021\/03\/astridhs1-278x201.jpg 278w, https:\/\/www.budokampsport.se\/wp-content\/uploads\/2021\/03\/astridhs1-600x433.jpg 600w, https:\/\/www.budokampsport.se\/wp-content\/uploads\/2021\/03\/astridhs1-376x271.jpg 376w, https:\/\/www.budokampsport.se\/wp-content\/uploads\/2021\/03\/astridhs1-572x413.jpg 572w, https:\/\/www.budokampsport.se\/wp-content\/uploads\/2021\/03\/astridhs1.jpg 847w\" sizes=\"auto, (max-width: 278px) 100vw, 278px\" \/><\/a>F\u00f6rsta f\u00f6rel\u00e4snings\u00e4mnet \u00e4r klart<\/strong><br \/>\nF\u00f6rsta \u00e4mnet Tar grepp om \u00e4r redan best\u00e4mt. Det kommer att handla om <em>medlemskapets r\u00e4ttigheter och skyldigheter.<\/em> F\u00f6rel\u00e4sare blir RFSISU:s jurist Linus di Zazzo.<br \/>\n&#8211; Det blir kul och intressant. Vi ska bara spika ett definitivt datum, s\u00e5 g\u00e5r vi ut med mer information kring det och hur man anm\u00e4ler sig, s\u00e4ger Astrid Hultin Svensk.<\/p>\n<p>Tar grepp om \u00e4r kostnadsfritt. Anm\u00e4lan kommer ske via idrottonline och sj\u00e4lva f\u00f6rel\u00e4sningen kommer att ske i Teams. I anm\u00e4lan kommer det \u00e4ven g\u00e5 att skicka fr\u00e5gor i f\u00f6rv\u00e4g till f\u00f6rel\u00e4saren.<br \/>\n&#8211; Vi tycker det \u00e4r viktigt att f\u00f6rel\u00e4sningarna inte blir monologer. Vi vill snarare att de ska bli diskussionsm\u00f6jligheter och att bes\u00f6karna k\u00e4nner att det h\u00e4r verkligen \u00e4r till f\u00f6r dem, avslutar Astrid Hultin Svensk.<\/p>\n<p>F\u00f6r mer fr\u00e5gor kring Demokratidrott i allm\u00e4nhet, men f\u00f6rel\u00e4sningsserien i synnerhet, kontakta Astrid p\u00e5 <a href=\"mailto:astrid@budo.se\">astrid@budo.se<\/a><\/p>\n<p><a href=\"https:\/\/www.budokampsport.se\/forbund\/demokratidrott\/\">H\u00e4r finns mer information kring Demokratidrott.<\/a><\/p>\n<p>Text: Jonathan Broberg<\/p>\n","protected":false},"excerpt":{"rendered":"<p>DEMOKRATIDROTT | Inom ramen f\u00f6r projektet Demokratidrott kommer SB&#038;K att under h\u00f6sten att starta upp en gratis digital f\u00f6rel\u00e4sningsserie. Den kommer att heta Tar grepp om och kommer att djupdyka i \u00e4mnen relaterade till f\u00f6reningsidrott.<br \/><br>&#8211; V\u00e5r f\u00f6rhoppning \u00e4r att synligg\u00f6ra och diskutera \u00e4mnen tillsammans med v\u00e5ra medlemmar, s\u00e4ger Demokratidrotts projektledare Astrid Hultin Svensk till budokampsport.se.<\/p><br>","protected":false},"author":7,"featured_media":122718,"comment_status":"open","ping_status":"open","sticky":false,"template":"","format":"standard","meta":{"_acf_changed":false,"footnotes":""},"categories":[580],"tags":[],"class_list":["post-130864","post","type-post","status-publish","format-standard","has-post-thumbnail","hentry","category-demokratidrott"],"acf":[],"yoast_head":"<!-- This site is optimized with the Yoast SEO plugin v26.8 - https:\/\/yoast.com\/product\/yoast-seo-wordpress\/ -->\n<title>SB&amp;K startar f\u00f6rel\u00e4sningsserien \u201dTar grepp om\u201d - Svenska Budo &amp; Kampsportsf\u00f6rbundet<\/title>\n<meta name=\"description\" content=\"DEMOKRATIDROTT | Inom ramen f\u00f6r projektet Demokratidrott kommer SB&amp;K att under h\u00f6sten att starta upp en gratis digital f\u00f6rel\u00e4sningsserie. Den kommer att heta Tar grepp om och kommer att djupdyka i \u00e4mnen relaterade till f\u00f6reningsidrott. - V\u00e5r f\u00f6rhoppning \u00e4r att synligg\u00f6ra och diskutera \u00e4mnen tillsammans med v\u00e5ra medlemmar, s\u00e4ger Demokratidrotts projektledare Astrid Hultin Svensk till budokampsport.se.\" \/>\n<meta name=\"robots\" content=\"index, follow, max-snippet:-1, max-image-preview:large, max-video-preview:-1\" \/>\n<link rel=\"canonical\" href=\"https:\/\/www.budokampsport.se\/2021\/11\/02\/sbk-startar-forelasningsserien-tar-grepp-om\/\" \/>\n<meta property=\"og:locale\" content=\"sv_SE\" \/>\n<meta property=\"og:type\" content=\"article\" \/>\n<meta property=\"og:title\" content=\"SB&amp;K startar f\u00f6rel\u00e4sningsserien \u201dTar grepp om\u201d - Svenska Budo &amp; Kampsportsf\u00f6rbundet\" \/>\n<meta property=\"og:description\" content=\"DEMOKRATIDROTT | Inom ramen f\u00f6r projektet Demokratidrott kommer SB&amp;K att under h\u00f6sten att starta upp en gratis digital f\u00f6rel\u00e4sningsserie. Den kommer att heta Tar grepp om och kommer att djupdyka i \u00e4mnen relaterade till f\u00f6reningsidrott. - V\u00e5r f\u00f6rhoppning \u00e4r att synligg\u00f6ra och diskutera \u00e4mnen tillsammans med v\u00e5ra medlemmar, s\u00e4ger Demokratidrotts projektledare Astrid Hultin Svensk till budokampsport.se.\" \/>\n<meta property=\"og:url\" content=\"https:\/\/www.budokampsport.se\/2021\/11\/02\/sbk-startar-forelasningsserien-tar-grepp-om\/\" \/>\n<meta property=\"og:site_name\" content=\"Svenska Budo &amp; Kampsportsf\u00f6rbundet\" \/>\n<meta property=\"article:author\" content=\"https:\/\/www.facebook.com\/jonathan.broberg.7\" \/>\n<meta property=\"article:published_time\" content=\"2021-11-02T13:42:20+00:00\" \/>\n<meta property=\"article:modified_time\" content=\"2024-07-25T14:06:45+00:00\" \/>\n<meta property=\"og:image\" content=\"https:\/\/www.budokampsport.se\/wp-content\/uploads\/2020\/11\/sbok_tsuba_850px.jpg\" \/>\n\t<meta property=\"og:image:width\" content=\"850\" \/>\n\t<meta property=\"og:image:height\" content=\"440\" \/>\n\t<meta property=\"og:image:type\" content=\"image\/jpeg\" \/>\n<meta name=\"author\" content=\"Jonathan Broberg\" \/>\n<meta name=\"twitter:card\" content=\"summary_large_image\" \/>\n<meta name=\"twitter:label1\" content=\"Skriven av\" \/>\n\t<meta name=\"twitter:data1\" content=\"Jonathan Broberg\" \/>\n\t<meta name=\"twitter:label2\" content=\"Ber\u00e4knad l\u00e4stid\" \/>\n\t<meta name=\"twitter:data2\" content=\"2 minuter\" \/>\n<script type=\"application\/ld+json\" class=\"yoast-schema-graph\">{\"@context\":\"https:\/\/schema.org\",\"@graph\":[{\"@type\":\"Article\",\"@id\":\"https:\/\/www.budokampsport.se\/2021\/11\/02\/sbk-startar-forelasningsserien-tar-grepp-om\/#article\",\"isPartOf\":{\"@id\":\"https:\/\/www.budokampsport.se\/2021\/11\/02\/sbk-startar-forelasningsserien-tar-grepp-om\/\"},\"author\":{\"name\":\"Jonathan Broberg\",\"@id\":\"https:\/\/www.budokampsport.se\/#\/schema\/person\/5c06d81d14850e2a8ce5493386560145\"},\"headline\":\"SB&#038;K startar f\u00f6rel\u00e4sningsserien \u201dTar grepp om\u201d\",\"datePublished\":\"2021-11-02T13:42:20+00:00\",\"dateModified\":\"2024-07-25T14:06:45+00:00\",\"mainEntityOfPage\":{\"@id\":\"https:\/\/www.budokampsport.se\/2021\/11\/02\/sbk-startar-forelasningsserien-tar-grepp-om\/\"},\"wordCount\":280,\"commentCount\":1,\"image\":{\"@id\":\"https:\/\/www.budokampsport.se\/2021\/11\/02\/sbk-startar-forelasningsserien-tar-grepp-om\/#primaryimage\"},\"thumbnailUrl\":\"https:\/\/www.budokampsport.se\/wp-content\/uploads\/2020\/11\/sbok_tsuba_850px.jpg\",\"articleSection\":[\"Demokratidrott\"],\"inLanguage\":\"sv-SE\",\"potentialAction\":[{\"@type\":\"CommentAction\",\"name\":\"Comment\",\"target\":[\"https:\/\/www.budokampsport.se\/2021\/11\/02\/sbk-startar-forelasningsserien-tar-grepp-om\/#respond\"]}]},{\"@type\":\"WebPage\",\"@id\":\"https:\/\/www.budokampsport.se\/2021\/11\/02\/sbk-startar-forelasningsserien-tar-grepp-om\/\",\"url\":\"https:\/\/www.budokampsport.se\/2021\/11\/02\/sbk-startar-forelasningsserien-tar-grepp-om\/\",\"name\":\"SB&K startar f\u00f6rel\u00e4sningsserien \u201dTar grepp om\u201d - Svenska Budo &amp; Kampsportsf\u00f6rbundet\",\"isPartOf\":{\"@id\":\"https:\/\/www.budokampsport.se\/#website\"},\"primaryImageOfPage\":{\"@id\":\"https:\/\/www.budokampsport.se\/2021\/11\/02\/sbk-startar-forelasningsserien-tar-grepp-om\/#primaryimage\"},\"image\":{\"@id\":\"https:\/\/www.budokampsport.se\/2021\/11\/02\/sbk-startar-forelasningsserien-tar-grepp-om\/#primaryimage\"},\"thumbnailUrl\":\"https:\/\/www.budokampsport.se\/wp-content\/uploads\/2020\/11\/sbok_tsuba_850px.jpg\",\"datePublished\":\"2021-11-02T13:42:20+00:00\",\"dateModified\":\"2024-07-25T14:06:45+00:00\",\"author\":{\"@id\":\"https:\/\/www.budokampsport.se\/#\/schema\/person\/5c06d81d14850e2a8ce5493386560145\"},\"description\":\"DEMOKRATIDROTT | Inom ramen f\u00f6r projektet Demokratidrott kommer SB&K att under h\u00f6sten att starta upp en gratis digital f\u00f6rel\u00e4sningsserie. Den kommer att heta Tar grepp om och kommer att djupdyka i \u00e4mnen relaterade till f\u00f6reningsidrott. - V\u00e5r f\u00f6rhoppning \u00e4r att synligg\u00f6ra och diskutera \u00e4mnen tillsammans med v\u00e5ra medlemmar, s\u00e4ger Demokratidrotts projektledare Astrid Hultin Svensk till budokampsport.se.\",\"breadcrumb\":{\"@id\":\"https:\/\/www.budokampsport.se\/2021\/11\/02\/sbk-startar-forelasningsserien-tar-grepp-om\/#breadcrumb\"},\"inLanguage\":\"sv-SE\",\"potentialAction\":[{\"@type\":\"ReadAction\",\"target\":[\"https:\/\/www.budokampsport.se\/2021\/11\/02\/sbk-startar-forelasningsserien-tar-grepp-om\/\"]}]},{\"@type\":\"ImageObject\",\"inLanguage\":\"sv-SE\",\"@id\":\"https:\/\/www.budokampsport.se\/2021\/11\/02\/sbk-startar-forelasningsserien-tar-grepp-om\/#primaryimage\",\"url\":\"https:\/\/www.budokampsport.se\/wp-content\/uploads\/2020\/11\/sbok_tsuba_850px.jpg\",\"contentUrl\":\"https:\/\/www.budokampsport.se\/wp-content\/uploads\/2020\/11\/sbok_tsuba_850px.jpg\",\"width\":850,\"height\":440,\"caption\":\"SB&K Logotype\"},{\"@type\":\"BreadcrumbList\",\"@id\":\"https:\/\/www.budokampsport.se\/2021\/11\/02\/sbk-startar-forelasningsserien-tar-grepp-om\/#breadcrumb\",\"itemListElement\":[{\"@type\":\"ListItem\",\"position\":1,\"name\":\"Hem\",\"item\":\"https:\/\/www.budokampsport.se\/\"},{\"@type\":\"ListItem\",\"position\":2,\"name\":\"SB&#038;K startar f\u00f6rel\u00e4sningsserien \u201dTar grepp om\u201d\"}]},{\"@type\":\"WebSite\",\"@id\":\"https:\/\/www.budokampsport.se\/#website\",\"url\":\"https:\/\/www.budokampsport.se\/\",\"name\":\"Svenska Budo &amp; Kampsportsf\u00f6rbundet\",\"description\":\"T\u00e4vling, Tr\u00e4ning, Tradition\",\"potentialAction\":[{\"@type\":\"SearchAction\",\"target\":{\"@type\":\"EntryPoint\",\"urlTemplate\":\"https:\/\/www.budokampsport.se\/?s={search_term_string}\"},\"query-input\":{\"@type\":\"PropertyValueSpecification\",\"valueRequired\":true,\"valueName\":\"search_term_string\"}}],\"inLanguage\":\"sv-SE\"},{\"@type\":\"Person\",\"@id\":\"https:\/\/www.budokampsport.se\/#\/schema\/person\/5c06d81d14850e2a8ce5493386560145\",\"name\":\"Jonathan Broberg\",\"image\":{\"@type\":\"ImageObject\",\"inLanguage\":\"sv-SE\",\"@id\":\"https:\/\/www.budokampsport.se\/#\/schema\/person\/image\/\",\"url\":\"https:\/\/secure.gravatar.com\/avatar\/a58041c6cea9128bd9c40ee2f26d4136?s=96&d=blank&r=g\",\"contentUrl\":\"https:\/\/secure.gravatar.com\/avatar\/a58041c6cea9128bd9c40ee2f26d4136?s=96&d=blank&r=g\",\"caption\":\"Jonathan Broberg\"},\"sameAs\":[\"https:\/\/www.facebook.com\/jonathan.broberg.7\"],\"url\":\"https:\/\/www.budokampsport.se\/author\/jonathan\/\"}]}<\/script>\n<!-- \/ Yoast SEO plugin. -->","yoast_head_json":{"title":"SB&K startar f\u00f6rel\u00e4sningsserien \u201dTar grepp om\u201d - Svenska Budo &amp; Kampsportsf\u00f6rbundet","description":"DEMOKRATIDROTT | Inom ramen f\u00f6r projektet Demokratidrott kommer SB&K att under h\u00f6sten att starta upp en gratis digital f\u00f6rel\u00e4sningsserie. Den kommer att heta Tar grepp om och kommer att djupdyka i \u00e4mnen relaterade till f\u00f6reningsidrott. - V\u00e5r f\u00f6rhoppning \u00e4r att synligg\u00f6ra och diskutera \u00e4mnen tillsammans med v\u00e5ra medlemmar, s\u00e4ger Demokratidrotts projektledare Astrid Hultin Svensk till budokampsport.se.","robots":{"index":"index","follow":"follow","max-snippet":"max-snippet:-1","max-image-preview":"max-image-preview:large","max-video-preview":"max-video-preview:-1"},"canonical":"https:\/\/www.budokampsport.se\/2021\/11\/02\/sbk-startar-forelasningsserien-tar-grepp-om\/","og_locale":"sv_SE","og_type":"article","og_title":"SB&K startar f\u00f6rel\u00e4sningsserien \u201dTar grepp om\u201d - Svenska Budo &amp; Kampsportsf\u00f6rbundet","og_description":"DEMOKRATIDROTT | Inom ramen f\u00f6r projektet Demokratidrott kommer SB&K att under h\u00f6sten att starta upp en gratis digital f\u00f6rel\u00e4sningsserie. Den kommer att heta Tar grepp om och kommer att djupdyka i \u00e4mnen relaterade till f\u00f6reningsidrott. - V\u00e5r f\u00f6rhoppning \u00e4r att synligg\u00f6ra och diskutera \u00e4mnen tillsammans med v\u00e5ra medlemmar, s\u00e4ger Demokratidrotts projektledare Astrid Hultin Svensk till budokampsport.se.","og_url":"https:\/\/www.budokampsport.se\/2021\/11\/02\/sbk-startar-forelasningsserien-tar-grepp-om\/","og_site_name":"Svenska Budo &amp; Kampsportsf\u00f6rbundet","article_author":"https:\/\/www.facebook.com\/jonathan.broberg.7","article_published_time":"2021-11-02T13:42:20+00:00","article_modified_time":"2024-07-25T14:06:45+00:00","og_image":[{"width":850,"height":440,"url":"https:\/\/www.budokampsport.se\/wp-content\/uploads\/2020\/11\/sbok_tsuba_850px.jpg","type":"image\/jpeg"}],"author":"Jonathan Broberg","twitter_card":"summary_large_image","twitter_misc":{"Skriven av":"Jonathan Broberg","Ber\u00e4knad l\u00e4stid":"2 minuter"},"schema":{"@context":"https:\/\/schema.org","@graph":[{"@type":"Article","@id":"https:\/\/www.budokampsport.se\/2021\/11\/02\/sbk-startar-forelasningsserien-tar-grepp-om\/#article","isPartOf":{"@id":"https:\/\/www.budokampsport.se\/2021\/11\/02\/sbk-startar-forelasningsserien-tar-grepp-om\/"},"author":{"name":"Jonathan Broberg","@id":"https:\/\/www.budokampsport.se\/#\/schema\/person\/5c06d81d14850e2a8ce5493386560145"},"headline":"SB&#038;K startar f\u00f6rel\u00e4sningsserien \u201dTar grepp om\u201d","datePublished":"2021-11-02T13:42:20+00:00","dateModified":"2024-07-25T14:06:45+00:00","mainEntityOfPage":{"@id":"https:\/\/www.budokampsport.se\/2021\/11\/02\/sbk-startar-forelasningsserien-tar-grepp-om\/"},"wordCount":280,"commentCount":1,"image":{"@id":"https:\/\/www.budokampsport.se\/2021\/11\/02\/sbk-startar-forelasningsserien-tar-grepp-om\/#primaryimage"},"thumbnailUrl":"https:\/\/www.budokampsport.se\/wp-content\/uploads\/2020\/11\/sbok_tsuba_850px.jpg","articleSection":["Demokratidrott"],"inLanguage":"sv-SE","potentialAction":[{"@type":"CommentAction","name":"Comment","target":["https:\/\/www.budokampsport.se\/2021\/11\/02\/sbk-startar-forelasningsserien-tar-grepp-om\/#respond"]}]},{"@type":"WebPage","@id":"https:\/\/www.budokampsport.se\/2021\/11\/02\/sbk-startar-forelasningsserien-tar-grepp-om\/","url":"https:\/\/www.budokampsport.se\/2021\/11\/02\/sbk-startar-forelasningsserien-tar-grepp-om\/","name":"SB&K startar f\u00f6rel\u00e4sningsserien \u201dTar grepp om\u201d - Svenska Budo &amp; Kampsportsf\u00f6rbundet","isPartOf":{"@id":"https:\/\/www.budokampsport.se\/#website"},"primaryImageOfPage":{"@id":"https:\/\/www.budokampsport.se\/2021\/11\/02\/sbk-startar-forelasningsserien-tar-grepp-om\/#primaryimage"},"image":{"@id":"https:\/\/www.budokampsport.se\/2021\/11\/02\/sbk-startar-forelasningsserien-tar-grepp-om\/#primaryimage"},"thumbnailUrl":"https:\/\/www.budokampsport.se\/wp-content\/uploads\/2020\/11\/sbok_tsuba_850px.jpg","datePublished":"2021-11-02T13:42:20+00:00","dateModified":"2024-07-25T14:06:45+00:00","author":{"@id":"https:\/\/www.budokampsport.se\/#\/schema\/person\/5c06d81d14850e2a8ce5493386560145"},"description":"DEMOKRATIDROTT | Inom ramen f\u00f6r projektet Demokratidrott kommer SB&K att under h\u00f6sten att starta upp en gratis digital f\u00f6rel\u00e4sningsserie. Den kommer att heta Tar grepp om och kommer att djupdyka i \u00e4mnen relaterade till f\u00f6reningsidrott. - V\u00e5r f\u00f6rhoppning \u00e4r att synligg\u00f6ra och diskutera \u00e4mnen tillsammans med v\u00e5ra medlemmar, s\u00e4ger Demokratidrotts projektledare Astrid Hultin Svensk till budokampsport.se.","breadcrumb":{"@id":"https:\/\/www.budokampsport.se\/2021\/11\/02\/sbk-startar-forelasningsserien-tar-grepp-om\/#breadcrumb"},"inLanguage":"sv-SE","potentialAction":[{"@type":"ReadAction","target":["https:\/\/www.budokampsport.se\/2021\/11\/02\/sbk-startar-forelasningsserien-tar-grepp-om\/"]}]},{"@type":"ImageObject","inLanguage":"sv-SE","@id":"https:\/\/www.budokampsport.se\/2021\/11\/02\/sbk-startar-forelasningsserien-tar-grepp-om\/#primaryimage","url":"https:\/\/www.budokampsport.se\/wp-content\/uploads\/2020\/11\/sbok_tsuba_850px.jpg","contentUrl":"https:\/\/www.budokampsport.se\/wp-content\/uploads\/2020\/11\/sbok_tsuba_850px.jpg","width":850,"height":440,"caption":"SB&K Logotype"},{"@type":"BreadcrumbList","@id":"https:\/\/www.budokampsport.se\/2021\/11\/02\/sbk-startar-forelasningsserien-tar-grepp-om\/#breadcrumb","itemListElement":[{"@type":"ListItem","position":1,"name":"Hem","item":"https:\/\/www.budokampsport.se\/"},{"@type":"ListItem","position":2,"name":"SB&#038;K startar f\u00f6rel\u00e4sningsserien \u201dTar grepp om\u201d"}]},{"@type":"WebSite","@id":"https:\/\/www.budokampsport.se\/#website","url":"https:\/\/www.budokampsport.se\/","name":"Svenska Budo &amp; Kampsportsf\u00f6rbundet","description":"T\u00e4vling, Tr\u00e4ning, Tradition","potentialAction":[{"@type":"SearchAction","target":{"@type":"EntryPoint","urlTemplate":"https:\/\/www.budokampsport.se\/?s={search_term_string}"},"query-input":{"@type":"PropertyValueSpecification","valueRequired":true,"valueName":"search_term_string"}}],"inLanguage":"sv-SE"},{"@type":"Person","@id":"https:\/\/www.budokampsport.se\/#\/schema\/person\/5c06d81d14850e2a8ce5493386560145","name":"Jonathan Broberg","image":{"@type":"ImageObject","inLanguage":"sv-SE","@id":"https:\/\/www.budokampsport.se\/#\/schema\/person\/image\/","url":"https:\/\/secure.gravatar.com\/avatar\/a58041c6cea9128bd9c40ee2f26d4136?s=96&d=blank&r=g","contentUrl":"https:\/\/secure.gravatar.com\/avatar\/a58041c6cea9128bd9c40ee2f26d4136?s=96&d=blank&r=g","caption":"Jonathan Broberg"},"sameAs":["https:\/\/www.facebook.com\/jonathan.broberg.7"],"url":"https:\/\/www.budokampsport.se\/author\/jonathan\/"}]}},"_links":{"self":[{"href":"https:\/\/www.budokampsport.se\/api\/wp\/v2\/posts\/130864","targetHints":{"allow":["GET"]}}],"collection":[{"href":"https:\/\/www.budokampsport.se\/api\/wp\/v2\/posts"}],"about":[{"href":"https:\/\/www.budokampsport.se\/api\/wp\/v2\/types\/post"}],"author":[{"embeddable":true,"href":"https:\/\/www.budokampsport.se\/api\/wp\/v2\/users\/7"}],"replies":[{"embeddable":true,"href":"https:\/\/www.budokampsport.se\/api\/wp\/v2\/comments?post=130864"}],"version-history":[{"count":0,"href":"https:\/\/www.budokampsport.se\/api\/wp\/v2\/posts\/130864\/revisions"}],"wp:featuredmedia":[{"embeddable":true,"href":"https:\/\/www.budokampsport.se\/api\/wp\/v2\/media\/122718"}],"wp:attachment":[{"href":"https:\/\/www.budokampsport.se\/api\/wp\/v2\/media?parent=130864"}],"wp:term":[{"taxonomy":"category","embeddable":true,"href":"https:\/\/www.budokampsport.se\/api\/wp\/v2\/categories?post=130864"},{"taxonomy":"post_tag","embeddable":true,"href":"https:\/\/www.budokampsport.se\/api\/wp\/v2\/tags?post=130864"}],"curies":[{"name":"wp","href":"https:\/\/api.w.org\/{rel}","templated":true}]}}