{"id":131143,"date":"2021-11-12T13:45:07","date_gmt":"2021-11-12T12:45:07","guid":{"rendered":"https:\/\/www.budokampsport.se\/?p=131143"},"modified":"2022-02-07T14:00:46","modified_gmt":"2022-02-07T13:00:46","slug":"vm-debuten-blev-till-ett-brons","status":"publish","type":"post","link":"https:\/\/www.budokampsport.se\/2021\/11\/12\/vm-debuten-blev-till-ett-brons\/","title":{"rendered":"VM-debuten blev till ett brons"},"content":{"rendered":"<p>19-\u00e5riga Emme Lette fr\u00e5n Nacka Dojo svarade f\u00f6r ett sm\u00e5tt sensationellt VM i jujutsu f\u00f6rra helgen. Hon, som var debutant i seniorsammanhang, var klok, stark och v\u00e4ldigt stabil.<\/p>\n<p>Lette har imponerat i flera \u00e5r som junior. Men att kliva upp ett hack till senior \u00e4r n\u00e5got annat. Eller borde \u00e5tminstone vara det.<\/p>\n<p>&#8211; Jo, men s\u00e5 \u00e4r det. Det h\u00e4r var en helt annan niv\u00e5 \u00e4n den jag har t\u00e4vlat i tidigare. I juniorklass kan kvaliteten vara lite utspritt och skiftande, men h\u00e4r var det verkligen de allra b\u00e4sta som var med. Och att k\u00e4nna att jag h\u00e4nger med, det \u00e4r en otrolig upplevelse faktiskt.<\/p>\n<p>Men VM-succ\u00e9n var l\u00e5ngt ifr\u00e5n sj\u00e4lvklar, \u00e5tminstone om du fr\u00e5gar henne sj\u00e4lv.<\/p>\n<p>&#8211; Inf\u00f6r VM var det en berg- och dalbana. Jag b\u00f6rjade tvivla p\u00e5 mig sj\u00e4lv och jag fick inte till det i tr\u00e4ning k\u00e4nde jag. Jag pratade mycket med Joakim Vistam och Rob Haans, och de menade att det \u00e4r mina motst\u00e5ndare som ska k\u00e4nna att de inte f\u00e5r f\u00f6rlora mot mig. Och inte tv\u00e4rtom.<br \/>\n&#8211; Varje vunnen po\u00e4ng skulle vara en seger i sig.<\/p>\n<p>Och s\u00e5 b\u00f6rjade VM p\u00e5 ett str\u00e5lande s\u00e4tt f\u00f6r Lette, med seger i f\u00f6rsta matchen mot danska Freja Poulsen.<\/p>\n<p>&#8211; Att f\u00e5 den starten var otroligt viktigt f\u00f6r mig. Jag fick ett kvitto p\u00e5 att jag hade h\u00e4r att g\u00f6ra, s\u00e5 att s\u00e4ga.<\/p>\n<p><strong>&#8220;Fanns inte att f\u00f6rlora&#8221;<\/strong><br \/>\nSegern innebar avancemang till kvartsfinal. D\u00e4r v\u00e4ntade regerande v\u00e4rldsm\u00e4starinnan och v\u00e4rldsettan, nederl\u00e4ndskan Aafke van Leeuwen.<\/p>\n<p>&#8211; Redan n\u00e4r jag var yngre sade Micke Kuntz (den forne f\u00f6rbundskaptenen) till mig att det \u00e4r henne jag m\u00e5ste vinna \u00f6ver f\u00f6r att n\u00e5 framg\u00e5ngar p\u00e5 seniorniv\u00e5. S\u00e5 jag hade spanat och v\u00e4ntat p\u00e5 det h\u00e4r tillf\u00e4llet v\u00e4ldigt l\u00e4nge. Jag ville taktiskt undvika hennes kastdel och lyckades hyfsat med det, och d\u00e5 fick jag en k\u00e4nsla av att det h\u00e4r inte om\u00f6jligt.<\/p>\n<p>Lette h\u00f6ll mot favoriten. Och tog matchen till f\u00f6rl\u00e4ngning och sedermera seger. Men det kostade mycket energi. Och det blev f\u00f6rlust i semifinalen och en match om bronset stundade, mot ryskan Aleksandra Ivanova.<\/p>\n<p>&#8211; \u00c4ven hon \u00e4r v\u00e4ldigt meriterad och duktig, s\u00e5 jag visste att det skulle bli en tuff uppgift. Samtidigt, hade jag tagit mig hit fanns det inte att f\u00f6rlora.<\/p>\n<p><strong>&#8220;S\u00e5 j\u00e4kla kul&#8221;<\/strong><br \/>\nDet blev svensk vinst med 8-3 och en alldeles str\u00e5lande VM-debut slutade med bronspengen runt halsen.<\/p>\n<p>&#8211; Jag har nog fortfarande inte riktigt f\u00f6rst\u00e5tt det. Jag \u00e4r lite chockad \u00e4ven nu. Det \u00e4r s\u00e5 j\u00e4kla kul och framf\u00f6rallt \u00e4r det sk\u00f6nt att veta att jag h\u00e5ller p\u00e5 den h\u00e4r niv\u00e5n. Jag har n\u00e5got att jobba vidare med och mot.<\/p>\n<p>N\u00e4sta destination i Lette-resan \u00e4r SM i jujutsu, som h\u00e5lls redan n\u00e4sta helg.<\/p>\n<p>Text: Jonathan Broberg<\/p>\n","protected":false},"excerpt":{"rendered":"<p>JUJUTSU. Emma Lette imponerade stort under VM i jujutsu. J\u00e4ttetalangen, med m\u00e4ngder av internationella juniorframg\u00e5ngar, svarade f\u00f6r ett mycket lovande f\u00f6rsta seniorv\u00e4rldsm\u00e4sterskap. Det blev ett brons i Abu Dhabi.<br \/><br>&#8211; Jag har nog fortfarande inte riktigt f\u00f6rst\u00e5tt det, s\u00e4ger hon till budokampsport.se.<br \/><br>(Foto: Fredrik Lindberg, arkivbild)<\/p><br>","protected":false},"author":7,"featured_media":112834,"comment_status":"open","ping_status":"open","sticky":false,"template":"","format":"standard","meta":{"_acf_changed":false,"footnotes":""},"categories":[1],"tags":[],"class_list":["post-131143","post","type-post","status-publish","format-standard","has-post-thumbnail","hentry","category-okategoriserade"],"acf":[],"yoast_head":"<!-- This site is optimized with the Yoast SEO plugin v26.8 - https:\/\/yoast.com\/product\/yoast-seo-wordpress\/ -->\n<title>VM-debuten blev till ett brons - Svenska Budo &amp; Kampsportsf\u00f6rbundet<\/title>\n<meta name=\"description\" content=\"JUJUTSU. Emma Lette imponerade stort under VM i jujutsu. J\u00e4ttetalangen, med m\u00e4ngder av internationella juniorframg\u00e5ngar, svarade f\u00f6r ett mycket lovande f\u00f6rsta seniorv\u00e4rldsm\u00e4sterskap. Det blev ett brons i Abu Dhabi. - Jag har nog fortfarande inte riktigt f\u00f6rst\u00e5tt det, s\u00e4ger hon till budokampsport.se. (Foto: Fredrik Lindberg, arkivbild)\" \/>\n<meta name=\"robots\" content=\"index, follow, max-snippet:-1, max-image-preview:large, max-video-preview:-1\" \/>\n<link rel=\"canonical\" href=\"https:\/\/www.budokampsport.se\/2021\/11\/12\/vm-debuten-blev-till-ett-brons\/\" \/>\n<meta property=\"og:locale\" content=\"sv_SE\" \/>\n<meta property=\"og:type\" content=\"article\" \/>\n<meta property=\"og:title\" content=\"VM-debuten blev till ett brons - Svenska Budo &amp; Kampsportsf\u00f6rbundet\" \/>\n<meta property=\"og:description\" content=\"JUJUTSU. Emma Lette imponerade stort under VM i jujutsu. J\u00e4ttetalangen, med m\u00e4ngder av internationella juniorframg\u00e5ngar, svarade f\u00f6r ett mycket lovande f\u00f6rsta seniorv\u00e4rldsm\u00e4sterskap. Det blev ett brons i Abu Dhabi. - Jag har nog fortfarande inte riktigt f\u00f6rst\u00e5tt det, s\u00e4ger hon till budokampsport.se. (Foto: Fredrik Lindberg, arkivbild)\" \/>\n<meta property=\"og:url\" content=\"https:\/\/www.budokampsport.se\/2021\/11\/12\/vm-debuten-blev-till-ett-brons\/\" \/>\n<meta property=\"og:site_name\" content=\"Svenska Budo &amp; Kampsportsf\u00f6rbundet\" \/>\n<meta property=\"article:author\" content=\"https:\/\/www.facebook.com\/jonathan.broberg.7\" \/>\n<meta property=\"article:published_time\" content=\"2021-11-12T12:45:07+00:00\" \/>\n<meta property=\"article:modified_time\" content=\"2022-02-07T13:00:46+00:00\" \/>\n<meta property=\"og:image\" content=\"https:\/\/www.budokampsport.se\/wp-content\/uploads\/2019\/11\/emma-lette.jpg\" \/>\n\t<meta property=\"og:image:width\" content=\"850\" \/>\n\t<meta property=\"og:image:height\" content=\"494\" \/>\n\t<meta property=\"og:image:type\" content=\"image\/jpeg\" \/>\n<meta name=\"author\" content=\"Jonathan Broberg\" \/>\n<meta name=\"twitter:card\" content=\"summary_large_image\" \/>\n<meta name=\"twitter:label1\" content=\"Skriven av\" \/>\n\t<meta name=\"twitter:data1\" content=\"Jonathan Broberg\" \/>\n\t<meta name=\"twitter:label2\" content=\"Ber\u00e4knad l\u00e4stid\" \/>\n\t<meta name=\"twitter:data2\" content=\"3 minuter\" \/>\n<script type=\"application\/ld+json\" class=\"yoast-schema-graph\">{\"@context\":\"https:\/\/schema.org\",\"@graph\":[{\"@type\":\"Article\",\"@id\":\"https:\/\/www.budokampsport.se\/2021\/11\/12\/vm-debuten-blev-till-ett-brons\/#article\",\"isPartOf\":{\"@id\":\"https:\/\/www.budokampsport.se\/2021\/11\/12\/vm-debuten-blev-till-ett-brons\/\"},\"author\":{\"name\":\"Jonathan Broberg\",\"@id\":\"https:\/\/www.budokampsport.se\/#\/schema\/person\/5c06d81d14850e2a8ce5493386560145\"},\"headline\":\"VM-debuten blev till ett brons\",\"datePublished\":\"2021-11-12T12:45:07+00:00\",\"dateModified\":\"2022-02-07T13:00:46+00:00\",\"mainEntityOfPage\":{\"@id\":\"https:\/\/www.budokampsport.se\/2021\/11\/12\/vm-debuten-blev-till-ett-brons\/\"},\"wordCount\":531,\"commentCount\":0,\"image\":{\"@id\":\"https:\/\/www.budokampsport.se\/2021\/11\/12\/vm-debuten-blev-till-ett-brons\/#primaryimage\"},\"thumbnailUrl\":\"https:\/\/www.budokampsport.se\/wp-content\/uploads\/2019\/11\/emma-lette.jpg\",\"inLanguage\":\"sv-SE\",\"potentialAction\":[{\"@type\":\"CommentAction\",\"name\":\"Comment\",\"target\":[\"https:\/\/www.budokampsport.se\/2021\/11\/12\/vm-debuten-blev-till-ett-brons\/#respond\"]}]},{\"@type\":\"WebPage\",\"@id\":\"https:\/\/www.budokampsport.se\/2021\/11\/12\/vm-debuten-blev-till-ett-brons\/\",\"url\":\"https:\/\/www.budokampsport.se\/2021\/11\/12\/vm-debuten-blev-till-ett-brons\/\",\"name\":\"VM-debuten blev till ett brons - Svenska Budo &amp; Kampsportsf\u00f6rbundet\",\"isPartOf\":{\"@id\":\"https:\/\/www.budokampsport.se\/#website\"},\"primaryImageOfPage\":{\"@id\":\"https:\/\/www.budokampsport.se\/2021\/11\/12\/vm-debuten-blev-till-ett-brons\/#primaryimage\"},\"image\":{\"@id\":\"https:\/\/www.budokampsport.se\/2021\/11\/12\/vm-debuten-blev-till-ett-brons\/#primaryimage\"},\"thumbnailUrl\":\"https:\/\/www.budokampsport.se\/wp-content\/uploads\/2019\/11\/emma-lette.jpg\",\"datePublished\":\"2021-11-12T12:45:07+00:00\",\"dateModified\":\"2022-02-07T13:00:46+00:00\",\"author\":{\"@id\":\"https:\/\/www.budokampsport.se\/#\/schema\/person\/5c06d81d14850e2a8ce5493386560145\"},\"description\":\"JUJUTSU. Emma Lette imponerade stort under VM i jujutsu. J\u00e4ttetalangen, med m\u00e4ngder av internationella juniorframg\u00e5ngar, svarade f\u00f6r ett mycket lovande f\u00f6rsta seniorv\u00e4rldsm\u00e4sterskap. Det blev ett brons i Abu Dhabi. - Jag har nog fortfarande inte riktigt f\u00f6rst\u00e5tt det, s\u00e4ger hon till budokampsport.se. (Foto: Fredrik Lindberg, arkivbild)\",\"breadcrumb\":{\"@id\":\"https:\/\/www.budokampsport.se\/2021\/11\/12\/vm-debuten-blev-till-ett-brons\/#breadcrumb\"},\"inLanguage\":\"sv-SE\",\"potentialAction\":[{\"@type\":\"ReadAction\",\"target\":[\"https:\/\/www.budokampsport.se\/2021\/11\/12\/vm-debuten-blev-till-ett-brons\/\"]}]},{\"@type\":\"ImageObject\",\"inLanguage\":\"sv-SE\",\"@id\":\"https:\/\/www.budokampsport.se\/2021\/11\/12\/vm-debuten-blev-till-ett-brons\/#primaryimage\",\"url\":\"https:\/\/www.budokampsport.se\/wp-content\/uploads\/2019\/11\/emma-lette.jpg\",\"contentUrl\":\"https:\/\/www.budokampsport.se\/wp-content\/uploads\/2019\/11\/emma-lette.jpg\",\"width\":850,\"height\":494,\"caption\":\"Foto: Fredrik Lindberg\"},{\"@type\":\"BreadcrumbList\",\"@id\":\"https:\/\/www.budokampsport.se\/2021\/11\/12\/vm-debuten-blev-till-ett-brons\/#breadcrumb\",\"itemListElement\":[{\"@type\":\"ListItem\",\"position\":1,\"name\":\"Hem\",\"item\":\"https:\/\/www.budokampsport.se\/\"},{\"@type\":\"ListItem\",\"position\":2,\"name\":\"VM-debuten blev till ett brons\"}]},{\"@type\":\"WebSite\",\"@id\":\"https:\/\/www.budokampsport.se\/#website\",\"url\":\"https:\/\/www.budokampsport.se\/\",\"name\":\"Svenska Budo &amp; Kampsportsf\u00f6rbundet\",\"description\":\"T\u00e4vling, Tr\u00e4ning, Tradition\",\"potentialAction\":[{\"@type\":\"SearchAction\",\"target\":{\"@type\":\"EntryPoint\",\"urlTemplate\":\"https:\/\/www.budokampsport.se\/?s={search_term_string}\"},\"query-input\":{\"@type\":\"PropertyValueSpecification\",\"valueRequired\":true,\"valueName\":\"search_term_string\"}}],\"inLanguage\":\"sv-SE\"},{\"@type\":\"Person\",\"@id\":\"https:\/\/www.budokampsport.se\/#\/schema\/person\/5c06d81d14850e2a8ce5493386560145\",\"name\":\"Jonathan Broberg\",\"image\":{\"@type\":\"ImageObject\",\"inLanguage\":\"sv-SE\",\"@id\":\"https:\/\/www.budokampsport.se\/#\/schema\/person\/image\/\",\"url\":\"https:\/\/secure.gravatar.com\/avatar\/a58041c6cea9128bd9c40ee2f26d4136?s=96&d=blank&r=g\",\"contentUrl\":\"https:\/\/secure.gravatar.com\/avatar\/a58041c6cea9128bd9c40ee2f26d4136?s=96&d=blank&r=g\",\"caption\":\"Jonathan Broberg\"},\"sameAs\":[\"https:\/\/www.facebook.com\/jonathan.broberg.7\"],\"url\":\"https:\/\/www.budokampsport.se\/author\/jonathan\/\"}]}<\/script>\n<!-- \/ Yoast SEO plugin. -->","yoast_head_json":{"title":"VM-debuten blev till ett brons - Svenska Budo &amp; Kampsportsf\u00f6rbundet","description":"JUJUTSU. Emma Lette imponerade stort under VM i jujutsu. J\u00e4ttetalangen, med m\u00e4ngder av internationella juniorframg\u00e5ngar, svarade f\u00f6r ett mycket lovande f\u00f6rsta seniorv\u00e4rldsm\u00e4sterskap. Det blev ett brons i Abu Dhabi. - Jag har nog fortfarande inte riktigt f\u00f6rst\u00e5tt det, s\u00e4ger hon till budokampsport.se. (Foto: Fredrik Lindberg, arkivbild)","robots":{"index":"index","follow":"follow","max-snippet":"max-snippet:-1","max-image-preview":"max-image-preview:large","max-video-preview":"max-video-preview:-1"},"canonical":"https:\/\/www.budokampsport.se\/2021\/11\/12\/vm-debuten-blev-till-ett-brons\/","og_locale":"sv_SE","og_type":"article","og_title":"VM-debuten blev till ett brons - Svenska Budo &amp; Kampsportsf\u00f6rbundet","og_description":"JUJUTSU. Emma Lette imponerade stort under VM i jujutsu. J\u00e4ttetalangen, med m\u00e4ngder av internationella juniorframg\u00e5ngar, svarade f\u00f6r ett mycket lovande f\u00f6rsta seniorv\u00e4rldsm\u00e4sterskap. Det blev ett brons i Abu Dhabi. - Jag har nog fortfarande inte riktigt f\u00f6rst\u00e5tt det, s\u00e4ger hon till budokampsport.se. (Foto: Fredrik Lindberg, arkivbild)","og_url":"https:\/\/www.budokampsport.se\/2021\/11\/12\/vm-debuten-blev-till-ett-brons\/","og_site_name":"Svenska Budo &amp; Kampsportsf\u00f6rbundet","article_author":"https:\/\/www.facebook.com\/jonathan.broberg.7","article_published_time":"2021-11-12T12:45:07+00:00","article_modified_time":"2022-02-07T13:00:46+00:00","og_image":[{"width":850,"height":494,"url":"https:\/\/www.budokampsport.se\/wp-content\/uploads\/2019\/11\/emma-lette.jpg","type":"image\/jpeg"}],"author":"Jonathan Broberg","twitter_card":"summary_large_image","twitter_misc":{"Skriven av":"Jonathan Broberg","Ber\u00e4knad l\u00e4stid":"3 minuter"},"schema":{"@context":"https:\/\/schema.org","@graph":[{"@type":"Article","@id":"https:\/\/www.budokampsport.se\/2021\/11\/12\/vm-debuten-blev-till-ett-brons\/#article","isPartOf":{"@id":"https:\/\/www.budokampsport.se\/2021\/11\/12\/vm-debuten-blev-till-ett-brons\/"},"author":{"name":"Jonathan Broberg","@id":"https:\/\/www.budokampsport.se\/#\/schema\/person\/5c06d81d14850e2a8ce5493386560145"},"headline":"VM-debuten blev till ett brons","datePublished":"2021-11-12T12:45:07+00:00","dateModified":"2022-02-07T13:00:46+00:00","mainEntityOfPage":{"@id":"https:\/\/www.budokampsport.se\/2021\/11\/12\/vm-debuten-blev-till-ett-brons\/"},"wordCount":531,"commentCount":0,"image":{"@id":"https:\/\/www.budokampsport.se\/2021\/11\/12\/vm-debuten-blev-till-ett-brons\/#primaryimage"},"thumbnailUrl":"https:\/\/www.budokampsport.se\/wp-content\/uploads\/2019\/11\/emma-lette.jpg","inLanguage":"sv-SE","potentialAction":[{"@type":"CommentAction","name":"Comment","target":["https:\/\/www.budokampsport.se\/2021\/11\/12\/vm-debuten-blev-till-ett-brons\/#respond"]}]},{"@type":"WebPage","@id":"https:\/\/www.budokampsport.se\/2021\/11\/12\/vm-debuten-blev-till-ett-brons\/","url":"https:\/\/www.budokampsport.se\/2021\/11\/12\/vm-debuten-blev-till-ett-brons\/","name":"VM-debuten blev till ett brons - Svenska Budo &amp; Kampsportsf\u00f6rbundet","isPartOf":{"@id":"https:\/\/www.budokampsport.se\/#website"},"primaryImageOfPage":{"@id":"https:\/\/www.budokampsport.se\/2021\/11\/12\/vm-debuten-blev-till-ett-brons\/#primaryimage"},"image":{"@id":"https:\/\/www.budokampsport.se\/2021\/11\/12\/vm-debuten-blev-till-ett-brons\/#primaryimage"},"thumbnailUrl":"https:\/\/www.budokampsport.se\/wp-content\/uploads\/2019\/11\/emma-lette.jpg","datePublished":"2021-11-12T12:45:07+00:00","dateModified":"2022-02-07T13:00:46+00:00","author":{"@id":"https:\/\/www.budokampsport.se\/#\/schema\/person\/5c06d81d14850e2a8ce5493386560145"},"description":"JUJUTSU. Emma Lette imponerade stort under VM i jujutsu. J\u00e4ttetalangen, med m\u00e4ngder av internationella juniorframg\u00e5ngar, svarade f\u00f6r ett mycket lovande f\u00f6rsta seniorv\u00e4rldsm\u00e4sterskap. Det blev ett brons i Abu Dhabi. - Jag har nog fortfarande inte riktigt f\u00f6rst\u00e5tt det, s\u00e4ger hon till budokampsport.se. (Foto: Fredrik Lindberg, arkivbild)","breadcrumb":{"@id":"https:\/\/www.budokampsport.se\/2021\/11\/12\/vm-debuten-blev-till-ett-brons\/#breadcrumb"},"inLanguage":"sv-SE","potentialAction":[{"@type":"ReadAction","target":["https:\/\/www.budokampsport.se\/2021\/11\/12\/vm-debuten-blev-till-ett-brons\/"]}]},{"@type":"ImageObject","inLanguage":"sv-SE","@id":"https:\/\/www.budokampsport.se\/2021\/11\/12\/vm-debuten-blev-till-ett-brons\/#primaryimage","url":"https:\/\/www.budokampsport.se\/wp-content\/uploads\/2019\/11\/emma-lette.jpg","contentUrl":"https:\/\/www.budokampsport.se\/wp-content\/uploads\/2019\/11\/emma-lette.jpg","width":850,"height":494,"caption":"Foto: Fredrik Lindberg"},{"@type":"BreadcrumbList","@id":"https:\/\/www.budokampsport.se\/2021\/11\/12\/vm-debuten-blev-till-ett-brons\/#breadcrumb","itemListElement":[{"@type":"ListItem","position":1,"name":"Hem","item":"https:\/\/www.budokampsport.se\/"},{"@type":"ListItem","position":2,"name":"VM-debuten blev till ett brons"}]},{"@type":"WebSite","@id":"https:\/\/www.budokampsport.se\/#website","url":"https:\/\/www.budokampsport.se\/","name":"Svenska Budo &amp; Kampsportsf\u00f6rbundet","description":"T\u00e4vling, Tr\u00e4ning, Tradition","potentialAction":[{"@type":"SearchAction","target":{"@type":"EntryPoint","urlTemplate":"https:\/\/www.budokampsport.se\/?s={search_term_string}"},"query-input":{"@type":"PropertyValueSpecification","valueRequired":true,"valueName":"search_term_string"}}],"inLanguage":"sv-SE"},{"@type":"Person","@id":"https:\/\/www.budokampsport.se\/#\/schema\/person\/5c06d81d14850e2a8ce5493386560145","name":"Jonathan Broberg","image":{"@type":"ImageObject","inLanguage":"sv-SE","@id":"https:\/\/www.budokampsport.se\/#\/schema\/person\/image\/","url":"https:\/\/secure.gravatar.com\/avatar\/a58041c6cea9128bd9c40ee2f26d4136?s=96&d=blank&r=g","contentUrl":"https:\/\/secure.gravatar.com\/avatar\/a58041c6cea9128bd9c40ee2f26d4136?s=96&d=blank&r=g","caption":"Jonathan Broberg"},"sameAs":["https:\/\/www.facebook.com\/jonathan.broberg.7"],"url":"https:\/\/www.budokampsport.se\/author\/jonathan\/"}]}},"_links":{"self":[{"href":"https:\/\/www.budokampsport.se\/api\/wp\/v2\/posts\/131143","targetHints":{"allow":["GET"]}}],"collection":[{"href":"https:\/\/www.budokampsport.se\/api\/wp\/v2\/posts"}],"about":[{"href":"https:\/\/www.budokampsport.se\/api\/wp\/v2\/types\/post"}],"author":[{"embeddable":true,"href":"https:\/\/www.budokampsport.se\/api\/wp\/v2\/users\/7"}],"replies":[{"embeddable":true,"href":"https:\/\/www.budokampsport.se\/api\/wp\/v2\/comments?post=131143"}],"version-history":[{"count":0,"href":"https:\/\/www.budokampsport.se\/api\/wp\/v2\/posts\/131143\/revisions"}],"wp:featuredmedia":[{"embeddable":true,"href":"https:\/\/www.budokampsport.se\/api\/wp\/v2\/media\/112834"}],"wp:attachment":[{"href":"https:\/\/www.budokampsport.se\/api\/wp\/v2\/media?parent=131143"}],"wp:term":[{"taxonomy":"category","embeddable":true,"href":"https:\/\/www.budokampsport.se\/api\/wp\/v2\/categories?post=131143"},{"taxonomy":"post_tag","embeddable":true,"href":"https:\/\/www.budokampsport.se\/api\/wp\/v2\/tags?post=131143"}],"curies":[{"name":"wp","href":"https:\/\/api.w.org\/{rel}","templated":true}]}}