{"id":131451,"date":"2021-11-19T10:09:44","date_gmt":"2021-11-19T09:09:44","guid":{"rendered":"https:\/\/www.budokampsport.se\/?p=131451"},"modified":"2021-11-20T08:32:06","modified_gmt":"2021-11-20T07:32:06","slug":"jujutsu-sm-avgors-i-varnamo","status":"publish","type":"post","link":"https:\/\/www.budokampsport.se\/2021\/11\/19\/jujutsu-sm-avgors-i-varnamo\/","title":{"rendered":"Jujutsu-SM avg\u00f6rs i V\u00e4rnamo"},"content":{"rendered":"<p>SM-t\u00e4vlingarna duggar t\u00e4tt nu bland Svenska Budo &amp; Kampsportsf\u00f6rbundets idrotter. \u00c4ven jujutsun har p\u00e5 l\u00f6rdag den 20 november sitt svenska m\u00e4sterskap, detta i t\u00e4vlingsgrenen <em>Fighting<\/em> (\u00e4ven kallat kampt\u00e4vling).<\/p>\n<p>Sk\u00e5deplatsen \u00e4r Expo i sm\u00e5l\u00e4ndska V\u00e4rnamo. Och Svenska Jujutsufederationen \u00e4r sj\u00e4lva arrang\u00f6rer av t\u00e4vlingarna.<\/p>\n<p>\u2013\u00a0F\u00f6r att f\u00e5 till ett SM valde vi att ta tag i det sj\u00e4lva. Den nya styrelsen i federationen ser det h\u00e4r som en gemensam tr\u00e4ffpunkt f\u00f6r jujutsun, som en sl\u00e4kttr\u00e4ff f\u00f6r idrotten. Vi har kollat p\u00e5 hur danskarna g\u00f6r det och de har verkligen lyckats i sina arrangemang, s\u00e4ger styrelseledamoten Mikael Bengtsson till budokampsport.se.<\/p>\n<p>Bengtsson \u00e4r t\u00e4vlingsansvarig i styrelsen och dessutom samordnare f\u00f6r SM-arrangemanget, d\u00e4r man har tagit hj\u00e4lp av f\u00f6reningarna Westfight IF och Wernamo Ju-jutsu Klubb.<\/p>\n<p>F\u00f6r jujutsuns del har annars t\u00e4vlingsh\u00f6sten blivit rej\u00e4lt omkastad med nya datum f\u00f6r bland annat junior-EM och VM. Att SM avg\u00f6rs bara veckor efter VM var inte tanken fr\u00e5n b\u00f6rjan.<\/p>\n<p>\u2013 Tyv\u00e4rr s\u00e5 \u00e4r stora delar av toppeliten skadade eller slitna efter VM, vi har ett 10-tal spelare borta. Bland annat s\u00e5 saknas silvermedalj\u00f6ren i JVM, Lovisa Schmidt. Men jag f\u00f6rv\u00e4ntar mig en bra standard p\u00e5 matcherna \u00f6verlag. Vi har haft bra tr\u00e4ningsl\u00e4ger och sm\u00e5event under sommaren och h\u00f6sten som har h\u00f6jt statusen p\u00e5 att t\u00e4vla, s\u00e4ger Mikael Bengtsson.<\/p>\n<p>SM-t\u00e4vlingarna \u00e4r de f\u00f6rsta sedan 2019 p\u00e5 grund av coronapandemin. Prelimin\u00e4rt s\u00e5 avg\u00f6rs 14 t\u00e4vlingsklasser \u2013 tre p\u00e5 U18-niv\u00e5, fem p\u00e5 U21-niv\u00e5 och sex seniorklasser. Dessutom s\u00e5 arrangeras \u00e4ven en f\u00f6rt\u00e4vling med ungdomar under 16 \u00e5rs \u00e5lder.<\/p>\n<p>Mer information om t\u00e4vlingarna finns p\u00e5 <a href=\"https:\/\/westfight.smoothcomp.com\/sv\/event\/5623\" target=\"_blank\" rel=\"noopener noreferrer\">denna sida<\/a>. D\u00e4r kommer t\u00e4vlingarna ocks\u00e5 att s\u00e4ndas under l\u00f6rdagen med start 10:00.<\/p>\n<p>Text: Mats Lilja<\/p>\n","protected":false},"excerpt":{"rendered":"<p>JUJUTSU. En fortsatt intensiv t\u00e4vlingsh\u00f6st f\u00f6r idrotten efter JEM och VM.<br \/><br>(Arkivfoto: Ellinor Eklund)<\/p><br>","protected":false},"author":914,"featured_media":131453,"comment_status":"open","ping_status":"open","sticky":false,"template":"","format":"standard","meta":{"_acf_changed":false,"footnotes":""},"categories":[1],"tags":[],"class_list":["post-131451","post","type-post","status-publish","format-standard","has-post-thumbnail","hentry","category-okategoriserade"],"acf":[],"yoast_head":"<!-- This site is optimized with the Yoast SEO plugin v26.8 - https:\/\/yoast.com\/product\/yoast-seo-wordpress\/ -->\n<title>Jujutsu-SM avg\u00f6rs i V\u00e4rnamo - Svenska Budo &amp; Kampsportsf\u00f6rbundet<\/title>\n<meta name=\"description\" content=\"JUJUTSU. En fortsatt intensiv t\u00e4vlingsh\u00f6st f\u00f6r idrotten efter JEM och VM. (Arkivfoto: Ellinor Eklund)\" \/>\n<meta name=\"robots\" content=\"index, follow, max-snippet:-1, max-image-preview:large, max-video-preview:-1\" \/>\n<link rel=\"canonical\" href=\"https:\/\/www.budokampsport.se\/2021\/11\/19\/jujutsu-sm-avgors-i-varnamo\/\" \/>\n<meta property=\"og:locale\" content=\"sv_SE\" \/>\n<meta property=\"og:type\" content=\"article\" \/>\n<meta property=\"og:title\" content=\"Jujutsu-SM avg\u00f6rs i V\u00e4rnamo - Svenska Budo &amp; Kampsportsf\u00f6rbundet\" \/>\n<meta property=\"og:description\" content=\"JUJUTSU. En fortsatt intensiv t\u00e4vlingsh\u00f6st f\u00f6r idrotten efter JEM och VM. (Arkivfoto: Ellinor Eklund)\" \/>\n<meta property=\"og:url\" content=\"https:\/\/www.budokampsport.se\/2021\/11\/19\/jujutsu-sm-avgors-i-varnamo\/\" \/>\n<meta property=\"og:site_name\" content=\"Svenska Budo &amp; Kampsportsf\u00f6rbundet\" \/>\n<meta property=\"article:published_time\" content=\"2021-11-19T09:09:44+00:00\" \/>\n<meta property=\"article:modified_time\" content=\"2021-11-20T07:32:06+00:00\" \/>\n<meta property=\"og:image\" content=\"https:\/\/www.budokampsport.se\/wp-content\/uploads\/2021\/11\/jujutsusm2019-2.jpg\" \/>\n\t<meta property=\"og:image:width\" content=\"950\" \/>\n\t<meta property=\"og:image:height\" content=\"634\" \/>\n\t<meta property=\"og:image:type\" content=\"image\/jpeg\" \/>\n<meta name=\"author\" content=\"Mats Lilja\" \/>\n<meta name=\"twitter:card\" content=\"summary_large_image\" \/>\n<meta name=\"twitter:label1\" content=\"Skriven av\" \/>\n\t<meta name=\"twitter:data1\" content=\"Mats Lilja\" \/>\n\t<meta name=\"twitter:label2\" content=\"Ber\u00e4knad l\u00e4stid\" \/>\n\t<meta name=\"twitter:data2\" content=\"2 minuter\" \/>\n<script type=\"application\/ld+json\" class=\"yoast-schema-graph\">{\"@context\":\"https:\/\/schema.org\",\"@graph\":[{\"@type\":\"Article\",\"@id\":\"https:\/\/www.budokampsport.se\/2021\/11\/19\/jujutsu-sm-avgors-i-varnamo\/#article\",\"isPartOf\":{\"@id\":\"https:\/\/www.budokampsport.se\/2021\/11\/19\/jujutsu-sm-avgors-i-varnamo\/\"},\"author\":{\"name\":\"Mats Lilja\",\"@id\":\"https:\/\/www.budokampsport.se\/#\/schema\/person\/d80c0bc61f1787703168fc250ce69522\"},\"headline\":\"Jujutsu-SM avg\u00f6rs i V\u00e4rnamo\",\"datePublished\":\"2021-11-19T09:09:44+00:00\",\"dateModified\":\"2021-11-20T07:32:06+00:00\",\"mainEntityOfPage\":{\"@id\":\"https:\/\/www.budokampsport.se\/2021\/11\/19\/jujutsu-sm-avgors-i-varnamo\/\"},\"wordCount\":330,\"commentCount\":0,\"image\":{\"@id\":\"https:\/\/www.budokampsport.se\/2021\/11\/19\/jujutsu-sm-avgors-i-varnamo\/#primaryimage\"},\"thumbnailUrl\":\"https:\/\/www.budokampsport.se\/wp-content\/uploads\/2021\/11\/jujutsusm2019-2.jpg\",\"inLanguage\":\"sv-SE\",\"potentialAction\":[{\"@type\":\"CommentAction\",\"name\":\"Comment\",\"target\":[\"https:\/\/www.budokampsport.se\/2021\/11\/19\/jujutsu-sm-avgors-i-varnamo\/#respond\"]}]},{\"@type\":\"WebPage\",\"@id\":\"https:\/\/www.budokampsport.se\/2021\/11\/19\/jujutsu-sm-avgors-i-varnamo\/\",\"url\":\"https:\/\/www.budokampsport.se\/2021\/11\/19\/jujutsu-sm-avgors-i-varnamo\/\",\"name\":\"Jujutsu-SM avg\u00f6rs i V\u00e4rnamo - Svenska Budo &amp; Kampsportsf\u00f6rbundet\",\"isPartOf\":{\"@id\":\"https:\/\/www.budokampsport.se\/#website\"},\"primaryImageOfPage\":{\"@id\":\"https:\/\/www.budokampsport.se\/2021\/11\/19\/jujutsu-sm-avgors-i-varnamo\/#primaryimage\"},\"image\":{\"@id\":\"https:\/\/www.budokampsport.se\/2021\/11\/19\/jujutsu-sm-avgors-i-varnamo\/#primaryimage\"},\"thumbnailUrl\":\"https:\/\/www.budokampsport.se\/wp-content\/uploads\/2021\/11\/jujutsusm2019-2.jpg\",\"datePublished\":\"2021-11-19T09:09:44+00:00\",\"dateModified\":\"2021-11-20T07:32:06+00:00\",\"author\":{\"@id\":\"https:\/\/www.budokampsport.se\/#\/schema\/person\/d80c0bc61f1787703168fc250ce69522\"},\"description\":\"JUJUTSU. En fortsatt intensiv t\u00e4vlingsh\u00f6st f\u00f6r idrotten efter JEM och VM. (Arkivfoto: Ellinor Eklund)\",\"breadcrumb\":{\"@id\":\"https:\/\/www.budokampsport.se\/2021\/11\/19\/jujutsu-sm-avgors-i-varnamo\/#breadcrumb\"},\"inLanguage\":\"sv-SE\",\"potentialAction\":[{\"@type\":\"ReadAction\",\"target\":[\"https:\/\/www.budokampsport.se\/2021\/11\/19\/jujutsu-sm-avgors-i-varnamo\/\"]}]},{\"@type\":\"ImageObject\",\"inLanguage\":\"sv-SE\",\"@id\":\"https:\/\/www.budokampsport.se\/2021\/11\/19\/jujutsu-sm-avgors-i-varnamo\/#primaryimage\",\"url\":\"https:\/\/www.budokampsport.se\/wp-content\/uploads\/2021\/11\/jujutsusm2019-2.jpg\",\"contentUrl\":\"https:\/\/www.budokampsport.se\/wp-content\/uploads\/2021\/11\/jujutsusm2019-2.jpg\",\"width\":950,\"height\":634,\"caption\":\"Jujutsu-SM 2019. Jonatan Dagn\u00e5 fr\u00e5n Skift. Foto: Ellinor Eklund.\"},{\"@type\":\"BreadcrumbList\",\"@id\":\"https:\/\/www.budokampsport.se\/2021\/11\/19\/jujutsu-sm-avgors-i-varnamo\/#breadcrumb\",\"itemListElement\":[{\"@type\":\"ListItem\",\"position\":1,\"name\":\"Hem\",\"item\":\"https:\/\/www.budokampsport.se\/\"},{\"@type\":\"ListItem\",\"position\":2,\"name\":\"Jujutsu-SM avg\u00f6rs i V\u00e4rnamo\"}]},{\"@type\":\"WebSite\",\"@id\":\"https:\/\/www.budokampsport.se\/#website\",\"url\":\"https:\/\/www.budokampsport.se\/\",\"name\":\"Svenska Budo &amp; Kampsportsf\u00f6rbundet\",\"description\":\"T\u00e4vling, Tr\u00e4ning, Tradition\",\"potentialAction\":[{\"@type\":\"SearchAction\",\"target\":{\"@type\":\"EntryPoint\",\"urlTemplate\":\"https:\/\/www.budokampsport.se\/?s={search_term_string}\"},\"query-input\":{\"@type\":\"PropertyValueSpecification\",\"valueRequired\":true,\"valueName\":\"search_term_string\"}}],\"inLanguage\":\"sv-SE\"},{\"@type\":\"Person\",\"@id\":\"https:\/\/www.budokampsport.se\/#\/schema\/person\/d80c0bc61f1787703168fc250ce69522\",\"name\":\"Mats Lilja\",\"image\":{\"@type\":\"ImageObject\",\"inLanguage\":\"sv-SE\",\"@id\":\"https:\/\/www.budokampsport.se\/#\/schema\/person\/image\/\",\"url\":\"https:\/\/secure.gravatar.com\/avatar\/607f84918e96abe1ebbd8611782fa57d?s=96&d=blank&r=g\",\"contentUrl\":\"https:\/\/secure.gravatar.com\/avatar\/607f84918e96abe1ebbd8611782fa57d?s=96&d=blank&r=g\",\"caption\":\"Mats Lilja\"},\"url\":\"https:\/\/www.budokampsport.se\/author\/mats-lilja\/\"}]}<\/script>\n<!-- \/ Yoast SEO plugin. -->","yoast_head_json":{"title":"Jujutsu-SM avg\u00f6rs i V\u00e4rnamo - Svenska Budo &amp; Kampsportsf\u00f6rbundet","description":"JUJUTSU. En fortsatt intensiv t\u00e4vlingsh\u00f6st f\u00f6r idrotten efter JEM och VM. (Arkivfoto: Ellinor Eklund)","robots":{"index":"index","follow":"follow","max-snippet":"max-snippet:-1","max-image-preview":"max-image-preview:large","max-video-preview":"max-video-preview:-1"},"canonical":"https:\/\/www.budokampsport.se\/2021\/11\/19\/jujutsu-sm-avgors-i-varnamo\/","og_locale":"sv_SE","og_type":"article","og_title":"Jujutsu-SM avg\u00f6rs i V\u00e4rnamo - Svenska Budo &amp; Kampsportsf\u00f6rbundet","og_description":"JUJUTSU. En fortsatt intensiv t\u00e4vlingsh\u00f6st f\u00f6r idrotten efter JEM och VM. (Arkivfoto: Ellinor Eklund)","og_url":"https:\/\/www.budokampsport.se\/2021\/11\/19\/jujutsu-sm-avgors-i-varnamo\/","og_site_name":"Svenska Budo &amp; Kampsportsf\u00f6rbundet","article_published_time":"2021-11-19T09:09:44+00:00","article_modified_time":"2021-11-20T07:32:06+00:00","og_image":[{"width":950,"height":634,"url":"https:\/\/www.budokampsport.se\/wp-content\/uploads\/2021\/11\/jujutsusm2019-2.jpg","type":"image\/jpeg"}],"author":"Mats Lilja","twitter_card":"summary_large_image","twitter_misc":{"Skriven av":"Mats Lilja","Ber\u00e4knad l\u00e4stid":"2 minuter"},"schema":{"@context":"https:\/\/schema.org","@graph":[{"@type":"Article","@id":"https:\/\/www.budokampsport.se\/2021\/11\/19\/jujutsu-sm-avgors-i-varnamo\/#article","isPartOf":{"@id":"https:\/\/www.budokampsport.se\/2021\/11\/19\/jujutsu-sm-avgors-i-varnamo\/"},"author":{"name":"Mats Lilja","@id":"https:\/\/www.budokampsport.se\/#\/schema\/person\/d80c0bc61f1787703168fc250ce69522"},"headline":"Jujutsu-SM avg\u00f6rs i V\u00e4rnamo","datePublished":"2021-11-19T09:09:44+00:00","dateModified":"2021-11-20T07:32:06+00:00","mainEntityOfPage":{"@id":"https:\/\/www.budokampsport.se\/2021\/11\/19\/jujutsu-sm-avgors-i-varnamo\/"},"wordCount":330,"commentCount":0,"image":{"@id":"https:\/\/www.budokampsport.se\/2021\/11\/19\/jujutsu-sm-avgors-i-varnamo\/#primaryimage"},"thumbnailUrl":"https:\/\/www.budokampsport.se\/wp-content\/uploads\/2021\/11\/jujutsusm2019-2.jpg","inLanguage":"sv-SE","potentialAction":[{"@type":"CommentAction","name":"Comment","target":["https:\/\/www.budokampsport.se\/2021\/11\/19\/jujutsu-sm-avgors-i-varnamo\/#respond"]}]},{"@type":"WebPage","@id":"https:\/\/www.budokampsport.se\/2021\/11\/19\/jujutsu-sm-avgors-i-varnamo\/","url":"https:\/\/www.budokampsport.se\/2021\/11\/19\/jujutsu-sm-avgors-i-varnamo\/","name":"Jujutsu-SM avg\u00f6rs i V\u00e4rnamo - Svenska Budo &amp; Kampsportsf\u00f6rbundet","isPartOf":{"@id":"https:\/\/www.budokampsport.se\/#website"},"primaryImageOfPage":{"@id":"https:\/\/www.budokampsport.se\/2021\/11\/19\/jujutsu-sm-avgors-i-varnamo\/#primaryimage"},"image":{"@id":"https:\/\/www.budokampsport.se\/2021\/11\/19\/jujutsu-sm-avgors-i-varnamo\/#primaryimage"},"thumbnailUrl":"https:\/\/www.budokampsport.se\/wp-content\/uploads\/2021\/11\/jujutsusm2019-2.jpg","datePublished":"2021-11-19T09:09:44+00:00","dateModified":"2021-11-20T07:32:06+00:00","author":{"@id":"https:\/\/www.budokampsport.se\/#\/schema\/person\/d80c0bc61f1787703168fc250ce69522"},"description":"JUJUTSU. En fortsatt intensiv t\u00e4vlingsh\u00f6st f\u00f6r idrotten efter JEM och VM. (Arkivfoto: Ellinor Eklund)","breadcrumb":{"@id":"https:\/\/www.budokampsport.se\/2021\/11\/19\/jujutsu-sm-avgors-i-varnamo\/#breadcrumb"},"inLanguage":"sv-SE","potentialAction":[{"@type":"ReadAction","target":["https:\/\/www.budokampsport.se\/2021\/11\/19\/jujutsu-sm-avgors-i-varnamo\/"]}]},{"@type":"ImageObject","inLanguage":"sv-SE","@id":"https:\/\/www.budokampsport.se\/2021\/11\/19\/jujutsu-sm-avgors-i-varnamo\/#primaryimage","url":"https:\/\/www.budokampsport.se\/wp-content\/uploads\/2021\/11\/jujutsusm2019-2.jpg","contentUrl":"https:\/\/www.budokampsport.se\/wp-content\/uploads\/2021\/11\/jujutsusm2019-2.jpg","width":950,"height":634,"caption":"Jujutsu-SM 2019. Jonatan Dagn\u00e5 fr\u00e5n Skift. Foto: Ellinor Eklund."},{"@type":"BreadcrumbList","@id":"https:\/\/www.budokampsport.se\/2021\/11\/19\/jujutsu-sm-avgors-i-varnamo\/#breadcrumb","itemListElement":[{"@type":"ListItem","position":1,"name":"Hem","item":"https:\/\/www.budokampsport.se\/"},{"@type":"ListItem","position":2,"name":"Jujutsu-SM avg\u00f6rs i V\u00e4rnamo"}]},{"@type":"WebSite","@id":"https:\/\/www.budokampsport.se\/#website","url":"https:\/\/www.budokampsport.se\/","name":"Svenska Budo &amp; Kampsportsf\u00f6rbundet","description":"T\u00e4vling, Tr\u00e4ning, Tradition","potentialAction":[{"@type":"SearchAction","target":{"@type":"EntryPoint","urlTemplate":"https:\/\/www.budokampsport.se\/?s={search_term_string}"},"query-input":{"@type":"PropertyValueSpecification","valueRequired":true,"valueName":"search_term_string"}}],"inLanguage":"sv-SE"},{"@type":"Person","@id":"https:\/\/www.budokampsport.se\/#\/schema\/person\/d80c0bc61f1787703168fc250ce69522","name":"Mats Lilja","image":{"@type":"ImageObject","inLanguage":"sv-SE","@id":"https:\/\/www.budokampsport.se\/#\/schema\/person\/image\/","url":"https:\/\/secure.gravatar.com\/avatar\/607f84918e96abe1ebbd8611782fa57d?s=96&d=blank&r=g","contentUrl":"https:\/\/secure.gravatar.com\/avatar\/607f84918e96abe1ebbd8611782fa57d?s=96&d=blank&r=g","caption":"Mats Lilja"},"url":"https:\/\/www.budokampsport.se\/author\/mats-lilja\/"}]}},"_links":{"self":[{"href":"https:\/\/www.budokampsport.se\/api\/wp\/v2\/posts\/131451","targetHints":{"allow":["GET"]}}],"collection":[{"href":"https:\/\/www.budokampsport.se\/api\/wp\/v2\/posts"}],"about":[{"href":"https:\/\/www.budokampsport.se\/api\/wp\/v2\/types\/post"}],"author":[{"embeddable":true,"href":"https:\/\/www.budokampsport.se\/api\/wp\/v2\/users\/914"}],"replies":[{"embeddable":true,"href":"https:\/\/www.budokampsport.se\/api\/wp\/v2\/comments?post=131451"}],"version-history":[{"count":0,"href":"https:\/\/www.budokampsport.se\/api\/wp\/v2\/posts\/131451\/revisions"}],"wp:featuredmedia":[{"embeddable":true,"href":"https:\/\/www.budokampsport.se\/api\/wp\/v2\/media\/131453"}],"wp:attachment":[{"href":"https:\/\/www.budokampsport.se\/api\/wp\/v2\/media?parent=131451"}],"wp:term":[{"taxonomy":"category","embeddable":true,"href":"https:\/\/www.budokampsport.se\/api\/wp\/v2\/categories?post=131451"},{"taxonomy":"post_tag","embeddable":true,"href":"https:\/\/www.budokampsport.se\/api\/wp\/v2\/tags?post=131451"}],"curies":[{"name":"wp","href":"https:\/\/api.w.org\/{rel}","templated":true}]}}