{"id":131534,"date":"2021-12-01T12:00:18","date_gmt":"2021-12-01T11:00:18","guid":{"rendered":"https:\/\/www.budokampsport.se\/?p=131534"},"modified":"2021-12-01T16:35:37","modified_gmt":"2021-12-01T15:35:37","slug":"dags-att-nominera-infor-2022","status":"publish","type":"post","link":"https:\/\/www.budokampsport.se\/2021\/12\/01\/dags-att-nominera-infor-2022\/","title":{"rendered":"Information fr\u00e5n valberedningen: Dags att nominera inf\u00f6r 2022"},"content":{"rendered":"<p>Valberedningen uppmanar medlemsf\u00f6reningarna att nominera kandidater till f\u00f6rbundsstyrelse, revisorer och disciplinn\u00e4mnd senast den 15 januari. F\u00f6rslag p\u00e5 vilka som ska utg\u00f6ra valberedning under 2022 l\u00e4mnas direkt p\u00e5 <span style=\"color: #000000;\">den <a href=\"https:\/\/www.budokampsport.se\/2021\/11\/30\/sbks-arsstamma-26-mars-2022\/\" target=\"_blank\" rel=\"noopener noreferrer\">digitala st\u00e4mman den 26 mars<\/a>.\u00a0<\/span><\/p>\n<h3><strong>Nuvarande styrelse<\/strong><\/h3>\n<p>Av den nuvarande f\u00f6rbundsstyrelsen har tv\u00e5 ordinarie ledam\u00f6ter samt de tv\u00e5 suppleanterna avb\u00f6jt omval p\u00e5 st\u00e4mman.<\/p>\n<p><strong>Ordf\u00f6rande<\/strong><br \/>\nFredrik Gundmark, kandiderar f\u00f6r omval<\/p>\n<p><strong>Vice ordf\u00f6rande<\/strong><br \/>\nElin Bladh, kandiderar inte f\u00f6r omval<\/p>\n<p><strong>Kass\u00f6r<\/strong><br \/>\nMarina Regn\u00e9r, kandiderar inte f\u00f6r omval<\/p>\n<p><strong>Ledam\u00f6ter<\/strong><br \/>\nKirsi H\u00f6glund, kandiderar f\u00f6r omval<br \/>\nPatrik Asplund, kandiderar f\u00f6r omval<br \/>\nMusse Hasselvall, kandiderar f\u00f6r omval<br \/>\nFrej Levin, kandiderar f\u00f6r omval<\/p>\n<p><strong>Suppleanter<\/strong><br \/>\n1. Ulf Hjerppe, kandiderar inte f\u00f6r omval<br \/>\n2. Sara Abouzeedan, kandiderar inte f\u00f6r omval<\/p>\n<h3><strong>Styrelsens sammans\u00e4ttning <\/strong><\/h3>\n<p>F\u00f6ruts\u00e4ttningar f\u00f6r f\u00f6rbundsstyrelsen (FS) enligt <a href=\"https:\/\/www.budokampsport.se\/wp-content\/uploads\/2021\/06\/SBK_Stadgar_2021-03-27.pdf\" target=\"_blank\" rel=\"noopener noreferrer\">stadgarna<\/a>, 2\u00a7:<\/p>\n<p>2.1 FS best\u00e5r av f\u00f6rbundsordf\u00f6rande, sex \u00f6vriga ledam\u00f6ter och tv\u00e5 suppleanter. \u00d6vriga ledam\u00f6ter ska vara lika f\u00f6rdelat mellan k\u00f6nen. Suppleanterna ska vara lika f\u00f6rdelat mellan k\u00f6nen.<\/p>\n<p>2.2 FS konstituerar sig sj\u00e4lv och ska vid f\u00f6rsta FS-m\u00f6te fastst\u00e4lla styrelsens arbetsf\u00f6rdelning genom val av vice f\u00f6rbundsordf\u00f6rande och f\u00f6rbundskass\u00f6r, samt vid behov d\u00e4rut\u00f6ver andra funktioner.<\/p>\n<h3><strong>Nuvarande revisorer<\/strong><\/h3>\n<p>Samtliga fyra kandiderar f\u00f6r omval.<\/p>\n<p><strong>Revisorer<\/strong><br \/>\nMicaela Karlstr\u00f6m, Allegretto Revision (auktoriserad)<br \/>\nChristian Lund<\/p>\n<p><strong>Revisorssuppleanter<\/strong><br \/>\nAnna Wretholm, Allegretto Revision (auktoriserad)<br \/>\nSabrina Sedin Roskvist<\/p>\n<h3><strong>Nuvarande disciplinn\u00e4mnd<\/strong><\/h3>\n<p>Samtliga tre ledam\u00f6ter kandiderar f\u00f6r omval.<\/p>\n<p><strong>Ordf\u00f6rande<\/strong><br \/>\nPeter Dahlqvist<\/p>\n<p><strong>Ledam\u00f6ter<\/strong><br \/>\nDaniel Svensson<br \/>\nSara Axelsson<\/p>\n<h3><strong>Nomineringar<\/strong><\/h3>\n<p>Nomineringar skickas till <a href=\"mailto:valberedning@budo.se\">valberedning@budo.se<\/a> senast den 15 januari. Det \u00e4r en stor f\u00f6rdel om nomineringarna inneh\u00e5ller kontaktuppgifter och en kort presentation. Likas\u00e5 att kandidaten \u00e4r tillfr\u00e5gad innan nomineringen skickas in.<\/p>\n<p>Valberedningens f\u00f6rslag presenteras senast den 15 februari.<\/p>\n<hr \/>\n<p><strong>Anders Pettersson<\/strong><br \/>\n<strong>Sammankallande i valberedningen<\/strong><br \/>\n<strong>Svenska Budo &amp; Kampsportsf\u00f6rbundet<\/strong><\/p>\n","protected":false},"excerpt":{"rendered":"<p>\u00c5RSM\u00d6TE. Verksamhets\u00e5ret lider mot sitt slut och det \u00e4r dags att nominera vilka som ska leda arbetet fram\u00f6ver.<br \/><br>(Foto: Suvad Mrkonjic\/Bildbyr\u00e5n)<\/p><br>","protected":false},"author":914,"featured_media":131748,"comment_status":"open","ping_status":"open","sticky":false,"template":"","format":"standard","meta":{"_acf_changed":false,"footnotes":""},"categories":[410,1],"tags":[],"class_list":["post-131534","post","type-post","status-publish","format-standard","has-post-thumbnail","hentry","category-arsmote","category-okategoriserade"],"acf":[],"yoast_head":"<!-- This site is optimized with the Yoast SEO plugin v26.8 - https:\/\/yoast.com\/product\/yoast-seo-wordpress\/ -->\n<title>Information fr\u00e5n valberedningen: Dags att nominera inf\u00f6r 2022 - Svenska Budo &amp; Kampsportsf\u00f6rbundet<\/title>\n<meta name=\"description\" content=\"\u00c5RSM\u00d6TE. Verksamhets\u00e5ret lider mot sitt slut och det \u00e4r dags att nominera vilka som ska leda arbetet fram\u00f6ver. (Foto: Suvad Mrkonjic\/Bildbyr\u00e5n)\" \/>\n<meta name=\"robots\" content=\"index, follow, max-snippet:-1, max-image-preview:large, max-video-preview:-1\" \/>\n<link rel=\"canonical\" href=\"https:\/\/www.budokampsport.se\/2021\/12\/01\/dags-att-nominera-infor-2022\/\" \/>\n<meta property=\"og:locale\" content=\"sv_SE\" \/>\n<meta property=\"og:type\" content=\"article\" \/>\n<meta property=\"og:title\" content=\"Information fr\u00e5n valberedningen: Dags att nominera inf\u00f6r 2022 - Svenska Budo &amp; Kampsportsf\u00f6rbundet\" \/>\n<meta property=\"og:description\" content=\"\u00c5RSM\u00d6TE. Verksamhets\u00e5ret lider mot sitt slut och det \u00e4r dags att nominera vilka som ska leda arbetet fram\u00f6ver. (Foto: Suvad Mrkonjic\/Bildbyr\u00e5n)\" \/>\n<meta property=\"og:url\" content=\"https:\/\/www.budokampsport.se\/2021\/12\/01\/dags-att-nominera-infor-2022\/\" \/>\n<meta property=\"og:site_name\" content=\"Svenska Budo &amp; Kampsportsf\u00f6rbundet\" \/>\n<meta property=\"article:published_time\" content=\"2021-12-01T11:00:18+00:00\" \/>\n<meta property=\"article:modified_time\" content=\"2021-12-01T15:35:37+00:00\" \/>\n<meta property=\"og:image\" content=\"https:\/\/www.budokampsport.se\/wp-content\/uploads\/2021\/12\/BB191216SM027-1200px.jpg\" \/>\n\t<meta property=\"og:image:width\" content=\"1200\" \/>\n\t<meta property=\"og:image:height\" content=\"800\" \/>\n\t<meta property=\"og:image:type\" content=\"image\/jpeg\" \/>\n<meta name=\"author\" content=\"Mats Lilja\" \/>\n<meta name=\"twitter:card\" content=\"summary_large_image\" \/>\n<meta name=\"twitter:label1\" content=\"Skriven av\" \/>\n\t<meta name=\"twitter:data1\" content=\"Mats Lilja\" \/>\n\t<meta name=\"twitter:label2\" content=\"Ber\u00e4knad l\u00e4stid\" \/>\n\t<meta name=\"twitter:data2\" content=\"2 minuter\" \/>\n<script type=\"application\/ld+json\" class=\"yoast-schema-graph\">{\"@context\":\"https:\/\/schema.org\",\"@graph\":[{\"@type\":\"Article\",\"@id\":\"https:\/\/www.budokampsport.se\/2021\/12\/01\/dags-att-nominera-infor-2022\/#article\",\"isPartOf\":{\"@id\":\"https:\/\/www.budokampsport.se\/2021\/12\/01\/dags-att-nominera-infor-2022\/\"},\"author\":{\"name\":\"Mats Lilja\",\"@id\":\"https:\/\/www.budokampsport.se\/#\/schema\/person\/d80c0bc61f1787703168fc250ce69522\"},\"headline\":\"Information fr\u00e5n valberedningen: Dags att nominera inf\u00f6r 2022\",\"datePublished\":\"2021-12-01T11:00:18+00:00\",\"dateModified\":\"2021-12-01T15:35:37+00:00\",\"mainEntityOfPage\":{\"@id\":\"https:\/\/www.budokampsport.se\/2021\/12\/01\/dags-att-nominera-infor-2022\/\"},\"wordCount\":320,\"commentCount\":0,\"image\":{\"@id\":\"https:\/\/www.budokampsport.se\/2021\/12\/01\/dags-att-nominera-infor-2022\/#primaryimage\"},\"thumbnailUrl\":\"https:\/\/www.budokampsport.se\/wp-content\/uploads\/2021\/12\/BB191216SM027-1200px.jpg\",\"articleSection\":[\"\u00c5rsm\u00f6te\"],\"inLanguage\":\"sv-SE\",\"potentialAction\":[{\"@type\":\"CommentAction\",\"name\":\"Comment\",\"target\":[\"https:\/\/www.budokampsport.se\/2021\/12\/01\/dags-att-nominera-infor-2022\/#respond\"]}]},{\"@type\":\"WebPage\",\"@id\":\"https:\/\/www.budokampsport.se\/2021\/12\/01\/dags-att-nominera-infor-2022\/\",\"url\":\"https:\/\/www.budokampsport.se\/2021\/12\/01\/dags-att-nominera-infor-2022\/\",\"name\":\"Information fr\u00e5n valberedningen: Dags att nominera inf\u00f6r 2022 - Svenska Budo &amp; Kampsportsf\u00f6rbundet\",\"isPartOf\":{\"@id\":\"https:\/\/www.budokampsport.se\/#website\"},\"primaryImageOfPage\":{\"@id\":\"https:\/\/www.budokampsport.se\/2021\/12\/01\/dags-att-nominera-infor-2022\/#primaryimage\"},\"image\":{\"@id\":\"https:\/\/www.budokampsport.se\/2021\/12\/01\/dags-att-nominera-infor-2022\/#primaryimage\"},\"thumbnailUrl\":\"https:\/\/www.budokampsport.se\/wp-content\/uploads\/2021\/12\/BB191216SM027-1200px.jpg\",\"datePublished\":\"2021-12-01T11:00:18+00:00\",\"dateModified\":\"2021-12-01T15:35:37+00:00\",\"author\":{\"@id\":\"https:\/\/www.budokampsport.se\/#\/schema\/person\/d80c0bc61f1787703168fc250ce69522\"},\"description\":\"\u00c5RSM\u00d6TE. Verksamhets\u00e5ret lider mot sitt slut och det \u00e4r dags att nominera vilka som ska leda arbetet fram\u00f6ver. (Foto: Suvad Mrkonjic\/Bildbyr\u00e5n)\",\"breadcrumb\":{\"@id\":\"https:\/\/www.budokampsport.se\/2021\/12\/01\/dags-att-nominera-infor-2022\/#breadcrumb\"},\"inLanguage\":\"sv-SE\",\"potentialAction\":[{\"@type\":\"ReadAction\",\"target\":[\"https:\/\/www.budokampsport.se\/2021\/12\/01\/dags-att-nominera-infor-2022\/\"]}]},{\"@type\":\"ImageObject\",\"inLanguage\":\"sv-SE\",\"@id\":\"https:\/\/www.budokampsport.se\/2021\/12\/01\/dags-att-nominera-infor-2022\/#primaryimage\",\"url\":\"https:\/\/www.budokampsport.se\/wp-content\/uploads\/2021\/12\/BB191216SM027-1200px.jpg\",\"contentUrl\":\"https:\/\/www.budokampsport.se\/wp-content\/uploads\/2021\/12\/BB191216SM027-1200px.jpg\",\"width\":1200,\"height\":800,\"caption\":\"191216 Ann Willsund och Matilda W\u00e4renfalk p\u00e5 M\u00f6rbyl\u00e5nga kommun under en intervju den 16 december 2019 i M\u00f6rbyl\u00e5nga. Foto:Suvad Mrkonjic \/ BILDBYR\u00c5N \/ COP170\"},{\"@type\":\"BreadcrumbList\",\"@id\":\"https:\/\/www.budokampsport.se\/2021\/12\/01\/dags-att-nominera-infor-2022\/#breadcrumb\",\"itemListElement\":[{\"@type\":\"ListItem\",\"position\":1,\"name\":\"Hem\",\"item\":\"https:\/\/www.budokampsport.se\/\"},{\"@type\":\"ListItem\",\"position\":2,\"name\":\"Information fr\u00e5n valberedningen: Dags att nominera inf\u00f6r 2022\"}]},{\"@type\":\"WebSite\",\"@id\":\"https:\/\/www.budokampsport.se\/#website\",\"url\":\"https:\/\/www.budokampsport.se\/\",\"name\":\"Svenska Budo &amp; Kampsportsf\u00f6rbundet\",\"description\":\"T\u00e4vling, Tr\u00e4ning, Tradition\",\"potentialAction\":[{\"@type\":\"SearchAction\",\"target\":{\"@type\":\"EntryPoint\",\"urlTemplate\":\"https:\/\/www.budokampsport.se\/?s={search_term_string}\"},\"query-input\":{\"@type\":\"PropertyValueSpecification\",\"valueRequired\":true,\"valueName\":\"search_term_string\"}}],\"inLanguage\":\"sv-SE\"},{\"@type\":\"Person\",\"@id\":\"https:\/\/www.budokampsport.se\/#\/schema\/person\/d80c0bc61f1787703168fc250ce69522\",\"name\":\"Mats Lilja\",\"image\":{\"@type\":\"ImageObject\",\"inLanguage\":\"sv-SE\",\"@id\":\"https:\/\/www.budokampsport.se\/#\/schema\/person\/image\/\",\"url\":\"https:\/\/secure.gravatar.com\/avatar\/607f84918e96abe1ebbd8611782fa57d?s=96&d=blank&r=g\",\"contentUrl\":\"https:\/\/secure.gravatar.com\/avatar\/607f84918e96abe1ebbd8611782fa57d?s=96&d=blank&r=g\",\"caption\":\"Mats Lilja\"},\"url\":\"https:\/\/www.budokampsport.se\/author\/mats-lilja\/\"}]}<\/script>\n<!-- \/ Yoast SEO plugin. -->","yoast_head_json":{"title":"Information fr\u00e5n valberedningen: Dags att nominera inf\u00f6r 2022 - Svenska Budo &amp; Kampsportsf\u00f6rbundet","description":"\u00c5RSM\u00d6TE. Verksamhets\u00e5ret lider mot sitt slut och det \u00e4r dags att nominera vilka som ska leda arbetet fram\u00f6ver. (Foto: Suvad Mrkonjic\/Bildbyr\u00e5n)","robots":{"index":"index","follow":"follow","max-snippet":"max-snippet:-1","max-image-preview":"max-image-preview:large","max-video-preview":"max-video-preview:-1"},"canonical":"https:\/\/www.budokampsport.se\/2021\/12\/01\/dags-att-nominera-infor-2022\/","og_locale":"sv_SE","og_type":"article","og_title":"Information fr\u00e5n valberedningen: Dags att nominera inf\u00f6r 2022 - Svenska Budo &amp; Kampsportsf\u00f6rbundet","og_description":"\u00c5RSM\u00d6TE. Verksamhets\u00e5ret lider mot sitt slut och det \u00e4r dags att nominera vilka som ska leda arbetet fram\u00f6ver. (Foto: Suvad Mrkonjic\/Bildbyr\u00e5n)","og_url":"https:\/\/www.budokampsport.se\/2021\/12\/01\/dags-att-nominera-infor-2022\/","og_site_name":"Svenska Budo &amp; Kampsportsf\u00f6rbundet","article_published_time":"2021-12-01T11:00:18+00:00","article_modified_time":"2021-12-01T15:35:37+00:00","og_image":[{"width":1200,"height":800,"url":"https:\/\/www.budokampsport.se\/wp-content\/uploads\/2021\/12\/BB191216SM027-1200px.jpg","type":"image\/jpeg"}],"author":"Mats Lilja","twitter_card":"summary_large_image","twitter_misc":{"Skriven av":"Mats Lilja","Ber\u00e4knad l\u00e4stid":"2 minuter"},"schema":{"@context":"https:\/\/schema.org","@graph":[{"@type":"Article","@id":"https:\/\/www.budokampsport.se\/2021\/12\/01\/dags-att-nominera-infor-2022\/#article","isPartOf":{"@id":"https:\/\/www.budokampsport.se\/2021\/12\/01\/dags-att-nominera-infor-2022\/"},"author":{"name":"Mats Lilja","@id":"https:\/\/www.budokampsport.se\/#\/schema\/person\/d80c0bc61f1787703168fc250ce69522"},"headline":"Information fr\u00e5n valberedningen: Dags att nominera inf\u00f6r 2022","datePublished":"2021-12-01T11:00:18+00:00","dateModified":"2021-12-01T15:35:37+00:00","mainEntityOfPage":{"@id":"https:\/\/www.budokampsport.se\/2021\/12\/01\/dags-att-nominera-infor-2022\/"},"wordCount":320,"commentCount":0,"image":{"@id":"https:\/\/www.budokampsport.se\/2021\/12\/01\/dags-att-nominera-infor-2022\/#primaryimage"},"thumbnailUrl":"https:\/\/www.budokampsport.se\/wp-content\/uploads\/2021\/12\/BB191216SM027-1200px.jpg","articleSection":["\u00c5rsm\u00f6te"],"inLanguage":"sv-SE","potentialAction":[{"@type":"CommentAction","name":"Comment","target":["https:\/\/www.budokampsport.se\/2021\/12\/01\/dags-att-nominera-infor-2022\/#respond"]}]},{"@type":"WebPage","@id":"https:\/\/www.budokampsport.se\/2021\/12\/01\/dags-att-nominera-infor-2022\/","url":"https:\/\/www.budokampsport.se\/2021\/12\/01\/dags-att-nominera-infor-2022\/","name":"Information fr\u00e5n valberedningen: Dags att nominera inf\u00f6r 2022 - Svenska Budo &amp; Kampsportsf\u00f6rbundet","isPartOf":{"@id":"https:\/\/www.budokampsport.se\/#website"},"primaryImageOfPage":{"@id":"https:\/\/www.budokampsport.se\/2021\/12\/01\/dags-att-nominera-infor-2022\/#primaryimage"},"image":{"@id":"https:\/\/www.budokampsport.se\/2021\/12\/01\/dags-att-nominera-infor-2022\/#primaryimage"},"thumbnailUrl":"https:\/\/www.budokampsport.se\/wp-content\/uploads\/2021\/12\/BB191216SM027-1200px.jpg","datePublished":"2021-12-01T11:00:18+00:00","dateModified":"2021-12-01T15:35:37+00:00","author":{"@id":"https:\/\/www.budokampsport.se\/#\/schema\/person\/d80c0bc61f1787703168fc250ce69522"},"description":"\u00c5RSM\u00d6TE. Verksamhets\u00e5ret lider mot sitt slut och det \u00e4r dags att nominera vilka som ska leda arbetet fram\u00f6ver. (Foto: Suvad Mrkonjic\/Bildbyr\u00e5n)","breadcrumb":{"@id":"https:\/\/www.budokampsport.se\/2021\/12\/01\/dags-att-nominera-infor-2022\/#breadcrumb"},"inLanguage":"sv-SE","potentialAction":[{"@type":"ReadAction","target":["https:\/\/www.budokampsport.se\/2021\/12\/01\/dags-att-nominera-infor-2022\/"]}]},{"@type":"ImageObject","inLanguage":"sv-SE","@id":"https:\/\/www.budokampsport.se\/2021\/12\/01\/dags-att-nominera-infor-2022\/#primaryimage","url":"https:\/\/www.budokampsport.se\/wp-content\/uploads\/2021\/12\/BB191216SM027-1200px.jpg","contentUrl":"https:\/\/www.budokampsport.se\/wp-content\/uploads\/2021\/12\/BB191216SM027-1200px.jpg","width":1200,"height":800,"caption":"191216 Ann Willsund och Matilda W\u00e4renfalk p\u00e5 M\u00f6rbyl\u00e5nga kommun under en intervju den 16 december 2019 i M\u00f6rbyl\u00e5nga. Foto:Suvad Mrkonjic \/ BILDBYR\u00c5N \/ COP170"},{"@type":"BreadcrumbList","@id":"https:\/\/www.budokampsport.se\/2021\/12\/01\/dags-att-nominera-infor-2022\/#breadcrumb","itemListElement":[{"@type":"ListItem","position":1,"name":"Hem","item":"https:\/\/www.budokampsport.se\/"},{"@type":"ListItem","position":2,"name":"Information fr\u00e5n valberedningen: Dags att nominera inf\u00f6r 2022"}]},{"@type":"WebSite","@id":"https:\/\/www.budokampsport.se\/#website","url":"https:\/\/www.budokampsport.se\/","name":"Svenska Budo &amp; Kampsportsf\u00f6rbundet","description":"T\u00e4vling, Tr\u00e4ning, Tradition","potentialAction":[{"@type":"SearchAction","target":{"@type":"EntryPoint","urlTemplate":"https:\/\/www.budokampsport.se\/?s={search_term_string}"},"query-input":{"@type":"PropertyValueSpecification","valueRequired":true,"valueName":"search_term_string"}}],"inLanguage":"sv-SE"},{"@type":"Person","@id":"https:\/\/www.budokampsport.se\/#\/schema\/person\/d80c0bc61f1787703168fc250ce69522","name":"Mats Lilja","image":{"@type":"ImageObject","inLanguage":"sv-SE","@id":"https:\/\/www.budokampsport.se\/#\/schema\/person\/image\/","url":"https:\/\/secure.gravatar.com\/avatar\/607f84918e96abe1ebbd8611782fa57d?s=96&d=blank&r=g","contentUrl":"https:\/\/secure.gravatar.com\/avatar\/607f84918e96abe1ebbd8611782fa57d?s=96&d=blank&r=g","caption":"Mats Lilja"},"url":"https:\/\/www.budokampsport.se\/author\/mats-lilja\/"}]}},"_links":{"self":[{"href":"https:\/\/www.budokampsport.se\/api\/wp\/v2\/posts\/131534","targetHints":{"allow":["GET"]}}],"collection":[{"href":"https:\/\/www.budokampsport.se\/api\/wp\/v2\/posts"}],"about":[{"href":"https:\/\/www.budokampsport.se\/api\/wp\/v2\/types\/post"}],"author":[{"embeddable":true,"href":"https:\/\/www.budokampsport.se\/api\/wp\/v2\/users\/914"}],"replies":[{"embeddable":true,"href":"https:\/\/www.budokampsport.se\/api\/wp\/v2\/comments?post=131534"}],"version-history":[{"count":0,"href":"https:\/\/www.budokampsport.se\/api\/wp\/v2\/posts\/131534\/revisions"}],"wp:featuredmedia":[{"embeddable":true,"href":"https:\/\/www.budokampsport.se\/api\/wp\/v2\/media\/131748"}],"wp:attachment":[{"href":"https:\/\/www.budokampsport.se\/api\/wp\/v2\/media?parent=131534"}],"wp:term":[{"taxonomy":"category","embeddable":true,"href":"https:\/\/www.budokampsport.se\/api\/wp\/v2\/categories?post=131534"},{"taxonomy":"post_tag","embeddable":true,"href":"https:\/\/www.budokampsport.se\/api\/wp\/v2\/tags?post=131534"}],"curies":[{"name":"wp","href":"https:\/\/api.w.org\/{rel}","templated":true}]}}