{"id":131677,"date":"2021-11-30T11:04:52","date_gmt":"2021-11-30T10:04:52","guid":{"rendered":"https:\/\/www.budokampsport.se\/?p=131677"},"modified":"2021-12-11T11:28:09","modified_gmt":"2021-12-11T10:28:09","slug":"guldmedaljorerna-i-bjj-sm","status":"publish","type":"post","link":"https:\/\/www.budokampsport.se\/2021\/11\/30\/guldmedaljorerna-i-bjj-sm\/","title":{"rendered":"Guldmedalj\u00f6rerna i BJJ-SM"},"content":{"rendered":"<p><strong>H\u00e4r \u00e4r samtliga guldmedalj\u00f6rer fr\u00e5n helgens SM-t\u00e4vlingar.<\/strong><\/p>\n<p>&nbsp;<\/p>\n<p>&nbsp;<\/p>\n<table style=\"border-collapse: collapse; width: 100%; height: 264px;\">\n<tbody>\n<tr style=\"height: 24px;\">\n<td style=\"width: 24.8762%; height: 24px;\"><strong><span style=\"font-size: 10pt;\">MED GI, SENIORER<\/span><\/strong><\/td>\n<td style=\"width: 75.1238%; height: 24px;\"><strong><span style=\"font-size: 10pt;\">SVENSK M\u00c4STARE<\/span><\/strong><\/td>\n<\/tr>\n<tr style=\"height: 24px;\">\n<td style=\"width: 24.8762%; height: 24px;\">Damer -53 kg<\/td>\n<td style=\"width: 75.1238%; height: 24px;\"><strong><img loading=\"lazy\" decoding=\"async\" class=\"alignnone size-full wp-image-122883\" src=\"https:\/\/www.budokampsport.se\/wp-content\/uploads\/2020\/11\/sweden-flag-icon-16.png\" alt=\"Sveriges flagga\" width=\"16\" height=\"10\" \/> Josefine Modig<\/strong>, Apex Kalmar Idrottsf\u00f6rening Checkmat<\/td>\n<\/tr>\n<tr style=\"height: 24px;\">\n<td style=\"width: 24.8762%; height: 24px;\">Damer -58,5 kg<\/td>\n<td style=\"width: 75.1238%; height: 24px;\"><strong><img loading=\"lazy\" decoding=\"async\" class=\"alignnone size-full wp-image-122883\" src=\"https:\/\/www.budokampsport.se\/wp-content\/uploads\/2020\/11\/sweden-flag-icon-16.png\" alt=\"Sveriges flagga\" width=\"16\" height=\"10\" \/> Elina Moestam Lindblad<\/strong>, Stark IF Checkmat<\/td>\n<\/tr>\n<tr style=\"height: 24px;\">\n<td style=\"width: 24.8762%; height: 24px;\">Damer -64 kg<\/td>\n<td style=\"width: 75.1238%; height: 24px;\"><strong><img loading=\"lazy\" decoding=\"async\" class=\"alignnone size-full wp-image-122883\" src=\"https:\/\/www.budokampsport.se\/wp-content\/uploads\/2020\/11\/sweden-flag-icon-16.png\" alt=\"Sveriges flagga\" width=\"16\" height=\"10\" \/> Astrid Sch\u00f6lin<\/strong>, Stark IF Checkmat<\/td>\n<\/tr>\n<tr style=\"height: 24px;\">\n<td style=\"width: 24.8762%; height: 24px;\">Damer -74 kg<\/td>\n<td style=\"width: 75.1238%; height: 24px;\"><strong><img loading=\"lazy\" decoding=\"async\" class=\"alignnone size-full wp-image-122883\" src=\"https:\/\/www.budokampsport.se\/wp-content\/uploads\/2020\/11\/sweden-flag-icon-16.png\" alt=\"Sveriges flagga\" width=\"16\" height=\"10\" \/> Scarlet Anstiss Liljefors,<\/strong> Ju-Jutsu Klubben Samurai Dynamix<\/td>\n<\/tr>\n<tr style=\"height: 24px;\">\n<td style=\"width: 24.8762%; height: 24px;\">Damer +79,3 kg<\/td>\n<td style=\"width: 75.1238%; height: 24px;\"><strong><img loading=\"lazy\" decoding=\"async\" class=\"alignnone size-full wp-image-122883\" src=\"https:\/\/www.budokampsport.se\/wp-content\/uploads\/2020\/11\/sweden-flag-icon-16.png\" alt=\"Sveriges flagga\" width=\"16\" height=\"10\" \/> Anna Sandin<\/strong>, Malm\u00f6 Mixed Martial Arts IF Checkmat<\/td>\n<\/tr>\n<tr style=\"height: 24px;\">\n<td style=\"width: 24.8762%; height: 24px;\">Herrar -57,5 kg<\/td>\n<td style=\"width: 75.1238%; height: 24px;\"><strong><img loading=\"lazy\" decoding=\"async\" class=\"alignnone size-full wp-image-122883\" src=\"https:\/\/www.budokampsport.se\/wp-content\/uploads\/2020\/11\/sweden-flag-icon-16.png\" alt=\"Sveriges flagga\" width=\"16\" height=\"10\" \/> Haytham Alkhushali<\/strong>, F\u00f6reningen Frontier MMA Akademi Halavanca<\/td>\n<\/tr>\n<tr style=\"height: 24px;\">\n<td style=\"width: 24.8762%; height: 24px;\">Herrar -64 kg<\/td>\n<td style=\"width: 75.1238%; height: 24px;\"><strong><img loading=\"lazy\" decoding=\"async\" class=\"alignnone size-full wp-image-122883\" src=\"https:\/\/www.budokampsport.se\/wp-content\/uploads\/2020\/11\/sweden-flag-icon-16.png\" alt=\"Sveriges flagga\" width=\"16\" height=\"10\" \/> Nelber Martins<\/strong>, Allstars Kampsportsf\u00f6rening<\/td>\n<\/tr>\n<tr style=\"height: 24px;\">\n<td style=\"width: 24.8762%; height: 24px;\">Herrar -70 kg<\/td>\n<td style=\"width: 75.1238%; height: 24px;\"><strong><img loading=\"lazy\" decoding=\"async\" class=\"alignnone size-full wp-image-122883\" src=\"https:\/\/www.budokampsport.se\/wp-content\/uploads\/2020\/11\/sweden-flag-icon-16.png\" alt=\"Sveriges flagga\" width=\"16\" height=\"10\" \/> Robert Ekl\u00f6v<\/strong>, Team Leites Stockholm IF<\/td>\n<\/tr>\n<tr style=\"height: 24px;\">\n<td style=\"width: 24.8762%; height: 24px;\">Herrar -76 kg<\/td>\n<td style=\"width: 75.1238%; height: 24px;\"><strong><img loading=\"lazy\" decoding=\"async\" class=\"alignnone size-full wp-image-122883\" src=\"https:\/\/www.budokampsport.se\/wp-content\/uploads\/2020\/11\/sweden-flag-icon-16.png\" alt=\"Sveriges flagga\" width=\"16\" height=\"10\" \/> Karl Pegers<\/strong>, Stark If Checkmat<\/td>\n<\/tr>\n<tr style=\"height: 24px;\">\n<td style=\"width: 24.8762%; height: 24px;\">Herrar -82,3 kg<\/td>\n<td style=\"width: 75.1238%; height: 24px;\"><strong><img loading=\"lazy\" decoding=\"async\" class=\"alignnone size-full wp-image-122883\" src=\"https:\/\/www.budokampsport.se\/wp-content\/uploads\/2020\/11\/sweden-flag-icon-16.png\" alt=\"Sveriges flagga\" width=\"16\" height=\"10\" \/> Max Lindblad<\/strong>, Stark IF Checkmat<\/td>\n<\/tr>\n<\/tbody>\n<\/table>\n<table style=\"border-collapse: collapse; width: 100%; height: 82px;\">\n<tbody>\n<tr style=\"height: 24px;\">\n<td style=\"width: 25.0065%; height: 10px;\">Herrar -88,3 kg<\/td>\n<td style=\"width: 74.9935%; height: 10px;\"><strong><img loading=\"lazy\" decoding=\"async\" class=\"alignnone size-full wp-image-122883\" src=\"https:\/\/www.budokampsport.se\/wp-content\/uploads\/2020\/11\/sweden-flag-icon-16.png\" alt=\"Sveriges flagga\" width=\"16\" height=\"10\" \/> Marlon Tajik<\/strong>, Prana Jiu Jitsu klubb<\/td>\n<\/tr>\n<tr style=\"height: 24px;\">\n<td style=\"width: 25.0065%; height: 24px;\">Herrar -94,3 kg<\/td>\n<td style=\"width: 74.9935%; height: 24px;\"><strong><img loading=\"lazy\" decoding=\"async\" class=\"alignnone size-full wp-image-122883\" src=\"https:\/\/www.budokampsport.se\/wp-content\/uploads\/2020\/11\/sweden-flag-icon-16.png\" alt=\"Sveriges flagga\" width=\"16\" height=\"10\" \/> Simon Immerstrand<\/strong>, Stark IF Checkmat<\/td>\n<\/tr>\n<tr style=\"height: 24px;\">\n<td style=\"width: 25.0065%; height: 24px;\">Herrar -100,5 kg<\/td>\n<td style=\"width: 74.9935%; height: 24px;\"><strong><img loading=\"lazy\" decoding=\"async\" class=\"alignnone size-full wp-image-122883\" src=\"https:\/\/www.budokampsport.se\/wp-content\/uploads\/2020\/11\/sweden-flag-icon-16.png\" alt=\"Sveriges flagga\" width=\"16\" height=\"10\" \/> Max Hederstr\u00f6m<\/strong>, Fighter Centre IF<\/td>\n<\/tr>\n<tr style=\"height: 24px;\">\n<td style=\"width: 25.0065%; height: 24px;\">Herrar +100,5 kg<\/td>\n<td style=\"width: 74.9935%; height: 24px;\"><strong><img loading=\"lazy\" decoding=\"async\" class=\"alignnone size-full wp-image-122883\" src=\"https:\/\/www.budokampsport.se\/wp-content\/uploads\/2020\/11\/sweden-flag-icon-16.png\" alt=\"Sveriges flagga\" width=\"16\" height=\"10\" \/> Mikael Marffy<\/strong>, Viva Zapata Martial Arts IF<\/td>\n<\/tr>\n<\/tbody>\n<\/table>\n<p>&nbsp;<\/p>\n<table style=\"border-collapse: collapse; width: 100%; height: 132px;\">\n<tbody>\n<tr style=\"height: 24px;\">\n<td style=\"width: 25.1804%; height: 12px;\"><strong><span style=\"font-size: 10pt;\">MED GI, JUNIORER<\/span><\/strong><\/td>\n<td style=\"width: 74.8196%; height: 12px;\"><strong><span style=\"font-size: 10pt;\">SVENSK M\u00c4STARE<\/span><\/strong><\/td>\n<\/tr>\n<tr style=\"height: 24px;\">\n<td style=\"width: 25.1804%; height: 24px;\">Flickor -60,5 kg<\/td>\n<td style=\"width: 74.8196%; height: 24px;\"><strong><img loading=\"lazy\" decoding=\"async\" class=\"alignnone size-full wp-image-122883\" src=\"https:\/\/www.budokampsport.se\/wp-content\/uploads\/2020\/11\/sweden-flag-icon-16.png\" alt=\"Sveriges flagga\" width=\"16\" height=\"10\" \/> Sanna Fransson Ingholt<\/strong>, Nybro Kampsport Center IF<\/td>\n<\/tr>\n<tr style=\"height: 24px;\">\n<td style=\"width: 25.1804%; height: 24px;\">Flickor +65 kg<\/td>\n<td style=\"width: 74.8196%; height: 24px;\"><strong><img loading=\"lazy\" decoding=\"async\" class=\"alignnone size-full wp-image-122883\" src=\"https:\/\/www.budokampsport.se\/wp-content\/uploads\/2020\/11\/sweden-flag-icon-16.png\" alt=\"Sveriges flagga\" width=\"16\" height=\"10\" \/>Elin Fransson Ingholt, <\/strong>Nybro Kampsport Center IF<\/td>\n<\/tr>\n<tr style=\"height: 24px;\">\n<td style=\"width: 25.1804%; height: 24px;\">Pojkar -58,5 kg<\/td>\n<td style=\"width: 74.8196%; height: 24px;\"><strong><img loading=\"lazy\" decoding=\"async\" class=\"alignnone size-full wp-image-122883\" src=\"https:\/\/www.budokampsport.se\/wp-content\/uploads\/2020\/11\/sweden-flag-icon-16.png\" alt=\"Sveriges flagga\" width=\"16\" height=\"10\" \/> Neo Vis Jamegar<\/strong>, Prana Jiu Jitsu klubb<\/td>\n<\/tr>\n<tr style=\"height: 24px;\">\n<td style=\"width: 25.1804%; height: 24px;\">Pojkar -69 kg<\/td>\n<td style=\"width: 74.8196%; height: 24px;\"><strong><img loading=\"lazy\" decoding=\"async\" class=\"alignnone size-full wp-image-122883\" src=\"https:\/\/www.budokampsport.se\/wp-content\/uploads\/2020\/11\/sweden-flag-icon-16.png\" alt=\"Sveriges flagga\" width=\"16\" height=\"10\" \/> Behnam Razaki,<\/strong> Conde IF<\/td>\n<\/tr>\n<tr style=\"height: 24px;\">\n<td style=\"width: 25.1804%; height: 24px;\">Pojkar +79,3 kg<\/td>\n<td style=\"width: 74.8196%; height: 24px;\"><strong><img loading=\"lazy\" decoding=\"async\" class=\"alignnone size-full wp-image-122883\" src=\"https:\/\/www.budokampsport.se\/wp-content\/uploads\/2020\/11\/sweden-flag-icon-16.png\" alt=\"Sveriges flagga\" width=\"16\" height=\"10\" \/> Noah Nilsson Jobe<\/strong>, Hilti Brazilian Jiu-Jitsu Klubb<\/td>\n<\/tr>\n<\/tbody>\n<\/table>\n<p>&nbsp;<\/p>\n<table style=\"border-collapse: collapse; width: 100%; height: 58px;\">\n<tbody>\n<tr style=\"height: 24px;\">\n<td style=\"width: 21.6601%; height: 10px;\"><strong><span style=\"font-size: 10pt;\">\u00d6PPEN KLASS, MED GI<\/span><\/strong><\/td>\n<td style=\"width: 78.3399%; height: 10px;\"><strong><span style=\"font-size: 10pt;\">SVENSK M\u00c4STARE<\/span><\/strong><\/td>\n<\/tr>\n<tr style=\"height: 24px;\">\n<td style=\"width: 21.6601%; height: 24px;\">Damer<\/td>\n<td style=\"width: 78.3399%; height: 24px;\"><strong><img loading=\"lazy\" decoding=\"async\" class=\"alignnone size-full wp-image-122883\" src=\"https:\/\/www.budokampsport.se\/wp-content\/uploads\/2020\/11\/sweden-flag-icon-16.png\" alt=\"Sveriges flagga\" width=\"16\" height=\"10\" \/> Astrid Sch\u00f6lin<\/strong>, Stark IF Checkmat<\/td>\n<\/tr>\n<tr style=\"height: 24px;\">\n<td style=\"width: 21.6601%; height: 24px;\">Herrar<\/td>\n<td style=\"width: 78.3399%; height: 24px;\"><strong><img loading=\"lazy\" decoding=\"async\" class=\"alignnone size-full wp-image-122883\" src=\"https:\/\/www.budokampsport.se\/wp-content\/uploads\/2020\/11\/sweden-flag-icon-16.png\" alt=\"Sveriges flagga\" width=\"16\" height=\"10\" \/>Max Lindblad, <\/strong>Stark IF Checkmat<\/td>\n<\/tr>\n<\/tbody>\n<\/table>\n<p>&nbsp;<\/p>\n<p>&nbsp;<\/p>\n<figure id=\"attachment_131706\" aria-describedby=\"caption-attachment-131706\" style=\"width: 605px\" class=\"wp-caption aligncenter\"><a href=\"https:\/\/www.budokampsport.se\/wp-content\/uploads\/2021\/11\/bjj-sm.jpg\"><img loading=\"lazy\" decoding=\"async\" class=\"wp-image-131706 size-full\" src=\"https:\/\/www.budokampsport.se\/wp-content\/uploads\/2021\/11\/bjj-sm.jpg\" alt=\"\" width=\"605\" height=\"341\" srcset=\"https:\/\/www.budokampsport.se\/wp-content\/uploads\/2021\/11\/bjj-sm.jpg 605w, https:\/\/www.budokampsport.se\/wp-content\/uploads\/2021\/11\/bjj-sm-600x338.jpg 600w, https:\/\/www.budokampsport.se\/wp-content\/uploads\/2021\/11\/bjj-sm-376x212.jpg 376w, https:\/\/www.budokampsport.se\/wp-content\/uploads\/2021\/11\/bjj-sm-278x157.jpg 278w, https:\/\/www.budokampsport.se\/wp-content\/uploads\/2021\/11\/bjj-sm-572x322.jpg 572w\" sizes=\"auto, (max-width: 605px) 100vw, 605px\" \/><\/a><figcaption id=\"caption-attachment-131706\" class=\"wp-caption-text\">Foto: Kristina Gustafsson<\/figcaption><\/figure>\n<p>F\u00f6r fullst\u00e4ndiga medaljresultat, se <a href=\"https:\/\/sbjjf.smoothcomp.com\/en\/event\/5777\/results\">smoothcomp-l\u00e4nken h\u00e4r.<\/a><\/p>\n","protected":false},"excerpt":{"rendered":"<p>BJJ. I helgen arrangerades SM i BJJ, f\u00f6r f\u00f6rsta g\u00e5ngen i V\u00e4xj\u00f6. Det blev en fin t\u00e4vling f\u00f6r klubben Stark IF, d\u00e4r Max Lindblad och Astrid Sch\u00f6lin vann dubbla guld och b\u00e5da vann \u00f6ppna klassen. (Foto: Mona Lundkvist, arkiv)<\/p><br>","protected":false},"author":7,"featured_media":73593,"comment_status":"open","ping_status":"open","sticky":false,"template":"","format":"standard","meta":{"_acf_changed":false,"footnotes":""},"categories":[1],"tags":[],"class_list":["post-131677","post","type-post","status-publish","format-standard","has-post-thumbnail","hentry","category-okategoriserade"],"acf":[],"yoast_head":"<!-- This site is optimized with the Yoast SEO plugin v26.8 - https:\/\/yoast.com\/product\/yoast-seo-wordpress\/ -->\n<title>Guldmedalj\u00f6rerna i BJJ-SM - Svenska Budo &amp; Kampsportsf\u00f6rbundet<\/title>\n<meta name=\"description\" content=\"BJJ. I helgen arrangerades SM i BJJ, f\u00f6r f\u00f6rsta g\u00e5ngen i V\u00e4xj\u00f6. Det blev en fin t\u00e4vling f\u00f6r klubben Stark IF, d\u00e4r Max Lindblad och Astrid Sch\u00f6lin vann dubbla guld och b\u00e5da vann \u00f6ppna klassen. (Foto: Mona Lundkvist, arkiv)\" \/>\n<meta name=\"robots\" content=\"index, follow, max-snippet:-1, max-image-preview:large, max-video-preview:-1\" \/>\n<link rel=\"canonical\" href=\"https:\/\/www.budokampsport.se\/2021\/11\/30\/guldmedaljorerna-i-bjj-sm\/\" \/>\n<meta property=\"og:locale\" content=\"sv_SE\" \/>\n<meta property=\"og:type\" content=\"article\" \/>\n<meta property=\"og:title\" content=\"Guldmedalj\u00f6rerna i BJJ-SM - Svenska Budo &amp; Kampsportsf\u00f6rbundet\" \/>\n<meta property=\"og:description\" content=\"BJJ. I helgen arrangerades SM i BJJ, f\u00f6r f\u00f6rsta g\u00e5ngen i V\u00e4xj\u00f6. Det blev en fin t\u00e4vling f\u00f6r klubben Stark IF, d\u00e4r Max Lindblad och Astrid Sch\u00f6lin vann dubbla guld och b\u00e5da vann \u00f6ppna klassen. (Foto: Mona Lundkvist, arkiv)\" \/>\n<meta property=\"og:url\" content=\"https:\/\/www.budokampsport.se\/2021\/11\/30\/guldmedaljorerna-i-bjj-sm\/\" \/>\n<meta property=\"og:site_name\" content=\"Svenska Budo &amp; Kampsportsf\u00f6rbundet\" \/>\n<meta property=\"article:author\" content=\"https:\/\/www.facebook.com\/jonathan.broberg.7\" \/>\n<meta property=\"article:published_time\" content=\"2021-11-30T10:04:52+00:00\" \/>\n<meta property=\"article:modified_time\" content=\"2021-12-11T10:28:09+00:00\" \/>\n<meta property=\"og:image\" content=\"https:\/\/www.budokampsport.se\/wp-content\/uploads\/2018\/06\/Max_Lindblad_ett.jpg\" \/>\n\t<meta property=\"og:image:width\" content=\"850\" \/>\n\t<meta property=\"og:image:height\" content=\"567\" \/>\n\t<meta property=\"og:image:type\" content=\"image\/jpeg\" \/>\n<meta name=\"author\" content=\"Jonathan Broberg\" \/>\n<meta name=\"twitter:card\" content=\"summary_large_image\" \/>\n<meta name=\"twitter:label1\" content=\"Skriven av\" \/>\n\t<meta name=\"twitter:data1\" content=\"Jonathan Broberg\" \/>\n\t<meta name=\"twitter:label2\" content=\"Ber\u00e4knad l\u00e4stid\" \/>\n\t<meta name=\"twitter:data2\" content=\"1 minut\" \/>\n<script type=\"application\/ld+json\" class=\"yoast-schema-graph\">{\"@context\":\"https:\/\/schema.org\",\"@graph\":[{\"@type\":\"Article\",\"@id\":\"https:\/\/www.budokampsport.se\/2021\/11\/30\/guldmedaljorerna-i-bjj-sm\/#article\",\"isPartOf\":{\"@id\":\"https:\/\/www.budokampsport.se\/2021\/11\/30\/guldmedaljorerna-i-bjj-sm\/\"},\"author\":{\"name\":\"Jonathan Broberg\",\"@id\":\"https:\/\/www.budokampsport.se\/#\/schema\/person\/5c06d81d14850e2a8ce5493386560145\"},\"headline\":\"Guldmedalj\u00f6rerna i BJJ-SM\",\"datePublished\":\"2021-11-30T10:04:52+00:00\",\"dateModified\":\"2021-12-11T10:28:09+00:00\",\"mainEntityOfPage\":{\"@id\":\"https:\/\/www.budokampsport.se\/2021\/11\/30\/guldmedaljorerna-i-bjj-sm\/\"},\"wordCount\":246,\"commentCount\":0,\"image\":{\"@id\":\"https:\/\/www.budokampsport.se\/2021\/11\/30\/guldmedaljorerna-i-bjj-sm\/#primaryimage\"},\"thumbnailUrl\":\"https:\/\/www.budokampsport.se\/wp-content\/uploads\/2018\/06\/Max_Lindblad_ett.jpg\",\"inLanguage\":\"sv-SE\",\"potentialAction\":[{\"@type\":\"CommentAction\",\"name\":\"Comment\",\"target\":[\"https:\/\/www.budokampsport.se\/2021\/11\/30\/guldmedaljorerna-i-bjj-sm\/#respond\"]}]},{\"@type\":\"WebPage\",\"@id\":\"https:\/\/www.budokampsport.se\/2021\/11\/30\/guldmedaljorerna-i-bjj-sm\/\",\"url\":\"https:\/\/www.budokampsport.se\/2021\/11\/30\/guldmedaljorerna-i-bjj-sm\/\",\"name\":\"Guldmedalj\u00f6rerna i BJJ-SM - Svenska Budo &amp; Kampsportsf\u00f6rbundet\",\"isPartOf\":{\"@id\":\"https:\/\/www.budokampsport.se\/#website\"},\"primaryImageOfPage\":{\"@id\":\"https:\/\/www.budokampsport.se\/2021\/11\/30\/guldmedaljorerna-i-bjj-sm\/#primaryimage\"},\"image\":{\"@id\":\"https:\/\/www.budokampsport.se\/2021\/11\/30\/guldmedaljorerna-i-bjj-sm\/#primaryimage\"},\"thumbnailUrl\":\"https:\/\/www.budokampsport.se\/wp-content\/uploads\/2018\/06\/Max_Lindblad_ett.jpg\",\"datePublished\":\"2021-11-30T10:04:52+00:00\",\"dateModified\":\"2021-12-11T10:28:09+00:00\",\"author\":{\"@id\":\"https:\/\/www.budokampsport.se\/#\/schema\/person\/5c06d81d14850e2a8ce5493386560145\"},\"description\":\"BJJ. I helgen arrangerades SM i BJJ, f\u00f6r f\u00f6rsta g\u00e5ngen i V\u00e4xj\u00f6. Det blev en fin t\u00e4vling f\u00f6r klubben Stark IF, d\u00e4r Max Lindblad och Astrid Sch\u00f6lin vann dubbla guld och b\u00e5da vann \u00f6ppna klassen. (Foto: Mona Lundkvist, arkiv)\",\"breadcrumb\":{\"@id\":\"https:\/\/www.budokampsport.se\/2021\/11\/30\/guldmedaljorerna-i-bjj-sm\/#breadcrumb\"},\"inLanguage\":\"sv-SE\",\"potentialAction\":[{\"@type\":\"ReadAction\",\"target\":[\"https:\/\/www.budokampsport.se\/2021\/11\/30\/guldmedaljorerna-i-bjj-sm\/\"]}]},{\"@type\":\"ImageObject\",\"inLanguage\":\"sv-SE\",\"@id\":\"https:\/\/www.budokampsport.se\/2021\/11\/30\/guldmedaljorerna-i-bjj-sm\/#primaryimage\",\"url\":\"https:\/\/www.budokampsport.se\/wp-content\/uploads\/2018\/06\/Max_Lindblad_ett.jpg\",\"contentUrl\":\"https:\/\/www.budokampsport.se\/wp-content\/uploads\/2018\/06\/Max_Lindblad_ett.jpg\",\"width\":850,\"height\":567,\"caption\":\"Foto: Mona Lundkvist\"},{\"@type\":\"BreadcrumbList\",\"@id\":\"https:\/\/www.budokampsport.se\/2021\/11\/30\/guldmedaljorerna-i-bjj-sm\/#breadcrumb\",\"itemListElement\":[{\"@type\":\"ListItem\",\"position\":1,\"name\":\"Hem\",\"item\":\"https:\/\/www.budokampsport.se\/\"},{\"@type\":\"ListItem\",\"position\":2,\"name\":\"Guldmedalj\u00f6rerna i BJJ-SM\"}]},{\"@type\":\"WebSite\",\"@id\":\"https:\/\/www.budokampsport.se\/#website\",\"url\":\"https:\/\/www.budokampsport.se\/\",\"name\":\"Svenska Budo &amp; Kampsportsf\u00f6rbundet\",\"description\":\"T\u00e4vling, Tr\u00e4ning, Tradition\",\"potentialAction\":[{\"@type\":\"SearchAction\",\"target\":{\"@type\":\"EntryPoint\",\"urlTemplate\":\"https:\/\/www.budokampsport.se\/?s={search_term_string}\"},\"query-input\":{\"@type\":\"PropertyValueSpecification\",\"valueRequired\":true,\"valueName\":\"search_term_string\"}}],\"inLanguage\":\"sv-SE\"},{\"@type\":\"Person\",\"@id\":\"https:\/\/www.budokampsport.se\/#\/schema\/person\/5c06d81d14850e2a8ce5493386560145\",\"name\":\"Jonathan Broberg\",\"image\":{\"@type\":\"ImageObject\",\"inLanguage\":\"sv-SE\",\"@id\":\"https:\/\/www.budokampsport.se\/#\/schema\/person\/image\/\",\"url\":\"https:\/\/secure.gravatar.com\/avatar\/a58041c6cea9128bd9c40ee2f26d4136?s=96&d=blank&r=g\",\"contentUrl\":\"https:\/\/secure.gravatar.com\/avatar\/a58041c6cea9128bd9c40ee2f26d4136?s=96&d=blank&r=g\",\"caption\":\"Jonathan Broberg\"},\"sameAs\":[\"https:\/\/www.facebook.com\/jonathan.broberg.7\"],\"url\":\"https:\/\/www.budokampsport.se\/author\/jonathan\/\"}]}<\/script>\n<!-- \/ Yoast SEO plugin. -->","yoast_head_json":{"title":"Guldmedalj\u00f6rerna i BJJ-SM - Svenska Budo &amp; Kampsportsf\u00f6rbundet","description":"BJJ. I helgen arrangerades SM i BJJ, f\u00f6r f\u00f6rsta g\u00e5ngen i V\u00e4xj\u00f6. Det blev en fin t\u00e4vling f\u00f6r klubben Stark IF, d\u00e4r Max Lindblad och Astrid Sch\u00f6lin vann dubbla guld och b\u00e5da vann \u00f6ppna klassen. (Foto: Mona Lundkvist, arkiv)","robots":{"index":"index","follow":"follow","max-snippet":"max-snippet:-1","max-image-preview":"max-image-preview:large","max-video-preview":"max-video-preview:-1"},"canonical":"https:\/\/www.budokampsport.se\/2021\/11\/30\/guldmedaljorerna-i-bjj-sm\/","og_locale":"sv_SE","og_type":"article","og_title":"Guldmedalj\u00f6rerna i BJJ-SM - Svenska Budo &amp; Kampsportsf\u00f6rbundet","og_description":"BJJ. I helgen arrangerades SM i BJJ, f\u00f6r f\u00f6rsta g\u00e5ngen i V\u00e4xj\u00f6. Det blev en fin t\u00e4vling f\u00f6r klubben Stark IF, d\u00e4r Max Lindblad och Astrid Sch\u00f6lin vann dubbla guld och b\u00e5da vann \u00f6ppna klassen. (Foto: Mona Lundkvist, arkiv)","og_url":"https:\/\/www.budokampsport.se\/2021\/11\/30\/guldmedaljorerna-i-bjj-sm\/","og_site_name":"Svenska Budo &amp; Kampsportsf\u00f6rbundet","article_author":"https:\/\/www.facebook.com\/jonathan.broberg.7","article_published_time":"2021-11-30T10:04:52+00:00","article_modified_time":"2021-12-11T10:28:09+00:00","og_image":[{"width":850,"height":567,"url":"https:\/\/www.budokampsport.se\/wp-content\/uploads\/2018\/06\/Max_Lindblad_ett.jpg","type":"image\/jpeg"}],"author":"Jonathan Broberg","twitter_card":"summary_large_image","twitter_misc":{"Skriven av":"Jonathan Broberg","Ber\u00e4knad l\u00e4stid":"1 minut"},"schema":{"@context":"https:\/\/schema.org","@graph":[{"@type":"Article","@id":"https:\/\/www.budokampsport.se\/2021\/11\/30\/guldmedaljorerna-i-bjj-sm\/#article","isPartOf":{"@id":"https:\/\/www.budokampsport.se\/2021\/11\/30\/guldmedaljorerna-i-bjj-sm\/"},"author":{"name":"Jonathan Broberg","@id":"https:\/\/www.budokampsport.se\/#\/schema\/person\/5c06d81d14850e2a8ce5493386560145"},"headline":"Guldmedalj\u00f6rerna i BJJ-SM","datePublished":"2021-11-30T10:04:52+00:00","dateModified":"2021-12-11T10:28:09+00:00","mainEntityOfPage":{"@id":"https:\/\/www.budokampsport.se\/2021\/11\/30\/guldmedaljorerna-i-bjj-sm\/"},"wordCount":246,"commentCount":0,"image":{"@id":"https:\/\/www.budokampsport.se\/2021\/11\/30\/guldmedaljorerna-i-bjj-sm\/#primaryimage"},"thumbnailUrl":"https:\/\/www.budokampsport.se\/wp-content\/uploads\/2018\/06\/Max_Lindblad_ett.jpg","inLanguage":"sv-SE","potentialAction":[{"@type":"CommentAction","name":"Comment","target":["https:\/\/www.budokampsport.se\/2021\/11\/30\/guldmedaljorerna-i-bjj-sm\/#respond"]}]},{"@type":"WebPage","@id":"https:\/\/www.budokampsport.se\/2021\/11\/30\/guldmedaljorerna-i-bjj-sm\/","url":"https:\/\/www.budokampsport.se\/2021\/11\/30\/guldmedaljorerna-i-bjj-sm\/","name":"Guldmedalj\u00f6rerna i BJJ-SM - Svenska Budo &amp; Kampsportsf\u00f6rbundet","isPartOf":{"@id":"https:\/\/www.budokampsport.se\/#website"},"primaryImageOfPage":{"@id":"https:\/\/www.budokampsport.se\/2021\/11\/30\/guldmedaljorerna-i-bjj-sm\/#primaryimage"},"image":{"@id":"https:\/\/www.budokampsport.se\/2021\/11\/30\/guldmedaljorerna-i-bjj-sm\/#primaryimage"},"thumbnailUrl":"https:\/\/www.budokampsport.se\/wp-content\/uploads\/2018\/06\/Max_Lindblad_ett.jpg","datePublished":"2021-11-30T10:04:52+00:00","dateModified":"2021-12-11T10:28:09+00:00","author":{"@id":"https:\/\/www.budokampsport.se\/#\/schema\/person\/5c06d81d14850e2a8ce5493386560145"},"description":"BJJ. I helgen arrangerades SM i BJJ, f\u00f6r f\u00f6rsta g\u00e5ngen i V\u00e4xj\u00f6. Det blev en fin t\u00e4vling f\u00f6r klubben Stark IF, d\u00e4r Max Lindblad och Astrid Sch\u00f6lin vann dubbla guld och b\u00e5da vann \u00f6ppna klassen. (Foto: Mona Lundkvist, arkiv)","breadcrumb":{"@id":"https:\/\/www.budokampsport.se\/2021\/11\/30\/guldmedaljorerna-i-bjj-sm\/#breadcrumb"},"inLanguage":"sv-SE","potentialAction":[{"@type":"ReadAction","target":["https:\/\/www.budokampsport.se\/2021\/11\/30\/guldmedaljorerna-i-bjj-sm\/"]}]},{"@type":"ImageObject","inLanguage":"sv-SE","@id":"https:\/\/www.budokampsport.se\/2021\/11\/30\/guldmedaljorerna-i-bjj-sm\/#primaryimage","url":"https:\/\/www.budokampsport.se\/wp-content\/uploads\/2018\/06\/Max_Lindblad_ett.jpg","contentUrl":"https:\/\/www.budokampsport.se\/wp-content\/uploads\/2018\/06\/Max_Lindblad_ett.jpg","width":850,"height":567,"caption":"Foto: Mona Lundkvist"},{"@type":"BreadcrumbList","@id":"https:\/\/www.budokampsport.se\/2021\/11\/30\/guldmedaljorerna-i-bjj-sm\/#breadcrumb","itemListElement":[{"@type":"ListItem","position":1,"name":"Hem","item":"https:\/\/www.budokampsport.se\/"},{"@type":"ListItem","position":2,"name":"Guldmedalj\u00f6rerna i BJJ-SM"}]},{"@type":"WebSite","@id":"https:\/\/www.budokampsport.se\/#website","url":"https:\/\/www.budokampsport.se\/","name":"Svenska Budo &amp; Kampsportsf\u00f6rbundet","description":"T\u00e4vling, Tr\u00e4ning, Tradition","potentialAction":[{"@type":"SearchAction","target":{"@type":"EntryPoint","urlTemplate":"https:\/\/www.budokampsport.se\/?s={search_term_string}"},"query-input":{"@type":"PropertyValueSpecification","valueRequired":true,"valueName":"search_term_string"}}],"inLanguage":"sv-SE"},{"@type":"Person","@id":"https:\/\/www.budokampsport.se\/#\/schema\/person\/5c06d81d14850e2a8ce5493386560145","name":"Jonathan Broberg","image":{"@type":"ImageObject","inLanguage":"sv-SE","@id":"https:\/\/www.budokampsport.se\/#\/schema\/person\/image\/","url":"https:\/\/secure.gravatar.com\/avatar\/a58041c6cea9128bd9c40ee2f26d4136?s=96&d=blank&r=g","contentUrl":"https:\/\/secure.gravatar.com\/avatar\/a58041c6cea9128bd9c40ee2f26d4136?s=96&d=blank&r=g","caption":"Jonathan Broberg"},"sameAs":["https:\/\/www.facebook.com\/jonathan.broberg.7"],"url":"https:\/\/www.budokampsport.se\/author\/jonathan\/"}]}},"_links":{"self":[{"href":"https:\/\/www.budokampsport.se\/api\/wp\/v2\/posts\/131677","targetHints":{"allow":["GET"]}}],"collection":[{"href":"https:\/\/www.budokampsport.se\/api\/wp\/v2\/posts"}],"about":[{"href":"https:\/\/www.budokampsport.se\/api\/wp\/v2\/types\/post"}],"author":[{"embeddable":true,"href":"https:\/\/www.budokampsport.se\/api\/wp\/v2\/users\/7"}],"replies":[{"embeddable":true,"href":"https:\/\/www.budokampsport.se\/api\/wp\/v2\/comments?post=131677"}],"version-history":[{"count":0,"href":"https:\/\/www.budokampsport.se\/api\/wp\/v2\/posts\/131677\/revisions"}],"wp:featuredmedia":[{"embeddable":true,"href":"https:\/\/www.budokampsport.se\/api\/wp\/v2\/media\/73593"}],"wp:attachment":[{"href":"https:\/\/www.budokampsport.se\/api\/wp\/v2\/media?parent=131677"}],"wp:term":[{"taxonomy":"category","embeddable":true,"href":"https:\/\/www.budokampsport.se\/api\/wp\/v2\/categories?post=131677"},{"taxonomy":"post_tag","embeddable":true,"href":"https:\/\/www.budokampsport.se\/api\/wp\/v2\/tags?post=131677"}],"curies":[{"name":"wp","href":"https:\/\/api.w.org\/{rel}","templated":true}]}}